{"id":22444,"date":"2021-09-22T11:07:47","date_gmt":"2021-09-22T11:07:47","guid":{"rendered":"http:\/\/www.icip.cat\/renovem-el-concurs-hiphoppau-adrecat-al-jovent-sensibilitzat-amb-la-cultura-de-pau\/"},"modified":"2022-01-19T07:14:18","modified_gmt":"2022-01-19T07:14:18","slug":"renovamos-el-concurso-hiphoppau-dirigido-a-la-juventud-sensibilizada-con-la-cultura-de-paz","status":"publish","type":"post","link":"https:\/\/www.icip.cat\/es\/renovamos-el-concurso-hiphoppau-dirigido-a-la-juventud-sensibilizada-con-la-cultura-de-paz\/","title":{"rendered":"Abierta la convocatoria del Concurso #HipHopPau, para j\u00f3venes sensibilizados con la cultura de paz"},"content":{"rendered":"\n<p>El ICIP ha abierto este mes de octubre la sexta edici\u00f3n del <a rel=\"noreferrer noopener\" href=\"http:\/\/www.icip.cat\/ca\/premi-icip-hip-hop-per-la-pau\/\" target=\"_blank\">Concurso de Hip-hop por la Paz<\/a>, que estar\u00e1 vigente hasta el 31 de enero de 2022, coincidiendo con la celebraci\u00f3n del D\u00eda Escolar de la Noviolencia y la Paz. <\/p>\n\n\n\n<p>En esta ocasi\u00f3n, el concurso llega con una imagen gr\u00e1fica del todo renovada, creada por la agencia de comunicaci\u00f3n cultural y social La Tremenda. Es un nuevo impulso visual que tiene por objetivo potenciar la difusi\u00f3n del certamen, y ensanchar as\u00ed la divulgaci\u00f3n y sensibilizaci\u00f3n sobre la cultura de paz entre los j\u00f3venes.<\/p>\n\n\n\n<figure class=\"wp-block-embed-youtube wp-block-embed is-type-video is-provider-youtube wp-embed-aspect-16-9 wp-has-aspect-ratio\"><div class=\"wp-block-embed__wrapper\">\n<iframe title=\"Concurs #HipHopPau\" width=\"640\" height=\"360\" src=\"https:\/\/www.youtube.com\/embed\/MszjZyGMtP8?feature=oembed\" frameborder=\"0\" allow=\"accelerometer; autoplay; clipboard-write; encrypted-media; gyroscope; picture-in-picture; web-share\" referrerpolicy=\"strict-origin-when-cross-origin\" allowfullscreen><\/iframe>\n<\/div><\/figure>\n\n\n\n<p><br>El Concurso de Hip Hop por la Paz se dirige a chicas y chicos de Catalu\u00f1a de 12 a 25 a\u00f1os que quieran reflexionar sobre la paz y la noviolencia a trav\u00e9s del rap. Se puede participar en trav\u00e9s de dos modalidades:<\/p>\n\n\n\n<p><strong>Modalidad 1<\/strong>: dirigida a estudiantes de educaci\u00f3n secundaria obligatoria, formaci\u00f3n profesional o bachillerato de Catalu\u00f1a.<\/p>\n\n\n\n<p><strong>Modalidad 2<\/strong>: dirigida a j\u00f3venes de entre 12 y 25 a\u00f1os vinculados a centros y entidades juveniles, culturales, c\u00edvicas o de acci\u00f3n socioeducativa de Catalu\u00f1a.<\/p>\n\n\n\n<figure class=\"wp-block-embed-twitter wp-block-embed is-type-rich is-provider-twitter\"><div class=\"wp-block-embed__wrapper\">\nhttps:\/\/twitter.com\/ICIPeace\/status\/1440632959162150918?s=20\n<\/div><\/figure>\n\n\n\n<p>Para participar es necesario formar un grupo de un m\u00ednimo de tres personas, componer una pieza de hip-hop con versos de creaci\u00f3n propia y hacer una grabaci\u00f3n en v\u00eddeo.<br><br>La letra de las canciones tiene que estar relacionada con la cr\u00edtica de la violencia, la denuncia de violaciones de derechos humanos, la solidaridad con personas atrapadas o que huyen de conflictos armados, la reivindicaci\u00f3n de las diferencias, la convivencia o el papel de los j\u00f3venes en la construcci\u00f3n de paz.<\/p>\n\n\n\n<p>El concurso es una iniciativa del ICIP que cuenta con el apoyo del Departamento de Educaci\u00f3n, la Direcci\u00f3n General de Juventud y la Agencia Catalana de Cooperaci\u00f3n al Desarrollo. <br><br>Esta nueva convocatoria estar\u00e1 abierta hasta el <strong>31 de enero de 2022<\/strong>, coincidiendo con la celebraci\u00f3n del D\u00eda Escolar de la Noviolencia y la Paz. Para la presentaci\u00f3n de propuestas hay que acceder a la p\u00e1gina de <a href=\"https:\/\/web.gencat.cat\/es\/tramits\/tramits-temes\/Concurs-Hip-hop-per-la-Pau?category\" target=\"_blank\" rel=\"noreferrer noopener\">Tr\u00e1mites<\/a> de la Generalitat.<\/p>\n\n\n\n<p>Puede recuperar las piezas premiadas en las <a href=\"http:\/\/www.icip.cat\/ca\/premi-icip-hip-hop-per-la-pau\/\" target=\"_blank\" rel=\"noreferrer noopener\">anteriores ediciones<\/a> en la web del ICIP y al canal <a href=\"https:\/\/www.youtube.com\/c\/ICIPtube\/playlists?view=50&amp;sort=dd&amp;shelf_id=2\" target=\"_blank\" rel=\"noreferrer noopener\">ICIPTube<\/a>.<\/p>\n\n\n\n<div class=\"wp-block-image\"><figure class=\"aligncenter size-large\"><img fetchpriority=\"high\" decoding=\"async\" width=\"560\" height=\"465\" src=\"http:\/\/www.icip.cat\/wp-content\/uploads\/2021\/08\/hiphoptots-1.png\" alt=\"\" class=\"wp-image-21392\" srcset=\"https:\/\/www.icip.cat\/wp-content\/uploads\/2021\/08\/hiphoptots-1.png 560w, https:\/\/www.icip.cat\/wp-content\/uploads\/2021\/08\/hiphoptots-1-300x249.png 300w\" sizes=\"(max-width: 560px) 100vw, 560px\" \/><\/figure><\/div>\n","protected":false},"excerpt":{"rendered":"<p>El ICIP ha abierto este mes de octubre la sexta edici\u00f3n del Concurso de Hip-hop por la Paz, que estar\u00e1 vigente hasta el 31 de enero de 2022, coincidiendo con la celebraci\u00f3n del D\u00eda Escolar de la Noviolencia y la Paz. En esta ocasi\u00f3n, el concurso llega con una imagen gr\u00e1fica del todo renovada, creada [&hellip;]<\/p>\n","protected":false},"author":2,"featured_media":21407,"comment_status":"open","ping_status":"open","sticky":false,"template":"","format":"standard","meta":{"_acf_changed":false,"footnotes":""},"categories":[5],"tags":[],"class_list":["post-22444","post","type-post","status-publish","format-standard","has-post-thumbnail","hentry","category-sin-categorizar"],"acf":[],"yoast_head":"<!-- This site is optimized with the Yoast SEO plugin v25.6 - https:\/\/yoast.com\/wordpress\/plugins\/seo\/ -->\n<title>Abierta la convocatoria del Concurso #HipHopPau, para j\u00f3venes sensibilizados con la cultura de paz - ICIP<\/title>\n<meta name=\"description\" content=\"El ICIP abre este mes de septiembre la sexta edici\u00f3n del Concurso de Hip-hop por la Paz. Y lo hace con una imagen gr\u00e1fica del todo renovada.\" \/>\n<meta name=\"robots\" content=\"index, follow, max-snippet:-1, max-image-preview:large, max-video-preview:-1\" \/>\n<link rel=\"canonical\" href=\"https:\/\/www.icip.cat\/es\/renovamos-el-concurso-hiphoppau-dirigido-a-la-juventud-sensibilizada-con-la-cultura-de-paz\/\" \/>\n<meta property=\"og:locale\" content=\"es_ES\" \/>\n<meta property=\"og:type\" content=\"article\" \/>\n<meta property=\"og:title\" content=\"Abierta la convocatoria del Concurso #HipHopPau, para j\u00f3venes sensibilizados con la cultura de paz - ICIP\" \/>\n<meta property=\"og:description\" content=\"El ICIP abre este mes de septiembre la sexta edici\u00f3n del Concurso de Hip-hop por la Paz. Y lo hace con una imagen gr\u00e1fica del todo renovada.\" \/>\n<meta property=\"og:url\" content=\"https:\/\/www.icip.cat\/es\/renovamos-el-concurso-hiphoppau-dirigido-a-la-juventud-sensibilizada-con-la-cultura-de-paz\/\" \/>\n<meta property=\"og:site_name\" content=\"ICIP\" \/>\n<meta property=\"article:published_time\" content=\"2021-09-22T11:07:47+00:00\" \/>\n<meta property=\"article:modified_time\" content=\"2022-01-19T07:14:18+00:00\" \/>\n<meta property=\"og:image\" content=\"https:\/\/www.icip.cat\/wp-content\/uploads\/2021\/08\/hiphopblau.png\" \/>\n\t<meta property=\"og:image:width\" content=\"560\" \/>\n\t<meta property=\"og:image:height\" content=\"392\" \/>\n\t<meta property=\"og:image:type\" content=\"image\/png\" \/>\n<meta name=\"author\" content=\"Eugenia\" \/>\n<meta name=\"twitter:card\" content=\"summary_large_image\" \/>\n<meta name=\"twitter:label1\" content=\"Escrito por\" \/>\n\t<meta name=\"twitter:data1\" content=\"Eugenia\" \/>\n\t<meta name=\"twitter:label2\" content=\"Tiempo de lectura\" \/>\n\t<meta name=\"twitter:data2\" content=\"2 minutos\" \/>\n<script type=\"application\/ld+json\" class=\"yoast-schema-graph\">{\"@context\":\"https:\/\/schema.org\",\"@graph\":[{\"@type\":\"Article\",\"@id\":\"https:\/\/www.icip.cat\/es\/renovamos-el-concurso-hiphoppau-dirigido-a-la-juventud-sensibilizada-con-la-cultura-de-paz\/#article\",\"isPartOf\":{\"@id\":\"https:\/\/www.icip.cat\/es\/renovamos-el-concurso-hiphoppau-dirigido-a-la-juventud-sensibilizada-con-la-cultura-de-paz\/\"},\"author\":{\"name\":\"Eugenia\",\"@id\":\"https:\/\/www.icip.cat\/ca\/#\/schema\/person\/ecaf8460603e6e32c80f3acbf4178fa6\"},\"headline\":\"Abierta la convocatoria del Concurso #HipHopPau, para j\u00f3venes sensibilizados con la cultura de paz\",\"datePublished\":\"2021-09-22T11:07:47+00:00\",\"dateModified\":\"2022-01-19T07:14:18+00:00\",\"mainEntityOfPage\":{\"@id\":\"https:\/\/www.icip.cat\/es\/renovamos-el-concurso-hiphoppau-dirigido-a-la-juventud-sensibilizada-con-la-cultura-de-paz\/\"},\"wordCount\":400,\"commentCount\":0,\"publisher\":{\"@id\":\"https:\/\/www.icip.cat\/ca\/#organization\"},\"image\":{\"@id\":\"https:\/\/www.icip.cat\/es\/renovamos-el-concurso-hiphoppau-dirigido-a-la-juventud-sensibilizada-con-la-cultura-de-paz\/#primaryimage\"},\"thumbnailUrl\":\"https:\/\/www.icip.cat\/wp-content\/uploads\/2021\/08\/hiphopblau.png\",\"articleSection\":[\"Sin categorizar\"],\"inLanguage\":\"es\"},{\"@type\":\"WebPage\",\"@id\":\"https:\/\/www.icip.cat\/es\/renovamos-el-concurso-hiphoppau-dirigido-a-la-juventud-sensibilizada-con-la-cultura-de-paz\/\",\"url\":\"https:\/\/www.icip.cat\/es\/renovamos-el-concurso-hiphoppau-dirigido-a-la-juventud-sensibilizada-con-la-cultura-de-paz\/\",\"name\":\"Abierta la convocatoria del Concurso #HipHopPau, para j\u00f3venes sensibilizados con la cultura de paz - ICIP\",\"isPartOf\":{\"@id\":\"https:\/\/www.icip.cat\/ca\/#website\"},\"primaryImageOfPage\":{\"@id\":\"https:\/\/www.icip.cat\/es\/renovamos-el-concurso-hiphoppau-dirigido-a-la-juventud-sensibilizada-con-la-cultura-de-paz\/#primaryimage\"},\"image\":{\"@id\":\"https:\/\/www.icip.cat\/es\/renovamos-el-concurso-hiphoppau-dirigido-a-la-juventud-sensibilizada-con-la-cultura-de-paz\/#primaryimage\"},\"thumbnailUrl\":\"https:\/\/www.icip.cat\/wp-content\/uploads\/2021\/08\/hiphopblau.png\",\"datePublished\":\"2021-09-22T11:07:47+00:00\",\"dateModified\":\"2022-01-19T07:14:18+00:00\",\"description\":\"El ICIP abre este mes de septiembre la sexta edici\u00f3n del Concurso de Hip-hop por la Paz. Y lo hace con una imagen gr\u00e1fica del todo renovada.\",\"inLanguage\":\"es\",\"potentialAction\":[{\"@type\":\"ReadAction\",\"target\":[\"https:\/\/www.icip.cat\/es\/renovamos-el-concurso-hiphoppau-dirigido-a-la-juventud-sensibilizada-con-la-cultura-de-paz\/\"]}]},{\"@type\":\"ImageObject\",\"inLanguage\":\"es\",\"@id\":\"https:\/\/www.icip.cat\/es\/renovamos-el-concurso-hiphoppau-dirigido-a-la-juventud-sensibilizada-con-la-cultura-de-paz\/#primaryimage\",\"url\":\"https:\/\/www.icip.cat\/wp-content\/uploads\/2021\/08\/hiphopblau.png\",\"contentUrl\":\"https:\/\/www.icip.cat\/wp-content\/uploads\/2021\/08\/hiphopblau.png\",\"width\":560,\"height\":392},{\"@type\":\"WebSite\",\"@id\":\"https:\/\/www.icip.cat\/ca\/#website\",\"url\":\"https:\/\/www.icip.cat\/ca\/\",\"name\":\"ICIP\",\"description\":\"\",\"publisher\":{\"@id\":\"https:\/\/www.icip.cat\/ca\/#organization\"},\"potentialAction\":[{\"@type\":\"SearchAction\",\"target\":{\"@type\":\"EntryPoint\",\"urlTemplate\":\"https:\/\/www.icip.cat\/ca\/?s={search_term_string}\"},\"query-input\":{\"@type\":\"PropertyValueSpecification\",\"valueRequired\":true,\"valueName\":\"search_term_string\"}}],\"inLanguage\":\"es\"},{\"@type\":\"Organization\",\"@id\":\"https:\/\/www.icip.cat\/ca\/#organization\",\"name\":\"ICIP\",\"url\":\"https:\/\/www.icip.cat\/ca\/\",\"logo\":{\"@type\":\"ImageObject\",\"inLanguage\":\"es\",\"@id\":\"https:\/\/www.icip.cat\/ca\/#\/schema\/logo\/image\/\",\"url\":\"https:\/\/www.icip.cat\/wp-content\/uploads\/2021\/02\/logo-2.png\",\"contentUrl\":\"https:\/\/www.icip.cat\/wp-content\/uploads\/2021\/02\/logo-2.png\",\"width\":562,\"height\":391,\"caption\":\"ICIP\"},\"image\":{\"@id\":\"https:\/\/www.icip.cat\/ca\/#\/schema\/logo\/image\/\"}},{\"@type\":\"Person\",\"@id\":\"https:\/\/www.icip.cat\/ca\/#\/schema\/person\/ecaf8460603e6e32c80f3acbf4178fa6\",\"name\":\"Eugenia\",\"image\":{\"@type\":\"ImageObject\",\"inLanguage\":\"es\",\"@id\":\"https:\/\/www.icip.cat\/ca\/#\/schema\/person\/image\/\",\"url\":\"https:\/\/secure.gravatar.com\/avatar\/d30b42e0caf7d7c3d97196ad2e94636c7bb0cc353a49ec8660d01bc0ff98b480?s=96&d=mm&r=g\",\"contentUrl\":\"https:\/\/secure.gravatar.com\/avatar\/d30b42e0caf7d7c3d97196ad2e94636c7bb0cc353a49ec8660d01bc0ff98b480?s=96&d=mm&r=g\",\"caption\":\"Eugenia\"},\"url\":\"https:\/\/www.icip.cat\/es\/author\/eugenia\/\"}]}<\/script>\n<!-- \/ Yoast SEO plugin. -->","yoast_head_json":{"title":"Abierta la convocatoria del Concurso #HipHopPau, para j\u00f3venes sensibilizados con la cultura de paz - ICIP","description":"El ICIP abre este mes de septiembre la sexta edici\u00f3n del Concurso de Hip-hop por la Paz. Y lo hace con una imagen gr\u00e1fica del todo renovada.","robots":{"index":"index","follow":"follow","max-snippet":"max-snippet:-1","max-image-preview":"max-image-preview:large","max-video-preview":"max-video-preview:-1"},"canonical":"https:\/\/www.icip.cat\/es\/renovamos-el-concurso-hiphoppau-dirigido-a-la-juventud-sensibilizada-con-la-cultura-de-paz\/","og_locale":"es_ES","og_type":"article","og_title":"Abierta la convocatoria del Concurso #HipHopPau, para j\u00f3venes sensibilizados con la cultura de paz - ICIP","og_description":"El ICIP abre este mes de septiembre la sexta edici\u00f3n del Concurso de Hip-hop por la Paz. Y lo hace con una imagen gr\u00e1fica del todo renovada.","og_url":"https:\/\/www.icip.cat\/es\/renovamos-el-concurso-hiphoppau-dirigido-a-la-juventud-sensibilizada-con-la-cultura-de-paz\/","og_site_name":"ICIP","article_published_time":"2021-09-22T11:07:47+00:00","article_modified_time":"2022-01-19T07:14:18+00:00","og_image":[{"width":560,"height":392,"url":"https:\/\/www.icip.cat\/wp-content\/uploads\/2021\/08\/hiphopblau.png","type":"image\/png"}],"author":"Eugenia","twitter_card":"summary_large_image","twitter_misc":{"Escrito por":"Eugenia","Tiempo de lectura":"2 minutos"},"schema":{"@context":"https:\/\/schema.org","@graph":[{"@type":"Article","@id":"https:\/\/www.icip.cat\/es\/renovamos-el-concurso-hiphoppau-dirigido-a-la-juventud-sensibilizada-con-la-cultura-de-paz\/#article","isPartOf":{"@id":"https:\/\/www.icip.cat\/es\/renovamos-el-concurso-hiphoppau-dirigido-a-la-juventud-sensibilizada-con-la-cultura-de-paz\/"},"author":{"name":"Eugenia","@id":"https:\/\/www.icip.cat\/ca\/#\/schema\/person\/ecaf8460603e6e32c80f3acbf4178fa6"},"headline":"Abierta la convocatoria del Concurso #HipHopPau, para j\u00f3venes sensibilizados con la cultura de paz","datePublished":"2021-09-22T11:07:47+00:00","dateModified":"2022-01-19T07:14:18+00:00","mainEntityOfPage":{"@id":"https:\/\/www.icip.cat\/es\/renovamos-el-concurso-hiphoppau-dirigido-a-la-juventud-sensibilizada-con-la-cultura-de-paz\/"},"wordCount":400,"commentCount":0,"publisher":{"@id":"https:\/\/www.icip.cat\/ca\/#organization"},"image":{"@id":"https:\/\/www.icip.cat\/es\/renovamos-el-concurso-hiphoppau-dirigido-a-la-juventud-sensibilizada-con-la-cultura-de-paz\/#primaryimage"},"thumbnailUrl":"https:\/\/www.icip.cat\/wp-content\/uploads\/2021\/08\/hiphopblau.png","articleSection":["Sin categorizar"],"inLanguage":"es"},{"@type":"WebPage","@id":"https:\/\/www.icip.cat\/es\/renovamos-el-concurso-hiphoppau-dirigido-a-la-juventud-sensibilizada-con-la-cultura-de-paz\/","url":"https:\/\/www.icip.cat\/es\/renovamos-el-concurso-hiphoppau-dirigido-a-la-juventud-sensibilizada-con-la-cultura-de-paz\/","name":"Abierta la convocatoria del Concurso #HipHopPau, para j\u00f3venes sensibilizados con la cultura de paz - ICIP","isPartOf":{"@id":"https:\/\/www.icip.cat\/ca\/#website"},"primaryImageOfPage":{"@id":"https:\/\/www.icip.cat\/es\/renovamos-el-concurso-hiphoppau-dirigido-a-la-juventud-sensibilizada-con-la-cultura-de-paz\/#primaryimage"},"image":{"@id":"https:\/\/www.icip.cat\/es\/renovamos-el-concurso-hiphoppau-dirigido-a-la-juventud-sensibilizada-con-la-cultura-de-paz\/#primaryimage"},"thumbnailUrl":"https:\/\/www.icip.cat\/wp-content\/uploads\/2021\/08\/hiphopblau.png","datePublished":"2021-09-22T11:07:47+00:00","dateModified":"2022-01-19T07:14:18+00:00","description":"El ICIP abre este mes de septiembre la sexta edici\u00f3n del Concurso de Hip-hop por la Paz. Y lo hace con una imagen gr\u00e1fica del todo renovada.","inLanguage":"es","potentialAction":[{"@type":"ReadAction","target":["https:\/\/www.icip.cat\/es\/renovamos-el-concurso-hiphoppau-dirigido-a-la-juventud-sensibilizada-con-la-cultura-de-paz\/"]}]},{"@type":"ImageObject","inLanguage":"es","@id":"https:\/\/www.icip.cat\/es\/renovamos-el-concurso-hiphoppau-dirigido-a-la-juventud-sensibilizada-con-la-cultura-de-paz\/#primaryimage","url":"https:\/\/www.icip.cat\/wp-content\/uploads\/2021\/08\/hiphopblau.png","contentUrl":"https:\/\/www.icip.cat\/wp-content\/uploads\/2021\/08\/hiphopblau.png","width":560,"height":392},{"@type":"WebSite","@id":"https:\/\/www.icip.cat\/ca\/#website","url":"https:\/\/www.icip.cat\/ca\/","name":"ICIP","description":"","publisher":{"@id":"https:\/\/www.icip.cat\/ca\/#organization"},"potentialAction":[{"@type":"SearchAction","target":{"@type":"EntryPoint","urlTemplate":"https:\/\/www.icip.cat\/ca\/?s={search_term_string}"},"query-input":{"@type":"PropertyValueSpecification","valueRequired":true,"valueName":"search_term_string"}}],"inLanguage":"es"},{"@type":"Organization","@id":"https:\/\/www.icip.cat\/ca\/#organization","name":"ICIP","url":"https:\/\/www.icip.cat\/ca\/","logo":{"@type":"ImageObject","inLanguage":"es","@id":"https:\/\/www.icip.cat\/ca\/#\/schema\/logo\/image\/","url":"https:\/\/www.icip.cat\/wp-content\/uploads\/2021\/02\/logo-2.png","contentUrl":"https:\/\/www.icip.cat\/wp-content\/uploads\/2021\/02\/logo-2.png","width":562,"height":391,"caption":"ICIP"},"image":{"@id":"https:\/\/www.icip.cat\/ca\/#\/schema\/logo\/image\/"}},{"@type":"Person","@id":"https:\/\/www.icip.cat\/ca\/#\/schema\/person\/ecaf8460603e6e32c80f3acbf4178fa6","name":"Eugenia","image":{"@type":"ImageObject","inLanguage":"es","@id":"https:\/\/www.icip.cat\/ca\/#\/schema\/person\/image\/","url":"https:\/\/secure.gravatar.com\/avatar\/d30b42e0caf7d7c3d97196ad2e94636c7bb0cc353a49ec8660d01bc0ff98b480?s=96&d=mm&r=g","contentUrl":"https:\/\/secure.gravatar.com\/avatar\/d30b42e0caf7d7c3d97196ad2e94636c7bb0cc353a49ec8660d01bc0ff98b480?s=96&d=mm&r=g","caption":"Eugenia"},"url":"https:\/\/www.icip.cat\/es\/author\/eugenia\/"}]}},"_links":{"self":[{"href":"https:\/\/www.icip.cat\/es\/wp-json\/wp\/v2\/posts\/22444","targetHints":{"allow":["GET"]}}],"collection":[{"href":"https:\/\/www.icip.cat\/es\/wp-json\/wp\/v2\/posts"}],"about":[{"href":"https:\/\/www.icip.cat\/es\/wp-json\/wp\/v2\/types\/post"}],"author":[{"embeddable":true,"href":"https:\/\/www.icip.cat\/es\/wp-json\/wp\/v2\/users\/2"}],"replies":[{"embeddable":true,"href":"https:\/\/www.icip.cat\/es\/wp-json\/wp\/v2\/comments?post=22444"}],"version-history":[{"count":7,"href":"https:\/\/www.icip.cat\/es\/wp-json\/wp\/v2\/posts\/22444\/revisions"}],"predecessor-version":[{"id":24597,"href":"https:\/\/www.icip.cat\/es\/wp-json\/wp\/v2\/posts\/22444\/revisions\/24597"}],"wp:featuredmedia":[{"embeddable":true,"href":"https:\/\/www.icip.cat\/es\/wp-json\/wp\/v2\/media\/21407"}],"wp:attachment":[{"href":"https:\/\/www.icip.cat\/es\/wp-json\/wp\/v2\/media?parent=22444"}],"wp:term":[{"taxonomy":"category","embeddable":true,"href":"https:\/\/www.icip.cat\/es\/wp-json\/wp\/v2\/categories?post=22444"},{"taxonomy":"post_tag","embeddable":true,"href":"https:\/\/www.icip.cat\/es\/wp-json\/wp\/v2\/tags?post=22444"}],"curies":[{"name":"wp","href":"https:\/\/api.w.org\/{rel}","templated":true}]}}