{"id":26407,"date":"2022-03-25T10:10:08","date_gmt":"2022-03-25T10:10:08","guid":{"rendered":"https:\/\/www.icip.cat\/una-analisi-comparativa-de-les-cancons-de-guerra-i-un-treball-sobre-el-consum-de-moda-sostenible-guanyen-el-premi-icip-alfons-banda\/"},"modified":"2022-03-25T10:30:47","modified_gmt":"2022-03-25T10:30:47","slug":"un-analisis-comparativo-de-las-canciones-de-guerra-y-un-trabajo-sobre-el-consumo-de-moda-sostenible-ganan-el-premio-icip-alfons-banda","status":"publish","type":"post","link":"https:\/\/www.icip.cat\/es\/un-analisis-comparativo-de-las-canciones-de-guerra-y-un-trabajo-sobre-el-consumo-de-moda-sostenible-ganan-el-premio-icip-alfons-banda\/","title":{"rendered":"Un an\u00e1lisis comparativo de las canciones de guerra y un trabajo sobre el consumo de moda sostenible ganan el Premio ICIP Alfons Banda"},"content":{"rendered":"\n<p>La <a href=\"https:\/\/eapc.gencat.cat\/web\/.content\/home\/recerca\/premis-recerca-i-innovacio\/premi_luciana_calvo\/Resolucio-convocatoria-2021-treballs-premiats.pdf\">resoluci\u00f3n<\/a> de los Premios ICIP Alfons Banda 2021, dentro de los<a href=\"https:\/\/eapc.gencat.cat\/web\/.content\/home\/recerca\/premis-recerca-i-innovacio\/premi_luciana_calvo\/Resolucio-convocatoria-2021-treballs-premiats.pdf\" target=\"_blank\" rel=\"noreferrer noopener\"> Premios de Investigaci\u00f3n Joven<\/a> (PRJ), ha reconocido los trabajos de investigaci\u00f3n \u201cAnalyse comparative des chansons de la guerre civile espagnole (1936-1939)\u201d de Anna Pons Muns del Instituto Llu\u00eds de Peguera de Manresa y \u201cConsumo de moda sostenible para adolescentes\u201d, de Marta Pons Obrad\u00f3s del Instituto Berenguer IV de Amposta.<\/p>\n\n\n\n<p>En el primer caso, el trabajo se trata de un trabajo comparativo sobre las canciones de guerra que utilizaron el bando republicano y el de los insurrectos durante la guerra del 36. Esta b\u00fasqueda pretende ver el papel imprescindible que tuvieron las canciones de guerra como medio de propaganda en una \u00e9poca turbulenta. El trabajo fue presentado por la alumna Anna Pons Muns y fue escrito en franc\u00e9s. Fue tutorizado por la profesora de historia Gemma Lozano y la profesora de lengua francesa Layla Selim.<\/p>\n\n\n\n<p>En el segundo caso, \u00abConsumo de moda sostenible para adolescentes\u00bb es un trabajo de investigaci\u00f3n tutorizado por el profesor Francesc Escriche del departamento de dibujo del instituto de Amposta. <\/p>\n\n\n\n<figure class=\"wp-block-embed is-type-rich is-provider-twitter wp-block-embed-twitter\"><div class=\"wp-block-embed__wrapper\">\nhttps:\/\/twitter.com\/InstitutRBIV\/status\/1504742643976359941?s=20&#038;t=vwJIh1tafQu95oObO1IWUw\n<\/div><\/figure>\n\n\n\n<p>Los trabajos galardonados tendr\u00e1n una dotaci\u00f3n econ\u00f3mica de 850 euros cada uno.<\/p>\n\n\n\n<p><strong>Premio ICIP Alfons Banda<\/strong><\/p>\n\n\n\n<p>El <a href=\"https:\/\/www.icip.cat\/es\/premio-icip-alfons-banda\/\">Premio ICIP Alfons Banda<\/a> tiene por objetivo reconocer los mejores trabajos del alumnado de ESO, bachillerato y ciclos formativos que promuevan la cultura de paz y la gesti\u00f3n no violenta de los conflictos.<\/p>\n\n\n\n<p>El galard\u00f3n se enmarca en los Premios de Investigaci\u00f3n Joven convocados por la Agencia de Gesti\u00f3n de Ayudas Universitarias y de Investigaci\u00f3n (AGAUR) con un objetivo marco de fomentar el esp\u00edritu cient\u00edfico de la juventud.<\/p>\n\n\n\n<p>En la edici\u00f3n 2021, el jurado ha distinguido un total de 77 trabajos, con un importe global de 65.450 euros.<\/p>\n","protected":false},"excerpt":{"rendered":"<p>La resoluci\u00f3n de los Premios ICIP Alfons Banda 2021, dentro de los Premios de Investigaci\u00f3n Joven (PRJ), ha reconocido los trabajos de investigaci\u00f3n \u201cAnalyse comparative des chansons de la guerre civile espagnole (1936-1939)\u201d de Anna Pons Muns del Instituto Llu\u00eds de Peguera de Manresa y \u201cConsumo de moda sostenible para adolescentes\u201d, de Marta Pons Obrad\u00f3s [&hellip;]<\/p>\n","protected":false},"author":4,"featured_media":20689,"comment_status":"open","ping_status":"open","sticky":false,"template":"","format":"standard","meta":{"_acf_changed":false,"footnotes":""},"categories":[5],"tags":[],"class_list":["post-26407","post","type-post","status-publish","format-standard","has-post-thumbnail","hentry","category-sin-categorizar"],"acf":[],"yoast_head":"<!-- This site is optimized with the Yoast SEO plugin v25.6 - https:\/\/yoast.com\/wordpress\/plugins\/seo\/ -->\n<title>Un an\u00e1lisis comparativo de las canciones de guerra y un trabajo sobre el consumo de moda sostenible ganan el Premio ICIP Alfons Banda - ICIP<\/title>\n<meta name=\"description\" content=\"Conoce los trabajos ganadores de los Premios de Investigaci\u00f3n Joven.\" \/>\n<meta name=\"robots\" content=\"index, follow, max-snippet:-1, max-image-preview:large, max-video-preview:-1\" \/>\n<link rel=\"canonical\" href=\"https:\/\/www.icip.cat\/es\/un-analisis-comparativo-de-las-canciones-de-guerra-y-un-trabajo-sobre-el-consumo-de-moda-sostenible-ganan-el-premio-icip-alfons-banda\/\" \/>\n<meta property=\"og:locale\" content=\"es_ES\" \/>\n<meta property=\"og:type\" content=\"article\" \/>\n<meta property=\"og:title\" content=\"Un an\u00e1lisis comparativo de las canciones de guerra y un trabajo sobre el consumo de moda sostenible ganan el Premio ICIP Alfons Banda - ICIP\" \/>\n<meta property=\"og:description\" content=\"Conoce los trabajos ganadores de los Premios de Investigaci\u00f3n Joven.\" \/>\n<meta property=\"og:url\" content=\"https:\/\/www.icip.cat\/es\/un-analisis-comparativo-de-las-canciones-de-guerra-y-un-trabajo-sobre-el-consumo-de-moda-sostenible-ganan-el-premio-icip-alfons-banda\/\" \/>\n<meta property=\"og:site_name\" content=\"ICIP\" \/>\n<meta property=\"article:published_time\" content=\"2022-03-25T10:10:08+00:00\" \/>\n<meta property=\"article:modified_time\" content=\"2022-03-25T10:30:47+00:00\" \/>\n<meta property=\"og:image\" content=\"https:\/\/www.icip.cat\/wp-content\/uploads\/2021\/07\/premis-recerca-joves.jpg\" \/>\n\t<meta property=\"og:image:width\" content=\"452\" \/>\n\t<meta property=\"og:image:height\" content=\"493\" \/>\n\t<meta property=\"og:image:type\" content=\"image\/jpeg\" \/>\n<meta name=\"author\" content=\"Chema\" \/>\n<meta name=\"twitter:card\" content=\"summary_large_image\" \/>\n<meta name=\"twitter:label1\" content=\"Escrito por\" \/>\n\t<meta name=\"twitter:data1\" content=\"Chema\" \/>\n\t<meta name=\"twitter:label2\" content=\"Tiempo de lectura\" \/>\n\t<meta name=\"twitter:data2\" content=\"2 minutos\" \/>\n<script type=\"application\/ld+json\" class=\"yoast-schema-graph\">{\"@context\":\"https:\/\/schema.org\",\"@graph\":[{\"@type\":\"Article\",\"@id\":\"https:\/\/www.icip.cat\/es\/un-analisis-comparativo-de-las-canciones-de-guerra-y-un-trabajo-sobre-el-consumo-de-moda-sostenible-ganan-el-premio-icip-alfons-banda\/#article\",\"isPartOf\":{\"@id\":\"https:\/\/www.icip.cat\/es\/un-analisis-comparativo-de-las-canciones-de-guerra-y-un-trabajo-sobre-el-consumo-de-moda-sostenible-ganan-el-premio-icip-alfons-banda\/\"},\"author\":{\"name\":\"Chema\",\"@id\":\"https:\/\/www.icip.cat\/ca\/#\/schema\/person\/e284535162658ee91802f63c00dc616d\"},\"headline\":\"Un an\u00e1lisis comparativo de las canciones de guerra y un trabajo sobre el consumo de moda sostenible ganan el Premio ICIP Alfons Banda\",\"datePublished\":\"2022-03-25T10:10:08+00:00\",\"dateModified\":\"2022-03-25T10:30:47+00:00\",\"mainEntityOfPage\":{\"@id\":\"https:\/\/www.icip.cat\/es\/un-analisis-comparativo-de-las-canciones-de-guerra-y-un-trabajo-sobre-el-consumo-de-moda-sostenible-ganan-el-premio-icip-alfons-banda\/\"},\"wordCount\":329,\"commentCount\":0,\"publisher\":{\"@id\":\"https:\/\/www.icip.cat\/ca\/#organization\"},\"image\":{\"@id\":\"https:\/\/www.icip.cat\/es\/un-analisis-comparativo-de-las-canciones-de-guerra-y-un-trabajo-sobre-el-consumo-de-moda-sostenible-ganan-el-premio-icip-alfons-banda\/#primaryimage\"},\"thumbnailUrl\":\"https:\/\/www.icip.cat\/wp-content\/uploads\/2021\/07\/premis-recerca-joves.jpg\",\"articleSection\":[\"Sin categorizar\"],\"inLanguage\":\"es\"},{\"@type\":\"WebPage\",\"@id\":\"https:\/\/www.icip.cat\/es\/un-analisis-comparativo-de-las-canciones-de-guerra-y-un-trabajo-sobre-el-consumo-de-moda-sostenible-ganan-el-premio-icip-alfons-banda\/\",\"url\":\"https:\/\/www.icip.cat\/es\/un-analisis-comparativo-de-las-canciones-de-guerra-y-un-trabajo-sobre-el-consumo-de-moda-sostenible-ganan-el-premio-icip-alfons-banda\/\",\"name\":\"Un an\u00e1lisis comparativo de las canciones de guerra y un trabajo sobre el consumo de moda sostenible ganan el Premio ICIP Alfons Banda - ICIP\",\"isPartOf\":{\"@id\":\"https:\/\/www.icip.cat\/ca\/#website\"},\"primaryImageOfPage\":{\"@id\":\"https:\/\/www.icip.cat\/es\/un-analisis-comparativo-de-las-canciones-de-guerra-y-un-trabajo-sobre-el-consumo-de-moda-sostenible-ganan-el-premio-icip-alfons-banda\/#primaryimage\"},\"image\":{\"@id\":\"https:\/\/www.icip.cat\/es\/un-analisis-comparativo-de-las-canciones-de-guerra-y-un-trabajo-sobre-el-consumo-de-moda-sostenible-ganan-el-premio-icip-alfons-banda\/#primaryimage\"},\"thumbnailUrl\":\"https:\/\/www.icip.cat\/wp-content\/uploads\/2021\/07\/premis-recerca-joves.jpg\",\"datePublished\":\"2022-03-25T10:10:08+00:00\",\"dateModified\":\"2022-03-25T10:30:47+00:00\",\"description\":\"Conoce los trabajos ganadores de los Premios de Investigaci\u00f3n Joven.\",\"inLanguage\":\"es\",\"potentialAction\":[{\"@type\":\"ReadAction\",\"target\":[\"https:\/\/www.icip.cat\/es\/un-analisis-comparativo-de-las-canciones-de-guerra-y-un-trabajo-sobre-el-consumo-de-moda-sostenible-ganan-el-premio-icip-alfons-banda\/\"]}]},{\"@type\":\"ImageObject\",\"inLanguage\":\"es\",\"@id\":\"https:\/\/www.icip.cat\/es\/un-analisis-comparativo-de-las-canciones-de-guerra-y-un-trabajo-sobre-el-consumo-de-moda-sostenible-ganan-el-premio-icip-alfons-banda\/#primaryimage\",\"url\":\"https:\/\/www.icip.cat\/wp-content\/uploads\/2021\/07\/premis-recerca-joves.jpg\",\"contentUrl\":\"https:\/\/www.icip.cat\/wp-content\/uploads\/2021\/07\/premis-recerca-joves.jpg\",\"width\":452,\"height\":493},{\"@type\":\"WebSite\",\"@id\":\"https:\/\/www.icip.cat\/ca\/#website\",\"url\":\"https:\/\/www.icip.cat\/ca\/\",\"name\":\"ICIP\",\"description\":\"\",\"publisher\":{\"@id\":\"https:\/\/www.icip.cat\/ca\/#organization\"},\"potentialAction\":[{\"@type\":\"SearchAction\",\"target\":{\"@type\":\"EntryPoint\",\"urlTemplate\":\"https:\/\/www.icip.cat\/ca\/?s={search_term_string}\"},\"query-input\":{\"@type\":\"PropertyValueSpecification\",\"valueRequired\":true,\"valueName\":\"search_term_string\"}}],\"inLanguage\":\"es\"},{\"@type\":\"Organization\",\"@id\":\"https:\/\/www.icip.cat\/ca\/#organization\",\"name\":\"ICIP\",\"url\":\"https:\/\/www.icip.cat\/ca\/\",\"logo\":{\"@type\":\"ImageObject\",\"inLanguage\":\"es\",\"@id\":\"https:\/\/www.icip.cat\/ca\/#\/schema\/logo\/image\/\",\"url\":\"https:\/\/www.icip.cat\/wp-content\/uploads\/2021\/02\/logo-2.png\",\"contentUrl\":\"https:\/\/www.icip.cat\/wp-content\/uploads\/2021\/02\/logo-2.png\",\"width\":562,\"height\":391,\"caption\":\"ICIP\"},\"image\":{\"@id\":\"https:\/\/www.icip.cat\/ca\/#\/schema\/logo\/image\/\"}},{\"@type\":\"Person\",\"@id\":\"https:\/\/www.icip.cat\/ca\/#\/schema\/person\/e284535162658ee91802f63c00dc616d\",\"name\":\"Chema\",\"image\":{\"@type\":\"ImageObject\",\"inLanguage\":\"es\",\"@id\":\"https:\/\/www.icip.cat\/ca\/#\/schema\/person\/image\/\",\"url\":\"https:\/\/secure.gravatar.com\/avatar\/22acda3b315ce622eb88469f87a1968bb698bc09085a9de947706166d956f8c8?s=96&d=mm&r=g\",\"contentUrl\":\"https:\/\/secure.gravatar.com\/avatar\/22acda3b315ce622eb88469f87a1968bb698bc09085a9de947706166d956f8c8?s=96&d=mm&r=g\",\"caption\":\"Chema\"},\"url\":\"https:\/\/www.icip.cat\/es\/author\/chema\/\"}]}<\/script>\n<!-- \/ Yoast SEO plugin. -->","yoast_head_json":{"title":"Un an\u00e1lisis comparativo de las canciones de guerra y un trabajo sobre el consumo de moda sostenible ganan el Premio ICIP Alfons Banda - ICIP","description":"Conoce los trabajos ganadores de los Premios de Investigaci\u00f3n Joven.","robots":{"index":"index","follow":"follow","max-snippet":"max-snippet:-1","max-image-preview":"max-image-preview:large","max-video-preview":"max-video-preview:-1"},"canonical":"https:\/\/www.icip.cat\/es\/un-analisis-comparativo-de-las-canciones-de-guerra-y-un-trabajo-sobre-el-consumo-de-moda-sostenible-ganan-el-premio-icip-alfons-banda\/","og_locale":"es_ES","og_type":"article","og_title":"Un an\u00e1lisis comparativo de las canciones de guerra y un trabajo sobre el consumo de moda sostenible ganan el Premio ICIP Alfons Banda - ICIP","og_description":"Conoce los trabajos ganadores de los Premios de Investigaci\u00f3n Joven.","og_url":"https:\/\/www.icip.cat\/es\/un-analisis-comparativo-de-las-canciones-de-guerra-y-un-trabajo-sobre-el-consumo-de-moda-sostenible-ganan-el-premio-icip-alfons-banda\/","og_site_name":"ICIP","article_published_time":"2022-03-25T10:10:08+00:00","article_modified_time":"2022-03-25T10:30:47+00:00","og_image":[{"width":452,"height":493,"url":"https:\/\/www.icip.cat\/wp-content\/uploads\/2021\/07\/premis-recerca-joves.jpg","type":"image\/jpeg"}],"author":"Chema","twitter_card":"summary_large_image","twitter_misc":{"Escrito por":"Chema","Tiempo de lectura":"2 minutos"},"schema":{"@context":"https:\/\/schema.org","@graph":[{"@type":"Article","@id":"https:\/\/www.icip.cat\/es\/un-analisis-comparativo-de-las-canciones-de-guerra-y-un-trabajo-sobre-el-consumo-de-moda-sostenible-ganan-el-premio-icip-alfons-banda\/#article","isPartOf":{"@id":"https:\/\/www.icip.cat\/es\/un-analisis-comparativo-de-las-canciones-de-guerra-y-un-trabajo-sobre-el-consumo-de-moda-sostenible-ganan-el-premio-icip-alfons-banda\/"},"author":{"name":"Chema","@id":"https:\/\/www.icip.cat\/ca\/#\/schema\/person\/e284535162658ee91802f63c00dc616d"},"headline":"Un an\u00e1lisis comparativo de las canciones de guerra y un trabajo sobre el consumo de moda sostenible ganan el Premio ICIP Alfons Banda","datePublished":"2022-03-25T10:10:08+00:00","dateModified":"2022-03-25T10:30:47+00:00","mainEntityOfPage":{"@id":"https:\/\/www.icip.cat\/es\/un-analisis-comparativo-de-las-canciones-de-guerra-y-un-trabajo-sobre-el-consumo-de-moda-sostenible-ganan-el-premio-icip-alfons-banda\/"},"wordCount":329,"commentCount":0,"publisher":{"@id":"https:\/\/www.icip.cat\/ca\/#organization"},"image":{"@id":"https:\/\/www.icip.cat\/es\/un-analisis-comparativo-de-las-canciones-de-guerra-y-un-trabajo-sobre-el-consumo-de-moda-sostenible-ganan-el-premio-icip-alfons-banda\/#primaryimage"},"thumbnailUrl":"https:\/\/www.icip.cat\/wp-content\/uploads\/2021\/07\/premis-recerca-joves.jpg","articleSection":["Sin categorizar"],"inLanguage":"es"},{"@type":"WebPage","@id":"https:\/\/www.icip.cat\/es\/un-analisis-comparativo-de-las-canciones-de-guerra-y-un-trabajo-sobre-el-consumo-de-moda-sostenible-ganan-el-premio-icip-alfons-banda\/","url":"https:\/\/www.icip.cat\/es\/un-analisis-comparativo-de-las-canciones-de-guerra-y-un-trabajo-sobre-el-consumo-de-moda-sostenible-ganan-el-premio-icip-alfons-banda\/","name":"Un an\u00e1lisis comparativo de las canciones de guerra y un trabajo sobre el consumo de moda sostenible ganan el Premio ICIP Alfons Banda - ICIP","isPartOf":{"@id":"https:\/\/www.icip.cat\/ca\/#website"},"primaryImageOfPage":{"@id":"https:\/\/www.icip.cat\/es\/un-analisis-comparativo-de-las-canciones-de-guerra-y-un-trabajo-sobre-el-consumo-de-moda-sostenible-ganan-el-premio-icip-alfons-banda\/#primaryimage"},"image":{"@id":"https:\/\/www.icip.cat\/es\/un-analisis-comparativo-de-las-canciones-de-guerra-y-un-trabajo-sobre-el-consumo-de-moda-sostenible-ganan-el-premio-icip-alfons-banda\/#primaryimage"},"thumbnailUrl":"https:\/\/www.icip.cat\/wp-content\/uploads\/2021\/07\/premis-recerca-joves.jpg","datePublished":"2022-03-25T10:10:08+00:00","dateModified":"2022-03-25T10:30:47+00:00","description":"Conoce los trabajos ganadores de los Premios de Investigaci\u00f3n Joven.","inLanguage":"es","potentialAction":[{"@type":"ReadAction","target":["https:\/\/www.icip.cat\/es\/un-analisis-comparativo-de-las-canciones-de-guerra-y-un-trabajo-sobre-el-consumo-de-moda-sostenible-ganan-el-premio-icip-alfons-banda\/"]}]},{"@type":"ImageObject","inLanguage":"es","@id":"https:\/\/www.icip.cat\/es\/un-analisis-comparativo-de-las-canciones-de-guerra-y-un-trabajo-sobre-el-consumo-de-moda-sostenible-ganan-el-premio-icip-alfons-banda\/#primaryimage","url":"https:\/\/www.icip.cat\/wp-content\/uploads\/2021\/07\/premis-recerca-joves.jpg","contentUrl":"https:\/\/www.icip.cat\/wp-content\/uploads\/2021\/07\/premis-recerca-joves.jpg","width":452,"height":493},{"@type":"WebSite","@id":"https:\/\/www.icip.cat\/ca\/#website","url":"https:\/\/www.icip.cat\/ca\/","name":"ICIP","description":"","publisher":{"@id":"https:\/\/www.icip.cat\/ca\/#organization"},"potentialAction":[{"@type":"SearchAction","target":{"@type":"EntryPoint","urlTemplate":"https:\/\/www.icip.cat\/ca\/?s={search_term_string}"},"query-input":{"@type":"PropertyValueSpecification","valueRequired":true,"valueName":"search_term_string"}}],"inLanguage":"es"},{"@type":"Organization","@id":"https:\/\/www.icip.cat\/ca\/#organization","name":"ICIP","url":"https:\/\/www.icip.cat\/ca\/","logo":{"@type":"ImageObject","inLanguage":"es","@id":"https:\/\/www.icip.cat\/ca\/#\/schema\/logo\/image\/","url":"https:\/\/www.icip.cat\/wp-content\/uploads\/2021\/02\/logo-2.png","contentUrl":"https:\/\/www.icip.cat\/wp-content\/uploads\/2021\/02\/logo-2.png","width":562,"height":391,"caption":"ICIP"},"image":{"@id":"https:\/\/www.icip.cat\/ca\/#\/schema\/logo\/image\/"}},{"@type":"Person","@id":"https:\/\/www.icip.cat\/ca\/#\/schema\/person\/e284535162658ee91802f63c00dc616d","name":"Chema","image":{"@type":"ImageObject","inLanguage":"es","@id":"https:\/\/www.icip.cat\/ca\/#\/schema\/person\/image\/","url":"https:\/\/secure.gravatar.com\/avatar\/22acda3b315ce622eb88469f87a1968bb698bc09085a9de947706166d956f8c8?s=96&d=mm&r=g","contentUrl":"https:\/\/secure.gravatar.com\/avatar\/22acda3b315ce622eb88469f87a1968bb698bc09085a9de947706166d956f8c8?s=96&d=mm&r=g","caption":"Chema"},"url":"https:\/\/www.icip.cat\/es\/author\/chema\/"}]}},"_links":{"self":[{"href":"https:\/\/www.icip.cat\/es\/wp-json\/wp\/v2\/posts\/26407","targetHints":{"allow":["GET"]}}],"collection":[{"href":"https:\/\/www.icip.cat\/es\/wp-json\/wp\/v2\/posts"}],"about":[{"href":"https:\/\/www.icip.cat\/es\/wp-json\/wp\/v2\/types\/post"}],"author":[{"embeddable":true,"href":"https:\/\/www.icip.cat\/es\/wp-json\/wp\/v2\/users\/4"}],"replies":[{"embeddable":true,"href":"https:\/\/www.icip.cat\/es\/wp-json\/wp\/v2\/comments?post=26407"}],"version-history":[{"count":3,"href":"https:\/\/www.icip.cat\/es\/wp-json\/wp\/v2\/posts\/26407\/revisions"}],"predecessor-version":[{"id":26416,"href":"https:\/\/www.icip.cat\/es\/wp-json\/wp\/v2\/posts\/26407\/revisions\/26416"}],"wp:featuredmedia":[{"embeddable":true,"href":"https:\/\/www.icip.cat\/es\/wp-json\/wp\/v2\/media\/20689"}],"wp:attachment":[{"href":"https:\/\/www.icip.cat\/es\/wp-json\/wp\/v2\/media?parent=26407"}],"wp:term":[{"taxonomy":"category","embeddable":true,"href":"https:\/\/www.icip.cat\/es\/wp-json\/wp\/v2\/categories?post=26407"},{"taxonomy":"post_tag","embeddable":true,"href":"https:\/\/www.icip.cat\/es\/wp-json\/wp\/v2\/tags?post=26407"}],"curies":[{"name":"wp","href":"https:\/\/api.w.org\/{rel}","templated":true}]}}