{"id":43983,"date":"2024-03-01T10:30:50","date_gmt":"2024-03-01T10:30:50","guid":{"rendered":"https:\/\/www.icip.cat\/?p=43983"},"modified":"2024-03-15T12:21:13","modified_gmt":"2024-03-15T12:21:13","slug":"el-icip-publica-en-internet-el-documental-para-volver-a-ver","status":"publish","type":"post","link":"https:\/\/www.icip.cat\/es\/el-icip-publica-en-internet-el-documental-para-volver-a-ver\/","title":{"rendered":"El ICIP publica en Internet el documental &#8216;Para volverte a ver&#8217;"},"content":{"rendered":"\n<p>Tras proyectarse en varios festivales de Europa y Latinoam\u00e9rica, el ICIP ha publicado en su cuenta de YouTube el documental <em>Para volverte a ver<\/em>, un filme que muestra el papel de la di\u00e1spora y el exilio colombiano en Europa . Los directores son <strong>Nicol\u00e1s Braguinsky Cascini<\/strong> y <strong>Juan Pablo Aris Escarcena<\/strong>.<\/p>\n\n\n\n<p>El documental, producido por Mandorla Films, el ICIP y la Comisi\u00f3n para el Esclarecimiento de la Verdad, la Convivencia y la No Repetici\u00f3n de Colombia con el apoyo de la Agencia Catalana de Cooperaci\u00f3n al Desarrollo se estren\u00f3 en julio de 2022 , durante el acto de presentaci\u00f3n del informe final de la Comisi\u00f3n de la Verdad en Catalu\u00f1a en el Parlament.<\/p>\n\n\n\n<p>Desde entonces y en el \u00faltimo a\u00f1o y medio, se ha proyectado en varios festivales. En concreto, se ha podido ver en \u00abAtr\u00e1s y adelante\u00bb 14\u00aa edici\u00f3n de Latino-Docs (Francia); el Festival Internacional Cine a la calle (Colombia); el XXVI \u00cdcaro Festival Internacional de Cine en Centroam\u00e9rica (Guatemala) y el FESCIMED (Festival Internacional de Cine por la Memoria Democr\u00e1tica) (Espa\u00f1a). Tambi\u00e9n pudo verse en el Festival Internacional de Cine de Derechos Humanos Miradas Diversas (Venezuela) donde obtuvo una menci\u00f3n especial del jurado.<\/p>\n\n\n\n<p>Ahora, por primera vez, el documental se encuentra accesible a todo el mundo y puede verse en el canal de YouTube del ICIP.<\/p>\n\n\n\n<figure class=\"wp-block-embed aligncenter is-type-video is-provider-youtube wp-block-embed-youtube wp-embed-aspect-16-9 wp-has-aspect-ratio\"><div class=\"wp-block-embed__wrapper\">\n<iframe title=\"Para volverte a ver - Documental\" width=\"640\" height=\"360\" src=\"https:\/\/www.youtube.com\/embed\/tBAPT9Br3ac?feature=oembed\" frameborder=\"0\" allow=\"accelerometer; autoplay; clipboard-write; encrypted-media; gyroscope; picture-in-picture; web-share\" referrerpolicy=\"strict-origin-when-cross-origin\" allowfullscreen><\/iframe>\n<\/div><\/figure>\n\n\n\n<h3 class=\"wp-block-heading\"><strong>El retrato de un proceso innovador<\/strong><\/h3>\n\n\n\n<p>La producci\u00f3n de <em>Para volverte a ver<\/em> empez\u00f3 a inicios de 2022. La idea del ICIP y la Comisi\u00f3n era retratar la experiencia de varias personas colombianas residentes en Europa y que dieron su testimonio a la Comisi\u00f3n desde el exterior , un proceso innovador que quiere ser inspirador por otras comisiones de la verdad en el mundo.<\/p>\n\n\n\n<p>Seg\u00fan <strong>S\u00edlvia Plana<\/strong>, responsable de Alianzas estrat\u00e9gicas del ICIP, el documental permite ver \u201cen primera persona, la importancia de la participaci\u00f3n de las v\u00edctimas en iniciativas de construcci\u00f3n de paz, de justicia y verdad, como un proceso transformador tanto a nivel personal como colectivo\u201d.<\/p>\n\n\n\n<p>El rodaje tuvo lugar en los meses de marzo y abril de 2022 en Dinamarca, Suiza y Catalu\u00f1a. En esos pa\u00edses es donde residen los cuatro protagonistas de la pel\u00edcula.<\/p>\n\n\n\n<h3 class=\"wp-block-heading\">Los personajes<\/h3>\n\n\n\n<p>Para volver a verte recoge los testigos de cuatro personas colombianas en el exilio: <strong>Yanira Restrepo<\/strong>, <strong>Juana S\u00e1nchez<\/strong>, <strong>Wilmer Torres <\/strong>y <strong>Lizethe \u00c1lvarez<\/strong>.<\/p>\n\n\n\n<p><strong>Yanira Restrepo<\/strong> es una agricultora residente en Catalu\u00f1a. Se vio obligada a exiliarse y dejar Colombia hace 20 a\u00f1os despu\u00e9s de haber sido perseguida por los paramilitares, la guerrilla y el gobierno colombiano. Fue guerrillera del M-19.<\/p>\n\n\n\n<p><strong>Juana S\u00e1nchez<\/strong> es escritora y cocinera aficionada residente en Barcelona. Su padre fue v\u00edctima de un secuestro por parte de las FARC. Ha publicado una novela con su historia de vida, el pasado y sus vivencias con su padre.<\/p>\n\n\n\n<p><strong>Wilmer Torres<\/strong> es hijo de una familia campesina. Su abuelo fue l\u00edder campesino y despu\u00e9s su madre sigui\u00f3 sus pasos hasta convertirse en una reconocida l\u00edder y defensora de derechos humanos. Despu\u00e9s de a\u00f1os de persecuci\u00f3n hacia su familia, su madre decidi\u00f3 llevar a Wilmer y su hermano a Ginebra donde ella estaba refugiada.<\/p>\n\n\n\n<p><strong>Lizethe \u00c1lvarez<\/strong> es una mujer trans que huy\u00f3 de Colombia tras sufrir varias amenazas y ver que su vida peligraba. Tras pedir asilo en varios pa\u00edses de Europa, el amor le llev\u00f3 a vivir a Copenhague, donde pudo rehacer su vida.<\/p>\n\n\n\n<h3 class=\"wp-block-heading\"><strong>Los directores<\/strong><\/h3>\n\n\n\n<p><strong>Nicol\u00e1s Braguinsky<\/strong>, licenciado en letras y posteriormente documentalista, es un creador de contenidos audiovisuales especializado en derechos humanos que ha trabajado para diferentes agencias de Naciones Unidas, as\u00ed como para entidades acad\u00e9micas como la Universidad de York y la Universidad de Buenos Aires. Tambi\u00e9n para ONG como Civitas Maxima, CCPR, Wayamo Foundation y Geneva Call, entre otros. <\/p>\n\n\n\n<p><strong>Juan Pablo Aris Escarcena<\/strong> es doctor en antropolog\u00eda social, con amplia experiencia en investigaci\u00f3n etnogr\u00e1fica en m\u00e1s de diez pa\u00edses y tres continentes. Juntos trabajan desde 2017 en proyectos que aplican t\u00e9cnicas audiovisuales a la investigaci\u00f3n cient\u00edfica y proyectos sociales. Entre sus obras destacan <em>Solidarity Crime<\/em> (2020) y <em>Beyond Impunity<\/em> (2021).<\/p>\n","protected":false},"excerpt":{"rendered":"<p>Tras proyectarse en varios festivales de Europa y Latinoam\u00e9rica, el ICIP ha publicado en su cuenta de YouTube el documental Para volverte a ver, un filme que muestra el papel de la di\u00e1spora y el exilio colombiano en Europa . Los directores son Nicol\u00e1s Braguinsky Cascini y Juan Pablo Aris Escarcena. El documental, producido por [&hellip;]<\/p>\n","protected":false},"author":4,"featured_media":28292,"comment_status":"closed","ping_status":"closed","sticky":false,"template":"","format":"standard","meta":{"_acf_changed":false,"footnotes":""},"categories":[5],"tags":[],"class_list":["post-43983","post","type-post","status-publish","format-standard","has-post-thumbnail","hentry","category-sin-categorizar"],"acf":[],"yoast_head":"<!-- This site is optimized with the Yoast SEO plugin v25.6 - https:\/\/yoast.com\/wordpress\/plugins\/seo\/ -->\n<title>El ICIP publica en Internet el documental &#039;Para volverte a ver&#039; - ICIP<\/title>\n<meta name=\"description\" content=\"El filme, dirigido por Nicol\u00e1s Braguinsky Cascini y Juan Pablo Aris Escarcena, muestra el papel de la di\u00e1spora y el exilio colombiano en Europa.\" \/>\n<meta name=\"robots\" content=\"index, follow, max-snippet:-1, max-image-preview:large, max-video-preview:-1\" \/>\n<link rel=\"canonical\" href=\"https:\/\/www.icip.cat\/es\/el-icip-publica-en-internet-el-documental-para-volver-a-ver\/\" \/>\n<meta property=\"og:locale\" content=\"es_ES\" \/>\n<meta property=\"og:type\" content=\"article\" \/>\n<meta property=\"og:title\" content=\"El ICIP publica en Internet el documental &#039;Para volverte a ver&#039; - ICIP\" \/>\n<meta property=\"og:description\" content=\"El filme, dirigido por Nicol\u00e1s Braguinsky Cascini y Juan Pablo Aris Escarcena, muestra el papel de la di\u00e1spora y el exilio colombiano en Europa.\" \/>\n<meta property=\"og:url\" content=\"https:\/\/www.icip.cat\/es\/el-icip-publica-en-internet-el-documental-para-volver-a-ver\/\" \/>\n<meta property=\"og:site_name\" content=\"ICIP\" \/>\n<meta property=\"article:published_time\" content=\"2024-03-01T10:30:50+00:00\" \/>\n<meta property=\"article:modified_time\" content=\"2024-03-15T12:21:13+00:00\" \/>\n<meta property=\"og:image\" content=\"https:\/\/www.icip.cat\/wp-content\/uploads\/2022\/05\/Para-volverte-a-ver-_-Mandorla-3-scaled.jpg\" \/>\n\t<meta property=\"og:image:width\" content=\"2560\" \/>\n\t<meta property=\"og:image:height\" content=\"1707\" \/>\n\t<meta property=\"og:image:type\" content=\"image\/jpeg\" \/>\n<meta name=\"author\" content=\"Chema\" \/>\n<meta name=\"twitter:card\" content=\"summary_large_image\" \/>\n<meta name=\"twitter:label1\" content=\"Escrito por\" \/>\n\t<meta name=\"twitter:data1\" content=\"Chema\" \/>\n\t<meta name=\"twitter:label2\" content=\"Tiempo de lectura\" \/>\n\t<meta name=\"twitter:data2\" content=\"4 minutos\" \/>\n<script type=\"application\/ld+json\" class=\"yoast-schema-graph\">{\"@context\":\"https:\/\/schema.org\",\"@graph\":[{\"@type\":\"Article\",\"@id\":\"https:\/\/www.icip.cat\/es\/el-icip-publica-en-internet-el-documental-para-volver-a-ver\/#article\",\"isPartOf\":{\"@id\":\"https:\/\/www.icip.cat\/es\/el-icip-publica-en-internet-el-documental-para-volver-a-ver\/\"},\"author\":{\"name\":\"Chema\",\"@id\":\"https:\/\/www.icip.cat\/ca\/#\/schema\/person\/e284535162658ee91802f63c00dc616d\"},\"headline\":\"El ICIP publica en Internet el documental &#8216;Para volverte a ver&#8217;\",\"datePublished\":\"2024-03-01T10:30:50+00:00\",\"dateModified\":\"2024-03-15T12:21:13+00:00\",\"mainEntityOfPage\":{\"@id\":\"https:\/\/www.icip.cat\/es\/el-icip-publica-en-internet-el-documental-para-volver-a-ver\/\"},\"wordCount\":724,\"publisher\":{\"@id\":\"https:\/\/www.icip.cat\/ca\/#organization\"},\"image\":{\"@id\":\"https:\/\/www.icip.cat\/es\/el-icip-publica-en-internet-el-documental-para-volver-a-ver\/#primaryimage\"},\"thumbnailUrl\":\"https:\/\/www.icip.cat\/wp-content\/uploads\/2022\/05\/Para-volverte-a-ver-_-Mandorla-3-scaled.jpg\",\"articleSection\":[\"Sin categorizar\"],\"inLanguage\":\"es\"},{\"@type\":\"WebPage\",\"@id\":\"https:\/\/www.icip.cat\/es\/el-icip-publica-en-internet-el-documental-para-volver-a-ver\/\",\"url\":\"https:\/\/www.icip.cat\/es\/el-icip-publica-en-internet-el-documental-para-volver-a-ver\/\",\"name\":\"El ICIP publica en Internet el documental 'Para volverte a ver' - ICIP\",\"isPartOf\":{\"@id\":\"https:\/\/www.icip.cat\/ca\/#website\"},\"primaryImageOfPage\":{\"@id\":\"https:\/\/www.icip.cat\/es\/el-icip-publica-en-internet-el-documental-para-volver-a-ver\/#primaryimage\"},\"image\":{\"@id\":\"https:\/\/www.icip.cat\/es\/el-icip-publica-en-internet-el-documental-para-volver-a-ver\/#primaryimage\"},\"thumbnailUrl\":\"https:\/\/www.icip.cat\/wp-content\/uploads\/2022\/05\/Para-volverte-a-ver-_-Mandorla-3-scaled.jpg\",\"datePublished\":\"2024-03-01T10:30:50+00:00\",\"dateModified\":\"2024-03-15T12:21:13+00:00\",\"description\":\"El filme, dirigido por Nicol\u00e1s Braguinsky Cascini y Juan Pablo Aris Escarcena, muestra el papel de la di\u00e1spora y el exilio colombiano en Europa.\",\"inLanguage\":\"es\",\"potentialAction\":[{\"@type\":\"ReadAction\",\"target\":[\"https:\/\/www.icip.cat\/es\/el-icip-publica-en-internet-el-documental-para-volver-a-ver\/\"]}]},{\"@type\":\"ImageObject\",\"inLanguage\":\"es\",\"@id\":\"https:\/\/www.icip.cat\/es\/el-icip-publica-en-internet-el-documental-para-volver-a-ver\/#primaryimage\",\"url\":\"https:\/\/www.icip.cat\/wp-content\/uploads\/2022\/05\/Para-volverte-a-ver-_-Mandorla-3-scaled.jpg\",\"contentUrl\":\"https:\/\/www.icip.cat\/wp-content\/uploads\/2022\/05\/Para-volverte-a-ver-_-Mandorla-3-scaled.jpg\",\"width\":2560,\"height\":1707},{\"@type\":\"WebSite\",\"@id\":\"https:\/\/www.icip.cat\/ca\/#website\",\"url\":\"https:\/\/www.icip.cat\/ca\/\",\"name\":\"ICIP\",\"description\":\"\",\"publisher\":{\"@id\":\"https:\/\/www.icip.cat\/ca\/#organization\"},\"potentialAction\":[{\"@type\":\"SearchAction\",\"target\":{\"@type\":\"EntryPoint\",\"urlTemplate\":\"https:\/\/www.icip.cat\/ca\/?s={search_term_string}\"},\"query-input\":{\"@type\":\"PropertyValueSpecification\",\"valueRequired\":true,\"valueName\":\"search_term_string\"}}],\"inLanguage\":\"es\"},{\"@type\":\"Organization\",\"@id\":\"https:\/\/www.icip.cat\/ca\/#organization\",\"name\":\"ICIP\",\"url\":\"https:\/\/www.icip.cat\/ca\/\",\"logo\":{\"@type\":\"ImageObject\",\"inLanguage\":\"es\",\"@id\":\"https:\/\/www.icip.cat\/ca\/#\/schema\/logo\/image\/\",\"url\":\"https:\/\/www.icip.cat\/wp-content\/uploads\/2021\/02\/logo-2.png\",\"contentUrl\":\"https:\/\/www.icip.cat\/wp-content\/uploads\/2021\/02\/logo-2.png\",\"width\":562,\"height\":391,\"caption\":\"ICIP\"},\"image\":{\"@id\":\"https:\/\/www.icip.cat\/ca\/#\/schema\/logo\/image\/\"}},{\"@type\":\"Person\",\"@id\":\"https:\/\/www.icip.cat\/ca\/#\/schema\/person\/e284535162658ee91802f63c00dc616d\",\"name\":\"Chema\",\"image\":{\"@type\":\"ImageObject\",\"inLanguage\":\"es\",\"@id\":\"https:\/\/www.icip.cat\/ca\/#\/schema\/person\/image\/\",\"url\":\"https:\/\/secure.gravatar.com\/avatar\/22acda3b315ce622eb88469f87a1968bb698bc09085a9de947706166d956f8c8?s=96&d=mm&r=g\",\"contentUrl\":\"https:\/\/secure.gravatar.com\/avatar\/22acda3b315ce622eb88469f87a1968bb698bc09085a9de947706166d956f8c8?s=96&d=mm&r=g\",\"caption\":\"Chema\"},\"url\":\"https:\/\/www.icip.cat\/es\/author\/chema\/\"}]}<\/script>\n<!-- \/ Yoast SEO plugin. -->","yoast_head_json":{"title":"El ICIP publica en Internet el documental 'Para volverte a ver' - ICIP","description":"El filme, dirigido por Nicol\u00e1s Braguinsky Cascini y Juan Pablo Aris Escarcena, muestra el papel de la di\u00e1spora y el exilio colombiano en Europa.","robots":{"index":"index","follow":"follow","max-snippet":"max-snippet:-1","max-image-preview":"max-image-preview:large","max-video-preview":"max-video-preview:-1"},"canonical":"https:\/\/www.icip.cat\/es\/el-icip-publica-en-internet-el-documental-para-volver-a-ver\/","og_locale":"es_ES","og_type":"article","og_title":"El ICIP publica en Internet el documental 'Para volverte a ver' - ICIP","og_description":"El filme, dirigido por Nicol\u00e1s Braguinsky Cascini y Juan Pablo Aris Escarcena, muestra el papel de la di\u00e1spora y el exilio colombiano en Europa.","og_url":"https:\/\/www.icip.cat\/es\/el-icip-publica-en-internet-el-documental-para-volver-a-ver\/","og_site_name":"ICIP","article_published_time":"2024-03-01T10:30:50+00:00","article_modified_time":"2024-03-15T12:21:13+00:00","og_image":[{"width":2560,"height":1707,"url":"https:\/\/www.icip.cat\/wp-content\/uploads\/2022\/05\/Para-volverte-a-ver-_-Mandorla-3-scaled.jpg","type":"image\/jpeg"}],"author":"Chema","twitter_card":"summary_large_image","twitter_misc":{"Escrito por":"Chema","Tiempo de lectura":"4 minutos"},"schema":{"@context":"https:\/\/schema.org","@graph":[{"@type":"Article","@id":"https:\/\/www.icip.cat\/es\/el-icip-publica-en-internet-el-documental-para-volver-a-ver\/#article","isPartOf":{"@id":"https:\/\/www.icip.cat\/es\/el-icip-publica-en-internet-el-documental-para-volver-a-ver\/"},"author":{"name":"Chema","@id":"https:\/\/www.icip.cat\/ca\/#\/schema\/person\/e284535162658ee91802f63c00dc616d"},"headline":"El ICIP publica en Internet el documental &#8216;Para volverte a ver&#8217;","datePublished":"2024-03-01T10:30:50+00:00","dateModified":"2024-03-15T12:21:13+00:00","mainEntityOfPage":{"@id":"https:\/\/www.icip.cat\/es\/el-icip-publica-en-internet-el-documental-para-volver-a-ver\/"},"wordCount":724,"publisher":{"@id":"https:\/\/www.icip.cat\/ca\/#organization"},"image":{"@id":"https:\/\/www.icip.cat\/es\/el-icip-publica-en-internet-el-documental-para-volver-a-ver\/#primaryimage"},"thumbnailUrl":"https:\/\/www.icip.cat\/wp-content\/uploads\/2022\/05\/Para-volverte-a-ver-_-Mandorla-3-scaled.jpg","articleSection":["Sin categorizar"],"inLanguage":"es"},{"@type":"WebPage","@id":"https:\/\/www.icip.cat\/es\/el-icip-publica-en-internet-el-documental-para-volver-a-ver\/","url":"https:\/\/www.icip.cat\/es\/el-icip-publica-en-internet-el-documental-para-volver-a-ver\/","name":"El ICIP publica en Internet el documental 'Para volverte a ver' - ICIP","isPartOf":{"@id":"https:\/\/www.icip.cat\/ca\/#website"},"primaryImageOfPage":{"@id":"https:\/\/www.icip.cat\/es\/el-icip-publica-en-internet-el-documental-para-volver-a-ver\/#primaryimage"},"image":{"@id":"https:\/\/www.icip.cat\/es\/el-icip-publica-en-internet-el-documental-para-volver-a-ver\/#primaryimage"},"thumbnailUrl":"https:\/\/www.icip.cat\/wp-content\/uploads\/2022\/05\/Para-volverte-a-ver-_-Mandorla-3-scaled.jpg","datePublished":"2024-03-01T10:30:50+00:00","dateModified":"2024-03-15T12:21:13+00:00","description":"El filme, dirigido por Nicol\u00e1s Braguinsky Cascini y Juan Pablo Aris Escarcena, muestra el papel de la di\u00e1spora y el exilio colombiano en Europa.","inLanguage":"es","potentialAction":[{"@type":"ReadAction","target":["https:\/\/www.icip.cat\/es\/el-icip-publica-en-internet-el-documental-para-volver-a-ver\/"]}]},{"@type":"ImageObject","inLanguage":"es","@id":"https:\/\/www.icip.cat\/es\/el-icip-publica-en-internet-el-documental-para-volver-a-ver\/#primaryimage","url":"https:\/\/www.icip.cat\/wp-content\/uploads\/2022\/05\/Para-volverte-a-ver-_-Mandorla-3-scaled.jpg","contentUrl":"https:\/\/www.icip.cat\/wp-content\/uploads\/2022\/05\/Para-volverte-a-ver-_-Mandorla-3-scaled.jpg","width":2560,"height":1707},{"@type":"WebSite","@id":"https:\/\/www.icip.cat\/ca\/#website","url":"https:\/\/www.icip.cat\/ca\/","name":"ICIP","description":"","publisher":{"@id":"https:\/\/www.icip.cat\/ca\/#organization"},"potentialAction":[{"@type":"SearchAction","target":{"@type":"EntryPoint","urlTemplate":"https:\/\/www.icip.cat\/ca\/?s={search_term_string}"},"query-input":{"@type":"PropertyValueSpecification","valueRequired":true,"valueName":"search_term_string"}}],"inLanguage":"es"},{"@type":"Organization","@id":"https:\/\/www.icip.cat\/ca\/#organization","name":"ICIP","url":"https:\/\/www.icip.cat\/ca\/","logo":{"@type":"ImageObject","inLanguage":"es","@id":"https:\/\/www.icip.cat\/ca\/#\/schema\/logo\/image\/","url":"https:\/\/www.icip.cat\/wp-content\/uploads\/2021\/02\/logo-2.png","contentUrl":"https:\/\/www.icip.cat\/wp-content\/uploads\/2021\/02\/logo-2.png","width":562,"height":391,"caption":"ICIP"},"image":{"@id":"https:\/\/www.icip.cat\/ca\/#\/schema\/logo\/image\/"}},{"@type":"Person","@id":"https:\/\/www.icip.cat\/ca\/#\/schema\/person\/e284535162658ee91802f63c00dc616d","name":"Chema","image":{"@type":"ImageObject","inLanguage":"es","@id":"https:\/\/www.icip.cat\/ca\/#\/schema\/person\/image\/","url":"https:\/\/secure.gravatar.com\/avatar\/22acda3b315ce622eb88469f87a1968bb698bc09085a9de947706166d956f8c8?s=96&d=mm&r=g","contentUrl":"https:\/\/secure.gravatar.com\/avatar\/22acda3b315ce622eb88469f87a1968bb698bc09085a9de947706166d956f8c8?s=96&d=mm&r=g","caption":"Chema"},"url":"https:\/\/www.icip.cat\/es\/author\/chema\/"}]}},"_links":{"self":[{"href":"https:\/\/www.icip.cat\/es\/wp-json\/wp\/v2\/posts\/43983","targetHints":{"allow":["GET"]}}],"collection":[{"href":"https:\/\/www.icip.cat\/es\/wp-json\/wp\/v2\/posts"}],"about":[{"href":"https:\/\/www.icip.cat\/es\/wp-json\/wp\/v2\/types\/post"}],"author":[{"embeddable":true,"href":"https:\/\/www.icip.cat\/es\/wp-json\/wp\/v2\/users\/4"}],"replies":[{"embeddable":true,"href":"https:\/\/www.icip.cat\/es\/wp-json\/wp\/v2\/comments?post=43983"}],"version-history":[{"count":6,"href":"https:\/\/www.icip.cat\/es\/wp-json\/wp\/v2\/posts\/43983\/revisions"}],"predecessor-version":[{"id":44356,"href":"https:\/\/www.icip.cat\/es\/wp-json\/wp\/v2\/posts\/43983\/revisions\/44356"}],"wp:featuredmedia":[{"embeddable":true,"href":"https:\/\/www.icip.cat\/es\/wp-json\/wp\/v2\/media\/28292"}],"wp:attachment":[{"href":"https:\/\/www.icip.cat\/es\/wp-json\/wp\/v2\/media?parent=43983"}],"wp:term":[{"taxonomy":"category","embeddable":true,"href":"https:\/\/www.icip.cat\/es\/wp-json\/wp\/v2\/categories?post=43983"},{"taxonomy":"post_tag","embeddable":true,"href":"https:\/\/www.icip.cat\/es\/wp-json\/wp\/v2\/tags?post=43983"}],"curies":[{"name":"wp","href":"https:\/\/api.w.org\/{rel}","templated":true}]}}