{"id":46120,"date":"2024-05-28T09:23:41","date_gmt":"2024-05-28T09:23:41","guid":{"rendered":"https:\/\/www.icip.cat\/?p=46120"},"modified":"2024-07-01T08:02:28","modified_gmt":"2024-07-01T08:02:28","slug":"vicenc-fisas-premio-icip-construccion-de-paz-2024","status":"publish","type":"post","link":"https:\/\/www.icip.cat\/es\/vicenc-fisas-premio-icip-construccion-de-paz-2024\/","title":{"rendered":"Vicen\u00e7 Fisas, Premio  ICIP Construcci\u00f3n de Paz 2024"},"content":{"rendered":"\n<p>La Junta de Gobierno del ICIP ha reconocido al investigador y activista <strong>Vicen\u00e7 Fisas i Armengol<\/strong> con el Premio ICIP Construcci\u00f3n de Paz 2024 \u00abpor su extensa y continuada trayectoria en el campo de la investigaci\u00f3n y el activismo por la paz y los derechos humanos, y la mediaci\u00f3n y el an\u00e1lisis de conflictos\u00bb. La candidatura ha destacado entre la veintena de solicitudes recibidas a nivel internacional, de personas a t\u00edtulo individual o de instituciones dedicadas al fomento de la paz.<\/p>\n\n\n\n<p>Nacido en Barcelona en 1952, Fisas es doctor en Estudios sobre Paz por la Universidad de Bradford (Reino Unido). A lo largo de su trayectoria ha destacado en el activismo a favor de la paz y la defensa de los derechos humanos, ha sido facilitador y analista de conflictos violentos y de procesos de paz, y ha realizado numerosas investigaciones acad\u00e9micas sobre conflictos, cultura de paz y desarme. Tambi\u00e9n ha destacado como divulgador: ha publicado m\u00e1s de 70 libros sobre tem\u00e1ticas relacionadas con sus \u00e1mbitos de experiencia, y ha colaborado en numerosos medios de comunicaci\u00f3n.<\/p>\n\n\n\n<p>Como es habitual, el ICIP celebrar\u00e1 una ceremonia de entrega del galard\u00f3n en septiembre en el Parlament de Catalunya, coincidiendo con la celebraci\u00f3n del D\u00eda Internacional de la Paz.<\/p>\n\n\n\n<div class=\"wp-block-image\"><figure class=\"aligncenter size-large\"><img fetchpriority=\"high\" decoding=\"async\" width=\"1024\" height=\"576\" src=\"https:\/\/www.icip.cat\/wp-content\/uploads\/2024\/05\/Vicenc-1024x576.jpg\" alt=\"\" class=\"wp-image-46038\" srcset=\"https:\/\/www.icip.cat\/wp-content\/uploads\/2024\/05\/Vicenc-1024x576.jpg 1024w, https:\/\/www.icip.cat\/wp-content\/uploads\/2024\/05\/Vicenc-300x169.jpg 300w, https:\/\/www.icip.cat\/wp-content\/uploads\/2024\/05\/Vicenc-768x432.jpg 768w, https:\/\/www.icip.cat\/wp-content\/uploads\/2024\/05\/Vicenc.jpg 1200w\" sizes=\"(max-width: 1024px) 100vw, 1024px\" \/><\/figure><\/div>\n\n\n\n<h3 class=\"wp-block-heading\"><strong>Activismo e investigaci\u00f3n<\/strong><\/h3>\n\n\n\n<p>Fisas se inicia en el activismo por la paz en los a\u00f1os 70, primero como miembro del<strong> Equipo OC<\/strong>, el grupo de apoyo a los primeros objetores de conciencia en el servicio militar en Espa\u00f1a, y m\u00e1s tarde como miembro activo del <strong>Casal de la Pau<\/strong>, de la <strong>Campa\u00f1a Internacional contra el Comercio de Armas<\/strong> y del <strong>Movimiento Antinuclear de Catalu\u00f1a<\/strong>. Con la voluntad de compaginar activismo e investigaci\u00f3n, en 1974 crea el <strong>Centro de An\u00e1lisis de Conflictos<\/strong>, un peque\u00f1o centro de documentaci\u00f3n y an\u00e1lisis del movimiento pacifista a partir del cual inicia contactos con organizaciones pacifistas internacionales. Y una d\u00e9cada m\u00e1s tarde es el fundador y coordinador del <strong>Programa de Paz y Conflictos del CIDOB<\/strong> (Centro de Informaci\u00f3n y Documentaci\u00f3n Internacional de Barcelona), al tiempo que se crean los principales centros de investigaci\u00f3n por la paz a nivel espa\u00f1ol y nace la <strong>Asociaci\u00f3n Espa\u00f1ola de Investigaci\u00f3n por la Paz (AIPAZ)<\/strong>, de la que Fisas tambi\u00e9n es fundador y presidente.<\/p>\n\n\n\n<p>En paralelo, en los a\u00f1os 90 cultiva el activismo desde la <strong>Campa\u00f1a internacional de prohibici\u00f3n de las minas antipersona<\/strong> y como coordinador de las <strong>campa\u00f1as de desarme<\/strong> promovidas por Amnist\u00eda Internacional, Greenpeace, Interm\u00f3n-Oxfam y M\u00e9dicos Sin Fronteras.<\/p>\n\n\n\n<h3 class=\"wp-block-heading\"><strong>Fundador de la Escuela de Cultura de Paz<\/strong><\/h3>\n\n\n\n<p>En 1989, Fisas se vincula al Centro UNESCO Catalu\u00f1a como investigador sobre paz y desarme y a la <strong>C\u00e1tedra UNESCO sobre Paz y Derechos Humanos<\/strong> que se imparte en la Universidad Aut\u00f3noma de Barcelona (UAB), al tiempo que es designado responsable de la UNESCO sobre prevenci\u00f3n de conflictos. A partir del \u00e9xito de la C\u00e1tedra UNESCO, en 1999 Fisas crea la <strong>Escuela de Cultura de Paz de la UAB<\/strong> (ECP), de la que ser\u00e1 su director hasta el a\u00f1o 2016 y coordinar\u00e1 el programa de Procesos de Paz. La ECP se ha convertido en un centro de investigaci\u00f3n por la paz de referencia en Catalu\u00f1a que lleva a cabo investigaci\u00f3n, formaci\u00f3n, sensibilizaci\u00f3n e intervenci\u00f3n.<\/p>\n\n\n\n<h3 class=\"wp-block-heading\"><strong>Experiencia en mediaci\u00f3n y prevenci\u00f3n de conflictos <\/strong><\/h3>\n\n\n\n<p>M\u00e1s all\u00e1 del activismo y la investigaci\u00f3n acad\u00e9mica, a lo largo de su carrera, Fisas ha participado en negociaciones de paz en <strong>Colombia<\/strong> (2000-2016), el <strong>Pa\u00eds Vasco<\/strong> (1998-2003 y 2016), el <strong>S\u00e1hara<\/strong> (2000-2010), el <strong>Kurdist\u00e1n turco<\/strong> (2006-2015) y las <strong>Filipinas<\/strong> (2005-2017). La trayectoria m\u00e1s extensa la ha desarrollado en Colombia, donde ha estado presente en negociaciones de paz con las FARC y el ELN, en distintos per\u00edodos. Esta experiencia sobre el terreno le lleva a ser asesor en temas de paz del Ministerio de Asuntos Exteriores de Espa\u00f1a (2004-2010) y del Ministerio de Asuntos Exteriores de Noruega (2010-2020), y colaborador del Norwegian Peace Resolution Center (NOREF), desde el a\u00f1o 2008. A partir del seguimiento de diferentes procesos de paz en todo el mundo, durante diez a\u00f1os Fisas publica el <em>Anuario de Procesos de Paz (2006-2016)<\/em>, en el que analiza el evoluci\u00f3n de las negociaciones de paz.<\/p>\n\n\n\n<h3 class=\"wp-block-heading\"><strong>Publicaciones y reconocimientos<\/strong><\/h3>\n\n\n\n<p>A lo largo de su carrera ha publicado m\u00e1s de 70 libros relacionados con el an\u00e1lisis de los conflictos y la cultura de paz, entre los que destacan <em>El poder militar en Espa\u00f1a<\/em> (1979), <em>Introducci\u00f3n al estudio de la paz y de los conflictos<\/em> (1987), <em>Las armas de la democracia<\/em> (1988), <em>Ecolog\u00eda y seguridad en el Mediterr\u00e1neo<\/em> (1993), <em>Las Naciones Unidas ante un mundo en crisis<\/em> (1994), <em>Cultura de paz y gesti\u00f3n de conflictos<\/em> (1998), <em>Adi\u00f3s a las armas ligeras : las armas y la cultura de la violencia<\/em> (2000), <em>Procesos de paz y negociaci\u00f3n en conflictos armados<\/em> (2004), <em>Diplomacias de paz: negociar con grupos armados<\/em> (2015), <em>La gesti\u00f3n de las crisis sociopol\u00edticas: \u00bfprevenci\u00f3<\/em>n y\/o cambio estructural? (2017) o <em>Manual de negociaci\u00f3n de conflictos pol\u00edticos<\/em> (2021).<\/p>\n\n\n\n<p>Su trayectoria ha sido reconocida con varios galardones como el Premio Nacional de Derechos Humanos (1988), el Premio Memorial por la Paz Josep Vidal Lecha (1988) y el Premio Iniciativa Solidaria de El Peri\u00f3dico de Catalunya (2007). Ahora se suma el Premio ICIP Construcci\u00f3n de Paz 2024, galard\u00f3n que recibir\u00e1 en una ceremonia p\u00fablica en septiembre en el Parlament de Catalunya.<\/p>\n\n\n\n<h3 class=\"wp-block-heading\"><strong>Sobre el Premio ICIP Construcci\u00f3n de Paz<\/strong><\/h3>\n\n\n\n<p>El ICIP convoca anualmente, desde el a\u00f1o 2011, el <a href=\"https:\/\/www.icip.cat\/es\/premio-icip-construccion-de-paz\/\">Premio ICIP Construcci\u00f3n de Paz<\/a> con la finalidad de galardonar y <strong>reconocer p\u00fablicamente a personas, entidades o instituciones que han trabajado y han contribuido de manera destacada y dilatada en el fomento y la construcci\u00f3n de la paz<\/strong>.<\/p>\n\n\n\n<p>El premio consiste en un reconocimiento p\u00fablico, una escultura creada por el Premio Nobel de la Paz, artista y activista Adolfo P\u00e9rez Esquivel, llamada Puerta del Sol, y una dotaci\u00f3n econ\u00f3mica de 6.000 euros. La entrega del galard\u00f3n tiene lugar anualmente en una ceremonia institucional en el Parlamento de Catalu\u00f1a coincidiendo con el D\u00eda Internacional de la Paz, el 21 de septiembre.<\/p>\n\n\n\n<div class=\"wp-block-buttons is-layout-flex wp-block-buttons-is-layout-flex\">\n<div class=\"wp-block-button aligncenter is-style-fill\"><a class=\"wp-block-button__link has-black-color has-text-color has-background\" href=\"https:\/\/www.icip.cat\/es\/premio-icip-construccion-de-paz\/\" style=\"background-color:#fff000\">Personas y entitades galardonadas con el Premio ICIP Construcci\u00f3n de Paz<\/a><\/div>\n<\/div>\n","protected":false},"excerpt":{"rendered":"<p>La Junta de Gobierno del ICIP ha reconocido al investigador y activista Vicen\u00e7 Fisas i Armengol con el Premio ICIP Construcci\u00f3n de Paz 2024 \u00abpor su extensa y continuada trayectoria en el campo de la investigaci\u00f3n y el activismo por la paz y los derechos humanos, y la mediaci\u00f3n y el an\u00e1lisis de conflictos\u00bb. La [&hellip;]<\/p>\n","protected":false},"author":2,"featured_media":51223,"comment_status":"closed","ping_status":"closed","sticky":false,"template":"","format":"standard","meta":{"_acf_changed":false,"footnotes":""},"categories":[5],"tags":[],"class_list":["post-46120","post","type-post","status-publish","format-standard","has-post-thumbnail","hentry","category-sin-categorizar"],"acf":[],"yoast_head":"<!-- This site is optimized with the Yoast SEO plugin v25.6 - https:\/\/yoast.com\/wordpress\/plugins\/seo\/ -->\n<title>Vicen\u00e7 Fisas, Premio ICIP Construcci\u00f3n de Paz 2024 - ICIP<\/title>\n<meta name=\"description\" content=\"El premio reconoce su extensa y continuada trayectoria en el campo de la investigaci\u00f3n y el activismo por la paz, la mediaci\u00f3n y el an\u00e1lisis de conflictos.\" \/>\n<meta name=\"robots\" content=\"index, follow, max-snippet:-1, max-image-preview:large, max-video-preview:-1\" \/>\n<link rel=\"canonical\" href=\"https:\/\/www.icip.cat\/es\/vicenc-fisas-premio-icip-construccion-de-paz-2024\/\" \/>\n<meta property=\"og:locale\" content=\"es_ES\" \/>\n<meta property=\"og:type\" content=\"article\" \/>\n<meta property=\"og:title\" content=\"Vicen\u00e7 Fisas, Premio ICIP Construcci\u00f3n de Paz 2024 - ICIP\" \/>\n<meta property=\"og:description\" content=\"El premio reconoce su extensa y continuada trayectoria en el campo de la investigaci\u00f3n y el activismo por la paz, la mediaci\u00f3n y el an\u00e1lisis de conflictos.\" \/>\n<meta property=\"og:url\" content=\"https:\/\/www.icip.cat\/es\/vicenc-fisas-premio-icip-construccion-de-paz-2024\/\" \/>\n<meta property=\"og:site_name\" content=\"ICIP\" \/>\n<meta property=\"article:published_time\" content=\"2024-05-28T09:23:41+00:00\" \/>\n<meta property=\"article:modified_time\" content=\"2024-07-01T08:02:28+00:00\" \/>\n<meta property=\"og:image\" content=\"https:\/\/www.icip.cat\/wp-content\/uploads\/2024\/05\/Vicenc.jpg\" \/>\n\t<meta property=\"og:image:width\" content=\"1200\" \/>\n\t<meta property=\"og:image:height\" content=\"675\" \/>\n\t<meta property=\"og:image:type\" content=\"image\/jpeg\" \/>\n<meta name=\"author\" content=\"Eugenia\" \/>\n<meta name=\"twitter:card\" content=\"summary_large_image\" \/>\n<meta name=\"twitter:label1\" content=\"Escrito por\" \/>\n\t<meta name=\"twitter:data1\" content=\"Eugenia\" \/>\n\t<meta name=\"twitter:label2\" content=\"Tiempo de lectura\" \/>\n\t<meta name=\"twitter:data2\" content=\"6 minutos\" \/>\n<script type=\"application\/ld+json\" class=\"yoast-schema-graph\">{\"@context\":\"https:\/\/schema.org\",\"@graph\":[{\"@type\":\"Article\",\"@id\":\"https:\/\/www.icip.cat\/es\/vicenc-fisas-premio-icip-construccion-de-paz-2024\/#article\",\"isPartOf\":{\"@id\":\"https:\/\/www.icip.cat\/es\/vicenc-fisas-premio-icip-construccion-de-paz-2024\/\"},\"author\":{\"name\":\"Eugenia\",\"@id\":\"https:\/\/www.icip.cat\/ca\/#\/schema\/person\/ecaf8460603e6e32c80f3acbf4178fa6\"},\"headline\":\"Vicen\u00e7 Fisas, Premio ICIP Construcci\u00f3n de Paz 2024\",\"datePublished\":\"2024-05-28T09:23:41+00:00\",\"dateModified\":\"2024-07-01T08:02:28+00:00\",\"mainEntityOfPage\":{\"@id\":\"https:\/\/www.icip.cat\/es\/vicenc-fisas-premio-icip-construccion-de-paz-2024\/\"},\"wordCount\":1073,\"publisher\":{\"@id\":\"https:\/\/www.icip.cat\/ca\/#organization\"},\"image\":{\"@id\":\"https:\/\/www.icip.cat\/es\/vicenc-fisas-premio-icip-construccion-de-paz-2024\/#primaryimage\"},\"thumbnailUrl\":\"https:\/\/www.icip.cat\/wp-content\/uploads\/2025\/01\/20240919-1847-SRL_4529.jpg\",\"articleSection\":[\"Sin categorizar\"],\"inLanguage\":\"es\"},{\"@type\":\"WebPage\",\"@id\":\"https:\/\/www.icip.cat\/es\/vicenc-fisas-premio-icip-construccion-de-paz-2024\/\",\"url\":\"https:\/\/www.icip.cat\/es\/vicenc-fisas-premio-icip-construccion-de-paz-2024\/\",\"name\":\"Vicen\u00e7 Fisas, Premio ICIP Construcci\u00f3n de Paz 2024 - ICIP\",\"isPartOf\":{\"@id\":\"https:\/\/www.icip.cat\/ca\/#website\"},\"primaryImageOfPage\":{\"@id\":\"https:\/\/www.icip.cat\/es\/vicenc-fisas-premio-icip-construccion-de-paz-2024\/#primaryimage\"},\"image\":{\"@id\":\"https:\/\/www.icip.cat\/es\/vicenc-fisas-premio-icip-construccion-de-paz-2024\/#primaryimage\"},\"thumbnailUrl\":\"https:\/\/www.icip.cat\/wp-content\/uploads\/2025\/01\/20240919-1847-SRL_4529.jpg\",\"datePublished\":\"2024-05-28T09:23:41+00:00\",\"dateModified\":\"2024-07-01T08:02:28+00:00\",\"description\":\"El premio reconoce su extensa y continuada trayectoria en el campo de la investigaci\u00f3n y el activismo por la paz, la mediaci\u00f3n y el an\u00e1lisis de conflictos.\",\"inLanguage\":\"es\",\"potentialAction\":[{\"@type\":\"ReadAction\",\"target\":[\"https:\/\/www.icip.cat\/es\/vicenc-fisas-premio-icip-construccion-de-paz-2024\/\"]}]},{\"@type\":\"ImageObject\",\"inLanguage\":\"es\",\"@id\":\"https:\/\/www.icip.cat\/es\/vicenc-fisas-premio-icip-construccion-de-paz-2024\/#primaryimage\",\"url\":\"https:\/\/www.icip.cat\/wp-content\/uploads\/2025\/01\/20240919-1847-SRL_4529.jpg\",\"contentUrl\":\"https:\/\/www.icip.cat\/wp-content\/uploads\/2025\/01\/20240919-1847-SRL_4529.jpg\",\"width\":2000,\"height\":1333},{\"@type\":\"WebSite\",\"@id\":\"https:\/\/www.icip.cat\/ca\/#website\",\"url\":\"https:\/\/www.icip.cat\/ca\/\",\"name\":\"ICIP\",\"description\":\"\",\"publisher\":{\"@id\":\"https:\/\/www.icip.cat\/ca\/#organization\"},\"potentialAction\":[{\"@type\":\"SearchAction\",\"target\":{\"@type\":\"EntryPoint\",\"urlTemplate\":\"https:\/\/www.icip.cat\/ca\/?s={search_term_string}\"},\"query-input\":{\"@type\":\"PropertyValueSpecification\",\"valueRequired\":true,\"valueName\":\"search_term_string\"}}],\"inLanguage\":\"es\"},{\"@type\":\"Organization\",\"@id\":\"https:\/\/www.icip.cat\/ca\/#organization\",\"name\":\"ICIP\",\"url\":\"https:\/\/www.icip.cat\/ca\/\",\"logo\":{\"@type\":\"ImageObject\",\"inLanguage\":\"es\",\"@id\":\"https:\/\/www.icip.cat\/ca\/#\/schema\/logo\/image\/\",\"url\":\"https:\/\/www.icip.cat\/wp-content\/uploads\/2021\/02\/logo-2.png\",\"contentUrl\":\"https:\/\/www.icip.cat\/wp-content\/uploads\/2021\/02\/logo-2.png\",\"width\":562,\"height\":391,\"caption\":\"ICIP\"},\"image\":{\"@id\":\"https:\/\/www.icip.cat\/ca\/#\/schema\/logo\/image\/\"}},{\"@type\":\"Person\",\"@id\":\"https:\/\/www.icip.cat\/ca\/#\/schema\/person\/ecaf8460603e6e32c80f3acbf4178fa6\",\"name\":\"Eugenia\",\"image\":{\"@type\":\"ImageObject\",\"inLanguage\":\"es\",\"@id\":\"https:\/\/www.icip.cat\/ca\/#\/schema\/person\/image\/\",\"url\":\"https:\/\/secure.gravatar.com\/avatar\/d30b42e0caf7d7c3d97196ad2e94636c7bb0cc353a49ec8660d01bc0ff98b480?s=96&d=mm&r=g\",\"contentUrl\":\"https:\/\/secure.gravatar.com\/avatar\/d30b42e0caf7d7c3d97196ad2e94636c7bb0cc353a49ec8660d01bc0ff98b480?s=96&d=mm&r=g\",\"caption\":\"Eugenia\"},\"url\":\"https:\/\/www.icip.cat\/es\/author\/eugenia\/\"}]}<\/script>\n<!-- \/ Yoast SEO plugin. -->","yoast_head_json":{"title":"Vicen\u00e7 Fisas, Premio ICIP Construcci\u00f3n de Paz 2024 - ICIP","description":"El premio reconoce su extensa y continuada trayectoria en el campo de la investigaci\u00f3n y el activismo por la paz, la mediaci\u00f3n y el an\u00e1lisis de conflictos.","robots":{"index":"index","follow":"follow","max-snippet":"max-snippet:-1","max-image-preview":"max-image-preview:large","max-video-preview":"max-video-preview:-1"},"canonical":"https:\/\/www.icip.cat\/es\/vicenc-fisas-premio-icip-construccion-de-paz-2024\/","og_locale":"es_ES","og_type":"article","og_title":"Vicen\u00e7 Fisas, Premio ICIP Construcci\u00f3n de Paz 2024 - ICIP","og_description":"El premio reconoce su extensa y continuada trayectoria en el campo de la investigaci\u00f3n y el activismo por la paz, la mediaci\u00f3n y el an\u00e1lisis de conflictos.","og_url":"https:\/\/www.icip.cat\/es\/vicenc-fisas-premio-icip-construccion-de-paz-2024\/","og_site_name":"ICIP","article_published_time":"2024-05-28T09:23:41+00:00","article_modified_time":"2024-07-01T08:02:28+00:00","og_image":[{"width":1200,"height":675,"url":"https:\/\/www.icip.cat\/wp-content\/uploads\/2024\/05\/Vicenc.jpg","type":"image\/jpeg"}],"author":"Eugenia","twitter_card":"summary_large_image","twitter_misc":{"Escrito por":"Eugenia","Tiempo de lectura":"6 minutos"},"schema":{"@context":"https:\/\/schema.org","@graph":[{"@type":"Article","@id":"https:\/\/www.icip.cat\/es\/vicenc-fisas-premio-icip-construccion-de-paz-2024\/#article","isPartOf":{"@id":"https:\/\/www.icip.cat\/es\/vicenc-fisas-premio-icip-construccion-de-paz-2024\/"},"author":{"name":"Eugenia","@id":"https:\/\/www.icip.cat\/ca\/#\/schema\/person\/ecaf8460603e6e32c80f3acbf4178fa6"},"headline":"Vicen\u00e7 Fisas, Premio ICIP Construcci\u00f3n de Paz 2024","datePublished":"2024-05-28T09:23:41+00:00","dateModified":"2024-07-01T08:02:28+00:00","mainEntityOfPage":{"@id":"https:\/\/www.icip.cat\/es\/vicenc-fisas-premio-icip-construccion-de-paz-2024\/"},"wordCount":1073,"publisher":{"@id":"https:\/\/www.icip.cat\/ca\/#organization"},"image":{"@id":"https:\/\/www.icip.cat\/es\/vicenc-fisas-premio-icip-construccion-de-paz-2024\/#primaryimage"},"thumbnailUrl":"https:\/\/www.icip.cat\/wp-content\/uploads\/2025\/01\/20240919-1847-SRL_4529.jpg","articleSection":["Sin categorizar"],"inLanguage":"es"},{"@type":"WebPage","@id":"https:\/\/www.icip.cat\/es\/vicenc-fisas-premio-icip-construccion-de-paz-2024\/","url":"https:\/\/www.icip.cat\/es\/vicenc-fisas-premio-icip-construccion-de-paz-2024\/","name":"Vicen\u00e7 Fisas, Premio ICIP Construcci\u00f3n de Paz 2024 - ICIP","isPartOf":{"@id":"https:\/\/www.icip.cat\/ca\/#website"},"primaryImageOfPage":{"@id":"https:\/\/www.icip.cat\/es\/vicenc-fisas-premio-icip-construccion-de-paz-2024\/#primaryimage"},"image":{"@id":"https:\/\/www.icip.cat\/es\/vicenc-fisas-premio-icip-construccion-de-paz-2024\/#primaryimage"},"thumbnailUrl":"https:\/\/www.icip.cat\/wp-content\/uploads\/2025\/01\/20240919-1847-SRL_4529.jpg","datePublished":"2024-05-28T09:23:41+00:00","dateModified":"2024-07-01T08:02:28+00:00","description":"El premio reconoce su extensa y continuada trayectoria en el campo de la investigaci\u00f3n y el activismo por la paz, la mediaci\u00f3n y el an\u00e1lisis de conflictos.","inLanguage":"es","potentialAction":[{"@type":"ReadAction","target":["https:\/\/www.icip.cat\/es\/vicenc-fisas-premio-icip-construccion-de-paz-2024\/"]}]},{"@type":"ImageObject","inLanguage":"es","@id":"https:\/\/www.icip.cat\/es\/vicenc-fisas-premio-icip-construccion-de-paz-2024\/#primaryimage","url":"https:\/\/www.icip.cat\/wp-content\/uploads\/2025\/01\/20240919-1847-SRL_4529.jpg","contentUrl":"https:\/\/www.icip.cat\/wp-content\/uploads\/2025\/01\/20240919-1847-SRL_4529.jpg","width":2000,"height":1333},{"@type":"WebSite","@id":"https:\/\/www.icip.cat\/ca\/#website","url":"https:\/\/www.icip.cat\/ca\/","name":"ICIP","description":"","publisher":{"@id":"https:\/\/www.icip.cat\/ca\/#organization"},"potentialAction":[{"@type":"SearchAction","target":{"@type":"EntryPoint","urlTemplate":"https:\/\/www.icip.cat\/ca\/?s={search_term_string}"},"query-input":{"@type":"PropertyValueSpecification","valueRequired":true,"valueName":"search_term_string"}}],"inLanguage":"es"},{"@type":"Organization","@id":"https:\/\/www.icip.cat\/ca\/#organization","name":"ICIP","url":"https:\/\/www.icip.cat\/ca\/","logo":{"@type":"ImageObject","inLanguage":"es","@id":"https:\/\/www.icip.cat\/ca\/#\/schema\/logo\/image\/","url":"https:\/\/www.icip.cat\/wp-content\/uploads\/2021\/02\/logo-2.png","contentUrl":"https:\/\/www.icip.cat\/wp-content\/uploads\/2021\/02\/logo-2.png","width":562,"height":391,"caption":"ICIP"},"image":{"@id":"https:\/\/www.icip.cat\/ca\/#\/schema\/logo\/image\/"}},{"@type":"Person","@id":"https:\/\/www.icip.cat\/ca\/#\/schema\/person\/ecaf8460603e6e32c80f3acbf4178fa6","name":"Eugenia","image":{"@type":"ImageObject","inLanguage":"es","@id":"https:\/\/www.icip.cat\/ca\/#\/schema\/person\/image\/","url":"https:\/\/secure.gravatar.com\/avatar\/d30b42e0caf7d7c3d97196ad2e94636c7bb0cc353a49ec8660d01bc0ff98b480?s=96&d=mm&r=g","contentUrl":"https:\/\/secure.gravatar.com\/avatar\/d30b42e0caf7d7c3d97196ad2e94636c7bb0cc353a49ec8660d01bc0ff98b480?s=96&d=mm&r=g","caption":"Eugenia"},"url":"https:\/\/www.icip.cat\/es\/author\/eugenia\/"}]}},"_links":{"self":[{"href":"https:\/\/www.icip.cat\/es\/wp-json\/wp\/v2\/posts\/46120","targetHints":{"allow":["GET"]}}],"collection":[{"href":"https:\/\/www.icip.cat\/es\/wp-json\/wp\/v2\/posts"}],"about":[{"href":"https:\/\/www.icip.cat\/es\/wp-json\/wp\/v2\/types\/post"}],"author":[{"embeddable":true,"href":"https:\/\/www.icip.cat\/es\/wp-json\/wp\/v2\/users\/2"}],"replies":[{"embeddable":true,"href":"https:\/\/www.icip.cat\/es\/wp-json\/wp\/v2\/comments?post=46120"}],"version-history":[{"count":7,"href":"https:\/\/www.icip.cat\/es\/wp-json\/wp\/v2\/posts\/46120\/revisions"}],"predecessor-version":[{"id":46938,"href":"https:\/\/www.icip.cat\/es\/wp-json\/wp\/v2\/posts\/46120\/revisions\/46938"}],"wp:featuredmedia":[{"embeddable":true,"href":"https:\/\/www.icip.cat\/es\/wp-json\/wp\/v2\/media\/51223"}],"wp:attachment":[{"href":"https:\/\/www.icip.cat\/es\/wp-json\/wp\/v2\/media?parent=46120"}],"wp:term":[{"taxonomy":"category","embeddable":true,"href":"https:\/\/www.icip.cat\/es\/wp-json\/wp\/v2\/categories?post=46120"},{"taxonomy":"post_tag","embeddable":true,"href":"https:\/\/www.icip.cat\/es\/wp-json\/wp\/v2\/tags?post=46120"}],"curies":[{"name":"wp","href":"https:\/\/api.w.org\/{rel}","templated":true}]}}