{"id":46785,"date":"2024-06-25T11:37:12","date_gmt":"2024-06-25T11:37:12","guid":{"rendered":"https:\/\/www.icip.cat\/licip-publica-un-manual-amb-propostes-feministes-perque-la-seguretat-publica-gestioni-les-desigualtats-de-manera-integral\/"},"modified":"2024-06-26T10:17:57","modified_gmt":"2024-06-26T10:17:57","slug":"el-icip-publica-un-manual-con-propuestas-feministas-para-que-la-seguridad-publica-gestione-las-desigualdades-de-manera-integral","status":"publish","type":"post","link":"https:\/\/www.icip.cat\/es\/el-icip-publica-un-manual-con-propuestas-feministas-para-que-la-seguridad-publica-gestione-las-desigualdades-de-manera-integral\/","title":{"rendered":"El ICIP publica un manual con propuestas feministas para que la seguridad p\u00fablica gestione las desigualdades de manera integral"},"content":{"rendered":"\n<p>El ICIP ha publicado un manual que incluye propuesats y casos pr\u00e1cticos para incorporar la perspectiva feminista interseccional en las pol\u00edticas locales de seguridad y prevenci\u00f3n. El libro, publicado en catal\u00e1n en versi\u00f3n impresa y en PDF, tiene por t\u00edtulo <em><a href=\"https:\/\/www.icip.cat\/ca\/publication\/interseccionalitat-i-politiques-locals-de-seguretat-un-dialeg-possible\/\" target=\"_blank\" rel=\"noreferrer noopener\">Interseccionalitat i pol\u00edtiques locals de seguretat: un di\u00e0leg possible<\/a><\/em>, y los autores son <strong>Gerard Coll-Planas<\/strong>, <strong>Marina Garcia-Castillo <\/strong>y <strong>Gloria Garc\u00eda-Romeral<\/strong>. E el n\u00famero 30 de la colecci\u00f3n <a href=\"https:\/\/www.icip.cat\/es\/eines-de-pau-seguretat-i-justicia\/\" target=\"_blank\" rel=\"noreferrer noopener\">\u201cEines de pau, seguretat i just\u00edcia\u201d<\/a>. <\/p>\n\n\n\n<p>La interseccionalidad es una propuesta del feminismo para tratar de manera integral las desigualdades, teniendo en cuenta diferentes variables de raza, g\u00e9nero, etnia o clase social. La publicaci\u00f3n se enmarca en el proyecto \u201cIncorporaci\u00f3n de la perspectiva feminista e interseccional a las pol\u00edticas locales de seguridad y prevenci\u00f3n\u201d del Centro de Estudios Interdisciplinarios de G\u00e9nero (CEIG) de la Universidad de\u00a0Vic\u00a0\u2013 Universidad Central de Catalu\u00f1a (UVic-UCC). Se trata de una\u00a0investigaci\u00f3n\u00a0subvencionada por el\u00a0ICIP\u00a0dentro de la l\u00ednea de subvenciones para trabajos de\u00a0investigaci\u00f3n\u00a0en el \u00e1mbito de la paz (<a href=\"https:\/\/www.icip.cat\/es\/subvenciones-a-trabajos-de-investigacion-en-el-ambito-de-la-paz-r-icip\/\" target=\"_blank\" rel=\"noreferrer noopener\">R-ICIP<\/a>).<\/p>\n\n\n\n<p>Seg\u00fan los autores, el libro quiere ser \u201cun ejercicio pr\u00e1ctico para entender c\u00f3mo se aplica la l\u00f3gica interseccional en cada una de las fases de planificaci\u00f3n y elaboraci\u00f3n de las pol\u00edticas p\u00fablicas\u201d. Con ejemplos de casos, entrevistas a agentes claves y relatos vivenciales de la poblaci\u00f3n, los autores identifican interrogantes y hacen propuestas para revisar las medidas ligadas a la prevenci\u00f3n, protecci\u00f3n y erradicaci\u00f3n de las violencias.<\/p>\n\n\n\n<p>\u201cEl objetivo es ofrecer recursos y generar debate en el \u00e1mbito de la seguridad p\u00fablica, a partir de una reflexi\u00f3n de las diferentes estrategias que tenemos al alcance para gestionar localmente todas las discriminaciones\u201d, explican.<\/p>\n\n\n\n<p>El documento pone el foco en el \u00e1mbito local y se dirige a personas que trabajan en servicios de mediaci\u00f3n y convivencia, servicios de prevenci\u00f3n y seguridad, cuerpos de seguridad, servicios de igualdad y no discriminaci\u00f3n, servicios sociales, equipos de gobierno y concejal\u00edas y entidades del tercer sector. El manual tambi\u00e9n quiere incidir en las pol\u00edticas sectoriales que por|para su tarea complementan, se relacionan o impactan directamente en el \u00e1mbito de seguridad, como puede ser el caso del urbanismo o la movilidad.<\/p>\n\n\n\n<p>El ICIP, conjuntamente con los autores, tiene previsto organizar pr\u00f3ximamente una serie de talleres formativos para compartir las reflexiones y los casos que se han recogido en el libro y que pueden servir de inspiraci\u00f3n para el p\u00fablico destinatario del volumen.<\/p>\n\n\n\n<p><strong>Los autores<\/strong><\/p>\n\n\n\n<p><strong>Gerard Coll-Plana<\/strong>s (Cardedeu, 1980) es doctor en Sociolog\u00eda por la UAB y profesor titular de la UVic-UCC. Ha publicado los libros <em>Dibuixant el g\u00e8nere<\/em> (Ediciones 96, 2013),<em> La carne y la met\u00e1fora. Una reflexi\u00f3n sobre el cuerpo en la teor\u00eda queer<\/em> (Egales, 2012) y <em>La voluntad y el deseo. La construcci\u00f3n social del g\u00e9nero y la sexualidad<\/em> (Egales, 2010). Ha sido coordinador acad\u00e9mico de Connected Equalities. Interseccionality in local public polic\u00edas; co-IP de Miradas poli\u00e9dricas a la violencia de g\u00e9nero; y actualmente coordina el proyecto Zoom out. Approaching children&#8217;s literature from an intersectional perspective, cofinanciado por la Comisi\u00f3n Europea.<\/p>\n\n\n\n<p><strong>Marina Garcia-Castillo<\/strong> (Castelldefels, 1998) es investigadora de la L\u00ednea de diversidad sexual y de g\u00e9nero e interseccionalidad del Grupo de Estudios de G\u00e9nero: Traducci\u00f3n, Literatura, Historia y Comunicaci\u00f3n (GETLIHC) de la UVic-UCC y doctoranda en el programa en Estudios de G\u00e9nero: Culturas, Sociedades y Pol\u00edticas. Grado en Estudios Globales por la UPF y m\u00e1ster en Estudios de G\u00e9nero por el IIEDG, ha participado en proyectos de investigaci\u00f3n y transferencia de conocimiento en el \u00e1mbito catal\u00e1n y europeo. Su foco de inter\u00e9s se centra en la intersecci\u00f3n entre la diversidad sexual y de g\u00e9nero y la diversidad cultural y religiosa.<\/p>\n\n\n\n<p><strong>Gloria Garc\u00eda-Romeral <\/strong>(Granada, 1981) es licenciada en Ciencias Pol\u00edticas y Sociolog\u00eda por la Universidad de Granada, doctora en Sociolog\u00eda para|por la UAB y miembro del Grupo de Estudios de G\u00e9nero: Traducci\u00f3n, Literatura, Historia y Comunicaci\u00f3n (GETLIHC) de la UVic-UCC. Sus l\u00edneas de trabajo exploran la intersecci\u00f3n entre g\u00e9nero, pol\u00edticas p\u00fablicas y diversidad cultural y religiosa combinando la investigaci\u00f3n con el trabajo m\u00e1s aplicado en proyectos de intervenci\u00f3n, la docencia y formaci\u00f3n para profesionales. Actualmente trabaja como investigadora del Centro de Estudios Interdisciplinarios de G\u00e9nero de la UVic-UCC y como profesora del departamento de Pedagog\u00eda de la misma universidad.<\/p>\n\n\n\n<p><strong>La<\/strong> <strong>colecci\u00f3n<\/strong><\/p>\n\n\n\n<p>La colecci\u00f3n \u201c<a href=\"https:\/\/www.icip.cat\/es\/eines-de-pau-seguretat-i-justicia\/\" target=\"_blank\" rel=\"noreferrer noopener\">Eines de pau, seguretat i just\u00edcia<\/a>\u201d pretende ser un suporte \u00fatil para aquellas personas que, con diferentes grados de implicaci\u00f3n, se sienten comprometidas con el trabajo por la paz.<\/p>\n","protected":false},"excerpt":{"rendered":"<p>El ICIP ha publicado un manual que incluye propuesats y casos pr\u00e1cticos para incorporar la perspectiva feminista interseccional en las pol\u00edticas locales de seguridad y prevenci\u00f3n. El libro, publicado en catal\u00e1n en versi\u00f3n impresa y en PDF, tiene por t\u00edtulo Interseccionalitat i pol\u00edtiques locals de seguretat: un di\u00e0leg possible, y los autores son Gerard Coll-Planas, [&hellip;]<\/p>\n","protected":false},"author":4,"featured_media":46780,"comment_status":"closed","ping_status":"closed","sticky":false,"template":"","format":"standard","meta":{"_acf_changed":false,"footnotes":""},"categories":[5],"tags":[],"class_list":["post-46785","post","type-post","status-publish","format-standard","has-post-thumbnail","hentry","category-sin-categorizar"],"acf":[],"yoast_head":"<!-- This site is optimized with the Yoast SEO plugin v25.6 - https:\/\/yoast.com\/wordpress\/plugins\/seo\/ -->\n<title>El ICIP publica un manual con propuestas feministas para que la seguridad p\u00fablica gestione las desigualdades de manera integral - ICIP<\/title>\n<meta name=\"description\" content=\"El libro &quot;Interseccionalitat i pol\u00edtiques locals de seguretat: un di\u00e0leg possible&quot; se puede descargar gratuitamente.\" \/>\n<meta name=\"robots\" content=\"index, follow, max-snippet:-1, max-image-preview:large, max-video-preview:-1\" \/>\n<link rel=\"canonical\" href=\"https:\/\/www.icip.cat\/es\/el-icip-publica-un-manual-con-propuestas-feministas-para-que-la-seguridad-publica-gestione-las-desigualdades-de-manera-integral\/\" \/>\n<meta property=\"og:locale\" content=\"es_ES\" \/>\n<meta property=\"og:type\" content=\"article\" \/>\n<meta property=\"og:title\" content=\"El ICIP publica un manual con propuestas feministas para que la seguridad p\u00fablica gestione las desigualdades de manera integral - ICIP\" \/>\n<meta property=\"og:description\" content=\"El libro &quot;Interseccionalitat i pol\u00edtiques locals de seguretat: un di\u00e0leg possible&quot; se puede descargar gratuitamente.\" \/>\n<meta property=\"og:url\" content=\"https:\/\/www.icip.cat\/es\/el-icip-publica-un-manual-con-propuestas-feministas-para-que-la-seguridad-publica-gestione-las-desigualdades-de-manera-integral\/\" \/>\n<meta property=\"og:site_name\" content=\"ICIP\" \/>\n<meta property=\"article:published_time\" content=\"2024-06-25T11:37:12+00:00\" \/>\n<meta property=\"article:modified_time\" content=\"2024-06-26T10:17:57+00:00\" \/>\n<meta property=\"og:image\" content=\"https:\/\/www.icip.cat\/wp-content\/uploads\/2024\/06\/Eines-30-Grafic.png\" \/>\n\t<meta property=\"og:image:width\" content=\"1080\" \/>\n\t<meta property=\"og:image:height\" content=\"1080\" \/>\n\t<meta property=\"og:image:type\" content=\"image\/png\" \/>\n<meta name=\"author\" content=\"Chema\" \/>\n<meta name=\"twitter:card\" content=\"summary_large_image\" \/>\n<meta name=\"twitter:label1\" content=\"Escrito por\" \/>\n\t<meta name=\"twitter:data1\" content=\"Chema\" \/>\n\t<meta name=\"twitter:label2\" content=\"Tiempo de lectura\" \/>\n\t<meta name=\"twitter:data2\" content=\"4 minutos\" \/>\n<script type=\"application\/ld+json\" class=\"yoast-schema-graph\">{\"@context\":\"https:\/\/schema.org\",\"@graph\":[{\"@type\":\"Article\",\"@id\":\"https:\/\/www.icip.cat\/es\/el-icip-publica-un-manual-con-propuestas-feministas-para-que-la-seguridad-publica-gestione-las-desigualdades-de-manera-integral\/#article\",\"isPartOf\":{\"@id\":\"https:\/\/www.icip.cat\/es\/el-icip-publica-un-manual-con-propuestas-feministas-para-que-la-seguridad-publica-gestione-las-desigualdades-de-manera-integral\/\"},\"author\":{\"name\":\"Chema\",\"@id\":\"https:\/\/www.icip.cat\/ca\/#\/schema\/person\/e284535162658ee91802f63c00dc616d\"},\"headline\":\"El ICIP publica un manual con propuestas feministas para que la seguridad p\u00fablica gestione las desigualdades de manera integral\",\"datePublished\":\"2024-06-25T11:37:12+00:00\",\"dateModified\":\"2024-06-26T10:17:57+00:00\",\"mainEntityOfPage\":{\"@id\":\"https:\/\/www.icip.cat\/es\/el-icip-publica-un-manual-con-propuestas-feministas-para-que-la-seguridad-publica-gestione-las-desigualdades-de-manera-integral\/\"},\"wordCount\":829,\"publisher\":{\"@id\":\"https:\/\/www.icip.cat\/ca\/#organization\"},\"image\":{\"@id\":\"https:\/\/www.icip.cat\/es\/el-icip-publica-un-manual-con-propuestas-feministas-para-que-la-seguridad-publica-gestione-las-desigualdades-de-manera-integral\/#primaryimage\"},\"thumbnailUrl\":\"https:\/\/www.icip.cat\/wp-content\/uploads\/2024\/06\/Eines-30-Grafic.png\",\"articleSection\":[\"Sin categorizar\"],\"inLanguage\":\"es\"},{\"@type\":\"WebPage\",\"@id\":\"https:\/\/www.icip.cat\/es\/el-icip-publica-un-manual-con-propuestas-feministas-para-que-la-seguridad-publica-gestione-las-desigualdades-de-manera-integral\/\",\"url\":\"https:\/\/www.icip.cat\/es\/el-icip-publica-un-manual-con-propuestas-feministas-para-que-la-seguridad-publica-gestione-las-desigualdades-de-manera-integral\/\",\"name\":\"El ICIP publica un manual con propuestas feministas para que la seguridad p\u00fablica gestione las desigualdades de manera integral - ICIP\",\"isPartOf\":{\"@id\":\"https:\/\/www.icip.cat\/ca\/#website\"},\"primaryImageOfPage\":{\"@id\":\"https:\/\/www.icip.cat\/es\/el-icip-publica-un-manual-con-propuestas-feministas-para-que-la-seguridad-publica-gestione-las-desigualdades-de-manera-integral\/#primaryimage\"},\"image\":{\"@id\":\"https:\/\/www.icip.cat\/es\/el-icip-publica-un-manual-con-propuestas-feministas-para-que-la-seguridad-publica-gestione-las-desigualdades-de-manera-integral\/#primaryimage\"},\"thumbnailUrl\":\"https:\/\/www.icip.cat\/wp-content\/uploads\/2024\/06\/Eines-30-Grafic.png\",\"datePublished\":\"2024-06-25T11:37:12+00:00\",\"dateModified\":\"2024-06-26T10:17:57+00:00\",\"description\":\"El libro \\\"Interseccionalitat i pol\u00edtiques locals de seguretat: un di\u00e0leg possible\\\" se puede descargar gratuitamente.\",\"inLanguage\":\"es\",\"potentialAction\":[{\"@type\":\"ReadAction\",\"target\":[\"https:\/\/www.icip.cat\/es\/el-icip-publica-un-manual-con-propuestas-feministas-para-que-la-seguridad-publica-gestione-las-desigualdades-de-manera-integral\/\"]}]},{\"@type\":\"ImageObject\",\"inLanguage\":\"es\",\"@id\":\"https:\/\/www.icip.cat\/es\/el-icip-publica-un-manual-con-propuestas-feministas-para-que-la-seguridad-publica-gestione-las-desigualdades-de-manera-integral\/#primaryimage\",\"url\":\"https:\/\/www.icip.cat\/wp-content\/uploads\/2024\/06\/Eines-30-Grafic.png\",\"contentUrl\":\"https:\/\/www.icip.cat\/wp-content\/uploads\/2024\/06\/Eines-30-Grafic.png\",\"width\":1080,\"height\":1080},{\"@type\":\"WebSite\",\"@id\":\"https:\/\/www.icip.cat\/ca\/#website\",\"url\":\"https:\/\/www.icip.cat\/ca\/\",\"name\":\"ICIP\",\"description\":\"\",\"publisher\":{\"@id\":\"https:\/\/www.icip.cat\/ca\/#organization\"},\"potentialAction\":[{\"@type\":\"SearchAction\",\"target\":{\"@type\":\"EntryPoint\",\"urlTemplate\":\"https:\/\/www.icip.cat\/ca\/?s={search_term_string}\"},\"query-input\":{\"@type\":\"PropertyValueSpecification\",\"valueRequired\":true,\"valueName\":\"search_term_string\"}}],\"inLanguage\":\"es\"},{\"@type\":\"Organization\",\"@id\":\"https:\/\/www.icip.cat\/ca\/#organization\",\"name\":\"ICIP\",\"url\":\"https:\/\/www.icip.cat\/ca\/\",\"logo\":{\"@type\":\"ImageObject\",\"inLanguage\":\"es\",\"@id\":\"https:\/\/www.icip.cat\/ca\/#\/schema\/logo\/image\/\",\"url\":\"https:\/\/www.icip.cat\/wp-content\/uploads\/2021\/02\/logo-2.png\",\"contentUrl\":\"https:\/\/www.icip.cat\/wp-content\/uploads\/2021\/02\/logo-2.png\",\"width\":562,\"height\":391,\"caption\":\"ICIP\"},\"image\":{\"@id\":\"https:\/\/www.icip.cat\/ca\/#\/schema\/logo\/image\/\"}},{\"@type\":\"Person\",\"@id\":\"https:\/\/www.icip.cat\/ca\/#\/schema\/person\/e284535162658ee91802f63c00dc616d\",\"name\":\"Chema\",\"image\":{\"@type\":\"ImageObject\",\"inLanguage\":\"es\",\"@id\":\"https:\/\/www.icip.cat\/ca\/#\/schema\/person\/image\/\",\"url\":\"https:\/\/secure.gravatar.com\/avatar\/22acda3b315ce622eb88469f87a1968bb698bc09085a9de947706166d956f8c8?s=96&d=mm&r=g\",\"contentUrl\":\"https:\/\/secure.gravatar.com\/avatar\/22acda3b315ce622eb88469f87a1968bb698bc09085a9de947706166d956f8c8?s=96&d=mm&r=g\",\"caption\":\"Chema\"},\"url\":\"https:\/\/www.icip.cat\/es\/author\/chema\/\"}]}<\/script>\n<!-- \/ Yoast SEO plugin. -->","yoast_head_json":{"title":"El ICIP publica un manual con propuestas feministas para que la seguridad p\u00fablica gestione las desigualdades de manera integral - ICIP","description":"El libro \"Interseccionalitat i pol\u00edtiques locals de seguretat: un di\u00e0leg possible\" se puede descargar gratuitamente.","robots":{"index":"index","follow":"follow","max-snippet":"max-snippet:-1","max-image-preview":"max-image-preview:large","max-video-preview":"max-video-preview:-1"},"canonical":"https:\/\/www.icip.cat\/es\/el-icip-publica-un-manual-con-propuestas-feministas-para-que-la-seguridad-publica-gestione-las-desigualdades-de-manera-integral\/","og_locale":"es_ES","og_type":"article","og_title":"El ICIP publica un manual con propuestas feministas para que la seguridad p\u00fablica gestione las desigualdades de manera integral - ICIP","og_description":"El libro \"Interseccionalitat i pol\u00edtiques locals de seguretat: un di\u00e0leg possible\" se puede descargar gratuitamente.","og_url":"https:\/\/www.icip.cat\/es\/el-icip-publica-un-manual-con-propuestas-feministas-para-que-la-seguridad-publica-gestione-las-desigualdades-de-manera-integral\/","og_site_name":"ICIP","article_published_time":"2024-06-25T11:37:12+00:00","article_modified_time":"2024-06-26T10:17:57+00:00","og_image":[{"width":1080,"height":1080,"url":"https:\/\/www.icip.cat\/wp-content\/uploads\/2024\/06\/Eines-30-Grafic.png","type":"image\/png"}],"author":"Chema","twitter_card":"summary_large_image","twitter_misc":{"Escrito por":"Chema","Tiempo de lectura":"4 minutos"},"schema":{"@context":"https:\/\/schema.org","@graph":[{"@type":"Article","@id":"https:\/\/www.icip.cat\/es\/el-icip-publica-un-manual-con-propuestas-feministas-para-que-la-seguridad-publica-gestione-las-desigualdades-de-manera-integral\/#article","isPartOf":{"@id":"https:\/\/www.icip.cat\/es\/el-icip-publica-un-manual-con-propuestas-feministas-para-que-la-seguridad-publica-gestione-las-desigualdades-de-manera-integral\/"},"author":{"name":"Chema","@id":"https:\/\/www.icip.cat\/ca\/#\/schema\/person\/e284535162658ee91802f63c00dc616d"},"headline":"El ICIP publica un manual con propuestas feministas para que la seguridad p\u00fablica gestione las desigualdades de manera integral","datePublished":"2024-06-25T11:37:12+00:00","dateModified":"2024-06-26T10:17:57+00:00","mainEntityOfPage":{"@id":"https:\/\/www.icip.cat\/es\/el-icip-publica-un-manual-con-propuestas-feministas-para-que-la-seguridad-publica-gestione-las-desigualdades-de-manera-integral\/"},"wordCount":829,"publisher":{"@id":"https:\/\/www.icip.cat\/ca\/#organization"},"image":{"@id":"https:\/\/www.icip.cat\/es\/el-icip-publica-un-manual-con-propuestas-feministas-para-que-la-seguridad-publica-gestione-las-desigualdades-de-manera-integral\/#primaryimage"},"thumbnailUrl":"https:\/\/www.icip.cat\/wp-content\/uploads\/2024\/06\/Eines-30-Grafic.png","articleSection":["Sin categorizar"],"inLanguage":"es"},{"@type":"WebPage","@id":"https:\/\/www.icip.cat\/es\/el-icip-publica-un-manual-con-propuestas-feministas-para-que-la-seguridad-publica-gestione-las-desigualdades-de-manera-integral\/","url":"https:\/\/www.icip.cat\/es\/el-icip-publica-un-manual-con-propuestas-feministas-para-que-la-seguridad-publica-gestione-las-desigualdades-de-manera-integral\/","name":"El ICIP publica un manual con propuestas feministas para que la seguridad p\u00fablica gestione las desigualdades de manera integral - ICIP","isPartOf":{"@id":"https:\/\/www.icip.cat\/ca\/#website"},"primaryImageOfPage":{"@id":"https:\/\/www.icip.cat\/es\/el-icip-publica-un-manual-con-propuestas-feministas-para-que-la-seguridad-publica-gestione-las-desigualdades-de-manera-integral\/#primaryimage"},"image":{"@id":"https:\/\/www.icip.cat\/es\/el-icip-publica-un-manual-con-propuestas-feministas-para-que-la-seguridad-publica-gestione-las-desigualdades-de-manera-integral\/#primaryimage"},"thumbnailUrl":"https:\/\/www.icip.cat\/wp-content\/uploads\/2024\/06\/Eines-30-Grafic.png","datePublished":"2024-06-25T11:37:12+00:00","dateModified":"2024-06-26T10:17:57+00:00","description":"El libro \"Interseccionalitat i pol\u00edtiques locals de seguretat: un di\u00e0leg possible\" se puede descargar gratuitamente.","inLanguage":"es","potentialAction":[{"@type":"ReadAction","target":["https:\/\/www.icip.cat\/es\/el-icip-publica-un-manual-con-propuestas-feministas-para-que-la-seguridad-publica-gestione-las-desigualdades-de-manera-integral\/"]}]},{"@type":"ImageObject","inLanguage":"es","@id":"https:\/\/www.icip.cat\/es\/el-icip-publica-un-manual-con-propuestas-feministas-para-que-la-seguridad-publica-gestione-las-desigualdades-de-manera-integral\/#primaryimage","url":"https:\/\/www.icip.cat\/wp-content\/uploads\/2024\/06\/Eines-30-Grafic.png","contentUrl":"https:\/\/www.icip.cat\/wp-content\/uploads\/2024\/06\/Eines-30-Grafic.png","width":1080,"height":1080},{"@type":"WebSite","@id":"https:\/\/www.icip.cat\/ca\/#website","url":"https:\/\/www.icip.cat\/ca\/","name":"ICIP","description":"","publisher":{"@id":"https:\/\/www.icip.cat\/ca\/#organization"},"potentialAction":[{"@type":"SearchAction","target":{"@type":"EntryPoint","urlTemplate":"https:\/\/www.icip.cat\/ca\/?s={search_term_string}"},"query-input":{"@type":"PropertyValueSpecification","valueRequired":true,"valueName":"search_term_string"}}],"inLanguage":"es"},{"@type":"Organization","@id":"https:\/\/www.icip.cat\/ca\/#organization","name":"ICIP","url":"https:\/\/www.icip.cat\/ca\/","logo":{"@type":"ImageObject","inLanguage":"es","@id":"https:\/\/www.icip.cat\/ca\/#\/schema\/logo\/image\/","url":"https:\/\/www.icip.cat\/wp-content\/uploads\/2021\/02\/logo-2.png","contentUrl":"https:\/\/www.icip.cat\/wp-content\/uploads\/2021\/02\/logo-2.png","width":562,"height":391,"caption":"ICIP"},"image":{"@id":"https:\/\/www.icip.cat\/ca\/#\/schema\/logo\/image\/"}},{"@type":"Person","@id":"https:\/\/www.icip.cat\/ca\/#\/schema\/person\/e284535162658ee91802f63c00dc616d","name":"Chema","image":{"@type":"ImageObject","inLanguage":"es","@id":"https:\/\/www.icip.cat\/ca\/#\/schema\/person\/image\/","url":"https:\/\/secure.gravatar.com\/avatar\/22acda3b315ce622eb88469f87a1968bb698bc09085a9de947706166d956f8c8?s=96&d=mm&r=g","contentUrl":"https:\/\/secure.gravatar.com\/avatar\/22acda3b315ce622eb88469f87a1968bb698bc09085a9de947706166d956f8c8?s=96&d=mm&r=g","caption":"Chema"},"url":"https:\/\/www.icip.cat\/es\/author\/chema\/"}]}},"_links":{"self":[{"href":"https:\/\/www.icip.cat\/es\/wp-json\/wp\/v2\/posts\/46785","targetHints":{"allow":["GET"]}}],"collection":[{"href":"https:\/\/www.icip.cat\/es\/wp-json\/wp\/v2\/posts"}],"about":[{"href":"https:\/\/www.icip.cat\/es\/wp-json\/wp\/v2\/types\/post"}],"author":[{"embeddable":true,"href":"https:\/\/www.icip.cat\/es\/wp-json\/wp\/v2\/users\/4"}],"replies":[{"embeddable":true,"href":"https:\/\/www.icip.cat\/es\/wp-json\/wp\/v2\/comments?post=46785"}],"version-history":[{"count":9,"href":"https:\/\/www.icip.cat\/es\/wp-json\/wp\/v2\/posts\/46785\/revisions"}],"predecessor-version":[{"id":46807,"href":"https:\/\/www.icip.cat\/es\/wp-json\/wp\/v2\/posts\/46785\/revisions\/46807"}],"wp:featuredmedia":[{"embeddable":true,"href":"https:\/\/www.icip.cat\/es\/wp-json\/wp\/v2\/media\/46780"}],"wp:attachment":[{"href":"https:\/\/www.icip.cat\/es\/wp-json\/wp\/v2\/media?parent=46785"}],"wp:term":[{"taxonomy":"category","embeddable":true,"href":"https:\/\/www.icip.cat\/es\/wp-json\/wp\/v2\/categories?post=46785"},{"taxonomy":"post_tag","embeddable":true,"href":"https:\/\/www.icip.cat\/es\/wp-json\/wp\/v2\/tags?post=46785"}],"curies":[{"name":"wp","href":"https:\/\/api.w.org\/{rel}","templated":true}]}}