{"id":4914,"date":"2020-10-16T08:00:00","date_gmt":"2020-10-16T08:00:00","guid":{"rendered":"http:\/\/www.icip.cat\/abierta-la-convocatoria-del-premio-icip-alfons-banda-2020\/"},"modified":"2021-02-01T10:00:15","modified_gmt":"2021-02-01T10:00:15","slug":"abierta-la-convocatoria-del-premio-icip-alfons-banda-2020","status":"publish","type":"post","link":"https:\/\/www.icip.cat\/es\/abierta-la-convocatoria-del-premio-icip-alfons-banda-2020\/","title":{"rendered":"Abierta la convocatoria del Premio ICIP Alfons Banda 2020"},"content":{"rendered":"<p>Desde el 15 de octubre est\u00e1 abierta la convocatoria del\u00a0<a href=\"http:\/\/icip.gencat.cat\/ca\/que-fem\/premi-icip-alfons-banda-prj\/\">Premio ICIP Alfons Banda 2020<\/a>,\u00a0que tiene por objetivo recompensar los trabajos de investigaci\u00f3n del alumnado de segundo ciclo de Educaci\u00f3n Secundaria Obligatoria (ESO) y de educaci\u00f3n postobligatoria (bachillerato y ciclos formativos de grado medio y superior) centrados en la construcci\u00f3n de la cultura de paz, la vulneraci\u00f3n o defensa de los derechos humanos y el uso de la no violencia como herramienta de transformaci\u00f3n social.<\/p>\n<p>Se otorgar\u00e1n dos premios que ser\u00e1n recompensados con 750 euros cada uno. Los alumnos interesados en optar pueden presentar candidaturas hasta el pr\u00f3ximo 10 de noviembre.<br \/>\nEl Premio ICIP Alfons Banda naci\u00f3 en 2017 y forma parte de los Premios a la Investigaci\u00f3n Joven que convoca la Agencia de Gesti\u00f3n de Ayudas Universitarias y de Investigaci\u00f3n (AGAUR) con el objetivo de fomentar el esp\u00edritu cient\u00edfico de la juventud.<\/p>\n","protected":false},"excerpt":{"rendered":"<p>El galard\u00f3n forma parte de los Premis de Recerca Jove y se dirige a estudiantes que hayan llevado a cabo trabajos sobre construcci\u00f3n de paz y no violencia.<\/p>\n","protected":false},"author":1,"featured_media":14946,"comment_status":"closed","ping_status":"open","sticky":false,"template":"","format":"standard","meta":{"_acf_changed":false,"footnotes":""},"categories":[4],"tags":[],"class_list":["post-4914","post","type-post","status-publish","format-standard","has-post-thumbnail","hentry","category-sense-categoria"],"acf":[],"yoast_head":"<!-- This site is optimized with the Yoast SEO plugin v25.6 - https:\/\/yoast.com\/wordpress\/plugins\/seo\/ -->\n<title>Abierta la convocatoria del Premio ICIP Alfons Banda 2020 - ICIP<\/title>\n<meta name=\"robots\" content=\"index, follow, max-snippet:-1, max-image-preview:large, max-video-preview:-1\" \/>\n<link rel=\"canonical\" href=\"https:\/\/www.icip.cat\/es\/abierta-la-convocatoria-del-premio-icip-alfons-banda-2020\/\" \/>\n<meta property=\"og:locale\" content=\"es_ES\" \/>\n<meta property=\"og:type\" content=\"article\" \/>\n<meta property=\"og:title\" content=\"Abierta la convocatoria del Premio ICIP Alfons Banda 2020 - ICIP\" \/>\n<meta property=\"og:description\" content=\"El galard\u00f3n forma parte de los Premis de Recerca Jove y se dirige a estudiantes que hayan llevado a cabo trabajos sobre construcci\u00f3n de paz y no violencia.\" \/>\n<meta property=\"og:url\" content=\"https:\/\/www.icip.cat\/es\/abierta-la-convocatoria-del-premio-icip-alfons-banda-2020\/\" \/>\n<meta property=\"og:site_name\" content=\"ICIP\" \/>\n<meta property=\"article:published_time\" content=\"2020-10-16T08:00:00+00:00\" \/>\n<meta property=\"article:modified_time\" content=\"2021-02-01T10:00:15+00:00\" \/>\n<meta property=\"og:image\" content=\"https:\/\/www.icip.cat\/wp-content\/uploads\/2021\/01\/premis_recerca_jove-e1620988812225.jpg\" \/>\n\t<meta property=\"og:image:width\" content=\"560\" \/>\n\t<meta property=\"og:image:height\" content=\"329\" \/>\n\t<meta property=\"og:image:type\" content=\"image\/jpeg\" \/>\n<meta name=\"author\" content=\"whads\" \/>\n<meta name=\"twitter:card\" content=\"summary_large_image\" \/>\n<meta name=\"twitter:label1\" content=\"Escrito por\" \/>\n\t<meta name=\"twitter:data1\" content=\"whads\" \/>\n\t<meta name=\"twitter:label2\" content=\"Tiempo de lectura\" \/>\n\t<meta name=\"twitter:data2\" content=\"1 minuto\" \/>\n<script type=\"application\/ld+json\" class=\"yoast-schema-graph\">{\"@context\":\"https:\/\/schema.org\",\"@graph\":[{\"@type\":\"Article\",\"@id\":\"https:\/\/www.icip.cat\/es\/abierta-la-convocatoria-del-premio-icip-alfons-banda-2020\/#article\",\"isPartOf\":{\"@id\":\"https:\/\/www.icip.cat\/es\/abierta-la-convocatoria-del-premio-icip-alfons-banda-2020\/\"},\"author\":{\"name\":\"whads\",\"@id\":\"https:\/\/www.icip.cat\/ca\/#\/schema\/person\/35404003404833995eee2bb6e3115dc6\"},\"headline\":\"Abierta la convocatoria del Premio ICIP Alfons Banda 2020\",\"datePublished\":\"2020-10-16T08:00:00+00:00\",\"dateModified\":\"2021-02-01T10:00:15+00:00\",\"mainEntityOfPage\":{\"@id\":\"https:\/\/www.icip.cat\/es\/abierta-la-convocatoria-del-premio-icip-alfons-banda-2020\/\"},\"wordCount\":161,\"publisher\":{\"@id\":\"https:\/\/www.icip.cat\/ca\/#organization\"},\"image\":{\"@id\":\"https:\/\/www.icip.cat\/es\/abierta-la-convocatoria-del-premio-icip-alfons-banda-2020\/#primaryimage\"},\"thumbnailUrl\":\"https:\/\/www.icip.cat\/wp-content\/uploads\/2021\/01\/premis_recerca_jove-e1620988812225.jpg\",\"articleSection\":[\"Sense categoria\"],\"inLanguage\":\"es\"},{\"@type\":\"WebPage\",\"@id\":\"https:\/\/www.icip.cat\/es\/abierta-la-convocatoria-del-premio-icip-alfons-banda-2020\/\",\"url\":\"https:\/\/www.icip.cat\/es\/abierta-la-convocatoria-del-premio-icip-alfons-banda-2020\/\",\"name\":\"Abierta la convocatoria del Premio ICIP Alfons Banda 2020 - ICIP\",\"isPartOf\":{\"@id\":\"https:\/\/www.icip.cat\/ca\/#website\"},\"primaryImageOfPage\":{\"@id\":\"https:\/\/www.icip.cat\/es\/abierta-la-convocatoria-del-premio-icip-alfons-banda-2020\/#primaryimage\"},\"image\":{\"@id\":\"https:\/\/www.icip.cat\/es\/abierta-la-convocatoria-del-premio-icip-alfons-banda-2020\/#primaryimage\"},\"thumbnailUrl\":\"https:\/\/www.icip.cat\/wp-content\/uploads\/2021\/01\/premis_recerca_jove-e1620988812225.jpg\",\"datePublished\":\"2020-10-16T08:00:00+00:00\",\"dateModified\":\"2021-02-01T10:00:15+00:00\",\"inLanguage\":\"es\",\"potentialAction\":[{\"@type\":\"ReadAction\",\"target\":[\"https:\/\/www.icip.cat\/es\/abierta-la-convocatoria-del-premio-icip-alfons-banda-2020\/\"]}]},{\"@type\":\"ImageObject\",\"inLanguage\":\"es\",\"@id\":\"https:\/\/www.icip.cat\/es\/abierta-la-convocatoria-del-premio-icip-alfons-banda-2020\/#primaryimage\",\"url\":\"https:\/\/www.icip.cat\/wp-content\/uploads\/2021\/01\/premis_recerca_jove-e1620988812225.jpg\",\"contentUrl\":\"https:\/\/www.icip.cat\/wp-content\/uploads\/2021\/01\/premis_recerca_jove-e1620988812225.jpg\",\"width\":560,\"height\":329},{\"@type\":\"WebSite\",\"@id\":\"https:\/\/www.icip.cat\/ca\/#website\",\"url\":\"https:\/\/www.icip.cat\/ca\/\",\"name\":\"ICIP\",\"description\":\"\",\"publisher\":{\"@id\":\"https:\/\/www.icip.cat\/ca\/#organization\"},\"potentialAction\":[{\"@type\":\"SearchAction\",\"target\":{\"@type\":\"EntryPoint\",\"urlTemplate\":\"https:\/\/www.icip.cat\/ca\/?s={search_term_string}\"},\"query-input\":{\"@type\":\"PropertyValueSpecification\",\"valueRequired\":true,\"valueName\":\"search_term_string\"}}],\"inLanguage\":\"es\"},{\"@type\":\"Organization\",\"@id\":\"https:\/\/www.icip.cat\/ca\/#organization\",\"name\":\"ICIP\",\"url\":\"https:\/\/www.icip.cat\/ca\/\",\"logo\":{\"@type\":\"ImageObject\",\"inLanguage\":\"es\",\"@id\":\"https:\/\/www.icip.cat\/ca\/#\/schema\/logo\/image\/\",\"url\":\"https:\/\/www.icip.cat\/wp-content\/uploads\/2021\/02\/logo-2.png\",\"contentUrl\":\"https:\/\/www.icip.cat\/wp-content\/uploads\/2021\/02\/logo-2.png\",\"width\":562,\"height\":391,\"caption\":\"ICIP\"},\"image\":{\"@id\":\"https:\/\/www.icip.cat\/ca\/#\/schema\/logo\/image\/\"}},{\"@type\":\"Person\",\"@id\":\"https:\/\/www.icip.cat\/ca\/#\/schema\/person\/35404003404833995eee2bb6e3115dc6\",\"name\":\"whads\",\"image\":{\"@type\":\"ImageObject\",\"inLanguage\":\"es\",\"@id\":\"https:\/\/www.icip.cat\/ca\/#\/schema\/person\/image\/\",\"url\":\"https:\/\/secure.gravatar.com\/avatar\/6a92e4ce03d9442c546cc4afecfc51777413608a6d55a7b50040700657b6b30f?s=96&d=mm&r=g\",\"contentUrl\":\"https:\/\/secure.gravatar.com\/avatar\/6a92e4ce03d9442c546cc4afecfc51777413608a6d55a7b50040700657b6b30f?s=96&d=mm&r=g\",\"caption\":\"whads\"},\"sameAs\":[\"http:\/\/www.icip.cat\"],\"url\":\"https:\/\/www.icip.cat\/es\/author\/whads\/\"}]}<\/script>\n<!-- \/ Yoast SEO plugin. -->","yoast_head_json":{"title":"Abierta la convocatoria del Premio ICIP Alfons Banda 2020 - ICIP","robots":{"index":"index","follow":"follow","max-snippet":"max-snippet:-1","max-image-preview":"max-image-preview:large","max-video-preview":"max-video-preview:-1"},"canonical":"https:\/\/www.icip.cat\/es\/abierta-la-convocatoria-del-premio-icip-alfons-banda-2020\/","og_locale":"es_ES","og_type":"article","og_title":"Abierta la convocatoria del Premio ICIP Alfons Banda 2020 - ICIP","og_description":"El galard\u00f3n forma parte de los Premis de Recerca Jove y se dirige a estudiantes que hayan llevado a cabo trabajos sobre construcci\u00f3n de paz y no violencia.","og_url":"https:\/\/www.icip.cat\/es\/abierta-la-convocatoria-del-premio-icip-alfons-banda-2020\/","og_site_name":"ICIP","article_published_time":"2020-10-16T08:00:00+00:00","article_modified_time":"2021-02-01T10:00:15+00:00","og_image":[{"width":560,"height":329,"url":"https:\/\/www.icip.cat\/wp-content\/uploads\/2021\/01\/premis_recerca_jove-e1620988812225.jpg","type":"image\/jpeg"}],"author":"whads","twitter_card":"summary_large_image","twitter_misc":{"Escrito por":"whads","Tiempo de lectura":"1 minuto"},"schema":{"@context":"https:\/\/schema.org","@graph":[{"@type":"Article","@id":"https:\/\/www.icip.cat\/es\/abierta-la-convocatoria-del-premio-icip-alfons-banda-2020\/#article","isPartOf":{"@id":"https:\/\/www.icip.cat\/es\/abierta-la-convocatoria-del-premio-icip-alfons-banda-2020\/"},"author":{"name":"whads","@id":"https:\/\/www.icip.cat\/ca\/#\/schema\/person\/35404003404833995eee2bb6e3115dc6"},"headline":"Abierta la convocatoria del Premio ICIP Alfons Banda 2020","datePublished":"2020-10-16T08:00:00+00:00","dateModified":"2021-02-01T10:00:15+00:00","mainEntityOfPage":{"@id":"https:\/\/www.icip.cat\/es\/abierta-la-convocatoria-del-premio-icip-alfons-banda-2020\/"},"wordCount":161,"publisher":{"@id":"https:\/\/www.icip.cat\/ca\/#organization"},"image":{"@id":"https:\/\/www.icip.cat\/es\/abierta-la-convocatoria-del-premio-icip-alfons-banda-2020\/#primaryimage"},"thumbnailUrl":"https:\/\/www.icip.cat\/wp-content\/uploads\/2021\/01\/premis_recerca_jove-e1620988812225.jpg","articleSection":["Sense categoria"],"inLanguage":"es"},{"@type":"WebPage","@id":"https:\/\/www.icip.cat\/es\/abierta-la-convocatoria-del-premio-icip-alfons-banda-2020\/","url":"https:\/\/www.icip.cat\/es\/abierta-la-convocatoria-del-premio-icip-alfons-banda-2020\/","name":"Abierta la convocatoria del Premio ICIP Alfons Banda 2020 - ICIP","isPartOf":{"@id":"https:\/\/www.icip.cat\/ca\/#website"},"primaryImageOfPage":{"@id":"https:\/\/www.icip.cat\/es\/abierta-la-convocatoria-del-premio-icip-alfons-banda-2020\/#primaryimage"},"image":{"@id":"https:\/\/www.icip.cat\/es\/abierta-la-convocatoria-del-premio-icip-alfons-banda-2020\/#primaryimage"},"thumbnailUrl":"https:\/\/www.icip.cat\/wp-content\/uploads\/2021\/01\/premis_recerca_jove-e1620988812225.jpg","datePublished":"2020-10-16T08:00:00+00:00","dateModified":"2021-02-01T10:00:15+00:00","inLanguage":"es","potentialAction":[{"@type":"ReadAction","target":["https:\/\/www.icip.cat\/es\/abierta-la-convocatoria-del-premio-icip-alfons-banda-2020\/"]}]},{"@type":"ImageObject","inLanguage":"es","@id":"https:\/\/www.icip.cat\/es\/abierta-la-convocatoria-del-premio-icip-alfons-banda-2020\/#primaryimage","url":"https:\/\/www.icip.cat\/wp-content\/uploads\/2021\/01\/premis_recerca_jove-e1620988812225.jpg","contentUrl":"https:\/\/www.icip.cat\/wp-content\/uploads\/2021\/01\/premis_recerca_jove-e1620988812225.jpg","width":560,"height":329},{"@type":"WebSite","@id":"https:\/\/www.icip.cat\/ca\/#website","url":"https:\/\/www.icip.cat\/ca\/","name":"ICIP","description":"","publisher":{"@id":"https:\/\/www.icip.cat\/ca\/#organization"},"potentialAction":[{"@type":"SearchAction","target":{"@type":"EntryPoint","urlTemplate":"https:\/\/www.icip.cat\/ca\/?s={search_term_string}"},"query-input":{"@type":"PropertyValueSpecification","valueRequired":true,"valueName":"search_term_string"}}],"inLanguage":"es"},{"@type":"Organization","@id":"https:\/\/www.icip.cat\/ca\/#organization","name":"ICIP","url":"https:\/\/www.icip.cat\/ca\/","logo":{"@type":"ImageObject","inLanguage":"es","@id":"https:\/\/www.icip.cat\/ca\/#\/schema\/logo\/image\/","url":"https:\/\/www.icip.cat\/wp-content\/uploads\/2021\/02\/logo-2.png","contentUrl":"https:\/\/www.icip.cat\/wp-content\/uploads\/2021\/02\/logo-2.png","width":562,"height":391,"caption":"ICIP"},"image":{"@id":"https:\/\/www.icip.cat\/ca\/#\/schema\/logo\/image\/"}},{"@type":"Person","@id":"https:\/\/www.icip.cat\/ca\/#\/schema\/person\/35404003404833995eee2bb6e3115dc6","name":"whads","image":{"@type":"ImageObject","inLanguage":"es","@id":"https:\/\/www.icip.cat\/ca\/#\/schema\/person\/image\/","url":"https:\/\/secure.gravatar.com\/avatar\/6a92e4ce03d9442c546cc4afecfc51777413608a6d55a7b50040700657b6b30f?s=96&d=mm&r=g","contentUrl":"https:\/\/secure.gravatar.com\/avatar\/6a92e4ce03d9442c546cc4afecfc51777413608a6d55a7b50040700657b6b30f?s=96&d=mm&r=g","caption":"whads"},"sameAs":["http:\/\/www.icip.cat"],"url":"https:\/\/www.icip.cat\/es\/author\/whads\/"}]}},"_links":{"self":[{"href":"https:\/\/www.icip.cat\/es\/wp-json\/wp\/v2\/posts\/4914","targetHints":{"allow":["GET"]}}],"collection":[{"href":"https:\/\/www.icip.cat\/es\/wp-json\/wp\/v2\/posts"}],"about":[{"href":"https:\/\/www.icip.cat\/es\/wp-json\/wp\/v2\/types\/post"}],"author":[{"embeddable":true,"href":"https:\/\/www.icip.cat\/es\/wp-json\/wp\/v2\/users\/1"}],"replies":[{"embeddable":true,"href":"https:\/\/www.icip.cat\/es\/wp-json\/wp\/v2\/comments?post=4914"}],"version-history":[{"count":1,"href":"https:\/\/www.icip.cat\/es\/wp-json\/wp\/v2\/posts\/4914\/revisions"}],"predecessor-version":[{"id":15345,"href":"https:\/\/www.icip.cat\/es\/wp-json\/wp\/v2\/posts\/4914\/revisions\/15345"}],"wp:featuredmedia":[{"embeddable":true,"href":"https:\/\/www.icip.cat\/es\/wp-json\/wp\/v2\/media\/14946"}],"wp:attachment":[{"href":"https:\/\/www.icip.cat\/es\/wp-json\/wp\/v2\/media?parent=4914"}],"wp:term":[{"taxonomy":"category","embeddable":true,"href":"https:\/\/www.icip.cat\/es\/wp-json\/wp\/v2\/categories?post=4914"},{"taxonomy":"post_tag","embeddable":true,"href":"https:\/\/www.icip.cat\/es\/wp-json\/wp\/v2\/tags?post=4914"}],"curies":[{"name":"wp","href":"https:\/\/api.w.org\/{rel}","templated":true}]}}