{"id":4942,"date":"2020-09-14T08:00:00","date_gmt":"2020-09-14T08:00:00","guid":{"rendered":"http:\/\/www.icip.cat\/la-biblioteca-del-icip-reabre-al-publico\/"},"modified":"2021-02-01T10:18:44","modified_gmt":"2021-02-01T10:18:44","slug":"la-biblioteca-del-icip-reabre-al-publico","status":"publish","type":"post","link":"https:\/\/www.icip.cat\/es\/la-biblioteca-del-icip-reabre-al-publico\/","title":{"rendered":"La Biblioteca del ICIP reabre al p\u00fablico"},"content":{"rendered":"<p>La Biblioteca del ICIP reabre al p\u00fablico esta semana despu\u00e9s del cierre temporal debido a la pandemia del coronavirus. En este nuevo curso, el centro estar\u00e1 abierto lunes, mi\u00e9rcoles y viernes de 9:30h a 14:00h. Durante este horario los usuarios pueden renovar o devolver pr\u00e9stamos y consultar el fondo disponible.<\/p>\n<p>As\u00ed mismo, las personas usuarias se pueden poner en contacto con el centro a trav\u00e9s del correo biblioteca.icip@gencat.cat para resolver consultas y dudas.<\/p>\n<p>La Biblioteca del ICIP es un centro de referencia en Catalu\u00f1a especializado en la cultura de paz, la noviolencia, la seguridad y los conflictos, con un fondo de 9.000 vol\u00famenes. La Biblioteca est\u00e1 situada en la calle Tapineria 10, 1ra planta de Barcelona, da apoyo al ICIP y a personas investigadoras y expertas en el campo de la paz, y est\u00e1 en contacto permanente con instituciones y centros similares de todo el mundo. El centro forma parte de la red de bibliotecas especializadas de la Generalitat y est\u00e1 integrada en el Cat\u00e1logo Colectivo de las Universidades Catalanas (CCUC).<\/p>\n<p>Pod\u00e9is consultar el cat\u00e1logo online y las \u00faltimas adquisiciones.<\/p>\n","protected":false},"excerpt":{"rendered":"<p>En este nuevo curso el centro estar\u00e1 abierto lunes, mi\u00e9rcoles y viernes.<\/p>\n","protected":false},"author":1,"featured_media":14930,"comment_status":"closed","ping_status":"open","sticky":false,"template":"","format":"standard","meta":{"_acf_changed":false,"footnotes":""},"categories":[4],"tags":[],"class_list":["post-4942","post","type-post","status-publish","format-standard","has-post-thumbnail","hentry","category-sense-categoria"],"acf":[],"yoast_head":"<!-- This site is optimized with the Yoast SEO plugin v25.6 - https:\/\/yoast.com\/wordpress\/plugins\/seo\/ -->\n<title>La Biblioteca del ICIP reabre al p\u00fablico - ICIP<\/title>\n<meta name=\"robots\" content=\"index, follow, max-snippet:-1, max-image-preview:large, max-video-preview:-1\" \/>\n<link rel=\"canonical\" href=\"https:\/\/www.icip.cat\/es\/la-biblioteca-del-icip-reabre-al-publico\/\" \/>\n<meta property=\"og:locale\" content=\"es_ES\" \/>\n<meta property=\"og:type\" content=\"article\" \/>\n<meta property=\"og:title\" content=\"La Biblioteca del ICIP reabre al p\u00fablico - ICIP\" \/>\n<meta property=\"og:description\" content=\"En este nuevo curso el centro estar\u00e1 abierto lunes, mi\u00e9rcoles y viernes.\" \/>\n<meta property=\"og:url\" content=\"https:\/\/www.icip.cat\/es\/la-biblioteca-del-icip-reabre-al-publico\/\" \/>\n<meta property=\"og:site_name\" content=\"ICIP\" \/>\n<meta property=\"article:published_time\" content=\"2020-09-14T08:00:00+00:00\" \/>\n<meta property=\"article:modified_time\" content=\"2021-02-01T10:18:44+00:00\" \/>\n<meta property=\"og:image\" content=\"https:\/\/www.icip.cat\/wp-content\/uploads\/2020\/10\/biblio.png\" \/>\n\t<meta property=\"og:image:width\" content=\"560\" \/>\n\t<meta property=\"og:image:height\" content=\"420\" \/>\n\t<meta property=\"og:image:type\" content=\"image\/png\" \/>\n<meta name=\"author\" content=\"whads\" \/>\n<meta name=\"twitter:card\" content=\"summary_large_image\" \/>\n<meta name=\"twitter:label1\" content=\"Escrito por\" \/>\n\t<meta name=\"twitter:data1\" content=\"whads\" \/>\n\t<meta name=\"twitter:label2\" content=\"Tiempo de lectura\" \/>\n\t<meta name=\"twitter:data2\" content=\"1 minuto\" \/>\n<script type=\"application\/ld+json\" class=\"yoast-schema-graph\">{\"@context\":\"https:\/\/schema.org\",\"@graph\":[{\"@type\":\"Article\",\"@id\":\"https:\/\/www.icip.cat\/es\/la-biblioteca-del-icip-reabre-al-publico\/#article\",\"isPartOf\":{\"@id\":\"https:\/\/www.icip.cat\/es\/la-biblioteca-del-icip-reabre-al-publico\/\"},\"author\":{\"name\":\"whads\",\"@id\":\"https:\/\/www.icip.cat\/ca\/#\/schema\/person\/35404003404833995eee2bb6e3115dc6\"},\"headline\":\"La Biblioteca del ICIP reabre al p\u00fablico\",\"datePublished\":\"2020-09-14T08:00:00+00:00\",\"dateModified\":\"2021-02-01T10:18:44+00:00\",\"mainEntityOfPage\":{\"@id\":\"https:\/\/www.icip.cat\/es\/la-biblioteca-del-icip-reabre-al-publico\/\"},\"wordCount\":199,\"publisher\":{\"@id\":\"https:\/\/www.icip.cat\/ca\/#organization\"},\"image\":{\"@id\":\"https:\/\/www.icip.cat\/es\/la-biblioteca-del-icip-reabre-al-publico\/#primaryimage\"},\"thumbnailUrl\":\"https:\/\/www.icip.cat\/wp-content\/uploads\/2020\/10\/biblio.png\",\"articleSection\":[\"Sense categoria\"],\"inLanguage\":\"es\"},{\"@type\":\"WebPage\",\"@id\":\"https:\/\/www.icip.cat\/es\/la-biblioteca-del-icip-reabre-al-publico\/\",\"url\":\"https:\/\/www.icip.cat\/es\/la-biblioteca-del-icip-reabre-al-publico\/\",\"name\":\"La Biblioteca del ICIP reabre al p\u00fablico - ICIP\",\"isPartOf\":{\"@id\":\"https:\/\/www.icip.cat\/ca\/#website\"},\"primaryImageOfPage\":{\"@id\":\"https:\/\/www.icip.cat\/es\/la-biblioteca-del-icip-reabre-al-publico\/#primaryimage\"},\"image\":{\"@id\":\"https:\/\/www.icip.cat\/es\/la-biblioteca-del-icip-reabre-al-publico\/#primaryimage\"},\"thumbnailUrl\":\"https:\/\/www.icip.cat\/wp-content\/uploads\/2020\/10\/biblio.png\",\"datePublished\":\"2020-09-14T08:00:00+00:00\",\"dateModified\":\"2021-02-01T10:18:44+00:00\",\"inLanguage\":\"es\",\"potentialAction\":[{\"@type\":\"ReadAction\",\"target\":[\"https:\/\/www.icip.cat\/es\/la-biblioteca-del-icip-reabre-al-publico\/\"]}]},{\"@type\":\"ImageObject\",\"inLanguage\":\"es\",\"@id\":\"https:\/\/www.icip.cat\/es\/la-biblioteca-del-icip-reabre-al-publico\/#primaryimage\",\"url\":\"https:\/\/www.icip.cat\/wp-content\/uploads\/2020\/10\/biblio.png\",\"contentUrl\":\"https:\/\/www.icip.cat\/wp-content\/uploads\/2020\/10\/biblio.png\",\"width\":560,\"height\":420},{\"@type\":\"WebSite\",\"@id\":\"https:\/\/www.icip.cat\/ca\/#website\",\"url\":\"https:\/\/www.icip.cat\/ca\/\",\"name\":\"ICIP\",\"description\":\"\",\"publisher\":{\"@id\":\"https:\/\/www.icip.cat\/ca\/#organization\"},\"potentialAction\":[{\"@type\":\"SearchAction\",\"target\":{\"@type\":\"EntryPoint\",\"urlTemplate\":\"https:\/\/www.icip.cat\/ca\/?s={search_term_string}\"},\"query-input\":{\"@type\":\"PropertyValueSpecification\",\"valueRequired\":true,\"valueName\":\"search_term_string\"}}],\"inLanguage\":\"es\"},{\"@type\":\"Organization\",\"@id\":\"https:\/\/www.icip.cat\/ca\/#organization\",\"name\":\"ICIP\",\"url\":\"https:\/\/www.icip.cat\/ca\/\",\"logo\":{\"@type\":\"ImageObject\",\"inLanguage\":\"es\",\"@id\":\"https:\/\/www.icip.cat\/ca\/#\/schema\/logo\/image\/\",\"url\":\"https:\/\/www.icip.cat\/wp-content\/uploads\/2021\/02\/logo-2.png\",\"contentUrl\":\"https:\/\/www.icip.cat\/wp-content\/uploads\/2021\/02\/logo-2.png\",\"width\":562,\"height\":391,\"caption\":\"ICIP\"},\"image\":{\"@id\":\"https:\/\/www.icip.cat\/ca\/#\/schema\/logo\/image\/\"}},{\"@type\":\"Person\",\"@id\":\"https:\/\/www.icip.cat\/ca\/#\/schema\/person\/35404003404833995eee2bb6e3115dc6\",\"name\":\"whads\",\"image\":{\"@type\":\"ImageObject\",\"inLanguage\":\"es\",\"@id\":\"https:\/\/www.icip.cat\/ca\/#\/schema\/person\/image\/\",\"url\":\"https:\/\/secure.gravatar.com\/avatar\/6a92e4ce03d9442c546cc4afecfc51777413608a6d55a7b50040700657b6b30f?s=96&d=mm&r=g\",\"contentUrl\":\"https:\/\/secure.gravatar.com\/avatar\/6a92e4ce03d9442c546cc4afecfc51777413608a6d55a7b50040700657b6b30f?s=96&d=mm&r=g\",\"caption\":\"whads\"},\"sameAs\":[\"http:\/\/www.icip.cat\"],\"url\":\"https:\/\/www.icip.cat\/es\/author\/whads\/\"}]}<\/script>\n<!-- \/ Yoast SEO plugin. -->","yoast_head_json":{"title":"La Biblioteca del ICIP reabre al p\u00fablico - ICIP","robots":{"index":"index","follow":"follow","max-snippet":"max-snippet:-1","max-image-preview":"max-image-preview:large","max-video-preview":"max-video-preview:-1"},"canonical":"https:\/\/www.icip.cat\/es\/la-biblioteca-del-icip-reabre-al-publico\/","og_locale":"es_ES","og_type":"article","og_title":"La Biblioteca del ICIP reabre al p\u00fablico - ICIP","og_description":"En este nuevo curso el centro estar\u00e1 abierto lunes, mi\u00e9rcoles y viernes.","og_url":"https:\/\/www.icip.cat\/es\/la-biblioteca-del-icip-reabre-al-publico\/","og_site_name":"ICIP","article_published_time":"2020-09-14T08:00:00+00:00","article_modified_time":"2021-02-01T10:18:44+00:00","og_image":[{"width":560,"height":420,"url":"https:\/\/www.icip.cat\/wp-content\/uploads\/2020\/10\/biblio.png","type":"image\/png"}],"author":"whads","twitter_card":"summary_large_image","twitter_misc":{"Escrito por":"whads","Tiempo de lectura":"1 minuto"},"schema":{"@context":"https:\/\/schema.org","@graph":[{"@type":"Article","@id":"https:\/\/www.icip.cat\/es\/la-biblioteca-del-icip-reabre-al-publico\/#article","isPartOf":{"@id":"https:\/\/www.icip.cat\/es\/la-biblioteca-del-icip-reabre-al-publico\/"},"author":{"name":"whads","@id":"https:\/\/www.icip.cat\/ca\/#\/schema\/person\/35404003404833995eee2bb6e3115dc6"},"headline":"La Biblioteca del ICIP reabre al p\u00fablico","datePublished":"2020-09-14T08:00:00+00:00","dateModified":"2021-02-01T10:18:44+00:00","mainEntityOfPage":{"@id":"https:\/\/www.icip.cat\/es\/la-biblioteca-del-icip-reabre-al-publico\/"},"wordCount":199,"publisher":{"@id":"https:\/\/www.icip.cat\/ca\/#organization"},"image":{"@id":"https:\/\/www.icip.cat\/es\/la-biblioteca-del-icip-reabre-al-publico\/#primaryimage"},"thumbnailUrl":"https:\/\/www.icip.cat\/wp-content\/uploads\/2020\/10\/biblio.png","articleSection":["Sense categoria"],"inLanguage":"es"},{"@type":"WebPage","@id":"https:\/\/www.icip.cat\/es\/la-biblioteca-del-icip-reabre-al-publico\/","url":"https:\/\/www.icip.cat\/es\/la-biblioteca-del-icip-reabre-al-publico\/","name":"La Biblioteca del ICIP reabre al p\u00fablico - ICIP","isPartOf":{"@id":"https:\/\/www.icip.cat\/ca\/#website"},"primaryImageOfPage":{"@id":"https:\/\/www.icip.cat\/es\/la-biblioteca-del-icip-reabre-al-publico\/#primaryimage"},"image":{"@id":"https:\/\/www.icip.cat\/es\/la-biblioteca-del-icip-reabre-al-publico\/#primaryimage"},"thumbnailUrl":"https:\/\/www.icip.cat\/wp-content\/uploads\/2020\/10\/biblio.png","datePublished":"2020-09-14T08:00:00+00:00","dateModified":"2021-02-01T10:18:44+00:00","inLanguage":"es","potentialAction":[{"@type":"ReadAction","target":["https:\/\/www.icip.cat\/es\/la-biblioteca-del-icip-reabre-al-publico\/"]}]},{"@type":"ImageObject","inLanguage":"es","@id":"https:\/\/www.icip.cat\/es\/la-biblioteca-del-icip-reabre-al-publico\/#primaryimage","url":"https:\/\/www.icip.cat\/wp-content\/uploads\/2020\/10\/biblio.png","contentUrl":"https:\/\/www.icip.cat\/wp-content\/uploads\/2020\/10\/biblio.png","width":560,"height":420},{"@type":"WebSite","@id":"https:\/\/www.icip.cat\/ca\/#website","url":"https:\/\/www.icip.cat\/ca\/","name":"ICIP","description":"","publisher":{"@id":"https:\/\/www.icip.cat\/ca\/#organization"},"potentialAction":[{"@type":"SearchAction","target":{"@type":"EntryPoint","urlTemplate":"https:\/\/www.icip.cat\/ca\/?s={search_term_string}"},"query-input":{"@type":"PropertyValueSpecification","valueRequired":true,"valueName":"search_term_string"}}],"inLanguage":"es"},{"@type":"Organization","@id":"https:\/\/www.icip.cat\/ca\/#organization","name":"ICIP","url":"https:\/\/www.icip.cat\/ca\/","logo":{"@type":"ImageObject","inLanguage":"es","@id":"https:\/\/www.icip.cat\/ca\/#\/schema\/logo\/image\/","url":"https:\/\/www.icip.cat\/wp-content\/uploads\/2021\/02\/logo-2.png","contentUrl":"https:\/\/www.icip.cat\/wp-content\/uploads\/2021\/02\/logo-2.png","width":562,"height":391,"caption":"ICIP"},"image":{"@id":"https:\/\/www.icip.cat\/ca\/#\/schema\/logo\/image\/"}},{"@type":"Person","@id":"https:\/\/www.icip.cat\/ca\/#\/schema\/person\/35404003404833995eee2bb6e3115dc6","name":"whads","image":{"@type":"ImageObject","inLanguage":"es","@id":"https:\/\/www.icip.cat\/ca\/#\/schema\/person\/image\/","url":"https:\/\/secure.gravatar.com\/avatar\/6a92e4ce03d9442c546cc4afecfc51777413608a6d55a7b50040700657b6b30f?s=96&d=mm&r=g","contentUrl":"https:\/\/secure.gravatar.com\/avatar\/6a92e4ce03d9442c546cc4afecfc51777413608a6d55a7b50040700657b6b30f?s=96&d=mm&r=g","caption":"whads"},"sameAs":["http:\/\/www.icip.cat"],"url":"https:\/\/www.icip.cat\/es\/author\/whads\/"}]}},"_links":{"self":[{"href":"https:\/\/www.icip.cat\/es\/wp-json\/wp\/v2\/posts\/4942","targetHints":{"allow":["GET"]}}],"collection":[{"href":"https:\/\/www.icip.cat\/es\/wp-json\/wp\/v2\/posts"}],"about":[{"href":"https:\/\/www.icip.cat\/es\/wp-json\/wp\/v2\/types\/post"}],"author":[{"embeddable":true,"href":"https:\/\/www.icip.cat\/es\/wp-json\/wp\/v2\/users\/1"}],"replies":[{"embeddable":true,"href":"https:\/\/www.icip.cat\/es\/wp-json\/wp\/v2\/comments?post=4942"}],"version-history":[{"count":1,"href":"https:\/\/www.icip.cat\/es\/wp-json\/wp\/v2\/posts\/4942\/revisions"}],"predecessor-version":[{"id":15362,"href":"https:\/\/www.icip.cat\/es\/wp-json\/wp\/v2\/posts\/4942\/revisions\/15362"}],"wp:featuredmedia":[{"embeddable":true,"href":"https:\/\/www.icip.cat\/es\/wp-json\/wp\/v2\/media\/14930"}],"wp:attachment":[{"href":"https:\/\/www.icip.cat\/es\/wp-json\/wp\/v2\/media?parent=4942"}],"wp:term":[{"taxonomy":"category","embeddable":true,"href":"https:\/\/www.icip.cat\/es\/wp-json\/wp\/v2\/categories?post=4942"},{"taxonomy":"post_tag","embeddable":true,"href":"https:\/\/www.icip.cat\/es\/wp-json\/wp\/v2\/tags?post=4942"}],"curies":[{"name":"wp","href":"https:\/\/api.w.org\/{rel}","templated":true}]}}