{"id":4966,"date":"2020-06-09T08:00:00","date_gmt":"2020-06-09T08:00:00","guid":{"rendered":"http:\/\/www.icip.cat\/abierta-la-convocatoria-de-subvenciones-a-entitades-dedicadas-al-fomento-de-la-paz\/"},"modified":"2021-02-01T10:27:47","modified_gmt":"2021-02-01T10:27:47","slug":"abierta-la-convocatoria-de-subvenciones-a-entitades-dedicadas-al-fomento-de-la-paz-2","status":"publish","type":"post","link":"https:\/\/www.icip.cat\/es\/abierta-la-convocatoria-de-subvenciones-a-entitades-dedicadas-al-fomento-de-la-paz-2\/","title":{"rendered":"Abierta la convocatoria de subvenciones a entitades dedicadas al fomento de la paz"},"content":{"rendered":"<p>El ICIP ha abierto la convocatoria de subvenciones para proyectos de entidades sin af\u00e1n de lucro destinados al fomento de la paz para este a\u00f1o 2020, por un importe global de 60.000 euros.<\/p>\n<p>La convocatoria se dirige a asociaciones, fundaciones o cooperativas de Catalu\u00f1a, que lleven a cabo proyectos, relacionados con las \u00e1reas de inter\u00e9s del ICIP: pol\u00edticas de paz, procesos y experiencias de construcci\u00f3n de paz y reconciliaci\u00f3n, campa\u00f1as del movimiento por la paz, experiencias del uso de la noviolencia, pr\u00e1cticas de articulaci\u00f3n de la convivencia, fortalecimiento comunitario y cohesi\u00f3n social, situaciones de alta conflictividad.<\/p>\n<p>El plazo para presentar solicitudes finaliza el 8 de julio. La presentaci\u00f3n se debe hacer por v\u00eda telem\u00e1tica a trav\u00e9s de la web de tr\u00e1mites de la Generalitat.<\/p>\n","protected":false},"excerpt":{"rendered":"<p>El plazo para presentar solicitudes finaliza el 8 de julio.<\/p>\n","protected":false},"author":1,"featured_media":12056,"comment_status":"closed","ping_status":"open","sticky":false,"template":"","format":"standard","meta":{"_acf_changed":false,"footnotes":""},"categories":[4,5],"tags":[],"class_list":["post-4966","post","type-post","status-publish","format-standard","has-post-thumbnail","hentry","category-sense-categoria","category-sin-categorizar"],"acf":[],"yoast_head":"<!-- This site is optimized with the Yoast SEO plugin v25.6 - https:\/\/yoast.com\/wordpress\/plugins\/seo\/ -->\n<title>Abierta la convocatoria de subvenciones a entitades dedicadas al fomento de la paz - ICIP<\/title>\n<meta name=\"robots\" content=\"index, follow, max-snippet:-1, max-image-preview:large, max-video-preview:-1\" \/>\n<link rel=\"canonical\" href=\"https:\/\/www.icip.cat\/es\/abierta-la-convocatoria-de-subvenciones-a-entitades-dedicadas-al-fomento-de-la-paz-2\/\" \/>\n<meta property=\"og:locale\" content=\"es_ES\" \/>\n<meta property=\"og:type\" content=\"article\" \/>\n<meta property=\"og:title\" content=\"Abierta la convocatoria de subvenciones a entitades dedicadas al fomento de la paz - ICIP\" \/>\n<meta property=\"og:description\" content=\"El plazo para presentar solicitudes finaliza el 8 de julio.\" \/>\n<meta property=\"og:url\" content=\"https:\/\/www.icip.cat\/es\/abierta-la-convocatoria-de-subvenciones-a-entitades-dedicadas-al-fomento-de-la-paz-2\/\" \/>\n<meta property=\"og:site_name\" content=\"ICIP\" \/>\n<meta property=\"article:published_time\" content=\"2020-06-09T08:00:00+00:00\" \/>\n<meta property=\"article:modified_time\" content=\"2021-02-01T10:27:47+00:00\" \/>\n<meta property=\"og:image\" content=\"https:\/\/www.icip.cat\/wp-content\/uploads\/2021\/01\/pexels-fotografierende-1194775-scaled.jpg\" \/>\n\t<meta property=\"og:image:width\" content=\"1707\" \/>\n\t<meta property=\"og:image:height\" content=\"2560\" \/>\n\t<meta property=\"og:image:type\" content=\"image\/jpeg\" \/>\n<meta name=\"author\" content=\"whads\" \/>\n<meta name=\"twitter:card\" content=\"summary_large_image\" \/>\n<meta name=\"twitter:label1\" content=\"Escrito por\" \/>\n\t<meta name=\"twitter:data1\" content=\"whads\" \/>\n\t<meta name=\"twitter:label2\" content=\"Tiempo de lectura\" \/>\n\t<meta name=\"twitter:data2\" content=\"1 minuto\" \/>\n<script type=\"application\/ld+json\" class=\"yoast-schema-graph\">{\"@context\":\"https:\/\/schema.org\",\"@graph\":[{\"@type\":\"Article\",\"@id\":\"https:\/\/www.icip.cat\/es\/abierta-la-convocatoria-de-subvenciones-a-entitades-dedicadas-al-fomento-de-la-paz-2\/#article\",\"isPartOf\":{\"@id\":\"https:\/\/www.icip.cat\/es\/abierta-la-convocatoria-de-subvenciones-a-entitades-dedicadas-al-fomento-de-la-paz-2\/\"},\"author\":{\"name\":\"whads\",\"@id\":\"https:\/\/www.icip.cat\/ca\/#\/schema\/person\/35404003404833995eee2bb6e3115dc6\"},\"headline\":\"Abierta la convocatoria de subvenciones a entitades dedicadas al fomento de la paz\",\"datePublished\":\"2020-06-09T08:00:00+00:00\",\"dateModified\":\"2021-02-01T10:27:47+00:00\",\"mainEntityOfPage\":{\"@id\":\"https:\/\/www.icip.cat\/es\/abierta-la-convocatoria-de-subvenciones-a-entitades-dedicadas-al-fomento-de-la-paz-2\/\"},\"wordCount\":150,\"publisher\":{\"@id\":\"https:\/\/www.icip.cat\/ca\/#organization\"},\"image\":{\"@id\":\"https:\/\/www.icip.cat\/es\/abierta-la-convocatoria-de-subvenciones-a-entitades-dedicadas-al-fomento-de-la-paz-2\/#primaryimage\"},\"thumbnailUrl\":\"https:\/\/www.icip.cat\/wp-content\/uploads\/2021\/01\/pexels-fotografierende-1194775-scaled.jpg\",\"articleSection\":[\"Sense categoria\",\"Sin categorizar\"],\"inLanguage\":\"es\"},{\"@type\":\"WebPage\",\"@id\":\"https:\/\/www.icip.cat\/es\/abierta-la-convocatoria-de-subvenciones-a-entitades-dedicadas-al-fomento-de-la-paz-2\/\",\"url\":\"https:\/\/www.icip.cat\/es\/abierta-la-convocatoria-de-subvenciones-a-entitades-dedicadas-al-fomento-de-la-paz-2\/\",\"name\":\"Abierta la convocatoria de subvenciones a entitades dedicadas al fomento de la paz - ICIP\",\"isPartOf\":{\"@id\":\"https:\/\/www.icip.cat\/ca\/#website\"},\"primaryImageOfPage\":{\"@id\":\"https:\/\/www.icip.cat\/es\/abierta-la-convocatoria-de-subvenciones-a-entitades-dedicadas-al-fomento-de-la-paz-2\/#primaryimage\"},\"image\":{\"@id\":\"https:\/\/www.icip.cat\/es\/abierta-la-convocatoria-de-subvenciones-a-entitades-dedicadas-al-fomento-de-la-paz-2\/#primaryimage\"},\"thumbnailUrl\":\"https:\/\/www.icip.cat\/wp-content\/uploads\/2021\/01\/pexels-fotografierende-1194775-scaled.jpg\",\"datePublished\":\"2020-06-09T08:00:00+00:00\",\"dateModified\":\"2021-02-01T10:27:47+00:00\",\"inLanguage\":\"es\",\"potentialAction\":[{\"@type\":\"ReadAction\",\"target\":[\"https:\/\/www.icip.cat\/es\/abierta-la-convocatoria-de-subvenciones-a-entitades-dedicadas-al-fomento-de-la-paz-2\/\"]}]},{\"@type\":\"ImageObject\",\"inLanguage\":\"es\",\"@id\":\"https:\/\/www.icip.cat\/es\/abierta-la-convocatoria-de-subvenciones-a-entitades-dedicadas-al-fomento-de-la-paz-2\/#primaryimage\",\"url\":\"https:\/\/www.icip.cat\/wp-content\/uploads\/2021\/01\/pexels-fotografierende-1194775-scaled.jpg\",\"contentUrl\":\"https:\/\/www.icip.cat\/wp-content\/uploads\/2021\/01\/pexels-fotografierende-1194775-scaled.jpg\",\"width\":1707,\"height\":2560},{\"@type\":\"WebSite\",\"@id\":\"https:\/\/www.icip.cat\/ca\/#website\",\"url\":\"https:\/\/www.icip.cat\/ca\/\",\"name\":\"ICIP\",\"description\":\"\",\"publisher\":{\"@id\":\"https:\/\/www.icip.cat\/ca\/#organization\"},\"potentialAction\":[{\"@type\":\"SearchAction\",\"target\":{\"@type\":\"EntryPoint\",\"urlTemplate\":\"https:\/\/www.icip.cat\/ca\/?s={search_term_string}\"},\"query-input\":{\"@type\":\"PropertyValueSpecification\",\"valueRequired\":true,\"valueName\":\"search_term_string\"}}],\"inLanguage\":\"es\"},{\"@type\":\"Organization\",\"@id\":\"https:\/\/www.icip.cat\/ca\/#organization\",\"name\":\"ICIP\",\"url\":\"https:\/\/www.icip.cat\/ca\/\",\"logo\":{\"@type\":\"ImageObject\",\"inLanguage\":\"es\",\"@id\":\"https:\/\/www.icip.cat\/ca\/#\/schema\/logo\/image\/\",\"url\":\"https:\/\/www.icip.cat\/wp-content\/uploads\/2021\/02\/logo-2.png\",\"contentUrl\":\"https:\/\/www.icip.cat\/wp-content\/uploads\/2021\/02\/logo-2.png\",\"width\":562,\"height\":391,\"caption\":\"ICIP\"},\"image\":{\"@id\":\"https:\/\/www.icip.cat\/ca\/#\/schema\/logo\/image\/\"}},{\"@type\":\"Person\",\"@id\":\"https:\/\/www.icip.cat\/ca\/#\/schema\/person\/35404003404833995eee2bb6e3115dc6\",\"name\":\"whads\",\"image\":{\"@type\":\"ImageObject\",\"inLanguage\":\"es\",\"@id\":\"https:\/\/www.icip.cat\/ca\/#\/schema\/person\/image\/\",\"url\":\"https:\/\/secure.gravatar.com\/avatar\/6a92e4ce03d9442c546cc4afecfc51777413608a6d55a7b50040700657b6b30f?s=96&d=mm&r=g\",\"contentUrl\":\"https:\/\/secure.gravatar.com\/avatar\/6a92e4ce03d9442c546cc4afecfc51777413608a6d55a7b50040700657b6b30f?s=96&d=mm&r=g\",\"caption\":\"whads\"},\"sameAs\":[\"http:\/\/www.icip.cat\"],\"url\":\"https:\/\/www.icip.cat\/es\/author\/whads\/\"}]}<\/script>\n<!-- \/ Yoast SEO plugin. -->","yoast_head_json":{"title":"Abierta la convocatoria de subvenciones a entitades dedicadas al fomento de la paz - ICIP","robots":{"index":"index","follow":"follow","max-snippet":"max-snippet:-1","max-image-preview":"max-image-preview:large","max-video-preview":"max-video-preview:-1"},"canonical":"https:\/\/www.icip.cat\/es\/abierta-la-convocatoria-de-subvenciones-a-entitades-dedicadas-al-fomento-de-la-paz-2\/","og_locale":"es_ES","og_type":"article","og_title":"Abierta la convocatoria de subvenciones a entitades dedicadas al fomento de la paz - ICIP","og_description":"El plazo para presentar solicitudes finaliza el 8 de julio.","og_url":"https:\/\/www.icip.cat\/es\/abierta-la-convocatoria-de-subvenciones-a-entitades-dedicadas-al-fomento-de-la-paz-2\/","og_site_name":"ICIP","article_published_time":"2020-06-09T08:00:00+00:00","article_modified_time":"2021-02-01T10:27:47+00:00","og_image":[{"width":1707,"height":2560,"url":"https:\/\/www.icip.cat\/wp-content\/uploads\/2021\/01\/pexels-fotografierende-1194775-scaled.jpg","type":"image\/jpeg"}],"author":"whads","twitter_card":"summary_large_image","twitter_misc":{"Escrito por":"whads","Tiempo de lectura":"1 minuto"},"schema":{"@context":"https:\/\/schema.org","@graph":[{"@type":"Article","@id":"https:\/\/www.icip.cat\/es\/abierta-la-convocatoria-de-subvenciones-a-entitades-dedicadas-al-fomento-de-la-paz-2\/#article","isPartOf":{"@id":"https:\/\/www.icip.cat\/es\/abierta-la-convocatoria-de-subvenciones-a-entitades-dedicadas-al-fomento-de-la-paz-2\/"},"author":{"name":"whads","@id":"https:\/\/www.icip.cat\/ca\/#\/schema\/person\/35404003404833995eee2bb6e3115dc6"},"headline":"Abierta la convocatoria de subvenciones a entitades dedicadas al fomento de la paz","datePublished":"2020-06-09T08:00:00+00:00","dateModified":"2021-02-01T10:27:47+00:00","mainEntityOfPage":{"@id":"https:\/\/www.icip.cat\/es\/abierta-la-convocatoria-de-subvenciones-a-entitades-dedicadas-al-fomento-de-la-paz-2\/"},"wordCount":150,"publisher":{"@id":"https:\/\/www.icip.cat\/ca\/#organization"},"image":{"@id":"https:\/\/www.icip.cat\/es\/abierta-la-convocatoria-de-subvenciones-a-entitades-dedicadas-al-fomento-de-la-paz-2\/#primaryimage"},"thumbnailUrl":"https:\/\/www.icip.cat\/wp-content\/uploads\/2021\/01\/pexels-fotografierende-1194775-scaled.jpg","articleSection":["Sense categoria","Sin categorizar"],"inLanguage":"es"},{"@type":"WebPage","@id":"https:\/\/www.icip.cat\/es\/abierta-la-convocatoria-de-subvenciones-a-entitades-dedicadas-al-fomento-de-la-paz-2\/","url":"https:\/\/www.icip.cat\/es\/abierta-la-convocatoria-de-subvenciones-a-entitades-dedicadas-al-fomento-de-la-paz-2\/","name":"Abierta la convocatoria de subvenciones a entitades dedicadas al fomento de la paz - ICIP","isPartOf":{"@id":"https:\/\/www.icip.cat\/ca\/#website"},"primaryImageOfPage":{"@id":"https:\/\/www.icip.cat\/es\/abierta-la-convocatoria-de-subvenciones-a-entitades-dedicadas-al-fomento-de-la-paz-2\/#primaryimage"},"image":{"@id":"https:\/\/www.icip.cat\/es\/abierta-la-convocatoria-de-subvenciones-a-entitades-dedicadas-al-fomento-de-la-paz-2\/#primaryimage"},"thumbnailUrl":"https:\/\/www.icip.cat\/wp-content\/uploads\/2021\/01\/pexels-fotografierende-1194775-scaled.jpg","datePublished":"2020-06-09T08:00:00+00:00","dateModified":"2021-02-01T10:27:47+00:00","inLanguage":"es","potentialAction":[{"@type":"ReadAction","target":["https:\/\/www.icip.cat\/es\/abierta-la-convocatoria-de-subvenciones-a-entitades-dedicadas-al-fomento-de-la-paz-2\/"]}]},{"@type":"ImageObject","inLanguage":"es","@id":"https:\/\/www.icip.cat\/es\/abierta-la-convocatoria-de-subvenciones-a-entitades-dedicadas-al-fomento-de-la-paz-2\/#primaryimage","url":"https:\/\/www.icip.cat\/wp-content\/uploads\/2021\/01\/pexels-fotografierende-1194775-scaled.jpg","contentUrl":"https:\/\/www.icip.cat\/wp-content\/uploads\/2021\/01\/pexels-fotografierende-1194775-scaled.jpg","width":1707,"height":2560},{"@type":"WebSite","@id":"https:\/\/www.icip.cat\/ca\/#website","url":"https:\/\/www.icip.cat\/ca\/","name":"ICIP","description":"","publisher":{"@id":"https:\/\/www.icip.cat\/ca\/#organization"},"potentialAction":[{"@type":"SearchAction","target":{"@type":"EntryPoint","urlTemplate":"https:\/\/www.icip.cat\/ca\/?s={search_term_string}"},"query-input":{"@type":"PropertyValueSpecification","valueRequired":true,"valueName":"search_term_string"}}],"inLanguage":"es"},{"@type":"Organization","@id":"https:\/\/www.icip.cat\/ca\/#organization","name":"ICIP","url":"https:\/\/www.icip.cat\/ca\/","logo":{"@type":"ImageObject","inLanguage":"es","@id":"https:\/\/www.icip.cat\/ca\/#\/schema\/logo\/image\/","url":"https:\/\/www.icip.cat\/wp-content\/uploads\/2021\/02\/logo-2.png","contentUrl":"https:\/\/www.icip.cat\/wp-content\/uploads\/2021\/02\/logo-2.png","width":562,"height":391,"caption":"ICIP"},"image":{"@id":"https:\/\/www.icip.cat\/ca\/#\/schema\/logo\/image\/"}},{"@type":"Person","@id":"https:\/\/www.icip.cat\/ca\/#\/schema\/person\/35404003404833995eee2bb6e3115dc6","name":"whads","image":{"@type":"ImageObject","inLanguage":"es","@id":"https:\/\/www.icip.cat\/ca\/#\/schema\/person\/image\/","url":"https:\/\/secure.gravatar.com\/avatar\/6a92e4ce03d9442c546cc4afecfc51777413608a6d55a7b50040700657b6b30f?s=96&d=mm&r=g","contentUrl":"https:\/\/secure.gravatar.com\/avatar\/6a92e4ce03d9442c546cc4afecfc51777413608a6d55a7b50040700657b6b30f?s=96&d=mm&r=g","caption":"whads"},"sameAs":["http:\/\/www.icip.cat"],"url":"https:\/\/www.icip.cat\/es\/author\/whads\/"}]}},"_links":{"self":[{"href":"https:\/\/www.icip.cat\/es\/wp-json\/wp\/v2\/posts\/4966","targetHints":{"allow":["GET"]}}],"collection":[{"href":"https:\/\/www.icip.cat\/es\/wp-json\/wp\/v2\/posts"}],"about":[{"href":"https:\/\/www.icip.cat\/es\/wp-json\/wp\/v2\/types\/post"}],"author":[{"embeddable":true,"href":"https:\/\/www.icip.cat\/es\/wp-json\/wp\/v2\/users\/1"}],"replies":[{"embeddable":true,"href":"https:\/\/www.icip.cat\/es\/wp-json\/wp\/v2\/comments?post=4966"}],"version-history":[{"count":1,"href":"https:\/\/www.icip.cat\/es\/wp-json\/wp\/v2\/posts\/4966\/revisions"}],"predecessor-version":[{"id":15367,"href":"https:\/\/www.icip.cat\/es\/wp-json\/wp\/v2\/posts\/4966\/revisions\/15367"}],"wp:featuredmedia":[{"embeddable":true,"href":"https:\/\/www.icip.cat\/es\/wp-json\/wp\/v2\/media\/12056"}],"wp:attachment":[{"href":"https:\/\/www.icip.cat\/es\/wp-json\/wp\/v2\/media?parent=4966"}],"wp:term":[{"taxonomy":"category","embeddable":true,"href":"https:\/\/www.icip.cat\/es\/wp-json\/wp\/v2\/categories?post=4966"},{"taxonomy":"post_tag","embeddable":true,"href":"https:\/\/www.icip.cat\/es\/wp-json\/wp\/v2\/tags?post=4966"}],"curies":[{"name":"wp","href":"https:\/\/api.w.org\/{rel}","templated":true}]}}