{"id":5010,"date":"2020-02-13T08:00:00","date_gmt":"2020-02-13T08:00:00","guid":{"rendered":"http:\/\/www.icip.cat\/estudiantes-de-las-escuelas-horitzo-e-ipsi-ganan-el-premio-icip-alfons-banda\/"},"modified":"2020-02-13T08:00:00","modified_gmt":"2020-02-13T08:00:00","slug":"estudiantes-de-las-escuelas-horitzo-e-ipsi-ganan-el-premio-icip-alfons-banda","status":"publish","type":"post","link":"https:\/\/www.icip.cat\/es\/estudiantes-de-las-escuelas-horitzo-e-ipsi-ganan-el-premio-icip-alfons-banda\/","title":{"rendered":"Estudiantes de las escuelas Horitz\u00f3 e IPSI ganan el Premio ICIP Alfons Banda"},"content":{"rendered":"<p>Este mes de febrero se ha hecho p\u00fablica la resoluci\u00f3n de los Premis de Recerca Jove (PRJ), que tienen como objetivo fomentar el esp\u00edritu cr\u00edtico de la juventud.<br \/>\nDentro de estos premios, que convoca anualmente la Agencia de Gesti\u00f3n de Ayudas Universitarias y de Investigaci\u00f3n (AGAUR), forma parte el Premio ICIP Alfons Banda, creado el a\u00f1o 2017 y que recompensa a los trabajos del alumnado de segundo ciclo de Educaci\u00f3n Secundaria Obligatoria (ESO) y de educaci\u00f3n postobligatoria (bachillerato y ciclos formativos de grado medio y superior) que promuevan el an\u00e1lisis y la obtenci\u00f3n de resultados en el campo te\u00f3rico de la construcci\u00f3n de una cultura de paz o la aplicaci\u00f3n pr\u00e1ctica de la gesti\u00f3n noviolenta de los conflictos.<br \/>\nEn esta edici\u00f3n, se han presentado un total de 13 trabajos, de los cuales han sido premiados los siguientes:<br \/>\n&#8211; \u00abEl Pr\u00edncep del desert. Petroli, religi\u00f3 i armes: El Pr\u00edncep de Maquiavel i l&#8217;economia pol\u00edtica a Pr\u00f2xim Orient\u00bb, del alumno Jordi Calaf\u00ed Franquesa, de la Escola l&#8217;Horitz\u00f3, de Barcelona.<br \/>\n&#8211; \u00abEls Drets Humans en el marc europeu. Teoria o realitat?\u00bb de la alumna J\u00falia Puigdom\u00e8nech Vidal de Escola IPSI, de Barcelona.<br \/>\nLa ceremonia de entrega del conjunto de los Premis de Recerca Jove tendr\u00e1 lugar el pr\u00f3ximo mes de mayo en Barcelona. Previamente, el ICIP recibir\u00e1 a las dos personas galardonadas con el Premio ICIP Alfons Banda en un acto en la Biblioteca del Instituto.<\/p>\n","protected":false},"excerpt":{"rendered":"<p>El galard\u00f3n forma parte de los Premis de Recerca Jove (PRJ) y premia trabajos de investigaci\u00f3n sobre la cultura de paz de estudiantes de secundaria, bachillerato o ciclos formativos.<\/p>\n","protected":false},"author":1,"featured_media":5011,"comment_status":"closed","ping_status":"open","sticky":false,"template":"","format":"standard","meta":{"_acf_changed":false,"footnotes":""},"categories":[4],"tags":[],"class_list":["post-5010","post","type-post","status-publish","format-standard","has-post-thumbnail","hentry","category-sense-categoria"],"acf":[],"yoast_head":"<!-- This site is optimized with the Yoast SEO plugin v25.6 - https:\/\/yoast.com\/wordpress\/plugins\/seo\/ -->\n<title>Estudiantes de las escuelas Horitz\u00f3 e IPSI ganan el Premio ICIP Alfons Banda - ICIP<\/title>\n<meta name=\"robots\" content=\"index, follow, max-snippet:-1, max-image-preview:large, max-video-preview:-1\" \/>\n<link rel=\"canonical\" href=\"https:\/\/www.icip.cat\/es\/estudiantes-de-las-escuelas-horitzo-e-ipsi-ganan-el-premio-icip-alfons-banda\/\" \/>\n<meta property=\"og:locale\" content=\"es_ES\" \/>\n<meta property=\"og:type\" content=\"article\" \/>\n<meta property=\"og:title\" content=\"Estudiantes de las escuelas Horitz\u00f3 e IPSI ganan el Premio ICIP Alfons Banda - ICIP\" \/>\n<meta property=\"og:description\" content=\"El galard\u00f3n forma parte de los Premis de Recerca Jove (PRJ) y premia trabajos de investigaci\u00f3n sobre la cultura de paz de estudiantes de secundaria, bachillerato o ciclos formativos.\" \/>\n<meta property=\"og:url\" content=\"https:\/\/www.icip.cat\/es\/estudiantes-de-las-escuelas-horitzo-e-ipsi-ganan-el-premio-icip-alfons-banda\/\" \/>\n<meta property=\"og:site_name\" content=\"ICIP\" \/>\n<meta property=\"article:published_time\" content=\"2020-02-13T08:00:00+00:00\" \/>\n<meta property=\"og:image\" content=\"https:\/\/www.icip.cat\/wp-content\/uploads\/2020\/02\/logo_geco-1.jpg_1805848694-1.jpg\" \/>\n\t<meta property=\"og:image:width\" content=\"190\" \/>\n\t<meta property=\"og:image:height\" content=\"113\" \/>\n\t<meta property=\"og:image:type\" content=\"image\/jpeg\" \/>\n<meta name=\"author\" content=\"whads\" \/>\n<meta name=\"twitter:card\" content=\"summary_large_image\" \/>\n<meta name=\"twitter:label1\" content=\"Escrito por\" \/>\n\t<meta name=\"twitter:data1\" content=\"whads\" \/>\n\t<meta name=\"twitter:label2\" content=\"Tiempo de lectura\" \/>\n\t<meta name=\"twitter:data2\" content=\"1 minuto\" \/>\n<script type=\"application\/ld+json\" class=\"yoast-schema-graph\">{\"@context\":\"https:\/\/schema.org\",\"@graph\":[{\"@type\":\"Article\",\"@id\":\"https:\/\/www.icip.cat\/es\/estudiantes-de-las-escuelas-horitzo-e-ipsi-ganan-el-premio-icip-alfons-banda\/#article\",\"isPartOf\":{\"@id\":\"https:\/\/www.icip.cat\/es\/estudiantes-de-las-escuelas-horitzo-e-ipsi-ganan-el-premio-icip-alfons-banda\/\"},\"author\":{\"name\":\"whads\",\"@id\":\"https:\/\/www.icip.cat\/ca\/#\/schema\/person\/35404003404833995eee2bb6e3115dc6\"},\"headline\":\"Estudiantes de las escuelas Horitz\u00f3 e IPSI ganan el Premio ICIP Alfons Banda\",\"datePublished\":\"2020-02-13T08:00:00+00:00\",\"mainEntityOfPage\":{\"@id\":\"https:\/\/www.icip.cat\/es\/estudiantes-de-las-escuelas-horitzo-e-ipsi-ganan-el-premio-icip-alfons-banda\/\"},\"wordCount\":270,\"publisher\":{\"@id\":\"https:\/\/www.icip.cat\/ca\/#organization\"},\"image\":{\"@id\":\"https:\/\/www.icip.cat\/es\/estudiantes-de-las-escuelas-horitzo-e-ipsi-ganan-el-premio-icip-alfons-banda\/#primaryimage\"},\"thumbnailUrl\":\"https:\/\/www.icip.cat\/wp-content\/uploads\/2020\/02\/logo_geco-1.jpg_1805848694-1.jpg\",\"articleSection\":[\"Sense categoria\"],\"inLanguage\":\"es\"},{\"@type\":\"WebPage\",\"@id\":\"https:\/\/www.icip.cat\/es\/estudiantes-de-las-escuelas-horitzo-e-ipsi-ganan-el-premio-icip-alfons-banda\/\",\"url\":\"https:\/\/www.icip.cat\/es\/estudiantes-de-las-escuelas-horitzo-e-ipsi-ganan-el-premio-icip-alfons-banda\/\",\"name\":\"Estudiantes de las escuelas Horitz\u00f3 e IPSI ganan el Premio ICIP Alfons Banda - ICIP\",\"isPartOf\":{\"@id\":\"https:\/\/www.icip.cat\/ca\/#website\"},\"primaryImageOfPage\":{\"@id\":\"https:\/\/www.icip.cat\/es\/estudiantes-de-las-escuelas-horitzo-e-ipsi-ganan-el-premio-icip-alfons-banda\/#primaryimage\"},\"image\":{\"@id\":\"https:\/\/www.icip.cat\/es\/estudiantes-de-las-escuelas-horitzo-e-ipsi-ganan-el-premio-icip-alfons-banda\/#primaryimage\"},\"thumbnailUrl\":\"https:\/\/www.icip.cat\/wp-content\/uploads\/2020\/02\/logo_geco-1.jpg_1805848694-1.jpg\",\"datePublished\":\"2020-02-13T08:00:00+00:00\",\"inLanguage\":\"es\",\"potentialAction\":[{\"@type\":\"ReadAction\",\"target\":[\"https:\/\/www.icip.cat\/es\/estudiantes-de-las-escuelas-horitzo-e-ipsi-ganan-el-premio-icip-alfons-banda\/\"]}]},{\"@type\":\"ImageObject\",\"inLanguage\":\"es\",\"@id\":\"https:\/\/www.icip.cat\/es\/estudiantes-de-las-escuelas-horitzo-e-ipsi-ganan-el-premio-icip-alfons-banda\/#primaryimage\",\"url\":\"https:\/\/www.icip.cat\/wp-content\/uploads\/2020\/02\/logo_geco-1.jpg_1805848694-1.jpg\",\"contentUrl\":\"https:\/\/www.icip.cat\/wp-content\/uploads\/2020\/02\/logo_geco-1.jpg_1805848694-1.jpg\",\"width\":190,\"height\":113,\"caption\":\"Estudiantes de las escuelas Horitz\u00f3 e IPSI ganan el Premio ICIP Alfons Banda\"},{\"@type\":\"WebSite\",\"@id\":\"https:\/\/www.icip.cat\/ca\/#website\",\"url\":\"https:\/\/www.icip.cat\/ca\/\",\"name\":\"ICIP\",\"description\":\"\",\"publisher\":{\"@id\":\"https:\/\/www.icip.cat\/ca\/#organization\"},\"potentialAction\":[{\"@type\":\"SearchAction\",\"target\":{\"@type\":\"EntryPoint\",\"urlTemplate\":\"https:\/\/www.icip.cat\/ca\/?s={search_term_string}\"},\"query-input\":{\"@type\":\"PropertyValueSpecification\",\"valueRequired\":true,\"valueName\":\"search_term_string\"}}],\"inLanguage\":\"es\"},{\"@type\":\"Organization\",\"@id\":\"https:\/\/www.icip.cat\/ca\/#organization\",\"name\":\"ICIP\",\"url\":\"https:\/\/www.icip.cat\/ca\/\",\"logo\":{\"@type\":\"ImageObject\",\"inLanguage\":\"es\",\"@id\":\"https:\/\/www.icip.cat\/ca\/#\/schema\/logo\/image\/\",\"url\":\"https:\/\/www.icip.cat\/wp-content\/uploads\/2021\/02\/logo-2.png\",\"contentUrl\":\"https:\/\/www.icip.cat\/wp-content\/uploads\/2021\/02\/logo-2.png\",\"width\":562,\"height\":391,\"caption\":\"ICIP\"},\"image\":{\"@id\":\"https:\/\/www.icip.cat\/ca\/#\/schema\/logo\/image\/\"}},{\"@type\":\"Person\",\"@id\":\"https:\/\/www.icip.cat\/ca\/#\/schema\/person\/35404003404833995eee2bb6e3115dc6\",\"name\":\"whads\",\"image\":{\"@type\":\"ImageObject\",\"inLanguage\":\"es\",\"@id\":\"https:\/\/www.icip.cat\/ca\/#\/schema\/person\/image\/\",\"url\":\"https:\/\/secure.gravatar.com\/avatar\/6a92e4ce03d9442c546cc4afecfc51777413608a6d55a7b50040700657b6b30f?s=96&d=mm&r=g\",\"contentUrl\":\"https:\/\/secure.gravatar.com\/avatar\/6a92e4ce03d9442c546cc4afecfc51777413608a6d55a7b50040700657b6b30f?s=96&d=mm&r=g\",\"caption\":\"whads\"},\"sameAs\":[\"http:\/\/www.icip.cat\"],\"url\":\"https:\/\/www.icip.cat\/es\/author\/whads\/\"}]}<\/script>\n<!-- \/ Yoast SEO plugin. -->","yoast_head_json":{"title":"Estudiantes de las escuelas Horitz\u00f3 e IPSI ganan el Premio ICIP Alfons Banda - ICIP","robots":{"index":"index","follow":"follow","max-snippet":"max-snippet:-1","max-image-preview":"max-image-preview:large","max-video-preview":"max-video-preview:-1"},"canonical":"https:\/\/www.icip.cat\/es\/estudiantes-de-las-escuelas-horitzo-e-ipsi-ganan-el-premio-icip-alfons-banda\/","og_locale":"es_ES","og_type":"article","og_title":"Estudiantes de las escuelas Horitz\u00f3 e IPSI ganan el Premio ICIP Alfons Banda - ICIP","og_description":"El galard\u00f3n forma parte de los Premis de Recerca Jove (PRJ) y premia trabajos de investigaci\u00f3n sobre la cultura de paz de estudiantes de secundaria, bachillerato o ciclos formativos.","og_url":"https:\/\/www.icip.cat\/es\/estudiantes-de-las-escuelas-horitzo-e-ipsi-ganan-el-premio-icip-alfons-banda\/","og_site_name":"ICIP","article_published_time":"2020-02-13T08:00:00+00:00","og_image":[{"width":190,"height":113,"url":"https:\/\/www.icip.cat\/wp-content\/uploads\/2020\/02\/logo_geco-1.jpg_1805848694-1.jpg","type":"image\/jpeg"}],"author":"whads","twitter_card":"summary_large_image","twitter_misc":{"Escrito por":"whads","Tiempo de lectura":"1 minuto"},"schema":{"@context":"https:\/\/schema.org","@graph":[{"@type":"Article","@id":"https:\/\/www.icip.cat\/es\/estudiantes-de-las-escuelas-horitzo-e-ipsi-ganan-el-premio-icip-alfons-banda\/#article","isPartOf":{"@id":"https:\/\/www.icip.cat\/es\/estudiantes-de-las-escuelas-horitzo-e-ipsi-ganan-el-premio-icip-alfons-banda\/"},"author":{"name":"whads","@id":"https:\/\/www.icip.cat\/ca\/#\/schema\/person\/35404003404833995eee2bb6e3115dc6"},"headline":"Estudiantes de las escuelas Horitz\u00f3 e IPSI ganan el Premio ICIP Alfons Banda","datePublished":"2020-02-13T08:00:00+00:00","mainEntityOfPage":{"@id":"https:\/\/www.icip.cat\/es\/estudiantes-de-las-escuelas-horitzo-e-ipsi-ganan-el-premio-icip-alfons-banda\/"},"wordCount":270,"publisher":{"@id":"https:\/\/www.icip.cat\/ca\/#organization"},"image":{"@id":"https:\/\/www.icip.cat\/es\/estudiantes-de-las-escuelas-horitzo-e-ipsi-ganan-el-premio-icip-alfons-banda\/#primaryimage"},"thumbnailUrl":"https:\/\/www.icip.cat\/wp-content\/uploads\/2020\/02\/logo_geco-1.jpg_1805848694-1.jpg","articleSection":["Sense categoria"],"inLanguage":"es"},{"@type":"WebPage","@id":"https:\/\/www.icip.cat\/es\/estudiantes-de-las-escuelas-horitzo-e-ipsi-ganan-el-premio-icip-alfons-banda\/","url":"https:\/\/www.icip.cat\/es\/estudiantes-de-las-escuelas-horitzo-e-ipsi-ganan-el-premio-icip-alfons-banda\/","name":"Estudiantes de las escuelas Horitz\u00f3 e IPSI ganan el Premio ICIP Alfons Banda - ICIP","isPartOf":{"@id":"https:\/\/www.icip.cat\/ca\/#website"},"primaryImageOfPage":{"@id":"https:\/\/www.icip.cat\/es\/estudiantes-de-las-escuelas-horitzo-e-ipsi-ganan-el-premio-icip-alfons-banda\/#primaryimage"},"image":{"@id":"https:\/\/www.icip.cat\/es\/estudiantes-de-las-escuelas-horitzo-e-ipsi-ganan-el-premio-icip-alfons-banda\/#primaryimage"},"thumbnailUrl":"https:\/\/www.icip.cat\/wp-content\/uploads\/2020\/02\/logo_geco-1.jpg_1805848694-1.jpg","datePublished":"2020-02-13T08:00:00+00:00","inLanguage":"es","potentialAction":[{"@type":"ReadAction","target":["https:\/\/www.icip.cat\/es\/estudiantes-de-las-escuelas-horitzo-e-ipsi-ganan-el-premio-icip-alfons-banda\/"]}]},{"@type":"ImageObject","inLanguage":"es","@id":"https:\/\/www.icip.cat\/es\/estudiantes-de-las-escuelas-horitzo-e-ipsi-ganan-el-premio-icip-alfons-banda\/#primaryimage","url":"https:\/\/www.icip.cat\/wp-content\/uploads\/2020\/02\/logo_geco-1.jpg_1805848694-1.jpg","contentUrl":"https:\/\/www.icip.cat\/wp-content\/uploads\/2020\/02\/logo_geco-1.jpg_1805848694-1.jpg","width":190,"height":113,"caption":"Estudiantes de las escuelas Horitz\u00f3 e IPSI ganan el Premio ICIP Alfons Banda"},{"@type":"WebSite","@id":"https:\/\/www.icip.cat\/ca\/#website","url":"https:\/\/www.icip.cat\/ca\/","name":"ICIP","description":"","publisher":{"@id":"https:\/\/www.icip.cat\/ca\/#organization"},"potentialAction":[{"@type":"SearchAction","target":{"@type":"EntryPoint","urlTemplate":"https:\/\/www.icip.cat\/ca\/?s={search_term_string}"},"query-input":{"@type":"PropertyValueSpecification","valueRequired":true,"valueName":"search_term_string"}}],"inLanguage":"es"},{"@type":"Organization","@id":"https:\/\/www.icip.cat\/ca\/#organization","name":"ICIP","url":"https:\/\/www.icip.cat\/ca\/","logo":{"@type":"ImageObject","inLanguage":"es","@id":"https:\/\/www.icip.cat\/ca\/#\/schema\/logo\/image\/","url":"https:\/\/www.icip.cat\/wp-content\/uploads\/2021\/02\/logo-2.png","contentUrl":"https:\/\/www.icip.cat\/wp-content\/uploads\/2021\/02\/logo-2.png","width":562,"height":391,"caption":"ICIP"},"image":{"@id":"https:\/\/www.icip.cat\/ca\/#\/schema\/logo\/image\/"}},{"@type":"Person","@id":"https:\/\/www.icip.cat\/ca\/#\/schema\/person\/35404003404833995eee2bb6e3115dc6","name":"whads","image":{"@type":"ImageObject","inLanguage":"es","@id":"https:\/\/www.icip.cat\/ca\/#\/schema\/person\/image\/","url":"https:\/\/secure.gravatar.com\/avatar\/6a92e4ce03d9442c546cc4afecfc51777413608a6d55a7b50040700657b6b30f?s=96&d=mm&r=g","contentUrl":"https:\/\/secure.gravatar.com\/avatar\/6a92e4ce03d9442c546cc4afecfc51777413608a6d55a7b50040700657b6b30f?s=96&d=mm&r=g","caption":"whads"},"sameAs":["http:\/\/www.icip.cat"],"url":"https:\/\/www.icip.cat\/es\/author\/whads\/"}]}},"_links":{"self":[{"href":"https:\/\/www.icip.cat\/es\/wp-json\/wp\/v2\/posts\/5010","targetHints":{"allow":["GET"]}}],"collection":[{"href":"https:\/\/www.icip.cat\/es\/wp-json\/wp\/v2\/posts"}],"about":[{"href":"https:\/\/www.icip.cat\/es\/wp-json\/wp\/v2\/types\/post"}],"author":[{"embeddable":true,"href":"https:\/\/www.icip.cat\/es\/wp-json\/wp\/v2\/users\/1"}],"replies":[{"embeddable":true,"href":"https:\/\/www.icip.cat\/es\/wp-json\/wp\/v2\/comments?post=5010"}],"version-history":[{"count":0,"href":"https:\/\/www.icip.cat\/es\/wp-json\/wp\/v2\/posts\/5010\/revisions"}],"wp:featuredmedia":[{"embeddable":true,"href":"https:\/\/www.icip.cat\/es\/wp-json\/wp\/v2\/media\/5011"}],"wp:attachment":[{"href":"https:\/\/www.icip.cat\/es\/wp-json\/wp\/v2\/media?parent=5010"}],"wp:term":[{"taxonomy":"category","embeddable":true,"href":"https:\/\/www.icip.cat\/es\/wp-json\/wp\/v2\/categories?post=5010"},{"taxonomy":"post_tag","embeddable":true,"href":"https:\/\/www.icip.cat\/es\/wp-json\/wp\/v2\/tags?post=5010"}],"curies":[{"name":"wp","href":"https:\/\/api.w.org\/{rel}","templated":true}]}}