{"id":5082,"date":"2019-07-01T08:00:00","date_gmt":"2019-07-01T08:00:00","guid":{"rendered":"http:\/\/www.icip.cat\/sigue-en-directo-el-foro-internacional-por-la-construccion-de-paz-en-mexico\/"},"modified":"2019-07-01T08:00:00","modified_gmt":"2019-07-01T08:00:00","slug":"sigue-en-directo-el-foro-internacional-por-la-construccion-de-paz-en-mexico","status":"publish","type":"post","link":"https:\/\/www.icip.cat\/es\/sigue-en-directo-el-foro-internacional-por-la-construccion-de-paz-en-mexico\/","title":{"rendered":"Sigue en directo el Foro Internacional por la Construcci\u00f3n de Paz en M\u00e9xico"},"content":{"rendered":"<p>Los d\u00edas 25, 26 y 27 de septiembre el ICIP celebra en Barcelona el I Foro Internacional por la Construcci\u00f3n de Paz en M\u00e9xico, coorganizado junto a la Taula per M\u00e8xic y la entidad mexicana Serapaz.<br \/>\nEl Foro re\u00fane a m\u00e1s de 40 participantes de la academia, el activismo social, las instituciones, la cultura y el periodismo con el objetivo de dar a conocer, analizar y debatir las oportunidades que pueden suponer un cambio de paradigma y promover la construcci\u00f3n de paz en M\u00e9xico.<br \/>\nOs ofrecemos la posibilidad de seguir el evento en directo por streaming a trav\u00e9s de estos enlaces:<br \/>\n&#8211; Sesi\u00f3n mi\u00e9rcoles 25 de septiembre de 2019: Bienvenida y conmemoraci\u00f3n de las desapariciones de Ayotzinapa<br \/>\n&#8211; Sesi\u00f3n jueves 26 de septiembre de 2019, ma\u00f1ana: Panels 1 y 2<br \/>\n&#8211; Sesi\u00f3n jueves 26 de septiembre de 2019, tarde: Panels 3 y 4<br \/>\n&#8211; Sesi\u00f3n viernes 27 de septiembre de 2019, ma\u00f1ana: Panels 5 y 6<br \/>\n&#8211; Sesi\u00f3n viernes 27 de septiembre de 2019, tarde: Panel 7 y conclusiones<br \/>\nM\u00e9xico: \u00bfoportunidades por la paz?<br \/>\nM\u00e9xico vive desde hace unos a\u00f1os una grave crisis de seguridad que afecta a los derechos humanos de las personas que viven o transitan por el pa\u00eds. Entre los hechos m\u00e1s preocupantes destaca el elevado n\u00famero de homicidios (33.000 en el 2018) y de desapariciones forzosas (40.000 en los \u00faltimos 13 a\u00f1os), as\u00ed como la pr\u00e1ctica habitual de la tortura y violencia sexual, la trata de personas y los ataques contra la libertad de expresi\u00f3n y el activismo social. A ello hay que sumar todas las violencias relacionadas con el empobrecimiento de la poblaci\u00f3n, la exclusi\u00f3n social y el expolio del territorio. Las causas de esta crisis son multidimensionales y combinan una serie de factores que tienen que ver con las din\u00e1micas del crimen organizado, la corrupci\u00f3n y el funcionamiento de las instituciones p\u00fablicas, entre ellas las fuerzas de seguridad y el sistema judicial. Este alarmante escenario de inseguridad y violaciones de los derechos humanos plantea desaf\u00edos sustanciales que ameritan una lectura en clave de construcci\u00f3n de paz.<br \/>\nEn una situaci\u00f3n como \u00e9sta en la que los niveles de inseguridad y sufrimiento son muy equiparables a las de un conflicto armado, se impone la necesidad no s\u00f3lo de denunciar internacionalmente lo que est\u00e1 sucediendo en el pa\u00eds, sino tambi\u00e9n de desarrollar estrategias de paz y de recuperaci\u00f3n de los derechos humanos. Son numerosas las iniciativas que van surgiendo en este sentido desde la sociedad civil, a pesar de todas las dificultades y peligros. Son igualmente numerosas las voces que piden nuevas pol\u00edticas de seguridad, desmilitarizadas y enfocadas a las necesidades reales de las personas. Por su parte, durante sus primeros meses de mandato, el nuevo gobierno mexicano tambi\u00e9n ha avanzado propuestas para disminuir los niveles de impunidad y fomentar el bienestar social.<br \/>\nCon el objetivo de dar a conocer, analizar y debatir estas aperturas que podr\u00edan conducir hacia la paz en M\u00e9xico, el ICIP junto a la organizaci\u00f3n mexicana SERAPAZ y a la Taula per M\u00e8xic convoca el primer Foro Internacional por la Construcci\u00f3n de Paz en M\u00e9xico. En \u00e9ste, se espera ofrecer un marco de an\u00e1lisis que plantee lo retos en seguridad y derechos humanos como retos de construcci\u00f3n de paz.<br \/>\nInstituciones participantes<br \/>\nEntre los ponentes participantes destacan representantes del Colectivo de An\u00e1lisis de la Seguridad en Democracia (CASEDE), el CIDOB, el Consorcio Oaxacapara el Di\u00e1logo Parlamentario, el Colegio de la Frontera Norte, el Servicio Paz y Justicia (SERPAJ), el Centro de Investigaciones y Estudios Superiores Antropolog\u00eda Social (CIESAS), la Comisi\u00f3n Mexicana de Defensa y Promoci\u00f3n de los Derechos Humanos, el Institute for Integrated Transitions o el Kellogg Institute for International Studies de la Universidad de Notre Dame. El Foro tambi\u00e9n contar\u00e1 con la participaci\u00f3n de defensores de los derechos humanos, periodistas amenazados, y familiares de personas v\u00edctimas de desaparici\u00f3n forzosa.<br \/>\nLa celebraci\u00f3n del Foro coincide con el quinto aniversario de la desaparici\u00f3n forzosa de 43 estudiantes de Ayotzinapa, en Iguala y, en paralelo a las mesas de debate, se celebra un acto conmemorativo con familiares de los desaparecidos.<br \/>\nEl evento forma parte del programa de trabajo del ICIP \u00abViolencias fuera de contextos b\u00e9licos\u00bb. El Foro es abierto al p\u00fablico previa confirmaci\u00f3n de asistencia en activitats.icip@gencat.cat.<\/p>\n","protected":false},"excerpt":{"rendered":"<p>Os ofrecemos en streaming el desarrollo completo del Foro, que tiene lugar los d\u00edas 25, 26 y 27 de septiembre en Barcelona.<\/p>\n","protected":false},"author":1,"featured_media":5083,"comment_status":"closed","ping_status":"open","sticky":false,"template":"","format":"standard","meta":{"_acf_changed":false,"footnotes":""},"categories":[4],"tags":[],"class_list":["post-5082","post","type-post","status-publish","format-standard","has-post-thumbnail","hentry","category-sense-categoria"],"acf":[],"yoast_head":"<!-- This site is optimized with the Yoast SEO plugin v25.6 - https:\/\/yoast.com\/wordpress\/plugins\/seo\/ -->\n<title>Sigue en directo el Foro Internacional por la Construcci\u00f3n de Paz en M\u00e9xico - ICIP<\/title>\n<meta name=\"robots\" content=\"index, follow, max-snippet:-1, max-image-preview:large, max-video-preview:-1\" \/>\n<link rel=\"canonical\" href=\"https:\/\/www.icip.cat\/es\/sigue-en-directo-el-foro-internacional-por-la-construccion-de-paz-en-mexico\/\" \/>\n<meta property=\"og:locale\" content=\"es_ES\" \/>\n<meta property=\"og:type\" content=\"article\" \/>\n<meta property=\"og:title\" content=\"Sigue en directo el Foro Internacional por la Construcci\u00f3n de Paz en M\u00e9xico - ICIP\" \/>\n<meta property=\"og:description\" content=\"Os ofrecemos en streaming el desarrollo completo del Foro, que tiene lugar los d\u00edas 25, 26 y 27 de septiembre en Barcelona.\" \/>\n<meta property=\"og:url\" content=\"https:\/\/www.icip.cat\/es\/sigue-en-directo-el-foro-internacional-por-la-construccion-de-paz-en-mexico\/\" \/>\n<meta property=\"og:site_name\" content=\"ICIP\" \/>\n<meta property=\"article:published_time\" content=\"2019-07-01T08:00:00+00:00\" \/>\n<meta property=\"og:image\" content=\"https:\/\/www.icip.cat\/wp-content\/uploads\/2019\/07\/01-cast2-2.jpg_1807695736-2.jpg\" \/>\n\t<meta property=\"og:image:width\" content=\"190\" \/>\n\t<meta property=\"og:image:height\" content=\"111\" \/>\n\t<meta property=\"og:image:type\" content=\"image\/jpeg\" \/>\n<meta name=\"author\" content=\"whads\" \/>\n<meta name=\"twitter:card\" content=\"summary_large_image\" \/>\n<meta name=\"twitter:label1\" content=\"Escrito por\" \/>\n\t<meta name=\"twitter:data1\" content=\"whads\" \/>\n\t<meta name=\"twitter:label2\" content=\"Tiempo de lectura\" \/>\n\t<meta name=\"twitter:data2\" content=\"4 minutos\" \/>\n<script type=\"application\/ld+json\" class=\"yoast-schema-graph\">{\"@context\":\"https:\/\/schema.org\",\"@graph\":[{\"@type\":\"Article\",\"@id\":\"https:\/\/www.icip.cat\/es\/sigue-en-directo-el-foro-internacional-por-la-construccion-de-paz-en-mexico\/#article\",\"isPartOf\":{\"@id\":\"https:\/\/www.icip.cat\/es\/sigue-en-directo-el-foro-internacional-por-la-construccion-de-paz-en-mexico\/\"},\"author\":{\"name\":\"whads\",\"@id\":\"https:\/\/www.icip.cat\/ca\/#\/schema\/person\/35404003404833995eee2bb6e3115dc6\"},\"headline\":\"Sigue en directo el Foro Internacional por la Construcci\u00f3n de Paz en M\u00e9xico\",\"datePublished\":\"2019-07-01T08:00:00+00:00\",\"mainEntityOfPage\":{\"@id\":\"https:\/\/www.icip.cat\/es\/sigue-en-directo-el-foro-internacional-por-la-construccion-de-paz-en-mexico\/\"},\"wordCount\":756,\"publisher\":{\"@id\":\"https:\/\/www.icip.cat\/ca\/#organization\"},\"image\":{\"@id\":\"https:\/\/www.icip.cat\/es\/sigue-en-directo-el-foro-internacional-por-la-construccion-de-paz-en-mexico\/#primaryimage\"},\"thumbnailUrl\":\"https:\/\/www.icip.cat\/wp-content\/uploads\/2019\/07\/01-cast2-2.jpg_1807695736-2.jpg\",\"articleSection\":[\"Sense categoria\"],\"inLanguage\":\"es\"},{\"@type\":\"WebPage\",\"@id\":\"https:\/\/www.icip.cat\/es\/sigue-en-directo-el-foro-internacional-por-la-construccion-de-paz-en-mexico\/\",\"url\":\"https:\/\/www.icip.cat\/es\/sigue-en-directo-el-foro-internacional-por-la-construccion-de-paz-en-mexico\/\",\"name\":\"Sigue en directo el Foro Internacional por la Construcci\u00f3n de Paz en M\u00e9xico - ICIP\",\"isPartOf\":{\"@id\":\"https:\/\/www.icip.cat\/ca\/#website\"},\"primaryImageOfPage\":{\"@id\":\"https:\/\/www.icip.cat\/es\/sigue-en-directo-el-foro-internacional-por-la-construccion-de-paz-en-mexico\/#primaryimage\"},\"image\":{\"@id\":\"https:\/\/www.icip.cat\/es\/sigue-en-directo-el-foro-internacional-por-la-construccion-de-paz-en-mexico\/#primaryimage\"},\"thumbnailUrl\":\"https:\/\/www.icip.cat\/wp-content\/uploads\/2019\/07\/01-cast2-2.jpg_1807695736-2.jpg\",\"datePublished\":\"2019-07-01T08:00:00+00:00\",\"inLanguage\":\"es\",\"potentialAction\":[{\"@type\":\"ReadAction\",\"target\":[\"https:\/\/www.icip.cat\/es\/sigue-en-directo-el-foro-internacional-por-la-construccion-de-paz-en-mexico\/\"]}]},{\"@type\":\"ImageObject\",\"inLanguage\":\"es\",\"@id\":\"https:\/\/www.icip.cat\/es\/sigue-en-directo-el-foro-internacional-por-la-construccion-de-paz-en-mexico\/#primaryimage\",\"url\":\"https:\/\/www.icip.cat\/wp-content\/uploads\/2019\/07\/01-cast2-2.jpg_1807695736-2.jpg\",\"contentUrl\":\"https:\/\/www.icip.cat\/wp-content\/uploads\/2019\/07\/01-cast2-2.jpg_1807695736-2.jpg\",\"width\":190,\"height\":111,\"caption\":\"Sigue en directo el Foro Internacional por la Construcci\u00f3n de Paz en M\u00e9xico\"},{\"@type\":\"WebSite\",\"@id\":\"https:\/\/www.icip.cat\/ca\/#website\",\"url\":\"https:\/\/www.icip.cat\/ca\/\",\"name\":\"ICIP\",\"description\":\"\",\"publisher\":{\"@id\":\"https:\/\/www.icip.cat\/ca\/#organization\"},\"potentialAction\":[{\"@type\":\"SearchAction\",\"target\":{\"@type\":\"EntryPoint\",\"urlTemplate\":\"https:\/\/www.icip.cat\/ca\/?s={search_term_string}\"},\"query-input\":{\"@type\":\"PropertyValueSpecification\",\"valueRequired\":true,\"valueName\":\"search_term_string\"}}],\"inLanguage\":\"es\"},{\"@type\":\"Organization\",\"@id\":\"https:\/\/www.icip.cat\/ca\/#organization\",\"name\":\"ICIP\",\"url\":\"https:\/\/www.icip.cat\/ca\/\",\"logo\":{\"@type\":\"ImageObject\",\"inLanguage\":\"es\",\"@id\":\"https:\/\/www.icip.cat\/ca\/#\/schema\/logo\/image\/\",\"url\":\"https:\/\/www.icip.cat\/wp-content\/uploads\/2021\/02\/logo-2.png\",\"contentUrl\":\"https:\/\/www.icip.cat\/wp-content\/uploads\/2021\/02\/logo-2.png\",\"width\":562,\"height\":391,\"caption\":\"ICIP\"},\"image\":{\"@id\":\"https:\/\/www.icip.cat\/ca\/#\/schema\/logo\/image\/\"}},{\"@type\":\"Person\",\"@id\":\"https:\/\/www.icip.cat\/ca\/#\/schema\/person\/35404003404833995eee2bb6e3115dc6\",\"name\":\"whads\",\"image\":{\"@type\":\"ImageObject\",\"inLanguage\":\"es\",\"@id\":\"https:\/\/www.icip.cat\/ca\/#\/schema\/person\/image\/\",\"url\":\"https:\/\/secure.gravatar.com\/avatar\/6a92e4ce03d9442c546cc4afecfc51777413608a6d55a7b50040700657b6b30f?s=96&d=mm&r=g\",\"contentUrl\":\"https:\/\/secure.gravatar.com\/avatar\/6a92e4ce03d9442c546cc4afecfc51777413608a6d55a7b50040700657b6b30f?s=96&d=mm&r=g\",\"caption\":\"whads\"},\"sameAs\":[\"http:\/\/www.icip.cat\"],\"url\":\"https:\/\/www.icip.cat\/es\/author\/whads\/\"}]}<\/script>\n<!-- \/ Yoast SEO plugin. -->","yoast_head_json":{"title":"Sigue en directo el Foro Internacional por la Construcci\u00f3n de Paz en M\u00e9xico - ICIP","robots":{"index":"index","follow":"follow","max-snippet":"max-snippet:-1","max-image-preview":"max-image-preview:large","max-video-preview":"max-video-preview:-1"},"canonical":"https:\/\/www.icip.cat\/es\/sigue-en-directo-el-foro-internacional-por-la-construccion-de-paz-en-mexico\/","og_locale":"es_ES","og_type":"article","og_title":"Sigue en directo el Foro Internacional por la Construcci\u00f3n de Paz en M\u00e9xico - ICIP","og_description":"Os ofrecemos en streaming el desarrollo completo del Foro, que tiene lugar los d\u00edas 25, 26 y 27 de septiembre en Barcelona.","og_url":"https:\/\/www.icip.cat\/es\/sigue-en-directo-el-foro-internacional-por-la-construccion-de-paz-en-mexico\/","og_site_name":"ICIP","article_published_time":"2019-07-01T08:00:00+00:00","og_image":[{"width":190,"height":111,"url":"https:\/\/www.icip.cat\/wp-content\/uploads\/2019\/07\/01-cast2-2.jpg_1807695736-2.jpg","type":"image\/jpeg"}],"author":"whads","twitter_card":"summary_large_image","twitter_misc":{"Escrito por":"whads","Tiempo de lectura":"4 minutos"},"schema":{"@context":"https:\/\/schema.org","@graph":[{"@type":"Article","@id":"https:\/\/www.icip.cat\/es\/sigue-en-directo-el-foro-internacional-por-la-construccion-de-paz-en-mexico\/#article","isPartOf":{"@id":"https:\/\/www.icip.cat\/es\/sigue-en-directo-el-foro-internacional-por-la-construccion-de-paz-en-mexico\/"},"author":{"name":"whads","@id":"https:\/\/www.icip.cat\/ca\/#\/schema\/person\/35404003404833995eee2bb6e3115dc6"},"headline":"Sigue en directo el Foro Internacional por la Construcci\u00f3n de Paz en M\u00e9xico","datePublished":"2019-07-01T08:00:00+00:00","mainEntityOfPage":{"@id":"https:\/\/www.icip.cat\/es\/sigue-en-directo-el-foro-internacional-por-la-construccion-de-paz-en-mexico\/"},"wordCount":756,"publisher":{"@id":"https:\/\/www.icip.cat\/ca\/#organization"},"image":{"@id":"https:\/\/www.icip.cat\/es\/sigue-en-directo-el-foro-internacional-por-la-construccion-de-paz-en-mexico\/#primaryimage"},"thumbnailUrl":"https:\/\/www.icip.cat\/wp-content\/uploads\/2019\/07\/01-cast2-2.jpg_1807695736-2.jpg","articleSection":["Sense categoria"],"inLanguage":"es"},{"@type":"WebPage","@id":"https:\/\/www.icip.cat\/es\/sigue-en-directo-el-foro-internacional-por-la-construccion-de-paz-en-mexico\/","url":"https:\/\/www.icip.cat\/es\/sigue-en-directo-el-foro-internacional-por-la-construccion-de-paz-en-mexico\/","name":"Sigue en directo el Foro Internacional por la Construcci\u00f3n de Paz en M\u00e9xico - ICIP","isPartOf":{"@id":"https:\/\/www.icip.cat\/ca\/#website"},"primaryImageOfPage":{"@id":"https:\/\/www.icip.cat\/es\/sigue-en-directo-el-foro-internacional-por-la-construccion-de-paz-en-mexico\/#primaryimage"},"image":{"@id":"https:\/\/www.icip.cat\/es\/sigue-en-directo-el-foro-internacional-por-la-construccion-de-paz-en-mexico\/#primaryimage"},"thumbnailUrl":"https:\/\/www.icip.cat\/wp-content\/uploads\/2019\/07\/01-cast2-2.jpg_1807695736-2.jpg","datePublished":"2019-07-01T08:00:00+00:00","inLanguage":"es","potentialAction":[{"@type":"ReadAction","target":["https:\/\/www.icip.cat\/es\/sigue-en-directo-el-foro-internacional-por-la-construccion-de-paz-en-mexico\/"]}]},{"@type":"ImageObject","inLanguage":"es","@id":"https:\/\/www.icip.cat\/es\/sigue-en-directo-el-foro-internacional-por-la-construccion-de-paz-en-mexico\/#primaryimage","url":"https:\/\/www.icip.cat\/wp-content\/uploads\/2019\/07\/01-cast2-2.jpg_1807695736-2.jpg","contentUrl":"https:\/\/www.icip.cat\/wp-content\/uploads\/2019\/07\/01-cast2-2.jpg_1807695736-2.jpg","width":190,"height":111,"caption":"Sigue en directo el Foro Internacional por la Construcci\u00f3n de Paz en M\u00e9xico"},{"@type":"WebSite","@id":"https:\/\/www.icip.cat\/ca\/#website","url":"https:\/\/www.icip.cat\/ca\/","name":"ICIP","description":"","publisher":{"@id":"https:\/\/www.icip.cat\/ca\/#organization"},"potentialAction":[{"@type":"SearchAction","target":{"@type":"EntryPoint","urlTemplate":"https:\/\/www.icip.cat\/ca\/?s={search_term_string}"},"query-input":{"@type":"PropertyValueSpecification","valueRequired":true,"valueName":"search_term_string"}}],"inLanguage":"es"},{"@type":"Organization","@id":"https:\/\/www.icip.cat\/ca\/#organization","name":"ICIP","url":"https:\/\/www.icip.cat\/ca\/","logo":{"@type":"ImageObject","inLanguage":"es","@id":"https:\/\/www.icip.cat\/ca\/#\/schema\/logo\/image\/","url":"https:\/\/www.icip.cat\/wp-content\/uploads\/2021\/02\/logo-2.png","contentUrl":"https:\/\/www.icip.cat\/wp-content\/uploads\/2021\/02\/logo-2.png","width":562,"height":391,"caption":"ICIP"},"image":{"@id":"https:\/\/www.icip.cat\/ca\/#\/schema\/logo\/image\/"}},{"@type":"Person","@id":"https:\/\/www.icip.cat\/ca\/#\/schema\/person\/35404003404833995eee2bb6e3115dc6","name":"whads","image":{"@type":"ImageObject","inLanguage":"es","@id":"https:\/\/www.icip.cat\/ca\/#\/schema\/person\/image\/","url":"https:\/\/secure.gravatar.com\/avatar\/6a92e4ce03d9442c546cc4afecfc51777413608a6d55a7b50040700657b6b30f?s=96&d=mm&r=g","contentUrl":"https:\/\/secure.gravatar.com\/avatar\/6a92e4ce03d9442c546cc4afecfc51777413608a6d55a7b50040700657b6b30f?s=96&d=mm&r=g","caption":"whads"},"sameAs":["http:\/\/www.icip.cat"],"url":"https:\/\/www.icip.cat\/es\/author\/whads\/"}]}},"_links":{"self":[{"href":"https:\/\/www.icip.cat\/es\/wp-json\/wp\/v2\/posts\/5082","targetHints":{"allow":["GET"]}}],"collection":[{"href":"https:\/\/www.icip.cat\/es\/wp-json\/wp\/v2\/posts"}],"about":[{"href":"https:\/\/www.icip.cat\/es\/wp-json\/wp\/v2\/types\/post"}],"author":[{"embeddable":true,"href":"https:\/\/www.icip.cat\/es\/wp-json\/wp\/v2\/users\/1"}],"replies":[{"embeddable":true,"href":"https:\/\/www.icip.cat\/es\/wp-json\/wp\/v2\/comments?post=5082"}],"version-history":[{"count":0,"href":"https:\/\/www.icip.cat\/es\/wp-json\/wp\/v2\/posts\/5082\/revisions"}],"wp:featuredmedia":[{"embeddable":true,"href":"https:\/\/www.icip.cat\/es\/wp-json\/wp\/v2\/media\/5083"}],"wp:attachment":[{"href":"https:\/\/www.icip.cat\/es\/wp-json\/wp\/v2\/media?parent=5082"}],"wp:term":[{"taxonomy":"category","embeddable":true,"href":"https:\/\/www.icip.cat\/es\/wp-json\/wp\/v2\/categories?post=5082"},{"taxonomy":"post_tag","embeddable":true,"href":"https:\/\/www.icip.cat\/es\/wp-json\/wp\/v2\/tags?post=5082"}],"curies":[{"name":"wp","href":"https:\/\/api.w.org\/{rel}","templated":true}]}}