{"id":5106,"date":"2019-05-08T08:00:00","date_gmt":"2019-05-08T08:00:00","guid":{"rendered":"http:\/\/www.icip.cat\/el-icip-y-la-comision-de-la-verdad-de-colombia-firman-un-convenio-de-colaboracion-para-facilitar-el-trabajo-con-victimas-del-conflicto-en-europa\/"},"modified":"2021-08-12T13:31:16","modified_gmt":"2021-08-12T13:31:16","slug":"el-icip-y-la-comision-de-la-verdad-de-colombia-firman-un-convenio-de-colaboracion-para-facilitar-el-trabajo-con-victimas-del-conflicto-en-europa","status":"publish","type":"post","link":"https:\/\/www.icip.cat\/es\/el-icip-y-la-comision-de-la-verdad-de-colombia-firman-un-convenio-de-colaboracion-para-facilitar-el-trabajo-con-victimas-del-conflicto-en-europa\/","title":{"rendered":"El ICIP y la Comisi\u00f3n de la Verdad de Colombia firman un convenio de colaboraci\u00f3n para facilitar el trabajo con v\u00edctimas del conflicto en Europa"},"content":{"rendered":"<p>El Instituto Catal\u00e1n Internacional para la Paz (ICIP) y la Comisi\u00f3n para el Esclarecimiento de la Verdad, la Convivencia y la No Repetici\u00f3n de Colombia han firmado este martes en Bogot\u00e1 un convenio de colaboraci\u00f3n que otorga al ICIP el rol de Secretar\u00eda T\u00e9cnica de la Comisi\u00f3n de la Verdad en Europa. El objetivo de la colaboraci\u00f3n es facilitar el trabajo de la Comisi\u00f3n de la Verdad con las v\u00edctimas residentes en Europa, en el marco de la implementaci\u00f3n del Acuerdo de Paz de 2016.<\/p>\n<p>A partir de este convenio, el ICIP ofrecer\u00e1 apoyo t\u00e9cnico y log\u00edstico a las actividades organizadas por la Comisi\u00f3n de la Verdad en Europa, coordinar\u00e1 los grupos de trabajo establecidos en diferentes pa\u00edses europeos (nodos) y ofrecer\u00e1 apoyo metodol\u00f3gico al proceso de toma de testimonios de v\u00edctimas del conflicto colombiano en el exilio, que debe permitir documentar casos y contribuir al esclarecimiento de la verdad, y a la justicia y la no repetici\u00f3n de los hechos.<\/p>\n<p>Para llevar a cabo este proceso, el ICIP organiz\u00f3 el pasado mes de febrero en Barcelona la primera formaci\u00f3n de un grupo de personas encargadas de realizar las entrevistas a v\u00edctimas en el exilio. La sesi\u00f3n reuni\u00f3 a cuarenta participantes de 10 pa\u00edses, con experiencia en el trabajo con v\u00edctimas del conflicto armado colombiano.<\/p>\n<p>Si bien el ICIP y la Comisi\u00f3n de la Verdad llevan trabajando en colaboraci\u00f3n desde hace algunos meses, la firma del convenio ha tenido lugar este martes en Bogot\u00e1, con la presencia del presidente y el director del ICIP, Xavier Masllorens y Kristian Herbolzheimer respectivamente, y el secretario general de la Comisi\u00f3n de la Verdad, Mauricio Katz. \u201cHay pa\u00edses donde las v\u00edctimas est\u00e1n muy organizadas, en otros no tanto. Pero estamos trabajando en bien en temas de sanaci\u00f3n psicosocial, empoderamiento femenino, de dignificaci\u00f3n de v\u00edctimas, entre otros. Ya venimos trabajando y ahora lo seguiremos haciendo con el apoyo de la Comisi\u00f3n. Las v\u00edctimas del exilio quieren ser escuchadas porque realmente creen que este es un paso importante para la reconciliaci\u00f3n en el pa\u00eds\u201d, asegur\u00f3 Xavier Masllorens, presidente del ICIP.<\/p>\n<p>Mandato innovador y sin precedentes<\/p>\n<p>La Comisi\u00f3n de la Verdad de Colombia tiene un mandato sin precedentes en otras comisiones de la verdad, que implica acercarse a las decenas de miles de personas que tuvieron que salir del pa\u00eds durante las cinco d\u00e9cadas de conflicto armado, y que buscaron nuevas opciones de vida, en el continente americano y en Europa principalmente. En el a\u00f1o 2019 el prop\u00f3sito es documentar la odisea de unas 1.000 v\u00edctimas en Europa.<\/p>\n<p>El mandato de la Comisi\u00f3n prev\u00e9 un proceso participativo con las propias v\u00edctimas, que propicie su sanaci\u00f3n psicosocial y la convivencia entre v\u00edctimas de diferentes actores armados. Para esta labor es fundamental el apoyo de organizaciones sociales e instituciones de los pa\u00edses europeos donde residen estas personas.<\/p>\n<p>En Europa, para llevar a cabo el mandato de la Comisi\u00f3n de la Verdad, se han formado grupos de trabajo (nodos) en Catalu\u00f1a, Francia, B\u00e9lgica, Alemania, Suiza, Escandinavia, Irlanda y el Reino Unido. Est\u00e1 prevista la creaci\u00f3n de nodos adicionales.<\/p>\n","protected":false},"excerpt":{"rendered":"<p>El ICIP ejercer\u00e1 la Secretar\u00eda T\u00e9cnica de la Comisi\u00f3n de la Verdad en Europa con el fin de coordinar las diferentes organizaciones de v\u00edctimas en el exilio y ofrecer apoyo t\u00e9cnico y metodol\u00f3gico.<\/p>\n","protected":false},"author":1,"featured_media":5107,"comment_status":"closed","ping_status":"open","sticky":false,"template":"","format":"standard","meta":{"_acf_changed":false,"footnotes":""},"categories":[4],"tags":[],"class_list":["post-5106","post","type-post","status-publish","format-standard","has-post-thumbnail","hentry","category-sense-categoria"],"acf":[],"yoast_head":"<!-- This site is optimized with the Yoast SEO plugin v25.6 - https:\/\/yoast.com\/wordpress\/plugins\/seo\/ -->\n<title>El ICIP y la Comisi\u00f3n de la Verdad de Colombia firman un convenio de colaboraci\u00f3n para facilitar el trabajo con v\u00edctimas del conflicto en Europa - ICIP<\/title>\n<meta name=\"robots\" content=\"index, follow, max-snippet:-1, max-image-preview:large, max-video-preview:-1\" \/>\n<link rel=\"canonical\" href=\"https:\/\/www.icip.cat\/es\/el-icip-y-la-comision-de-la-verdad-de-colombia-firman-un-convenio-de-colaboracion-para-facilitar-el-trabajo-con-victimas-del-conflicto-en-europa\/\" \/>\n<meta property=\"og:locale\" content=\"es_ES\" \/>\n<meta property=\"og:type\" content=\"article\" \/>\n<meta property=\"og:title\" content=\"El ICIP y la Comisi\u00f3n de la Verdad de Colombia firman un convenio de colaboraci\u00f3n para facilitar el trabajo con v\u00edctimas del conflicto en Europa - ICIP\" \/>\n<meta property=\"og:description\" content=\"El ICIP ejercer\u00e1 la Secretar\u00eda T\u00e9cnica de la Comisi\u00f3n de la Verdad en Europa con el fin de coordinar las diferentes organizaciones de v\u00edctimas en el exilio y ofrecer apoyo t\u00e9cnico y metodol\u00f3gico.\" \/>\n<meta property=\"og:url\" content=\"https:\/\/www.icip.cat\/es\/el-icip-y-la-comision-de-la-verdad-de-colombia-firman-un-convenio-de-colaboracion-para-facilitar-el-trabajo-con-victimas-del-conflicto-en-europa\/\" \/>\n<meta property=\"og:site_name\" content=\"ICIP\" \/>\n<meta property=\"article:published_time\" content=\"2019-05-08T08:00:00+00:00\" \/>\n<meta property=\"article:modified_time\" content=\"2021-08-12T13:31:16+00:00\" \/>\n<meta property=\"og:image\" content=\"https:\/\/www.icip.cat\/wp-content\/uploads\/2019\/05\/conveni2-1.jpg_1778143064-1.jpg\" \/>\n\t<meta property=\"og:image:width\" content=\"190\" \/>\n\t<meta property=\"og:image:height\" content=\"122\" \/>\n\t<meta property=\"og:image:type\" content=\"image\/jpeg\" \/>\n<meta name=\"author\" content=\"whads\" \/>\n<meta name=\"twitter:card\" content=\"summary_large_image\" \/>\n<meta name=\"twitter:label1\" content=\"Escrito por\" \/>\n\t<meta name=\"twitter:data1\" content=\"whads\" \/>\n\t<meta name=\"twitter:label2\" content=\"Tiempo de lectura\" \/>\n\t<meta name=\"twitter:data2\" content=\"3 minutos\" \/>\n<script type=\"application\/ld+json\" class=\"yoast-schema-graph\">{\"@context\":\"https:\/\/schema.org\",\"@graph\":[{\"@type\":\"Article\",\"@id\":\"https:\/\/www.icip.cat\/es\/el-icip-y-la-comision-de-la-verdad-de-colombia-firman-un-convenio-de-colaboracion-para-facilitar-el-trabajo-con-victimas-del-conflicto-en-europa\/#article\",\"isPartOf\":{\"@id\":\"https:\/\/www.icip.cat\/es\/el-icip-y-la-comision-de-la-verdad-de-colombia-firman-un-convenio-de-colaboracion-para-facilitar-el-trabajo-con-victimas-del-conflicto-en-europa\/\"},\"author\":{\"name\":\"whads\",\"@id\":\"https:\/\/www.icip.cat\/ca\/#\/schema\/person\/35404003404833995eee2bb6e3115dc6\"},\"headline\":\"El ICIP y la Comisi\u00f3n de la Verdad de Colombia firman un convenio de colaboraci\u00f3n para facilitar el trabajo con v\u00edctimas del conflicto en Europa\",\"datePublished\":\"2019-05-08T08:00:00+00:00\",\"dateModified\":\"2021-08-12T13:31:16+00:00\",\"mainEntityOfPage\":{\"@id\":\"https:\/\/www.icip.cat\/es\/el-icip-y-la-comision-de-la-verdad-de-colombia-firman-un-convenio-de-colaboracion-para-facilitar-el-trabajo-con-victimas-del-conflicto-en-europa\/\"},\"wordCount\":583,\"publisher\":{\"@id\":\"https:\/\/www.icip.cat\/ca\/#organization\"},\"image\":{\"@id\":\"https:\/\/www.icip.cat\/es\/el-icip-y-la-comision-de-la-verdad-de-colombia-firman-un-convenio-de-colaboracion-para-facilitar-el-trabajo-con-victimas-del-conflicto-en-europa\/#primaryimage\"},\"thumbnailUrl\":\"https:\/\/www.icip.cat\/wp-content\/uploads\/2019\/05\/conveni2-1.jpg_1778143064-1.jpg\",\"articleSection\":[\"Sense categoria\"],\"inLanguage\":\"es\"},{\"@type\":\"WebPage\",\"@id\":\"https:\/\/www.icip.cat\/es\/el-icip-y-la-comision-de-la-verdad-de-colombia-firman-un-convenio-de-colaboracion-para-facilitar-el-trabajo-con-victimas-del-conflicto-en-europa\/\",\"url\":\"https:\/\/www.icip.cat\/es\/el-icip-y-la-comision-de-la-verdad-de-colombia-firman-un-convenio-de-colaboracion-para-facilitar-el-trabajo-con-victimas-del-conflicto-en-europa\/\",\"name\":\"El ICIP y la Comisi\u00f3n de la Verdad de Colombia firman un convenio de colaboraci\u00f3n para facilitar el trabajo con v\u00edctimas del conflicto en Europa - ICIP\",\"isPartOf\":{\"@id\":\"https:\/\/www.icip.cat\/ca\/#website\"},\"primaryImageOfPage\":{\"@id\":\"https:\/\/www.icip.cat\/es\/el-icip-y-la-comision-de-la-verdad-de-colombia-firman-un-convenio-de-colaboracion-para-facilitar-el-trabajo-con-victimas-del-conflicto-en-europa\/#primaryimage\"},\"image\":{\"@id\":\"https:\/\/www.icip.cat\/es\/el-icip-y-la-comision-de-la-verdad-de-colombia-firman-un-convenio-de-colaboracion-para-facilitar-el-trabajo-con-victimas-del-conflicto-en-europa\/#primaryimage\"},\"thumbnailUrl\":\"https:\/\/www.icip.cat\/wp-content\/uploads\/2019\/05\/conveni2-1.jpg_1778143064-1.jpg\",\"datePublished\":\"2019-05-08T08:00:00+00:00\",\"dateModified\":\"2021-08-12T13:31:16+00:00\",\"inLanguage\":\"es\",\"potentialAction\":[{\"@type\":\"ReadAction\",\"target\":[\"https:\/\/www.icip.cat\/es\/el-icip-y-la-comision-de-la-verdad-de-colombia-firman-un-convenio-de-colaboracion-para-facilitar-el-trabajo-con-victimas-del-conflicto-en-europa\/\"]}]},{\"@type\":\"ImageObject\",\"inLanguage\":\"es\",\"@id\":\"https:\/\/www.icip.cat\/es\/el-icip-y-la-comision-de-la-verdad-de-colombia-firman-un-convenio-de-colaboracion-para-facilitar-el-trabajo-con-victimas-del-conflicto-en-europa\/#primaryimage\",\"url\":\"https:\/\/www.icip.cat\/wp-content\/uploads\/2019\/05\/conveni2-1.jpg_1778143064-1.jpg\",\"contentUrl\":\"https:\/\/www.icip.cat\/wp-content\/uploads\/2019\/05\/conveni2-1.jpg_1778143064-1.jpg\",\"width\":190,\"height\":122,\"caption\":\"El ICIP y la Comisi\u00f3n de la Verdad de Colombia firman un convenio de colaboraci\u00f3n para facilitar el trabajo con v\u00edctimas del conflicto en Europa\"},{\"@type\":\"WebSite\",\"@id\":\"https:\/\/www.icip.cat\/ca\/#website\",\"url\":\"https:\/\/www.icip.cat\/ca\/\",\"name\":\"ICIP\",\"description\":\"\",\"publisher\":{\"@id\":\"https:\/\/www.icip.cat\/ca\/#organization\"},\"potentialAction\":[{\"@type\":\"SearchAction\",\"target\":{\"@type\":\"EntryPoint\",\"urlTemplate\":\"https:\/\/www.icip.cat\/ca\/?s={search_term_string}\"},\"query-input\":{\"@type\":\"PropertyValueSpecification\",\"valueRequired\":true,\"valueName\":\"search_term_string\"}}],\"inLanguage\":\"es\"},{\"@type\":\"Organization\",\"@id\":\"https:\/\/www.icip.cat\/ca\/#organization\",\"name\":\"ICIP\",\"url\":\"https:\/\/www.icip.cat\/ca\/\",\"logo\":{\"@type\":\"ImageObject\",\"inLanguage\":\"es\",\"@id\":\"https:\/\/www.icip.cat\/ca\/#\/schema\/logo\/image\/\",\"url\":\"https:\/\/www.icip.cat\/wp-content\/uploads\/2021\/02\/logo-2.png\",\"contentUrl\":\"https:\/\/www.icip.cat\/wp-content\/uploads\/2021\/02\/logo-2.png\",\"width\":562,\"height\":391,\"caption\":\"ICIP\"},\"image\":{\"@id\":\"https:\/\/www.icip.cat\/ca\/#\/schema\/logo\/image\/\"}},{\"@type\":\"Person\",\"@id\":\"https:\/\/www.icip.cat\/ca\/#\/schema\/person\/35404003404833995eee2bb6e3115dc6\",\"name\":\"whads\",\"image\":{\"@type\":\"ImageObject\",\"inLanguage\":\"es\",\"@id\":\"https:\/\/www.icip.cat\/ca\/#\/schema\/person\/image\/\",\"url\":\"https:\/\/secure.gravatar.com\/avatar\/6a92e4ce03d9442c546cc4afecfc51777413608a6d55a7b50040700657b6b30f?s=96&d=mm&r=g\",\"contentUrl\":\"https:\/\/secure.gravatar.com\/avatar\/6a92e4ce03d9442c546cc4afecfc51777413608a6d55a7b50040700657b6b30f?s=96&d=mm&r=g\",\"caption\":\"whads\"},\"sameAs\":[\"http:\/\/www.icip.cat\"],\"url\":\"https:\/\/www.icip.cat\/es\/author\/whads\/\"}]}<\/script>\n<!-- \/ Yoast SEO plugin. -->","yoast_head_json":{"title":"El ICIP y la Comisi\u00f3n de la Verdad de Colombia firman un convenio de colaboraci\u00f3n para facilitar el trabajo con v\u00edctimas del conflicto en Europa - ICIP","robots":{"index":"index","follow":"follow","max-snippet":"max-snippet:-1","max-image-preview":"max-image-preview:large","max-video-preview":"max-video-preview:-1"},"canonical":"https:\/\/www.icip.cat\/es\/el-icip-y-la-comision-de-la-verdad-de-colombia-firman-un-convenio-de-colaboracion-para-facilitar-el-trabajo-con-victimas-del-conflicto-en-europa\/","og_locale":"es_ES","og_type":"article","og_title":"El ICIP y la Comisi\u00f3n de la Verdad de Colombia firman un convenio de colaboraci\u00f3n para facilitar el trabajo con v\u00edctimas del conflicto en Europa - ICIP","og_description":"El ICIP ejercer\u00e1 la Secretar\u00eda T\u00e9cnica de la Comisi\u00f3n de la Verdad en Europa con el fin de coordinar las diferentes organizaciones de v\u00edctimas en el exilio y ofrecer apoyo t\u00e9cnico y metodol\u00f3gico.","og_url":"https:\/\/www.icip.cat\/es\/el-icip-y-la-comision-de-la-verdad-de-colombia-firman-un-convenio-de-colaboracion-para-facilitar-el-trabajo-con-victimas-del-conflicto-en-europa\/","og_site_name":"ICIP","article_published_time":"2019-05-08T08:00:00+00:00","article_modified_time":"2021-08-12T13:31:16+00:00","og_image":[{"width":190,"height":122,"url":"https:\/\/www.icip.cat\/wp-content\/uploads\/2019\/05\/conveni2-1.jpg_1778143064-1.jpg","type":"image\/jpeg"}],"author":"whads","twitter_card":"summary_large_image","twitter_misc":{"Escrito por":"whads","Tiempo de lectura":"3 minutos"},"schema":{"@context":"https:\/\/schema.org","@graph":[{"@type":"Article","@id":"https:\/\/www.icip.cat\/es\/el-icip-y-la-comision-de-la-verdad-de-colombia-firman-un-convenio-de-colaboracion-para-facilitar-el-trabajo-con-victimas-del-conflicto-en-europa\/#article","isPartOf":{"@id":"https:\/\/www.icip.cat\/es\/el-icip-y-la-comision-de-la-verdad-de-colombia-firman-un-convenio-de-colaboracion-para-facilitar-el-trabajo-con-victimas-del-conflicto-en-europa\/"},"author":{"name":"whads","@id":"https:\/\/www.icip.cat\/ca\/#\/schema\/person\/35404003404833995eee2bb6e3115dc6"},"headline":"El ICIP y la Comisi\u00f3n de la Verdad de Colombia firman un convenio de colaboraci\u00f3n para facilitar el trabajo con v\u00edctimas del conflicto en Europa","datePublished":"2019-05-08T08:00:00+00:00","dateModified":"2021-08-12T13:31:16+00:00","mainEntityOfPage":{"@id":"https:\/\/www.icip.cat\/es\/el-icip-y-la-comision-de-la-verdad-de-colombia-firman-un-convenio-de-colaboracion-para-facilitar-el-trabajo-con-victimas-del-conflicto-en-europa\/"},"wordCount":583,"publisher":{"@id":"https:\/\/www.icip.cat\/ca\/#organization"},"image":{"@id":"https:\/\/www.icip.cat\/es\/el-icip-y-la-comision-de-la-verdad-de-colombia-firman-un-convenio-de-colaboracion-para-facilitar-el-trabajo-con-victimas-del-conflicto-en-europa\/#primaryimage"},"thumbnailUrl":"https:\/\/www.icip.cat\/wp-content\/uploads\/2019\/05\/conveni2-1.jpg_1778143064-1.jpg","articleSection":["Sense categoria"],"inLanguage":"es"},{"@type":"WebPage","@id":"https:\/\/www.icip.cat\/es\/el-icip-y-la-comision-de-la-verdad-de-colombia-firman-un-convenio-de-colaboracion-para-facilitar-el-trabajo-con-victimas-del-conflicto-en-europa\/","url":"https:\/\/www.icip.cat\/es\/el-icip-y-la-comision-de-la-verdad-de-colombia-firman-un-convenio-de-colaboracion-para-facilitar-el-trabajo-con-victimas-del-conflicto-en-europa\/","name":"El ICIP y la Comisi\u00f3n de la Verdad de Colombia firman un convenio de colaboraci\u00f3n para facilitar el trabajo con v\u00edctimas del conflicto en Europa - ICIP","isPartOf":{"@id":"https:\/\/www.icip.cat\/ca\/#website"},"primaryImageOfPage":{"@id":"https:\/\/www.icip.cat\/es\/el-icip-y-la-comision-de-la-verdad-de-colombia-firman-un-convenio-de-colaboracion-para-facilitar-el-trabajo-con-victimas-del-conflicto-en-europa\/#primaryimage"},"image":{"@id":"https:\/\/www.icip.cat\/es\/el-icip-y-la-comision-de-la-verdad-de-colombia-firman-un-convenio-de-colaboracion-para-facilitar-el-trabajo-con-victimas-del-conflicto-en-europa\/#primaryimage"},"thumbnailUrl":"https:\/\/www.icip.cat\/wp-content\/uploads\/2019\/05\/conveni2-1.jpg_1778143064-1.jpg","datePublished":"2019-05-08T08:00:00+00:00","dateModified":"2021-08-12T13:31:16+00:00","inLanguage":"es","potentialAction":[{"@type":"ReadAction","target":["https:\/\/www.icip.cat\/es\/el-icip-y-la-comision-de-la-verdad-de-colombia-firman-un-convenio-de-colaboracion-para-facilitar-el-trabajo-con-victimas-del-conflicto-en-europa\/"]}]},{"@type":"ImageObject","inLanguage":"es","@id":"https:\/\/www.icip.cat\/es\/el-icip-y-la-comision-de-la-verdad-de-colombia-firman-un-convenio-de-colaboracion-para-facilitar-el-trabajo-con-victimas-del-conflicto-en-europa\/#primaryimage","url":"https:\/\/www.icip.cat\/wp-content\/uploads\/2019\/05\/conveni2-1.jpg_1778143064-1.jpg","contentUrl":"https:\/\/www.icip.cat\/wp-content\/uploads\/2019\/05\/conveni2-1.jpg_1778143064-1.jpg","width":190,"height":122,"caption":"El ICIP y la Comisi\u00f3n de la Verdad de Colombia firman un convenio de colaboraci\u00f3n para facilitar el trabajo con v\u00edctimas del conflicto en Europa"},{"@type":"WebSite","@id":"https:\/\/www.icip.cat\/ca\/#website","url":"https:\/\/www.icip.cat\/ca\/","name":"ICIP","description":"","publisher":{"@id":"https:\/\/www.icip.cat\/ca\/#organization"},"potentialAction":[{"@type":"SearchAction","target":{"@type":"EntryPoint","urlTemplate":"https:\/\/www.icip.cat\/ca\/?s={search_term_string}"},"query-input":{"@type":"PropertyValueSpecification","valueRequired":true,"valueName":"search_term_string"}}],"inLanguage":"es"},{"@type":"Organization","@id":"https:\/\/www.icip.cat\/ca\/#organization","name":"ICIP","url":"https:\/\/www.icip.cat\/ca\/","logo":{"@type":"ImageObject","inLanguage":"es","@id":"https:\/\/www.icip.cat\/ca\/#\/schema\/logo\/image\/","url":"https:\/\/www.icip.cat\/wp-content\/uploads\/2021\/02\/logo-2.png","contentUrl":"https:\/\/www.icip.cat\/wp-content\/uploads\/2021\/02\/logo-2.png","width":562,"height":391,"caption":"ICIP"},"image":{"@id":"https:\/\/www.icip.cat\/ca\/#\/schema\/logo\/image\/"}},{"@type":"Person","@id":"https:\/\/www.icip.cat\/ca\/#\/schema\/person\/35404003404833995eee2bb6e3115dc6","name":"whads","image":{"@type":"ImageObject","inLanguage":"es","@id":"https:\/\/www.icip.cat\/ca\/#\/schema\/person\/image\/","url":"https:\/\/secure.gravatar.com\/avatar\/6a92e4ce03d9442c546cc4afecfc51777413608a6d55a7b50040700657b6b30f?s=96&d=mm&r=g","contentUrl":"https:\/\/secure.gravatar.com\/avatar\/6a92e4ce03d9442c546cc4afecfc51777413608a6d55a7b50040700657b6b30f?s=96&d=mm&r=g","caption":"whads"},"sameAs":["http:\/\/www.icip.cat"],"url":"https:\/\/www.icip.cat\/es\/author\/whads\/"}]}},"_links":{"self":[{"href":"https:\/\/www.icip.cat\/es\/wp-json\/wp\/v2\/posts\/5106","targetHints":{"allow":["GET"]}}],"collection":[{"href":"https:\/\/www.icip.cat\/es\/wp-json\/wp\/v2\/posts"}],"about":[{"href":"https:\/\/www.icip.cat\/es\/wp-json\/wp\/v2\/types\/post"}],"author":[{"embeddable":true,"href":"https:\/\/www.icip.cat\/es\/wp-json\/wp\/v2\/users\/1"}],"replies":[{"embeddable":true,"href":"https:\/\/www.icip.cat\/es\/wp-json\/wp\/v2\/comments?post=5106"}],"version-history":[{"count":1,"href":"https:\/\/www.icip.cat\/es\/wp-json\/wp\/v2\/posts\/5106\/revisions"}],"predecessor-version":[{"id":21346,"href":"https:\/\/www.icip.cat\/es\/wp-json\/wp\/v2\/posts\/5106\/revisions\/21346"}],"wp:featuredmedia":[{"embeddable":true,"href":"https:\/\/www.icip.cat\/es\/wp-json\/wp\/v2\/media\/5107"}],"wp:attachment":[{"href":"https:\/\/www.icip.cat\/es\/wp-json\/wp\/v2\/media?parent=5106"}],"wp:term":[{"taxonomy":"category","embeddable":true,"href":"https:\/\/www.icip.cat\/es\/wp-json\/wp\/v2\/categories?post=5106"},{"taxonomy":"post_tag","embeddable":true,"href":"https:\/\/www.icip.cat\/es\/wp-json\/wp\/v2\/tags?post=5106"}],"curies":[{"name":"wp","href":"https:\/\/api.w.org\/{rel}","templated":true}]}}