{"id":5126,"date":"2019-03-25T08:00:00","date_gmt":"2019-03-25T08:00:00","guid":{"rendered":"http:\/\/www.icip.cat\/el-icip-lanza-el-nuevo-boletin-la-voz-de-la-diaspora-colombiana-en-europa\/"},"modified":"2019-03-25T08:00:00","modified_gmt":"2019-03-25T08:00:00","slug":"el-icip-lanza-el-nuevo-boletin-la-voz-de-la-diaspora-colombiana-en-europa","status":"publish","type":"post","link":"https:\/\/www.icip.cat\/es\/el-icip-lanza-el-nuevo-boletin-la-voz-de-la-diaspora-colombiana-en-europa\/","title":{"rendered":"El ICIP lanza el nuevo bolet\u00edn \u00abLa Voz de la Di\u00e1spora Colombiana en Europa\u00bb"},"content":{"rendered":"<p>El ICIP ha lanzado el nuevo bolet\u00edn informativo \u00abLa Voz de la Di\u00e1spora Colombiana en Europa\u00bb, enmarcado en las actuaciones llevadas a cabo por la Comisi\u00f3n de la Verdad de Colombia en el continente. El objetivo de la herramienta es conectar todos los nodos, organizaciones y personas que trabajan en el proceso de paz colombiano desde Europa e intercambiar de forma centralizada todas las noticias y avances de su trabajo.<br \/>\nEste mes de marzo ha visto la luz la edici\u00f3n 0 del bolet\u00edn, sobre el inicio de las actividades de la Comisi\u00f3n a nivel internacional. Los siguientes n\u00fameros se publicar\u00e1n de forma bimestral.<br \/>\nSi est\u00e1is interesados en recibir el bolet\u00edn, enviad un correo electr\u00f3nico a comunicacio.icip@gencat.cat e indicad vuestro deseo de suscribiros a la publicaci\u00f3n, nombre y apellidos y la direcci\u00f3n electr\u00f3nica personal.<\/p>\n","protected":false},"excerpt":{"rendered":"<p>La herramienta nace para conectar las organizaciones y personas que trabajan en el marco de la Comisi\u00f3n de la Verdad de Colombia en el continente europeo.<\/p>\n","protected":false},"author":1,"featured_media":5127,"comment_status":"closed","ping_status":"open","sticky":false,"template":"","format":"standard","meta":{"_acf_changed":false,"footnotes":""},"categories":[4],"tags":[],"class_list":["post-5126","post","type-post","status-publish","format-standard","has-post-thumbnail","hentry","category-sense-categoria"],"acf":[],"yoast_head":"<!-- This site is optimized with the Yoast SEO plugin v25.6 - https:\/\/yoast.com\/wordpress\/plugins\/seo\/ -->\n<title>El ICIP lanza el nuevo bolet\u00edn &quot;La Voz de la Di\u00e1spora Colombiana en Europa&quot; - ICIP<\/title>\n<meta name=\"robots\" content=\"index, follow, max-snippet:-1, max-image-preview:large, max-video-preview:-1\" \/>\n<link rel=\"canonical\" href=\"https:\/\/www.icip.cat\/es\/el-icip-lanza-el-nuevo-boletin-la-voz-de-la-diaspora-colombiana-en-europa\/\" \/>\n<meta property=\"og:locale\" content=\"es_ES\" \/>\n<meta property=\"og:type\" content=\"article\" \/>\n<meta property=\"og:title\" content=\"El ICIP lanza el nuevo bolet\u00edn &quot;La Voz de la Di\u00e1spora Colombiana en Europa&quot; - ICIP\" \/>\n<meta property=\"og:description\" content=\"La herramienta nace para conectar las organizaciones y personas que trabajan en el marco de la Comisi\u00f3n de la Verdad de Colombia en el continente europeo.\" \/>\n<meta property=\"og:url\" content=\"https:\/\/www.icip.cat\/es\/el-icip-lanza-el-nuevo-boletin-la-voz-de-la-diaspora-colombiana-en-europa\/\" \/>\n<meta property=\"og:site_name\" content=\"ICIP\" \/>\n<meta property=\"article:published_time\" content=\"2019-03-25T08:00:00+00:00\" \/>\n<meta property=\"og:image\" content=\"https:\/\/www.icip.cat\/wp-content\/uploads\/2019\/03\/boletin-diaspora-1.png_888792341-1.png\" \/>\n\t<meta property=\"og:image:width\" content=\"190\" \/>\n\t<meta property=\"og:image:height\" content=\"224\" \/>\n\t<meta property=\"og:image:type\" content=\"image\/png\" \/>\n<meta name=\"author\" content=\"whads\" \/>\n<meta name=\"twitter:card\" content=\"summary_large_image\" \/>\n<meta name=\"twitter:label1\" content=\"Escrito por\" \/>\n\t<meta name=\"twitter:data1\" content=\"whads\" \/>\n\t<meta name=\"twitter:label2\" content=\"Tiempo de lectura\" \/>\n\t<meta name=\"twitter:data2\" content=\"1 minuto\" \/>\n<script type=\"application\/ld+json\" class=\"yoast-schema-graph\">{\"@context\":\"https:\/\/schema.org\",\"@graph\":[{\"@type\":\"Article\",\"@id\":\"https:\/\/www.icip.cat\/es\/el-icip-lanza-el-nuevo-boletin-la-voz-de-la-diaspora-colombiana-en-europa\/#article\",\"isPartOf\":{\"@id\":\"https:\/\/www.icip.cat\/es\/el-icip-lanza-el-nuevo-boletin-la-voz-de-la-diaspora-colombiana-en-europa\/\"},\"author\":{\"name\":\"whads\",\"@id\":\"https:\/\/www.icip.cat\/ca\/#\/schema\/person\/35404003404833995eee2bb6e3115dc6\"},\"headline\":\"El ICIP lanza el nuevo bolet\u00edn \u00abLa Voz de la Di\u00e1spora Colombiana en Europa\u00bb\",\"datePublished\":\"2019-03-25T08:00:00+00:00\",\"mainEntityOfPage\":{\"@id\":\"https:\/\/www.icip.cat\/es\/el-icip-lanza-el-nuevo-boletin-la-voz-de-la-diaspora-colombiana-en-europa\/\"},\"wordCount\":165,\"publisher\":{\"@id\":\"https:\/\/www.icip.cat\/ca\/#organization\"},\"image\":{\"@id\":\"https:\/\/www.icip.cat\/es\/el-icip-lanza-el-nuevo-boletin-la-voz-de-la-diaspora-colombiana-en-europa\/#primaryimage\"},\"thumbnailUrl\":\"https:\/\/www.icip.cat\/wp-content\/uploads\/2019\/03\/boletin-diaspora-1.png_888792341-1.png\",\"articleSection\":[\"Sense categoria\"],\"inLanguage\":\"es\"},{\"@type\":\"WebPage\",\"@id\":\"https:\/\/www.icip.cat\/es\/el-icip-lanza-el-nuevo-boletin-la-voz-de-la-diaspora-colombiana-en-europa\/\",\"url\":\"https:\/\/www.icip.cat\/es\/el-icip-lanza-el-nuevo-boletin-la-voz-de-la-diaspora-colombiana-en-europa\/\",\"name\":\"El ICIP lanza el nuevo bolet\u00edn \\\"La Voz de la Di\u00e1spora Colombiana en Europa\\\" - ICIP\",\"isPartOf\":{\"@id\":\"https:\/\/www.icip.cat\/ca\/#website\"},\"primaryImageOfPage\":{\"@id\":\"https:\/\/www.icip.cat\/es\/el-icip-lanza-el-nuevo-boletin-la-voz-de-la-diaspora-colombiana-en-europa\/#primaryimage\"},\"image\":{\"@id\":\"https:\/\/www.icip.cat\/es\/el-icip-lanza-el-nuevo-boletin-la-voz-de-la-diaspora-colombiana-en-europa\/#primaryimage\"},\"thumbnailUrl\":\"https:\/\/www.icip.cat\/wp-content\/uploads\/2019\/03\/boletin-diaspora-1.png_888792341-1.png\",\"datePublished\":\"2019-03-25T08:00:00+00:00\",\"inLanguage\":\"es\",\"potentialAction\":[{\"@type\":\"ReadAction\",\"target\":[\"https:\/\/www.icip.cat\/es\/el-icip-lanza-el-nuevo-boletin-la-voz-de-la-diaspora-colombiana-en-europa\/\"]}]},{\"@type\":\"ImageObject\",\"inLanguage\":\"es\",\"@id\":\"https:\/\/www.icip.cat\/es\/el-icip-lanza-el-nuevo-boletin-la-voz-de-la-diaspora-colombiana-en-europa\/#primaryimage\",\"url\":\"https:\/\/www.icip.cat\/wp-content\/uploads\/2019\/03\/boletin-diaspora-1.png_888792341-1.png\",\"contentUrl\":\"https:\/\/www.icip.cat\/wp-content\/uploads\/2019\/03\/boletin-diaspora-1.png_888792341-1.png\",\"width\":190,\"height\":224,\"caption\":\"El ICIP lanza el nuevo bolet\u00edn \\\"La Voz de la Di\u00e1spora Colombiana en Europa\\\"\"},{\"@type\":\"WebSite\",\"@id\":\"https:\/\/www.icip.cat\/ca\/#website\",\"url\":\"https:\/\/www.icip.cat\/ca\/\",\"name\":\"ICIP\",\"description\":\"\",\"publisher\":{\"@id\":\"https:\/\/www.icip.cat\/ca\/#organization\"},\"potentialAction\":[{\"@type\":\"SearchAction\",\"target\":{\"@type\":\"EntryPoint\",\"urlTemplate\":\"https:\/\/www.icip.cat\/ca\/?s={search_term_string}\"},\"query-input\":{\"@type\":\"PropertyValueSpecification\",\"valueRequired\":true,\"valueName\":\"search_term_string\"}}],\"inLanguage\":\"es\"},{\"@type\":\"Organization\",\"@id\":\"https:\/\/www.icip.cat\/ca\/#organization\",\"name\":\"ICIP\",\"url\":\"https:\/\/www.icip.cat\/ca\/\",\"logo\":{\"@type\":\"ImageObject\",\"inLanguage\":\"es\",\"@id\":\"https:\/\/www.icip.cat\/ca\/#\/schema\/logo\/image\/\",\"url\":\"https:\/\/www.icip.cat\/wp-content\/uploads\/2021\/02\/logo-2.png\",\"contentUrl\":\"https:\/\/www.icip.cat\/wp-content\/uploads\/2021\/02\/logo-2.png\",\"width\":562,\"height\":391,\"caption\":\"ICIP\"},\"image\":{\"@id\":\"https:\/\/www.icip.cat\/ca\/#\/schema\/logo\/image\/\"}},{\"@type\":\"Person\",\"@id\":\"https:\/\/www.icip.cat\/ca\/#\/schema\/person\/35404003404833995eee2bb6e3115dc6\",\"name\":\"whads\",\"image\":{\"@type\":\"ImageObject\",\"inLanguage\":\"es\",\"@id\":\"https:\/\/www.icip.cat\/ca\/#\/schema\/person\/image\/\",\"url\":\"https:\/\/secure.gravatar.com\/avatar\/6a92e4ce03d9442c546cc4afecfc51777413608a6d55a7b50040700657b6b30f?s=96&d=mm&r=g\",\"contentUrl\":\"https:\/\/secure.gravatar.com\/avatar\/6a92e4ce03d9442c546cc4afecfc51777413608a6d55a7b50040700657b6b30f?s=96&d=mm&r=g\",\"caption\":\"whads\"},\"sameAs\":[\"http:\/\/www.icip.cat\"],\"url\":\"https:\/\/www.icip.cat\/es\/author\/whads\/\"}]}<\/script>\n<!-- \/ Yoast SEO plugin. -->","yoast_head_json":{"title":"El ICIP lanza el nuevo bolet\u00edn \"La Voz de la Di\u00e1spora Colombiana en Europa\" - ICIP","robots":{"index":"index","follow":"follow","max-snippet":"max-snippet:-1","max-image-preview":"max-image-preview:large","max-video-preview":"max-video-preview:-1"},"canonical":"https:\/\/www.icip.cat\/es\/el-icip-lanza-el-nuevo-boletin-la-voz-de-la-diaspora-colombiana-en-europa\/","og_locale":"es_ES","og_type":"article","og_title":"El ICIP lanza el nuevo bolet\u00edn \"La Voz de la Di\u00e1spora Colombiana en Europa\" - ICIP","og_description":"La herramienta nace para conectar las organizaciones y personas que trabajan en el marco de la Comisi\u00f3n de la Verdad de Colombia en el continente europeo.","og_url":"https:\/\/www.icip.cat\/es\/el-icip-lanza-el-nuevo-boletin-la-voz-de-la-diaspora-colombiana-en-europa\/","og_site_name":"ICIP","article_published_time":"2019-03-25T08:00:00+00:00","og_image":[{"width":190,"height":224,"url":"https:\/\/www.icip.cat\/wp-content\/uploads\/2019\/03\/boletin-diaspora-1.png_888792341-1.png","type":"image\/png"}],"author":"whads","twitter_card":"summary_large_image","twitter_misc":{"Escrito por":"whads","Tiempo de lectura":"1 minuto"},"schema":{"@context":"https:\/\/schema.org","@graph":[{"@type":"Article","@id":"https:\/\/www.icip.cat\/es\/el-icip-lanza-el-nuevo-boletin-la-voz-de-la-diaspora-colombiana-en-europa\/#article","isPartOf":{"@id":"https:\/\/www.icip.cat\/es\/el-icip-lanza-el-nuevo-boletin-la-voz-de-la-diaspora-colombiana-en-europa\/"},"author":{"name":"whads","@id":"https:\/\/www.icip.cat\/ca\/#\/schema\/person\/35404003404833995eee2bb6e3115dc6"},"headline":"El ICIP lanza el nuevo bolet\u00edn \u00abLa Voz de la Di\u00e1spora Colombiana en Europa\u00bb","datePublished":"2019-03-25T08:00:00+00:00","mainEntityOfPage":{"@id":"https:\/\/www.icip.cat\/es\/el-icip-lanza-el-nuevo-boletin-la-voz-de-la-diaspora-colombiana-en-europa\/"},"wordCount":165,"publisher":{"@id":"https:\/\/www.icip.cat\/ca\/#organization"},"image":{"@id":"https:\/\/www.icip.cat\/es\/el-icip-lanza-el-nuevo-boletin-la-voz-de-la-diaspora-colombiana-en-europa\/#primaryimage"},"thumbnailUrl":"https:\/\/www.icip.cat\/wp-content\/uploads\/2019\/03\/boletin-diaspora-1.png_888792341-1.png","articleSection":["Sense categoria"],"inLanguage":"es"},{"@type":"WebPage","@id":"https:\/\/www.icip.cat\/es\/el-icip-lanza-el-nuevo-boletin-la-voz-de-la-diaspora-colombiana-en-europa\/","url":"https:\/\/www.icip.cat\/es\/el-icip-lanza-el-nuevo-boletin-la-voz-de-la-diaspora-colombiana-en-europa\/","name":"El ICIP lanza el nuevo bolet\u00edn \"La Voz de la Di\u00e1spora Colombiana en Europa\" - ICIP","isPartOf":{"@id":"https:\/\/www.icip.cat\/ca\/#website"},"primaryImageOfPage":{"@id":"https:\/\/www.icip.cat\/es\/el-icip-lanza-el-nuevo-boletin-la-voz-de-la-diaspora-colombiana-en-europa\/#primaryimage"},"image":{"@id":"https:\/\/www.icip.cat\/es\/el-icip-lanza-el-nuevo-boletin-la-voz-de-la-diaspora-colombiana-en-europa\/#primaryimage"},"thumbnailUrl":"https:\/\/www.icip.cat\/wp-content\/uploads\/2019\/03\/boletin-diaspora-1.png_888792341-1.png","datePublished":"2019-03-25T08:00:00+00:00","inLanguage":"es","potentialAction":[{"@type":"ReadAction","target":["https:\/\/www.icip.cat\/es\/el-icip-lanza-el-nuevo-boletin-la-voz-de-la-diaspora-colombiana-en-europa\/"]}]},{"@type":"ImageObject","inLanguage":"es","@id":"https:\/\/www.icip.cat\/es\/el-icip-lanza-el-nuevo-boletin-la-voz-de-la-diaspora-colombiana-en-europa\/#primaryimage","url":"https:\/\/www.icip.cat\/wp-content\/uploads\/2019\/03\/boletin-diaspora-1.png_888792341-1.png","contentUrl":"https:\/\/www.icip.cat\/wp-content\/uploads\/2019\/03\/boletin-diaspora-1.png_888792341-1.png","width":190,"height":224,"caption":"El ICIP lanza el nuevo bolet\u00edn \"La Voz de la Di\u00e1spora Colombiana en Europa\""},{"@type":"WebSite","@id":"https:\/\/www.icip.cat\/ca\/#website","url":"https:\/\/www.icip.cat\/ca\/","name":"ICIP","description":"","publisher":{"@id":"https:\/\/www.icip.cat\/ca\/#organization"},"potentialAction":[{"@type":"SearchAction","target":{"@type":"EntryPoint","urlTemplate":"https:\/\/www.icip.cat\/ca\/?s={search_term_string}"},"query-input":{"@type":"PropertyValueSpecification","valueRequired":true,"valueName":"search_term_string"}}],"inLanguage":"es"},{"@type":"Organization","@id":"https:\/\/www.icip.cat\/ca\/#organization","name":"ICIP","url":"https:\/\/www.icip.cat\/ca\/","logo":{"@type":"ImageObject","inLanguage":"es","@id":"https:\/\/www.icip.cat\/ca\/#\/schema\/logo\/image\/","url":"https:\/\/www.icip.cat\/wp-content\/uploads\/2021\/02\/logo-2.png","contentUrl":"https:\/\/www.icip.cat\/wp-content\/uploads\/2021\/02\/logo-2.png","width":562,"height":391,"caption":"ICIP"},"image":{"@id":"https:\/\/www.icip.cat\/ca\/#\/schema\/logo\/image\/"}},{"@type":"Person","@id":"https:\/\/www.icip.cat\/ca\/#\/schema\/person\/35404003404833995eee2bb6e3115dc6","name":"whads","image":{"@type":"ImageObject","inLanguage":"es","@id":"https:\/\/www.icip.cat\/ca\/#\/schema\/person\/image\/","url":"https:\/\/secure.gravatar.com\/avatar\/6a92e4ce03d9442c546cc4afecfc51777413608a6d55a7b50040700657b6b30f?s=96&d=mm&r=g","contentUrl":"https:\/\/secure.gravatar.com\/avatar\/6a92e4ce03d9442c546cc4afecfc51777413608a6d55a7b50040700657b6b30f?s=96&d=mm&r=g","caption":"whads"},"sameAs":["http:\/\/www.icip.cat"],"url":"https:\/\/www.icip.cat\/es\/author\/whads\/"}]}},"_links":{"self":[{"href":"https:\/\/www.icip.cat\/es\/wp-json\/wp\/v2\/posts\/5126","targetHints":{"allow":["GET"]}}],"collection":[{"href":"https:\/\/www.icip.cat\/es\/wp-json\/wp\/v2\/posts"}],"about":[{"href":"https:\/\/www.icip.cat\/es\/wp-json\/wp\/v2\/types\/post"}],"author":[{"embeddable":true,"href":"https:\/\/www.icip.cat\/es\/wp-json\/wp\/v2\/users\/1"}],"replies":[{"embeddable":true,"href":"https:\/\/www.icip.cat\/es\/wp-json\/wp\/v2\/comments?post=5126"}],"version-history":[{"count":0,"href":"https:\/\/www.icip.cat\/es\/wp-json\/wp\/v2\/posts\/5126\/revisions"}],"wp:featuredmedia":[{"embeddable":true,"href":"https:\/\/www.icip.cat\/es\/wp-json\/wp\/v2\/media\/5127"}],"wp:attachment":[{"href":"https:\/\/www.icip.cat\/es\/wp-json\/wp\/v2\/media?parent=5126"}],"wp:term":[{"taxonomy":"category","embeddable":true,"href":"https:\/\/www.icip.cat\/es\/wp-json\/wp\/v2\/categories?post=5126"},{"taxonomy":"post_tag","embeddable":true,"href":"https:\/\/www.icip.cat\/es\/wp-json\/wp\/v2\/tags?post=5126"}],"curies":[{"name":"wp","href":"https:\/\/api.w.org\/{rel}","templated":true}]}}