{"id":5134,"date":"2019-03-13T08:00:00","date_gmt":"2019-03-13T08:00:00","guid":{"rendered":"http:\/\/www.icip.cat\/el-icip-reconoce-el-trabajo-de-cauce-ciudadano-con-el-premio-constructores-de-paz-2018\/"},"modified":"2021-09-20T09:02:50","modified_gmt":"2021-09-20T09:02:50","slug":"el-icip-reconoce-el-trabajo-de-cauce-ciudadano-con-el-premio-constructores-de-paz-2018","status":"publish","type":"post","link":"https:\/\/www.icip.cat\/es\/el-icip-reconoce-el-trabajo-de-cauce-ciudadano-con-el-premio-constructores-de-paz-2018\/","title":{"rendered":"El ICIP reconoce el trabajo de Cauce Ciudadano con el Premio Constructores de Paz 2018"},"content":{"rendered":"<p>El Instituto Catal\u00e1n Internacional para la Paz (ICIP) ha celebrado este martes 12 de marzo la entrega del Premio ICIP Constructores de Paz 2018 a la organizaci\u00f3n mexicana Cauce Ciudadano en un acto en el Parlamento de Catalu\u00f1a en el que han asistido representantes de intituciones y organizaciones vinculadas a M\u00e9xico y a Am\u00e9rica Latina en general y dedicadas al fomento y la promoci\u00f3n de la paz. Cauce Ciudadano, entidad fundada en el a\u00f1o 2000 por j\u00f3venes que hab\u00edan formado parte de bandas criminales (los llamados pandilleros) ha recibido el galard\u00f3n \u00abpor su labor de prevenci\u00f3n de la violencia y de construcci\u00f3n de alternativas pac\u00edficas para j\u00f3venes en contextos muy marcados por la criminalidad y, especialmente, el narcotr\u00e1fico\u00bb.<\/p>\n<p>La ceremonia ha sido presidida por el presidente de la c\u00e1mara, Roger Torrent, el conseller de Acci\u00f3n Exterior, Relaciones Institucionales y Transparencia, Alfred Bosch, y el presidente del ICIP, Xavier Masllorens, quien ha iniciado su intervenci\u00f3n mostrando la \u00abconsternaci\u00f3n ante el retroceso democr\u00e1tico que estamos viviendo en varios lugares del mundo, y tambi\u00e9n en Espa\u00f1a, y la preocupaci\u00f3n por cada persona que acepta un recorte de derechos y libertades en nombre de la seguridad \u00ab. Masllorens ha destacado el trabajo de Cauce Ciudadano para \u00abdar una respuesta preventiva y positiva a la violencia, a diferencia de las medidas represivas y securititzadores de los poderes p\u00fablicos\u00bb.<\/p>\n<p>En el transcurso del acto se ha proyectado un v\u00eddeo sobre la trayectoria de Cauce Ciudadano y la periodista y escritora colombiana, Laura Restrepo, autora de la glosa, ha destacado \u00abla apuesta por la paz y la reconciliaci\u00f3n, la educaci\u00f3n moral y c\u00edvica, la reconciliaci\u00f3n entre las partes enfrentadas, la reparaci\u00f3n del da\u00f1o, la no repetici\u00f3n y la dignificaci\u00f3n de la memoria de las v\u00edctimas \u00ab.<\/p>\n<p>En el discurso de aceptaci\u00f3n del premio, la directora de Cauce Ciudadano, Erika Llanos, educadora popular y primera mujer no pandillera miembro de la entidad, ha agradecido el galard\u00f3n y ha destacado la apuesta de Cauce Ciudadano por \u00abtransformar el miedo y rehumanizar el transitar diario \u00ab, con un trabajo tanto en las escuelas como en las c\u00e1rceles \u00abpara hablar con la criminalidad y juntar v\u00edctimas y victimarios \u00ab, y con especial \u00e9nfasis en la lucha por la igualdad de g\u00e9nero y por el reconocimiento de las mujeres. Por su parte, el fundador de la entidad, Carlos Cruz, en un emotivo discurso, ha reivindicado \u00abuna narrativa de justicia y de paz, m\u00e1s all\u00e1 de la seguridad\u00bb para revertir el clima de violencia y criminalidad de M\u00e9xico, y la necesidad de \u00abescuchar y amar\u00bb para construir paz y de organizarse a nivel social para crear \u00abeconom\u00edas de paz\u00bb. Cruz tambi\u00e9n ha tenido unas palabras para los presos y exiliados pol\u00edticos catalanes, a quien ha deseado el regreso a casa, al igual que a los miles de desaparecidos registrados en M\u00e9xico.<\/p>\n<p>En la clausura del acto, el conseller de Acci\u00f3n Exterior, Alfred Bosch, ha reivindicado el di\u00e1logo y la justicia para construir la paz y ha destacado el trabajo de Cauce Ciudadano parar \u00abhacer del mundo un lugar mejor\u00bb, y el presidente del Parlamento, Roger Torrent, ha tenido un recuerdo para los presos y exiliados catalanes, especialmente para la presidenta Carme Forcadell y el conseller Raul Romeva, \u00abuna mujer y un hombre de paz, constructores de paz, acusados de alzamientos violentos que no se han producido nunca\u00bb. Torrent ha recordado que \u00abla paz no es solo absencia de actitudes violentas, la paz se construye contra la represi\u00f3n, la imposici\u00f3n y la amenaza\u00bb.<\/p>\n<p><strong>Anteriores galardonados<\/strong><br \/>El Premio ICIP Constructores de Paz ha llegado este a\u00f1o a su octava edici\u00f3n. La primera edici\u00f3n del premio, correspondiente al a\u00f1o 2011, reconoci\u00f3 la lucha de objetores e insumisos, simbolizados Pepe Beunza, primer objetor de conciencia al servicio militar obligatorio por razones ideol\u00f3gicas del Estado espa\u00f1ol.<\/p>\n<p>El a\u00f1o 2012, el Premio ICIP fue concedido a cinco Madres de Soacha por su trabajo en favor de la paz y los derechos humanos en Colombia. Con este premio, el ICIP quiso reconocer el coraje y la perseverancia del grupo de madres colombianas en la b\u00fasqueda de verdad, justicia y reparaci\u00f3n por la muerte de sus hijos en manos de las fuerzas de seguridad del Estado y por otros casos de ejecuciones extrajudiciales conocidos como falsos positivos.<\/p>\n<p>El a\u00f1o 2013, el ICIP galardon\u00f3 al exgeneral nacido en Belgrado Jovan Divjak, por su coraje en la defensa de Sarajevo durante la Guerra de los Balcanes y su trabajo en favor de las v\u00edctimas del conflicto.<\/p>\n<p>El a\u00f1o 2014, el Premio ICIP Constructores de Paz recay\u00f3 en la Women&#8217;s International League for Peace and Freedom (Liga Internacional de Mujeres por la Paz y la Libertad, WILPF), por su trayectoria centenaria en el trabajo de mujeres para la paz y el desarme.<\/p>\n<p>Un a\u00f1o m\u00e1s tarde, el 2015, el reconocimiento fue para el padre capuchino Joan Botam, impulsor de numerosas iniciativas vinculadas a la paz y al ecumenismo y un claro defensor de la religi\u00f3n como fuente de paz y di\u00e1logo.<\/p>\n<p>El a\u00f1o 2016, el Premio ICIP Constructores de Paz recay\u00f3 en la organizaci\u00f3n no gubernamental Brigadas Internacionales de Paz (PBI) por su tarea de protecci\u00f3n de los defensores de los derechos humanos que trabajan en \u00e1reas de represi\u00f3n y conflicto.<\/p>\n<p>Finalmente, en el a\u00f1o 2017, el Premio reconoci\u00f3 la labor del activista y economista Arcadi Oliveres por su incansable dedicaci\u00f3n y compromiso con el fomento de la paz y la justicia social.<\/p>\n<p>Anteriormente, en octubre del 2011, el ICIP concedi\u00f3 una edici\u00f3n extraordinaria del galard\u00f3n al Parlament de Catalunya al representar la continuidad y el legado de las instituciones \u201cPau i Treva\u201d y el \u201cConsolat del Mar\u201d.<\/p>\n\n\n<p><\/p>\n","protected":false},"excerpt":{"rendered":"<p>El acto de entrega se ha celebrado en el Parlamento de Catalu\u00f1a.<\/p>\n","protected":false},"author":1,"featured_media":5135,"comment_status":"closed","ping_status":"open","sticky":false,"template":"","format":"standard","meta":{"_acf_changed":false,"footnotes":""},"categories":[4,5],"tags":[],"class_list":["post-5134","post","type-post","status-publish","format-standard","has-post-thumbnail","hentry","category-sense-categoria","category-sin-categorizar"],"acf":[],"yoast_head":"<!-- This site is optimized with the Yoast SEO plugin v25.6 - https:\/\/yoast.com\/wordpress\/plugins\/seo\/ -->\n<title>El ICIP reconoce el trabajo de Cauce Ciudadano con el Premio Constructores de Paz 2018 - ICIP<\/title>\n<meta name=\"robots\" content=\"index, follow, max-snippet:-1, max-image-preview:large, max-video-preview:-1\" \/>\n<link rel=\"canonical\" href=\"https:\/\/www.icip.cat\/es\/el-icip-reconoce-el-trabajo-de-cauce-ciudadano-con-el-premio-constructores-de-paz-2018\/\" \/>\n<meta property=\"og:locale\" content=\"es_ES\" \/>\n<meta property=\"og:type\" content=\"article\" \/>\n<meta property=\"og:title\" content=\"El ICIP reconoce el trabajo de Cauce Ciudadano con el Premio Constructores de Paz 2018 - ICIP\" \/>\n<meta property=\"og:description\" content=\"El acto de entrega se ha celebrado en el Parlamento de Catalu\u00f1a.\" \/>\n<meta property=\"og:url\" content=\"https:\/\/www.icip.cat\/es\/el-icip-reconoce-el-trabajo-de-cauce-ciudadano-con-el-premio-constructores-de-paz-2018\/\" \/>\n<meta property=\"og:site_name\" content=\"ICIP\" \/>\n<meta property=\"article:published_time\" content=\"2019-03-13T08:00:00+00:00\" \/>\n<meta property=\"article:modified_time\" content=\"2021-09-20T09:02:50+00:00\" \/>\n<meta property=\"og:image\" content=\"https:\/\/www.icip.cat\/wp-content\/uploads\/2019\/03\/cauce3-1.jpg_1687638006-1.jpg\" \/>\n\t<meta property=\"og:image:width\" content=\"190\" \/>\n\t<meta property=\"og:image:height\" content=\"157\" \/>\n\t<meta property=\"og:image:type\" content=\"image\/jpeg\" \/>\n<meta name=\"author\" content=\"whads\" \/>\n<meta name=\"twitter:card\" content=\"summary_large_image\" \/>\n<meta name=\"twitter:label1\" content=\"Escrito por\" \/>\n\t<meta name=\"twitter:data1\" content=\"whads\" \/>\n\t<meta name=\"twitter:label2\" content=\"Tiempo de lectura\" \/>\n\t<meta name=\"twitter:data2\" content=\"5 minutos\" \/>\n<script type=\"application\/ld+json\" class=\"yoast-schema-graph\">{\"@context\":\"https:\/\/schema.org\",\"@graph\":[{\"@type\":\"Article\",\"@id\":\"https:\/\/www.icip.cat\/es\/el-icip-reconoce-el-trabajo-de-cauce-ciudadano-con-el-premio-constructores-de-paz-2018\/#article\",\"isPartOf\":{\"@id\":\"https:\/\/www.icip.cat\/es\/el-icip-reconoce-el-trabajo-de-cauce-ciudadano-con-el-premio-constructores-de-paz-2018\/\"},\"author\":{\"name\":\"whads\",\"@id\":\"https:\/\/www.icip.cat\/ca\/#\/schema\/person\/35404003404833995eee2bb6e3115dc6\"},\"headline\":\"El ICIP reconoce el trabajo de Cauce Ciudadano con el Premio Constructores de Paz 2018\",\"datePublished\":\"2019-03-13T08:00:00+00:00\",\"dateModified\":\"2021-09-20T09:02:50+00:00\",\"mainEntityOfPage\":{\"@id\":\"https:\/\/www.icip.cat\/es\/el-icip-reconoce-el-trabajo-de-cauce-ciudadano-con-el-premio-constructores-de-paz-2018\/\"},\"wordCount\":1007,\"publisher\":{\"@id\":\"https:\/\/www.icip.cat\/ca\/#organization\"},\"image\":{\"@id\":\"https:\/\/www.icip.cat\/es\/el-icip-reconoce-el-trabajo-de-cauce-ciudadano-con-el-premio-constructores-de-paz-2018\/#primaryimage\"},\"thumbnailUrl\":\"https:\/\/www.icip.cat\/wp-content\/uploads\/2019\/03\/cauce3-1.jpg_1687638006-1.jpg\",\"articleSection\":[\"Sense categoria\",\"Sin categorizar\"],\"inLanguage\":\"es\"},{\"@type\":\"WebPage\",\"@id\":\"https:\/\/www.icip.cat\/es\/el-icip-reconoce-el-trabajo-de-cauce-ciudadano-con-el-premio-constructores-de-paz-2018\/\",\"url\":\"https:\/\/www.icip.cat\/es\/el-icip-reconoce-el-trabajo-de-cauce-ciudadano-con-el-premio-constructores-de-paz-2018\/\",\"name\":\"El ICIP reconoce el trabajo de Cauce Ciudadano con el Premio Constructores de Paz 2018 - ICIP\",\"isPartOf\":{\"@id\":\"https:\/\/www.icip.cat\/ca\/#website\"},\"primaryImageOfPage\":{\"@id\":\"https:\/\/www.icip.cat\/es\/el-icip-reconoce-el-trabajo-de-cauce-ciudadano-con-el-premio-constructores-de-paz-2018\/#primaryimage\"},\"image\":{\"@id\":\"https:\/\/www.icip.cat\/es\/el-icip-reconoce-el-trabajo-de-cauce-ciudadano-con-el-premio-constructores-de-paz-2018\/#primaryimage\"},\"thumbnailUrl\":\"https:\/\/www.icip.cat\/wp-content\/uploads\/2019\/03\/cauce3-1.jpg_1687638006-1.jpg\",\"datePublished\":\"2019-03-13T08:00:00+00:00\",\"dateModified\":\"2021-09-20T09:02:50+00:00\",\"inLanguage\":\"es\",\"potentialAction\":[{\"@type\":\"ReadAction\",\"target\":[\"https:\/\/www.icip.cat\/es\/el-icip-reconoce-el-trabajo-de-cauce-ciudadano-con-el-premio-constructores-de-paz-2018\/\"]}]},{\"@type\":\"ImageObject\",\"inLanguage\":\"es\",\"@id\":\"https:\/\/www.icip.cat\/es\/el-icip-reconoce-el-trabajo-de-cauce-ciudadano-con-el-premio-constructores-de-paz-2018\/#primaryimage\",\"url\":\"https:\/\/www.icip.cat\/wp-content\/uploads\/2019\/03\/cauce3-1.jpg_1687638006-1.jpg\",\"contentUrl\":\"https:\/\/www.icip.cat\/wp-content\/uploads\/2019\/03\/cauce3-1.jpg_1687638006-1.jpg\",\"width\":190,\"height\":157,\"caption\":\"El ICIP reconoce el trabajo de Cauce Ciudadano con el Premio Constructores de Paz 2018\"},{\"@type\":\"WebSite\",\"@id\":\"https:\/\/www.icip.cat\/ca\/#website\",\"url\":\"https:\/\/www.icip.cat\/ca\/\",\"name\":\"ICIP\",\"description\":\"\",\"publisher\":{\"@id\":\"https:\/\/www.icip.cat\/ca\/#organization\"},\"potentialAction\":[{\"@type\":\"SearchAction\",\"target\":{\"@type\":\"EntryPoint\",\"urlTemplate\":\"https:\/\/www.icip.cat\/ca\/?s={search_term_string}\"},\"query-input\":{\"@type\":\"PropertyValueSpecification\",\"valueRequired\":true,\"valueName\":\"search_term_string\"}}],\"inLanguage\":\"es\"},{\"@type\":\"Organization\",\"@id\":\"https:\/\/www.icip.cat\/ca\/#organization\",\"name\":\"ICIP\",\"url\":\"https:\/\/www.icip.cat\/ca\/\",\"logo\":{\"@type\":\"ImageObject\",\"inLanguage\":\"es\",\"@id\":\"https:\/\/www.icip.cat\/ca\/#\/schema\/logo\/image\/\",\"url\":\"https:\/\/www.icip.cat\/wp-content\/uploads\/2021\/02\/logo-2.png\",\"contentUrl\":\"https:\/\/www.icip.cat\/wp-content\/uploads\/2021\/02\/logo-2.png\",\"width\":562,\"height\":391,\"caption\":\"ICIP\"},\"image\":{\"@id\":\"https:\/\/www.icip.cat\/ca\/#\/schema\/logo\/image\/\"}},{\"@type\":\"Person\",\"@id\":\"https:\/\/www.icip.cat\/ca\/#\/schema\/person\/35404003404833995eee2bb6e3115dc6\",\"name\":\"whads\",\"image\":{\"@type\":\"ImageObject\",\"inLanguage\":\"es\",\"@id\":\"https:\/\/www.icip.cat\/ca\/#\/schema\/person\/image\/\",\"url\":\"https:\/\/secure.gravatar.com\/avatar\/6a92e4ce03d9442c546cc4afecfc51777413608a6d55a7b50040700657b6b30f?s=96&d=mm&r=g\",\"contentUrl\":\"https:\/\/secure.gravatar.com\/avatar\/6a92e4ce03d9442c546cc4afecfc51777413608a6d55a7b50040700657b6b30f?s=96&d=mm&r=g\",\"caption\":\"whads\"},\"sameAs\":[\"http:\/\/www.icip.cat\"],\"url\":\"https:\/\/www.icip.cat\/es\/author\/whads\/\"}]}<\/script>\n<!-- \/ Yoast SEO plugin. -->","yoast_head_json":{"title":"El ICIP reconoce el trabajo de Cauce Ciudadano con el Premio Constructores de Paz 2018 - ICIP","robots":{"index":"index","follow":"follow","max-snippet":"max-snippet:-1","max-image-preview":"max-image-preview:large","max-video-preview":"max-video-preview:-1"},"canonical":"https:\/\/www.icip.cat\/es\/el-icip-reconoce-el-trabajo-de-cauce-ciudadano-con-el-premio-constructores-de-paz-2018\/","og_locale":"es_ES","og_type":"article","og_title":"El ICIP reconoce el trabajo de Cauce Ciudadano con el Premio Constructores de Paz 2018 - ICIP","og_description":"El acto de entrega se ha celebrado en el Parlamento de Catalu\u00f1a.","og_url":"https:\/\/www.icip.cat\/es\/el-icip-reconoce-el-trabajo-de-cauce-ciudadano-con-el-premio-constructores-de-paz-2018\/","og_site_name":"ICIP","article_published_time":"2019-03-13T08:00:00+00:00","article_modified_time":"2021-09-20T09:02:50+00:00","og_image":[{"width":190,"height":157,"url":"https:\/\/www.icip.cat\/wp-content\/uploads\/2019\/03\/cauce3-1.jpg_1687638006-1.jpg","type":"image\/jpeg"}],"author":"whads","twitter_card":"summary_large_image","twitter_misc":{"Escrito por":"whads","Tiempo de lectura":"5 minutos"},"schema":{"@context":"https:\/\/schema.org","@graph":[{"@type":"Article","@id":"https:\/\/www.icip.cat\/es\/el-icip-reconoce-el-trabajo-de-cauce-ciudadano-con-el-premio-constructores-de-paz-2018\/#article","isPartOf":{"@id":"https:\/\/www.icip.cat\/es\/el-icip-reconoce-el-trabajo-de-cauce-ciudadano-con-el-premio-constructores-de-paz-2018\/"},"author":{"name":"whads","@id":"https:\/\/www.icip.cat\/ca\/#\/schema\/person\/35404003404833995eee2bb6e3115dc6"},"headline":"El ICIP reconoce el trabajo de Cauce Ciudadano con el Premio Constructores de Paz 2018","datePublished":"2019-03-13T08:00:00+00:00","dateModified":"2021-09-20T09:02:50+00:00","mainEntityOfPage":{"@id":"https:\/\/www.icip.cat\/es\/el-icip-reconoce-el-trabajo-de-cauce-ciudadano-con-el-premio-constructores-de-paz-2018\/"},"wordCount":1007,"publisher":{"@id":"https:\/\/www.icip.cat\/ca\/#organization"},"image":{"@id":"https:\/\/www.icip.cat\/es\/el-icip-reconoce-el-trabajo-de-cauce-ciudadano-con-el-premio-constructores-de-paz-2018\/#primaryimage"},"thumbnailUrl":"https:\/\/www.icip.cat\/wp-content\/uploads\/2019\/03\/cauce3-1.jpg_1687638006-1.jpg","articleSection":["Sense categoria","Sin categorizar"],"inLanguage":"es"},{"@type":"WebPage","@id":"https:\/\/www.icip.cat\/es\/el-icip-reconoce-el-trabajo-de-cauce-ciudadano-con-el-premio-constructores-de-paz-2018\/","url":"https:\/\/www.icip.cat\/es\/el-icip-reconoce-el-trabajo-de-cauce-ciudadano-con-el-premio-constructores-de-paz-2018\/","name":"El ICIP reconoce el trabajo de Cauce Ciudadano con el Premio Constructores de Paz 2018 - ICIP","isPartOf":{"@id":"https:\/\/www.icip.cat\/ca\/#website"},"primaryImageOfPage":{"@id":"https:\/\/www.icip.cat\/es\/el-icip-reconoce-el-trabajo-de-cauce-ciudadano-con-el-premio-constructores-de-paz-2018\/#primaryimage"},"image":{"@id":"https:\/\/www.icip.cat\/es\/el-icip-reconoce-el-trabajo-de-cauce-ciudadano-con-el-premio-constructores-de-paz-2018\/#primaryimage"},"thumbnailUrl":"https:\/\/www.icip.cat\/wp-content\/uploads\/2019\/03\/cauce3-1.jpg_1687638006-1.jpg","datePublished":"2019-03-13T08:00:00+00:00","dateModified":"2021-09-20T09:02:50+00:00","inLanguage":"es","potentialAction":[{"@type":"ReadAction","target":["https:\/\/www.icip.cat\/es\/el-icip-reconoce-el-trabajo-de-cauce-ciudadano-con-el-premio-constructores-de-paz-2018\/"]}]},{"@type":"ImageObject","inLanguage":"es","@id":"https:\/\/www.icip.cat\/es\/el-icip-reconoce-el-trabajo-de-cauce-ciudadano-con-el-premio-constructores-de-paz-2018\/#primaryimage","url":"https:\/\/www.icip.cat\/wp-content\/uploads\/2019\/03\/cauce3-1.jpg_1687638006-1.jpg","contentUrl":"https:\/\/www.icip.cat\/wp-content\/uploads\/2019\/03\/cauce3-1.jpg_1687638006-1.jpg","width":190,"height":157,"caption":"El ICIP reconoce el trabajo de Cauce Ciudadano con el Premio Constructores de Paz 2018"},{"@type":"WebSite","@id":"https:\/\/www.icip.cat\/ca\/#website","url":"https:\/\/www.icip.cat\/ca\/","name":"ICIP","description":"","publisher":{"@id":"https:\/\/www.icip.cat\/ca\/#organization"},"potentialAction":[{"@type":"SearchAction","target":{"@type":"EntryPoint","urlTemplate":"https:\/\/www.icip.cat\/ca\/?s={search_term_string}"},"query-input":{"@type":"PropertyValueSpecification","valueRequired":true,"valueName":"search_term_string"}}],"inLanguage":"es"},{"@type":"Organization","@id":"https:\/\/www.icip.cat\/ca\/#organization","name":"ICIP","url":"https:\/\/www.icip.cat\/ca\/","logo":{"@type":"ImageObject","inLanguage":"es","@id":"https:\/\/www.icip.cat\/ca\/#\/schema\/logo\/image\/","url":"https:\/\/www.icip.cat\/wp-content\/uploads\/2021\/02\/logo-2.png","contentUrl":"https:\/\/www.icip.cat\/wp-content\/uploads\/2021\/02\/logo-2.png","width":562,"height":391,"caption":"ICIP"},"image":{"@id":"https:\/\/www.icip.cat\/ca\/#\/schema\/logo\/image\/"}},{"@type":"Person","@id":"https:\/\/www.icip.cat\/ca\/#\/schema\/person\/35404003404833995eee2bb6e3115dc6","name":"whads","image":{"@type":"ImageObject","inLanguage":"es","@id":"https:\/\/www.icip.cat\/ca\/#\/schema\/person\/image\/","url":"https:\/\/secure.gravatar.com\/avatar\/6a92e4ce03d9442c546cc4afecfc51777413608a6d55a7b50040700657b6b30f?s=96&d=mm&r=g","contentUrl":"https:\/\/secure.gravatar.com\/avatar\/6a92e4ce03d9442c546cc4afecfc51777413608a6d55a7b50040700657b6b30f?s=96&d=mm&r=g","caption":"whads"},"sameAs":["http:\/\/www.icip.cat"],"url":"https:\/\/www.icip.cat\/es\/author\/whads\/"}]}},"_links":{"self":[{"href":"https:\/\/www.icip.cat\/es\/wp-json\/wp\/v2\/posts\/5134","targetHints":{"allow":["GET"]}}],"collection":[{"href":"https:\/\/www.icip.cat\/es\/wp-json\/wp\/v2\/posts"}],"about":[{"href":"https:\/\/www.icip.cat\/es\/wp-json\/wp\/v2\/types\/post"}],"author":[{"embeddable":true,"href":"https:\/\/www.icip.cat\/es\/wp-json\/wp\/v2\/users\/1"}],"replies":[{"embeddable":true,"href":"https:\/\/www.icip.cat\/es\/wp-json\/wp\/v2\/comments?post=5134"}],"version-history":[{"count":1,"href":"https:\/\/www.icip.cat\/es\/wp-json\/wp\/v2\/posts\/5134\/revisions"}],"predecessor-version":[{"id":22293,"href":"https:\/\/www.icip.cat\/es\/wp-json\/wp\/v2\/posts\/5134\/revisions\/22293"}],"wp:featuredmedia":[{"embeddable":true,"href":"https:\/\/www.icip.cat\/es\/wp-json\/wp\/v2\/media\/5135"}],"wp:attachment":[{"href":"https:\/\/www.icip.cat\/es\/wp-json\/wp\/v2\/media?parent=5134"}],"wp:term":[{"taxonomy":"category","embeddable":true,"href":"https:\/\/www.icip.cat\/es\/wp-json\/wp\/v2\/categories?post=5134"},{"taxonomy":"post_tag","embeddable":true,"href":"https:\/\/www.icip.cat\/es\/wp-json\/wp\/v2\/tags?post=5134"}],"curies":[{"name":"wp","href":"https:\/\/api.w.org\/{rel}","templated":true}]}}