{"id":5138,"date":"2019-03-11T08:00:00","date_gmt":"2019-03-11T08:00:00","guid":{"rendered":"http:\/\/www.icip.cat\/origens-i-evolucio-del-moviment-per-la-pau-a-catalunya-1950-1980-de-xavier-gari-2\/"},"modified":"2019-03-11T08:00:00","modified_gmt":"2019-03-11T08:00:00","slug":"origens-i-evolucio-del-moviment-per-la-pau-a-catalunya-1950-1980-de-xavier-gari-2","status":"publish","type":"post","link":"https:\/\/www.icip.cat\/es\/origens-i-evolucio-del-moviment-per-la-pau-a-catalunya-1950-1980-de-xavier-gari-2\/","title":{"rendered":"\u00abOr\u00edgens i evoluci\u00f3 del moviment per la pau a Catalunya (1950-1980)\u00bb, de Xavier Gar\u00ed"},"content":{"rendered":"<p>Or\u00edgens i evoluci\u00f3 del moviment per la pau a Catalunya (1950-1980) es un libro fruto de la tesis doctoral de Xavier Gar\u00ed que explora los or\u00edgenes y el arraigo del movimiento por la paz en Catalu\u00f1a, en el periodo comprendido entre 1950 y 1980. El autor hace una descripci\u00f3n extensa de la rama catalana de Pax Christi Internacional y el colectivo barcelon\u00e9s de los Amics de l\u2019Arca, como pioneros del movimiento y responsables de la introducci\u00f3n de la doctrina de la paz y la noviolencia en una sociedad gobernada por una cultura militar y represiva. Tambi\u00e9n recorre otras iniciativas importantes para la consolidaci\u00f3n del movimiento como la organizaci\u00f3n Just\u00edcia i Pau, el Instituto V\u00edctor Seix de Polemolog\u00eda o la campa\u00f1a para la Objeci\u00f3n de Conciencia.<br \/>\n\u00abEl libro de Xavier Gar\u00ed de Barbar\u00e0 es la aportaci\u00f3n m\u00e1s importante que se ha hecho hasta ahora con el fin de profundizar en el conocimiento de los or\u00edgenes del pacifismo catal\u00e1n de ra\u00edz cristiana\u00bb. Jos\u00e9 Luis Gordillo (pr\u00f3logo).<br \/>\nEl autor<br \/>\nXavier Gar\u00ed de Barbar\u00e0 (Barcelona, \u200b\u200b1974) es doctor en Historia Contempor\u00e1nea y profesor de la Facultad de Humanidades de la Universidad Internacional de Catalu\u00f1a. Es fundador del Centro de Estudios de la Noviolencia de Catalu\u00f1a y director de la Escuela de Paz y Conflictos de la Universidad Internacional Men\u00e9ndez Pelayo de Barcelona. Sus campos de investigaci\u00f3n son la historia de la paz, la teor\u00eda y estrategia de la noviolencia y la gesti\u00f3n de conflictos.<\/p>\n","protected":false},"excerpt":{"rendered":"<p>Nuevo t\u00edtulo de la colecci\u00f3n \u201cNoviol\u00e8ncia i lluita per la pau\u201d, editada por el ICIP y Pag\u00e8s Editors.<\/p>\n","protected":false},"author":1,"featured_media":5139,"comment_status":"closed","ping_status":"open","sticky":false,"template":"","format":"standard","meta":{"_acf_changed":false,"footnotes":""},"categories":[4],"tags":[],"class_list":["post-5138","post","type-post","status-publish","format-standard","has-post-thumbnail","hentry","category-sense-categoria"],"acf":[],"yoast_head":"<!-- This site is optimized with the Yoast SEO plugin v25.6 - https:\/\/yoast.com\/wordpress\/plugins\/seo\/ -->\n<title>&quot;Or\u00edgens i evoluci\u00f3 del moviment per la pau a Catalunya (1950-1980)&quot;, de Xavier Gar\u00ed - ICIP<\/title>\n<meta name=\"robots\" content=\"index, follow, max-snippet:-1, max-image-preview:large, max-video-preview:-1\" \/>\n<link rel=\"canonical\" href=\"https:\/\/www.icip.cat\/es\/origens-i-evolucio-del-moviment-per-la-pau-a-catalunya-1950-1980-de-xavier-gari-2\/\" \/>\n<meta property=\"og:locale\" content=\"es_ES\" \/>\n<meta property=\"og:type\" content=\"article\" \/>\n<meta property=\"og:title\" content=\"&quot;Or\u00edgens i evoluci\u00f3 del moviment per la pau a Catalunya (1950-1980)&quot;, de Xavier Gar\u00ed - ICIP\" \/>\n<meta property=\"og:description\" content=\"Nuevo t\u00edtulo de la colecci\u00f3n \u201cNoviol\u00e8ncia i lluita per la pau\u201d, editada por el ICIP y Pag\u00e8s Editors.\" \/>\n<meta property=\"og:url\" content=\"https:\/\/www.icip.cat\/es\/origens-i-evolucio-del-moviment-per-la-pau-a-catalunya-1950-1980-de-xavier-gari-2\/\" \/>\n<meta property=\"og:site_name\" content=\"ICIP\" \/>\n<meta property=\"article:published_time\" content=\"2019-03-11T08:00:00+00:00\" \/>\n<meta property=\"og:image\" content=\"https:\/\/www.icip.cat\/wp-content\/uploads\/2019\/03\/noviolenciaweb.jpg_1329604716.jpg\" \/>\n\t<meta property=\"og:image:width\" content=\"160\" \/>\n\t<meta property=\"og:image:height\" content=\"208\" \/>\n\t<meta property=\"og:image:type\" content=\"image\/jpeg\" \/>\n<meta name=\"author\" content=\"whads\" \/>\n<meta name=\"twitter:card\" content=\"summary_large_image\" \/>\n<meta name=\"twitter:label1\" content=\"Escrito por\" \/>\n\t<meta name=\"twitter:data1\" content=\"whads\" \/>\n\t<meta name=\"twitter:label2\" content=\"Tiempo de lectura\" \/>\n\t<meta name=\"twitter:data2\" content=\"1 minuto\" \/>\n<script type=\"application\/ld+json\" class=\"yoast-schema-graph\">{\"@context\":\"https:\/\/schema.org\",\"@graph\":[{\"@type\":\"Article\",\"@id\":\"https:\/\/www.icip.cat\/es\/origens-i-evolucio-del-moviment-per-la-pau-a-catalunya-1950-1980-de-xavier-gari-2\/#article\",\"isPartOf\":{\"@id\":\"https:\/\/www.icip.cat\/es\/origens-i-evolucio-del-moviment-per-la-pau-a-catalunya-1950-1980-de-xavier-gari-2\/\"},\"author\":{\"name\":\"whads\",\"@id\":\"https:\/\/www.icip.cat\/ca\/#\/schema\/person\/35404003404833995eee2bb6e3115dc6\"},\"headline\":\"\u00abOr\u00edgens i evoluci\u00f3 del moviment per la pau a Catalunya (1950-1980)\u00bb, de Xavier Gar\u00ed\",\"datePublished\":\"2019-03-11T08:00:00+00:00\",\"mainEntityOfPage\":{\"@id\":\"https:\/\/www.icip.cat\/es\/origens-i-evolucio-del-moviment-per-la-pau-a-catalunya-1950-1980-de-xavier-gari-2\/\"},\"wordCount\":280,\"publisher\":{\"@id\":\"https:\/\/www.icip.cat\/ca\/#organization\"},\"image\":{\"@id\":\"https:\/\/www.icip.cat\/es\/origens-i-evolucio-del-moviment-per-la-pau-a-catalunya-1950-1980-de-xavier-gari-2\/#primaryimage\"},\"thumbnailUrl\":\"https:\/\/www.icip.cat\/wp-content\/uploads\/2019\/03\/noviolenciaweb.jpg_1329604716.jpg\",\"articleSection\":[\"Sense categoria\"],\"inLanguage\":\"es\"},{\"@type\":\"WebPage\",\"@id\":\"https:\/\/www.icip.cat\/es\/origens-i-evolucio-del-moviment-per-la-pau-a-catalunya-1950-1980-de-xavier-gari-2\/\",\"url\":\"https:\/\/www.icip.cat\/es\/origens-i-evolucio-del-moviment-per-la-pau-a-catalunya-1950-1980-de-xavier-gari-2\/\",\"name\":\"\\\"Or\u00edgens i evoluci\u00f3 del moviment per la pau a Catalunya (1950-1980)\\\", de Xavier Gar\u00ed - ICIP\",\"isPartOf\":{\"@id\":\"https:\/\/www.icip.cat\/ca\/#website\"},\"primaryImageOfPage\":{\"@id\":\"https:\/\/www.icip.cat\/es\/origens-i-evolucio-del-moviment-per-la-pau-a-catalunya-1950-1980-de-xavier-gari-2\/#primaryimage\"},\"image\":{\"@id\":\"https:\/\/www.icip.cat\/es\/origens-i-evolucio-del-moviment-per-la-pau-a-catalunya-1950-1980-de-xavier-gari-2\/#primaryimage\"},\"thumbnailUrl\":\"https:\/\/www.icip.cat\/wp-content\/uploads\/2019\/03\/noviolenciaweb.jpg_1329604716.jpg\",\"datePublished\":\"2019-03-11T08:00:00+00:00\",\"inLanguage\":\"es\",\"potentialAction\":[{\"@type\":\"ReadAction\",\"target\":[\"https:\/\/www.icip.cat\/es\/origens-i-evolucio-del-moviment-per-la-pau-a-catalunya-1950-1980-de-xavier-gari-2\/\"]}]},{\"@type\":\"ImageObject\",\"inLanguage\":\"es\",\"@id\":\"https:\/\/www.icip.cat\/es\/origens-i-evolucio-del-moviment-per-la-pau-a-catalunya-1950-1980-de-xavier-gari-2\/#primaryimage\",\"url\":\"https:\/\/www.icip.cat\/wp-content\/uploads\/2019\/03\/noviolenciaweb.jpg_1329604716.jpg\",\"contentUrl\":\"https:\/\/www.icip.cat\/wp-content\/uploads\/2019\/03\/noviolenciaweb.jpg_1329604716.jpg\",\"width\":160,\"height\":208,\"caption\":\"\\\"Or\u00edgens i evoluci\u00f3 del moviment per la pau a Catalunya (1950-1980)\\\", de Xavier Gar\u00ed\"},{\"@type\":\"WebSite\",\"@id\":\"https:\/\/www.icip.cat\/ca\/#website\",\"url\":\"https:\/\/www.icip.cat\/ca\/\",\"name\":\"ICIP\",\"description\":\"\",\"publisher\":{\"@id\":\"https:\/\/www.icip.cat\/ca\/#organization\"},\"potentialAction\":[{\"@type\":\"SearchAction\",\"target\":{\"@type\":\"EntryPoint\",\"urlTemplate\":\"https:\/\/www.icip.cat\/ca\/?s={search_term_string}\"},\"query-input\":{\"@type\":\"PropertyValueSpecification\",\"valueRequired\":true,\"valueName\":\"search_term_string\"}}],\"inLanguage\":\"es\"},{\"@type\":\"Organization\",\"@id\":\"https:\/\/www.icip.cat\/ca\/#organization\",\"name\":\"ICIP\",\"url\":\"https:\/\/www.icip.cat\/ca\/\",\"logo\":{\"@type\":\"ImageObject\",\"inLanguage\":\"es\",\"@id\":\"https:\/\/www.icip.cat\/ca\/#\/schema\/logo\/image\/\",\"url\":\"https:\/\/www.icip.cat\/wp-content\/uploads\/2021\/02\/logo-2.png\",\"contentUrl\":\"https:\/\/www.icip.cat\/wp-content\/uploads\/2021\/02\/logo-2.png\",\"width\":562,\"height\":391,\"caption\":\"ICIP\"},\"image\":{\"@id\":\"https:\/\/www.icip.cat\/ca\/#\/schema\/logo\/image\/\"}},{\"@type\":\"Person\",\"@id\":\"https:\/\/www.icip.cat\/ca\/#\/schema\/person\/35404003404833995eee2bb6e3115dc6\",\"name\":\"whads\",\"image\":{\"@type\":\"ImageObject\",\"inLanguage\":\"es\",\"@id\":\"https:\/\/www.icip.cat\/ca\/#\/schema\/person\/image\/\",\"url\":\"https:\/\/secure.gravatar.com\/avatar\/6a92e4ce03d9442c546cc4afecfc51777413608a6d55a7b50040700657b6b30f?s=96&d=mm&r=g\",\"contentUrl\":\"https:\/\/secure.gravatar.com\/avatar\/6a92e4ce03d9442c546cc4afecfc51777413608a6d55a7b50040700657b6b30f?s=96&d=mm&r=g\",\"caption\":\"whads\"},\"sameAs\":[\"http:\/\/www.icip.cat\"],\"url\":\"https:\/\/www.icip.cat\/es\/author\/whads\/\"}]}<\/script>\n<!-- \/ Yoast SEO plugin. -->","yoast_head_json":{"title":"\"Or\u00edgens i evoluci\u00f3 del moviment per la pau a Catalunya (1950-1980)\", de Xavier Gar\u00ed - ICIP","robots":{"index":"index","follow":"follow","max-snippet":"max-snippet:-1","max-image-preview":"max-image-preview:large","max-video-preview":"max-video-preview:-1"},"canonical":"https:\/\/www.icip.cat\/es\/origens-i-evolucio-del-moviment-per-la-pau-a-catalunya-1950-1980-de-xavier-gari-2\/","og_locale":"es_ES","og_type":"article","og_title":"\"Or\u00edgens i evoluci\u00f3 del moviment per la pau a Catalunya (1950-1980)\", de Xavier Gar\u00ed - ICIP","og_description":"Nuevo t\u00edtulo de la colecci\u00f3n \u201cNoviol\u00e8ncia i lluita per la pau\u201d, editada por el ICIP y Pag\u00e8s Editors.","og_url":"https:\/\/www.icip.cat\/es\/origens-i-evolucio-del-moviment-per-la-pau-a-catalunya-1950-1980-de-xavier-gari-2\/","og_site_name":"ICIP","article_published_time":"2019-03-11T08:00:00+00:00","og_image":[{"width":160,"height":208,"url":"https:\/\/www.icip.cat\/wp-content\/uploads\/2019\/03\/noviolenciaweb.jpg_1329604716.jpg","type":"image\/jpeg"}],"author":"whads","twitter_card":"summary_large_image","twitter_misc":{"Escrito por":"whads","Tiempo de lectura":"1 minuto"},"schema":{"@context":"https:\/\/schema.org","@graph":[{"@type":"Article","@id":"https:\/\/www.icip.cat\/es\/origens-i-evolucio-del-moviment-per-la-pau-a-catalunya-1950-1980-de-xavier-gari-2\/#article","isPartOf":{"@id":"https:\/\/www.icip.cat\/es\/origens-i-evolucio-del-moviment-per-la-pau-a-catalunya-1950-1980-de-xavier-gari-2\/"},"author":{"name":"whads","@id":"https:\/\/www.icip.cat\/ca\/#\/schema\/person\/35404003404833995eee2bb6e3115dc6"},"headline":"\u00abOr\u00edgens i evoluci\u00f3 del moviment per la pau a Catalunya (1950-1980)\u00bb, de Xavier Gar\u00ed","datePublished":"2019-03-11T08:00:00+00:00","mainEntityOfPage":{"@id":"https:\/\/www.icip.cat\/es\/origens-i-evolucio-del-moviment-per-la-pau-a-catalunya-1950-1980-de-xavier-gari-2\/"},"wordCount":280,"publisher":{"@id":"https:\/\/www.icip.cat\/ca\/#organization"},"image":{"@id":"https:\/\/www.icip.cat\/es\/origens-i-evolucio-del-moviment-per-la-pau-a-catalunya-1950-1980-de-xavier-gari-2\/#primaryimage"},"thumbnailUrl":"https:\/\/www.icip.cat\/wp-content\/uploads\/2019\/03\/noviolenciaweb.jpg_1329604716.jpg","articleSection":["Sense categoria"],"inLanguage":"es"},{"@type":"WebPage","@id":"https:\/\/www.icip.cat\/es\/origens-i-evolucio-del-moviment-per-la-pau-a-catalunya-1950-1980-de-xavier-gari-2\/","url":"https:\/\/www.icip.cat\/es\/origens-i-evolucio-del-moviment-per-la-pau-a-catalunya-1950-1980-de-xavier-gari-2\/","name":"\"Or\u00edgens i evoluci\u00f3 del moviment per la pau a Catalunya (1950-1980)\", de Xavier Gar\u00ed - ICIP","isPartOf":{"@id":"https:\/\/www.icip.cat\/ca\/#website"},"primaryImageOfPage":{"@id":"https:\/\/www.icip.cat\/es\/origens-i-evolucio-del-moviment-per-la-pau-a-catalunya-1950-1980-de-xavier-gari-2\/#primaryimage"},"image":{"@id":"https:\/\/www.icip.cat\/es\/origens-i-evolucio-del-moviment-per-la-pau-a-catalunya-1950-1980-de-xavier-gari-2\/#primaryimage"},"thumbnailUrl":"https:\/\/www.icip.cat\/wp-content\/uploads\/2019\/03\/noviolenciaweb.jpg_1329604716.jpg","datePublished":"2019-03-11T08:00:00+00:00","inLanguage":"es","potentialAction":[{"@type":"ReadAction","target":["https:\/\/www.icip.cat\/es\/origens-i-evolucio-del-moviment-per-la-pau-a-catalunya-1950-1980-de-xavier-gari-2\/"]}]},{"@type":"ImageObject","inLanguage":"es","@id":"https:\/\/www.icip.cat\/es\/origens-i-evolucio-del-moviment-per-la-pau-a-catalunya-1950-1980-de-xavier-gari-2\/#primaryimage","url":"https:\/\/www.icip.cat\/wp-content\/uploads\/2019\/03\/noviolenciaweb.jpg_1329604716.jpg","contentUrl":"https:\/\/www.icip.cat\/wp-content\/uploads\/2019\/03\/noviolenciaweb.jpg_1329604716.jpg","width":160,"height":208,"caption":"\"Or\u00edgens i evoluci\u00f3 del moviment per la pau a Catalunya (1950-1980)\", de Xavier Gar\u00ed"},{"@type":"WebSite","@id":"https:\/\/www.icip.cat\/ca\/#website","url":"https:\/\/www.icip.cat\/ca\/","name":"ICIP","description":"","publisher":{"@id":"https:\/\/www.icip.cat\/ca\/#organization"},"potentialAction":[{"@type":"SearchAction","target":{"@type":"EntryPoint","urlTemplate":"https:\/\/www.icip.cat\/ca\/?s={search_term_string}"},"query-input":{"@type":"PropertyValueSpecification","valueRequired":true,"valueName":"search_term_string"}}],"inLanguage":"es"},{"@type":"Organization","@id":"https:\/\/www.icip.cat\/ca\/#organization","name":"ICIP","url":"https:\/\/www.icip.cat\/ca\/","logo":{"@type":"ImageObject","inLanguage":"es","@id":"https:\/\/www.icip.cat\/ca\/#\/schema\/logo\/image\/","url":"https:\/\/www.icip.cat\/wp-content\/uploads\/2021\/02\/logo-2.png","contentUrl":"https:\/\/www.icip.cat\/wp-content\/uploads\/2021\/02\/logo-2.png","width":562,"height":391,"caption":"ICIP"},"image":{"@id":"https:\/\/www.icip.cat\/ca\/#\/schema\/logo\/image\/"}},{"@type":"Person","@id":"https:\/\/www.icip.cat\/ca\/#\/schema\/person\/35404003404833995eee2bb6e3115dc6","name":"whads","image":{"@type":"ImageObject","inLanguage":"es","@id":"https:\/\/www.icip.cat\/ca\/#\/schema\/person\/image\/","url":"https:\/\/secure.gravatar.com\/avatar\/6a92e4ce03d9442c546cc4afecfc51777413608a6d55a7b50040700657b6b30f?s=96&d=mm&r=g","contentUrl":"https:\/\/secure.gravatar.com\/avatar\/6a92e4ce03d9442c546cc4afecfc51777413608a6d55a7b50040700657b6b30f?s=96&d=mm&r=g","caption":"whads"},"sameAs":["http:\/\/www.icip.cat"],"url":"https:\/\/www.icip.cat\/es\/author\/whads\/"}]}},"_links":{"self":[{"href":"https:\/\/www.icip.cat\/es\/wp-json\/wp\/v2\/posts\/5138","targetHints":{"allow":["GET"]}}],"collection":[{"href":"https:\/\/www.icip.cat\/es\/wp-json\/wp\/v2\/posts"}],"about":[{"href":"https:\/\/www.icip.cat\/es\/wp-json\/wp\/v2\/types\/post"}],"author":[{"embeddable":true,"href":"https:\/\/www.icip.cat\/es\/wp-json\/wp\/v2\/users\/1"}],"replies":[{"embeddable":true,"href":"https:\/\/www.icip.cat\/es\/wp-json\/wp\/v2\/comments?post=5138"}],"version-history":[{"count":0,"href":"https:\/\/www.icip.cat\/es\/wp-json\/wp\/v2\/posts\/5138\/revisions"}],"wp:featuredmedia":[{"embeddable":true,"href":"https:\/\/www.icip.cat\/es\/wp-json\/wp\/v2\/media\/5139"}],"wp:attachment":[{"href":"https:\/\/www.icip.cat\/es\/wp-json\/wp\/v2\/media?parent=5138"}],"wp:term":[{"taxonomy":"category","embeddable":true,"href":"https:\/\/www.icip.cat\/es\/wp-json\/wp\/v2\/categories?post=5138"},{"taxonomy":"post_tag","embeddable":true,"href":"https:\/\/www.icip.cat\/es\/wp-json\/wp\/v2\/tags?post=5138"}],"curies":[{"name":"wp","href":"https:\/\/api.w.org\/{rel}","templated":true}]}}