{"id":5142,"date":"2019-02-27T08:00:00","date_gmt":"2019-02-27T08:00:00","guid":{"rendered":"http:\/\/www.icip.cat\/el-icip-y-la-comision-de-la-verdad-de-colombia-organizan-en-barcelona-la-primera-formacion-de-entrevistadores-de-victimas-del-conflicto-colombiano\/"},"modified":"2019-02-27T08:00:00","modified_gmt":"2019-02-27T08:00:00","slug":"el-icip-y-la-comision-de-la-verdad-de-colombia-organizan-en-barcelona-la-primera-formacion-de-entrevistadores-de-victimas-del-conflicto-colombiano","status":"publish","type":"post","link":"https:\/\/www.icip.cat\/es\/el-icip-y-la-comision-de-la-verdad-de-colombia-organizan-en-barcelona-la-primera-formacion-de-entrevistadores-de-victimas-del-conflicto-colombiano\/","title":{"rendered":"El ICIP y la Comisi\u00f3n de la Verdad de Colombia organizan en Barcelona la primera formaci\u00f3n de entrevistadores de v\u00edctimas del conflicto colombiano"},"content":{"rendered":"<p>El Instituto Catal\u00e1n Internacional para la Paz (ICIP) y la Comisi\u00f3n para el Esclarecimiento de la Verdad, la Convivencia y la No Repetici\u00f3n de Colombia organizan en Barcelona la primera formaci\u00f3n de un grupo de personas encargadas de entrevistar a v\u00edctimas del conflicto colombiano en el exilio para documentar casos y contribuir de esta manera al trabajo de esclarecimiento de los hechos, reconocimiento y memoria. La formaci\u00f3n tendr\u00e1 lugar del 28 de febrero al 3 de marzo en la Casa de la Sagrada Familia de Barcelona y reunir\u00e1 a cuarenta participantes con experiencia en el trabajo con v\u00edctimas de conflicto y en el conflicto armado de Colombia, y con conocimiento del mandato de la Comisi\u00f3n de la Verdad. Los talleres estar\u00e1n liderados por los comisionados de la Comisi\u00f3n de la Verdad Carlos Martin Beristain y Alejandro Valencia Villa.<br \/>\nLa Comisi\u00f3n de la Verdad comienza de esta manera el trabajo con v\u00edctimas en el exterior de Colombia y lo hace con la colaboraci\u00f3n del ICIP, que desde este 2019 ejerce la Secretar\u00eda T\u00e9cnica de la Comisi\u00f3n en Europa con el fin de facilitar el proceso de contacto y de coordinaci\u00f3n entre las diferentes organizaciones de v\u00edctimas en el exilio y entre instituciones que tienen capacidad para identificar a personas que tuvieron que huir de Colombia por causa del conflicto armado y documentar casos. Entre estas organizaciones se encuentran Swisspeace, ASK Grupo de Trabajo Suiza-Colombia, R\u00e9seau France Colombie Solidaridad, Iglesia Sueca y la Fundaci\u00f3n Sueca para los Derechos Humanos, Kolko Derechos Humanos por Colombia, OIDHACO, Taula Catalana por la Paz y los Derechos Humanos en Colombia, Foro Internacional de V\u00edctimas, Colectivo Creando Memoria, Mujer Di\u00e1spora, Colectiva de Mujeres Migradas y Exiliadas, y Constituyente de Exiliados.<br \/>\nPosteriormente a la formaci\u00f3n de las personas entrevistadoras que se celebrar\u00e1 en Barcelona, comenzar\u00e1 la toma de testimonios y la documentaci\u00f3n de casos, a partir de las gu\u00edas de trabajo establecidas por la Comisi\u00f3n de la Verdad. A partir de esta primera experiencia en Europa, la Comisi\u00f3n de la Verdad evaluar\u00e1 las posibilidades de extender el trabajo en otras regiones del mundo.<br \/>\nMandato innovador y sin precedentes<br \/>\nLa Comisi\u00f3n de la Verdad de Colombia tiene un mandato innovador sin precedentes en otras comisiones de la verdad, que implica estar presente en un m\u00ednimo de 16 pa\u00edses con el objetivo de documentar 1.200 casos en Europa.<br \/>\nEl mandato de la Comisi\u00f3n prev\u00e9 propiciar el papel activo de las organizaciones de v\u00edctimas y al mismo tiempo trabajar con v\u00edctimas no organizadas, con la voluntad de crear un marco representativo del fen\u00f3meno del exilio. Asimismo, el trabajo de la Comisi\u00f3n implica garantizar un acompa\u00f1amiento y apoyo psicosocial a las v\u00edctimas, tejiendo confianza entre las partes, y partir del reconocimiento de la diversidad y de un enfoque de g\u00e9nero.<\/p>\n","protected":false},"excerpt":{"rendered":"<p>Comienza as\u00ed el trabajo previo al ejercicio de escucha y de toma de testimonios para documentar casos del conflicto colombiano en el exilio.<\/p>\n","protected":false},"author":1,"featured_media":5143,"comment_status":"closed","ping_status":"open","sticky":false,"template":"","format":"standard","meta":{"_acf_changed":false,"footnotes":""},"categories":[4],"tags":[],"class_list":["post-5142","post","type-post","status-publish","format-standard","has-post-thumbnail","hentry","category-sense-categoria"],"acf":[],"yoast_head":"<!-- This site is optimized with the Yoast SEO plugin v25.6 - https:\/\/yoast.com\/wordpress\/plugins\/seo\/ -->\n<title>El ICIP y la Comisi\u00f3n de la Verdad de Colombia organizan en Barcelona la primera formaci\u00f3n de entrevistadores de v\u00edctimas del conflicto colombiano - ICIP<\/title>\n<meta name=\"robots\" content=\"index, follow, max-snippet:-1, max-image-preview:large, max-video-preview:-1\" \/>\n<link rel=\"canonical\" href=\"https:\/\/www.icip.cat\/es\/el-icip-y-la-comision-de-la-verdad-de-colombia-organizan-en-barcelona-la-primera-formacion-de-entrevistadores-de-victimas-del-conflicto-colombiano\/\" \/>\n<meta property=\"og:locale\" content=\"es_ES\" \/>\n<meta property=\"og:type\" content=\"article\" \/>\n<meta property=\"og:title\" content=\"El ICIP y la Comisi\u00f3n de la Verdad de Colombia organizan en Barcelona la primera formaci\u00f3n de entrevistadores de v\u00edctimas del conflicto colombiano - ICIP\" \/>\n<meta property=\"og:description\" content=\"Comienza as\u00ed el trabajo previo al ejercicio de escucha y de toma de testimonios para documentar casos del conflicto colombiano en el exilio.\" \/>\n<meta property=\"og:url\" content=\"https:\/\/www.icip.cat\/es\/el-icip-y-la-comision-de-la-verdad-de-colombia-organizan-en-barcelona-la-primera-formacion-de-entrevistadores-de-victimas-del-conflicto-colombiano\/\" \/>\n<meta property=\"og:site_name\" content=\"ICIP\" \/>\n<meta property=\"article:published_time\" content=\"2019-02-27T08:00:00+00:00\" \/>\n<meta property=\"og:image\" content=\"https:\/\/www.icip.cat\/wp-content\/uploads\/2019\/02\/logo_geco-1.jpg_1805848694-1.jpg\" \/>\n\t<meta property=\"og:image:width\" content=\"190\" \/>\n\t<meta property=\"og:image:height\" content=\"113\" \/>\n\t<meta property=\"og:image:type\" content=\"image\/jpeg\" \/>\n<meta name=\"author\" content=\"whads\" \/>\n<meta name=\"twitter:card\" content=\"summary_large_image\" \/>\n<meta name=\"twitter:label1\" content=\"Escrito por\" \/>\n\t<meta name=\"twitter:data1\" content=\"whads\" \/>\n\t<meta name=\"twitter:label2\" content=\"Tiempo de lectura\" \/>\n\t<meta name=\"twitter:data2\" content=\"2 minutos\" \/>\n<script type=\"application\/ld+json\" class=\"yoast-schema-graph\">{\"@context\":\"https:\/\/schema.org\",\"@graph\":[{\"@type\":\"Article\",\"@id\":\"https:\/\/www.icip.cat\/es\/el-icip-y-la-comision-de-la-verdad-de-colombia-organizan-en-barcelona-la-primera-formacion-de-entrevistadores-de-victimas-del-conflicto-colombiano\/#article\",\"isPartOf\":{\"@id\":\"https:\/\/www.icip.cat\/es\/el-icip-y-la-comision-de-la-verdad-de-colombia-organizan-en-barcelona-la-primera-formacion-de-entrevistadores-de-victimas-del-conflicto-colombiano\/\"},\"author\":{\"name\":\"whads\",\"@id\":\"https:\/\/www.icip.cat\/ca\/#\/schema\/person\/35404003404833995eee2bb6e3115dc6\"},\"headline\":\"El ICIP y la Comisi\u00f3n de la Verdad de Colombia organizan en Barcelona la primera formaci\u00f3n de entrevistadores de v\u00edctimas del conflicto colombiano\",\"datePublished\":\"2019-02-27T08:00:00+00:00\",\"mainEntityOfPage\":{\"@id\":\"https:\/\/www.icip.cat\/es\/el-icip-y-la-comision-de-la-verdad-de-colombia-organizan-en-barcelona-la-primera-formacion-de-entrevistadores-de-victimas-del-conflicto-colombiano\/\"},\"wordCount\":517,\"publisher\":{\"@id\":\"https:\/\/www.icip.cat\/ca\/#organization\"},\"image\":{\"@id\":\"https:\/\/www.icip.cat\/es\/el-icip-y-la-comision-de-la-verdad-de-colombia-organizan-en-barcelona-la-primera-formacion-de-entrevistadores-de-victimas-del-conflicto-colombiano\/#primaryimage\"},\"thumbnailUrl\":\"https:\/\/www.icip.cat\/wp-content\/uploads\/2019\/02\/logo_geco-1.jpg_1805848694-1.jpg\",\"articleSection\":[\"Sense categoria\"],\"inLanguage\":\"es\"},{\"@type\":\"WebPage\",\"@id\":\"https:\/\/www.icip.cat\/es\/el-icip-y-la-comision-de-la-verdad-de-colombia-organizan-en-barcelona-la-primera-formacion-de-entrevistadores-de-victimas-del-conflicto-colombiano\/\",\"url\":\"https:\/\/www.icip.cat\/es\/el-icip-y-la-comision-de-la-verdad-de-colombia-organizan-en-barcelona-la-primera-formacion-de-entrevistadores-de-victimas-del-conflicto-colombiano\/\",\"name\":\"El ICIP y la Comisi\u00f3n de la Verdad de Colombia organizan en Barcelona la primera formaci\u00f3n de entrevistadores de v\u00edctimas del conflicto colombiano - ICIP\",\"isPartOf\":{\"@id\":\"https:\/\/www.icip.cat\/ca\/#website\"},\"primaryImageOfPage\":{\"@id\":\"https:\/\/www.icip.cat\/es\/el-icip-y-la-comision-de-la-verdad-de-colombia-organizan-en-barcelona-la-primera-formacion-de-entrevistadores-de-victimas-del-conflicto-colombiano\/#primaryimage\"},\"image\":{\"@id\":\"https:\/\/www.icip.cat\/es\/el-icip-y-la-comision-de-la-verdad-de-colombia-organizan-en-barcelona-la-primera-formacion-de-entrevistadores-de-victimas-del-conflicto-colombiano\/#primaryimage\"},\"thumbnailUrl\":\"https:\/\/www.icip.cat\/wp-content\/uploads\/2019\/02\/logo_geco-1.jpg_1805848694-1.jpg\",\"datePublished\":\"2019-02-27T08:00:00+00:00\",\"inLanguage\":\"es\",\"potentialAction\":[{\"@type\":\"ReadAction\",\"target\":[\"https:\/\/www.icip.cat\/es\/el-icip-y-la-comision-de-la-verdad-de-colombia-organizan-en-barcelona-la-primera-formacion-de-entrevistadores-de-victimas-del-conflicto-colombiano\/\"]}]},{\"@type\":\"ImageObject\",\"inLanguage\":\"es\",\"@id\":\"https:\/\/www.icip.cat\/es\/el-icip-y-la-comision-de-la-verdad-de-colombia-organizan-en-barcelona-la-primera-formacion-de-entrevistadores-de-victimas-del-conflicto-colombiano\/#primaryimage\",\"url\":\"https:\/\/www.icip.cat\/wp-content\/uploads\/2019\/02\/logo_geco-1.jpg_1805848694-1.jpg\",\"contentUrl\":\"https:\/\/www.icip.cat\/wp-content\/uploads\/2019\/02\/logo_geco-1.jpg_1805848694-1.jpg\",\"width\":190,\"height\":113,\"caption\":\"El ICIP y la Comisi\u00f3n de la Verdad de Colombia organizan en Barcelona la primera formaci\u00f3n de entrevistadores de v\u00edctimas del conflicto colombiano\"},{\"@type\":\"WebSite\",\"@id\":\"https:\/\/www.icip.cat\/ca\/#website\",\"url\":\"https:\/\/www.icip.cat\/ca\/\",\"name\":\"ICIP\",\"description\":\"\",\"publisher\":{\"@id\":\"https:\/\/www.icip.cat\/ca\/#organization\"},\"potentialAction\":[{\"@type\":\"SearchAction\",\"target\":{\"@type\":\"EntryPoint\",\"urlTemplate\":\"https:\/\/www.icip.cat\/ca\/?s={search_term_string}\"},\"query-input\":{\"@type\":\"PropertyValueSpecification\",\"valueRequired\":true,\"valueName\":\"search_term_string\"}}],\"inLanguage\":\"es\"},{\"@type\":\"Organization\",\"@id\":\"https:\/\/www.icip.cat\/ca\/#organization\",\"name\":\"ICIP\",\"url\":\"https:\/\/www.icip.cat\/ca\/\",\"logo\":{\"@type\":\"ImageObject\",\"inLanguage\":\"es\",\"@id\":\"https:\/\/www.icip.cat\/ca\/#\/schema\/logo\/image\/\",\"url\":\"https:\/\/www.icip.cat\/wp-content\/uploads\/2021\/02\/logo-2.png\",\"contentUrl\":\"https:\/\/www.icip.cat\/wp-content\/uploads\/2021\/02\/logo-2.png\",\"width\":562,\"height\":391,\"caption\":\"ICIP\"},\"image\":{\"@id\":\"https:\/\/www.icip.cat\/ca\/#\/schema\/logo\/image\/\"}},{\"@type\":\"Person\",\"@id\":\"https:\/\/www.icip.cat\/ca\/#\/schema\/person\/35404003404833995eee2bb6e3115dc6\",\"name\":\"whads\",\"image\":{\"@type\":\"ImageObject\",\"inLanguage\":\"es\",\"@id\":\"https:\/\/www.icip.cat\/ca\/#\/schema\/person\/image\/\",\"url\":\"https:\/\/secure.gravatar.com\/avatar\/6a92e4ce03d9442c546cc4afecfc51777413608a6d55a7b50040700657b6b30f?s=96&d=mm&r=g\",\"contentUrl\":\"https:\/\/secure.gravatar.com\/avatar\/6a92e4ce03d9442c546cc4afecfc51777413608a6d55a7b50040700657b6b30f?s=96&d=mm&r=g\",\"caption\":\"whads\"},\"sameAs\":[\"http:\/\/www.icip.cat\"],\"url\":\"https:\/\/www.icip.cat\/es\/author\/whads\/\"}]}<\/script>\n<!-- \/ Yoast SEO plugin. -->","yoast_head_json":{"title":"El ICIP y la Comisi\u00f3n de la Verdad de Colombia organizan en Barcelona la primera formaci\u00f3n de entrevistadores de v\u00edctimas del conflicto colombiano - ICIP","robots":{"index":"index","follow":"follow","max-snippet":"max-snippet:-1","max-image-preview":"max-image-preview:large","max-video-preview":"max-video-preview:-1"},"canonical":"https:\/\/www.icip.cat\/es\/el-icip-y-la-comision-de-la-verdad-de-colombia-organizan-en-barcelona-la-primera-formacion-de-entrevistadores-de-victimas-del-conflicto-colombiano\/","og_locale":"es_ES","og_type":"article","og_title":"El ICIP y la Comisi\u00f3n de la Verdad de Colombia organizan en Barcelona la primera formaci\u00f3n de entrevistadores de v\u00edctimas del conflicto colombiano - ICIP","og_description":"Comienza as\u00ed el trabajo previo al ejercicio de escucha y de toma de testimonios para documentar casos del conflicto colombiano en el exilio.","og_url":"https:\/\/www.icip.cat\/es\/el-icip-y-la-comision-de-la-verdad-de-colombia-organizan-en-barcelona-la-primera-formacion-de-entrevistadores-de-victimas-del-conflicto-colombiano\/","og_site_name":"ICIP","article_published_time":"2019-02-27T08:00:00+00:00","og_image":[{"width":190,"height":113,"url":"https:\/\/www.icip.cat\/wp-content\/uploads\/2019\/02\/logo_geco-1.jpg_1805848694-1.jpg","type":"image\/jpeg"}],"author":"whads","twitter_card":"summary_large_image","twitter_misc":{"Escrito por":"whads","Tiempo de lectura":"2 minutos"},"schema":{"@context":"https:\/\/schema.org","@graph":[{"@type":"Article","@id":"https:\/\/www.icip.cat\/es\/el-icip-y-la-comision-de-la-verdad-de-colombia-organizan-en-barcelona-la-primera-formacion-de-entrevistadores-de-victimas-del-conflicto-colombiano\/#article","isPartOf":{"@id":"https:\/\/www.icip.cat\/es\/el-icip-y-la-comision-de-la-verdad-de-colombia-organizan-en-barcelona-la-primera-formacion-de-entrevistadores-de-victimas-del-conflicto-colombiano\/"},"author":{"name":"whads","@id":"https:\/\/www.icip.cat\/ca\/#\/schema\/person\/35404003404833995eee2bb6e3115dc6"},"headline":"El ICIP y la Comisi\u00f3n de la Verdad de Colombia organizan en Barcelona la primera formaci\u00f3n de entrevistadores de v\u00edctimas del conflicto colombiano","datePublished":"2019-02-27T08:00:00+00:00","mainEntityOfPage":{"@id":"https:\/\/www.icip.cat\/es\/el-icip-y-la-comision-de-la-verdad-de-colombia-organizan-en-barcelona-la-primera-formacion-de-entrevistadores-de-victimas-del-conflicto-colombiano\/"},"wordCount":517,"publisher":{"@id":"https:\/\/www.icip.cat\/ca\/#organization"},"image":{"@id":"https:\/\/www.icip.cat\/es\/el-icip-y-la-comision-de-la-verdad-de-colombia-organizan-en-barcelona-la-primera-formacion-de-entrevistadores-de-victimas-del-conflicto-colombiano\/#primaryimage"},"thumbnailUrl":"https:\/\/www.icip.cat\/wp-content\/uploads\/2019\/02\/logo_geco-1.jpg_1805848694-1.jpg","articleSection":["Sense categoria"],"inLanguage":"es"},{"@type":"WebPage","@id":"https:\/\/www.icip.cat\/es\/el-icip-y-la-comision-de-la-verdad-de-colombia-organizan-en-barcelona-la-primera-formacion-de-entrevistadores-de-victimas-del-conflicto-colombiano\/","url":"https:\/\/www.icip.cat\/es\/el-icip-y-la-comision-de-la-verdad-de-colombia-organizan-en-barcelona-la-primera-formacion-de-entrevistadores-de-victimas-del-conflicto-colombiano\/","name":"El ICIP y la Comisi\u00f3n de la Verdad de Colombia organizan en Barcelona la primera formaci\u00f3n de entrevistadores de v\u00edctimas del conflicto colombiano - ICIP","isPartOf":{"@id":"https:\/\/www.icip.cat\/ca\/#website"},"primaryImageOfPage":{"@id":"https:\/\/www.icip.cat\/es\/el-icip-y-la-comision-de-la-verdad-de-colombia-organizan-en-barcelona-la-primera-formacion-de-entrevistadores-de-victimas-del-conflicto-colombiano\/#primaryimage"},"image":{"@id":"https:\/\/www.icip.cat\/es\/el-icip-y-la-comision-de-la-verdad-de-colombia-organizan-en-barcelona-la-primera-formacion-de-entrevistadores-de-victimas-del-conflicto-colombiano\/#primaryimage"},"thumbnailUrl":"https:\/\/www.icip.cat\/wp-content\/uploads\/2019\/02\/logo_geco-1.jpg_1805848694-1.jpg","datePublished":"2019-02-27T08:00:00+00:00","inLanguage":"es","potentialAction":[{"@type":"ReadAction","target":["https:\/\/www.icip.cat\/es\/el-icip-y-la-comision-de-la-verdad-de-colombia-organizan-en-barcelona-la-primera-formacion-de-entrevistadores-de-victimas-del-conflicto-colombiano\/"]}]},{"@type":"ImageObject","inLanguage":"es","@id":"https:\/\/www.icip.cat\/es\/el-icip-y-la-comision-de-la-verdad-de-colombia-organizan-en-barcelona-la-primera-formacion-de-entrevistadores-de-victimas-del-conflicto-colombiano\/#primaryimage","url":"https:\/\/www.icip.cat\/wp-content\/uploads\/2019\/02\/logo_geco-1.jpg_1805848694-1.jpg","contentUrl":"https:\/\/www.icip.cat\/wp-content\/uploads\/2019\/02\/logo_geco-1.jpg_1805848694-1.jpg","width":190,"height":113,"caption":"El ICIP y la Comisi\u00f3n de la Verdad de Colombia organizan en Barcelona la primera formaci\u00f3n de entrevistadores de v\u00edctimas del conflicto colombiano"},{"@type":"WebSite","@id":"https:\/\/www.icip.cat\/ca\/#website","url":"https:\/\/www.icip.cat\/ca\/","name":"ICIP","description":"","publisher":{"@id":"https:\/\/www.icip.cat\/ca\/#organization"},"potentialAction":[{"@type":"SearchAction","target":{"@type":"EntryPoint","urlTemplate":"https:\/\/www.icip.cat\/ca\/?s={search_term_string}"},"query-input":{"@type":"PropertyValueSpecification","valueRequired":true,"valueName":"search_term_string"}}],"inLanguage":"es"},{"@type":"Organization","@id":"https:\/\/www.icip.cat\/ca\/#organization","name":"ICIP","url":"https:\/\/www.icip.cat\/ca\/","logo":{"@type":"ImageObject","inLanguage":"es","@id":"https:\/\/www.icip.cat\/ca\/#\/schema\/logo\/image\/","url":"https:\/\/www.icip.cat\/wp-content\/uploads\/2021\/02\/logo-2.png","contentUrl":"https:\/\/www.icip.cat\/wp-content\/uploads\/2021\/02\/logo-2.png","width":562,"height":391,"caption":"ICIP"},"image":{"@id":"https:\/\/www.icip.cat\/ca\/#\/schema\/logo\/image\/"}},{"@type":"Person","@id":"https:\/\/www.icip.cat\/ca\/#\/schema\/person\/35404003404833995eee2bb6e3115dc6","name":"whads","image":{"@type":"ImageObject","inLanguage":"es","@id":"https:\/\/www.icip.cat\/ca\/#\/schema\/person\/image\/","url":"https:\/\/secure.gravatar.com\/avatar\/6a92e4ce03d9442c546cc4afecfc51777413608a6d55a7b50040700657b6b30f?s=96&d=mm&r=g","contentUrl":"https:\/\/secure.gravatar.com\/avatar\/6a92e4ce03d9442c546cc4afecfc51777413608a6d55a7b50040700657b6b30f?s=96&d=mm&r=g","caption":"whads"},"sameAs":["http:\/\/www.icip.cat"],"url":"https:\/\/www.icip.cat\/es\/author\/whads\/"}]}},"_links":{"self":[{"href":"https:\/\/www.icip.cat\/es\/wp-json\/wp\/v2\/posts\/5142","targetHints":{"allow":["GET"]}}],"collection":[{"href":"https:\/\/www.icip.cat\/es\/wp-json\/wp\/v2\/posts"}],"about":[{"href":"https:\/\/www.icip.cat\/es\/wp-json\/wp\/v2\/types\/post"}],"author":[{"embeddable":true,"href":"https:\/\/www.icip.cat\/es\/wp-json\/wp\/v2\/users\/1"}],"replies":[{"embeddable":true,"href":"https:\/\/www.icip.cat\/es\/wp-json\/wp\/v2\/comments?post=5142"}],"version-history":[{"count":0,"href":"https:\/\/www.icip.cat\/es\/wp-json\/wp\/v2\/posts\/5142\/revisions"}],"wp:featuredmedia":[{"embeddable":true,"href":"https:\/\/www.icip.cat\/es\/wp-json\/wp\/v2\/media\/5143"}],"wp:attachment":[{"href":"https:\/\/www.icip.cat\/es\/wp-json\/wp\/v2\/media?parent=5142"}],"wp:term":[{"taxonomy":"category","embeddable":true,"href":"https:\/\/www.icip.cat\/es\/wp-json\/wp\/v2\/categories?post=5142"},{"taxonomy":"post_tag","embeddable":true,"href":"https:\/\/www.icip.cat\/es\/wp-json\/wp\/v2\/tags?post=5142"}],"curies":[{"name":"wp","href":"https:\/\/api.w.org\/{rel}","templated":true}]}}