{"id":5146,"date":"2019-02-20T08:00:00","date_gmt":"2019-02-20T08:00:00","guid":{"rendered":"http:\/\/www.icip.cat\/la-solidaridad-con-las-personas-refugiadas-y-la-denuncia-de-la-violencia-contra-las-mujeres-temas-centrales-de-los-clips-ganadores-del-iii-concurso-de-hip-hop-por-la-pau\/"},"modified":"2021-02-10T13:04:23","modified_gmt":"2021-02-10T13:04:23","slug":"la-solidaridad-con-las-personas-refugiadas-y-la-denuncia-de-la-violencia-contra-las-mujeres-temas-centrales-de-los-clips-ganadores-del-iii-concurso-de-hip-hop-por-la-pau","status":"publish","type":"post","link":"https:\/\/www.icip.cat\/es\/la-solidaridad-con-las-personas-refugiadas-y-la-denuncia-de-la-violencia-contra-las-mujeres-temas-centrales-de-los-clips-ganadores-del-iii-concurso-de-hip-hop-por-la-pau\/","title":{"rendered":"La solidaridad con las personas refugiadas y la denuncia de la violencia contra las mujeres, temas centrales de los clips ganadores del III Concurso de Hip-hop por la Pau"},"content":{"rendered":"<p>El jurado de la tercera edici\u00f3n del Concurso ICIP de Hip-Hop por la Paz, correspondiente al a\u00f1o 2018, despu\u00e9s de valorar la totalidad de obras presentadas ha hecho p\u00fablico el veredicto del certamen, que tiene como objetivo fomentar la creatividad y dar visibilidad al compromiso del j\u00f3venes en el \u00e1mbito de la paz. En esta tercera edici\u00f3n, las obras premiadas abordan temas de estricta actualidad, como son la crisis de los refugiados, la reivindicaci\u00f3n del feminismo y la denuncia de la violencia contra las mujeres. As\u00ed mismo, destacan los mensajes de respeto, igualdad de oportunidades, inclusi\u00f3n social y no discriminaci\u00f3n en raz\u00f3n de raza u orientaci\u00f3n sexual.<\/p>\n<p>En la Modalidad 1, dirigida a estudiantes de secundaria, bachillerato y formaci\u00f3n profesional de Catalu\u00f1a, los clips ganadores han sido:<\/p>\n<p>&#8211;<strong> <a href=\"https:\/\/youtu.be\/uVYMIRw_1Yo\">\u201cSalgamos de esta celda\u201d<\/a>,<\/strong> videoclip creado por las alumnas del INS Manuel V\u00e1zquez Montalb\u00e1n \u00abLas fugitivas del silencio\u00bb, de Sant Adri\u00e0 del Bes\u00f2s (Barcelon\u00e8s), ganador de una grabaci\u00f3n en un estudio profesional. La obra lanza un mensaje de solidaridad con las personas refugiadas, especialmente las mujeres.<\/p>\n<p><em>Dices que sientes pena por la gente refugiada,<\/em><br \/><em>per\u00f2 luego por la calle les miras con mala cara.<\/em><br \/><em>(&#8230;)Todo esto siendo mujer, todav\u00eda es m\u00e1s complicado<\/em><br \/><em>Viajando por su futuro, con hijos o embarazadas<\/em><br \/><em>sin ninguna protecci\u00f3n, con riesgos de ser abusadas.<\/em><\/p>\n<p>&#8211;<strong> <a href=\"https:\/\/youtu.be\/tmaPfW1l_I0\">\u201c\u00a1Basta!\u201d<\/a><\/strong>, videoclip creado por alumnos del INS Vilanova del Vall\u00e8s (Vall\u00e8s Oriental), ganador de un taller de hip-hop. Se trata de una obra de denuncia del maltrato contra las mujeres, que hace suyo el lema \u201cNo es No\u201d.<br \/><em>Si las mujeres dicen no es no<\/em><br \/><em>\u00a1no, no no! \u00a1Resp\u00e9talo!<\/em><\/p>\n<p>&#8211;<a href=\"https:\/\/youtu.be\/7yUV6fIWL8E\"><strong>\u201cTots som iguals\u201d,<\/strong><\/a> videoclip creado per j\u00f3venes del Centro de Educaci\u00f3n Especial L\u2019\u00c0ngel, de Amposta (Montsi\u00e0), galardonado con una menci\u00f3n especial. En este caso, la obra reivindica la inclusi\u00f3n social, la igualdad de oportunidades y el respeto de las personas con necesidades especiales.<\/p>\n<p><em>Nom\u00e9s hi ha una ra\u00e7a, la ra\u00e7a humana<\/em><br \/><em>Tots som germans, tot i no ser de sang<\/em><br \/><em>L\u2019\u00fanica discapacitat \u00e9s no adornar-se que tots som iguals<\/em><\/p>\n<p>En la Modalidad 2, dirigida a j\u00f3venes de entre 12 y 25 a\u00f1os vinculados a centros y entidades juveniles, culturales, c\u00edvicas o de acci\u00f3n socioeducativa de Catalu\u00f1a, los ganadores han sido:<\/p>\n<p>&#8211;<a href=\"https:\/\/youtu.be\/n3gqLLie6Dw\"><strong>\u201cInfame, caprichosa y est\u00fapida\u201d<\/strong><\/a>, videoclip creado por j\u00f3venes del proyecto Vitamina, de la Fundaci\u00f3n Carta de la Paz, ganador de una grabaci\u00f3n en un estudio profesional. El clip trata tambi\u00e9n la solidaridad con las personas refugiadas que huyen de conflictos b\u00e9licos y reivindica la libre circulaci\u00f3n de las personas.<br \/><em>Nadie escogi\u00f3 lugar de nacimiento,<\/em><br \/><em>Yo tengo la suerte de no estar hambriento<\/em><br \/><em>(&#8230;) Cerrar las fronteras es un acto que nos da\u00f1a,<\/em><br \/><em>nos hacemos prisioneros de una l\u00ednea imaginaria.<\/em><\/p>\n<p>&#8211;<a href=\"https:\/\/youtu.be\/AmCGU-oJRoY\"><strong>\u00abDiversitats\u00bb,<\/strong><\/a> videoclip creado por j\u00f3venes del Espacio Joven Torre Bassas de Rub\u00ed (Vall\u00e8s Occidental), ganador de un taller de hip-hop, que quiere denunciar los prejuicios y las discriminaciones, poniendo un \u00e9nfasis especial tambi\u00e9n a la violencia de g\u00e9nero.<\/p>\n<p><em>Respeto tu sexualidad y tu forma de pensar<\/em><br \/><em>abre tu mente porque es necesario para avanzar<\/em><br \/><em>(&#8230;) Juzgas a las personas sin necesidad<\/em><br \/><em>sin saber lo que piensan ni su forma de actuar.<\/em><\/p>\n<p>&#8211;<a href=\"https:\/\/youtu.be\/tmaPfW1l_I0\"><strong>\u201cReflejos\u201d<\/strong><\/a>, videoclip creado por un grupo de j\u00f3venes de formaci\u00f3n en alternancia de C\u00e0ritas-Girona, galardonado con una menci\u00f3n especial. En este caso, la obra es un grito contra el racismo que denuncia en primera persona las discriminaciones que sufren los j\u00f3venes.<\/p>\n<p><em>Queremos estudiar, queremos avanzar,<\/em><br \/><em>en cualquier sitio, no nos dejan entrar<\/em><br \/><em>Andamos por la calle pero nos miran mal<\/em><br \/><em>porque piensan, sin mirar, que somos fatal.<\/em><\/p>\n<p>El Concurso ICIP de Hip-Hop por la Paz, que ha celebrado su tercera edici\u00f3n, tiene como objetivo dar visibilidad al compromiso y la creatividad de los j\u00f3venes en el \u00e1mbito de la cultura de paz. El certamen, que cuenta con el apoyo del Departamento de Educaci\u00f3n y de la Direcci\u00f3n General de Juventud de la Generalitat de Catalunya. En esta edici\u00f3n se han presentado un total diecis\u00e9is videoclips.<\/p>\n<h3 style=\"text-align: left;\"><strong>Videoclip grabado en un estudio profesional como primer premio en la Modalidad 1<\/strong><\/h3>\n\n\n<figure class=\"wp-block-embed-youtube wp-block-embed is-type-video is-provider-youtube wp-embed-aspect-16-9 wp-has-aspect-ratio\"><div class=\"wp-block-embed__wrapper\">\n<iframe title=\"III Concurs ICIP Hip-hop Pau  - &quot;Salgamos de esta celda&quot;\" width=\"640\" height=\"360\" src=\"https:\/\/www.youtube.com\/embed\/B6QdV8TFOLQ?feature=oembed\" frameborder=\"0\" allow=\"accelerometer; autoplay; clipboard-write; encrypted-media; gyroscope; picture-in-picture; web-share\" referrerpolicy=\"strict-origin-when-cross-origin\" allowfullscreen><\/iframe>\n<\/div><\/figure>\n","protected":false},"excerpt":{"rendered":"<p>El acto de entrega de los premios tendr\u00e1 lugar el jueves 28 de febrero en la sede del ICIP.<\/p>\n","protected":false},"author":1,"featured_media":5147,"comment_status":"closed","ping_status":"open","sticky":false,"template":"","format":"standard","meta":{"_acf_changed":false,"footnotes":""},"categories":[4,5],"tags":[],"class_list":["post-5146","post","type-post","status-publish","format-standard","has-post-thumbnail","hentry","category-sense-categoria","category-sin-categorizar"],"acf":[],"yoast_head":"<!-- This site is optimized with the Yoast SEO plugin v25.6 - https:\/\/yoast.com\/wordpress\/plugins\/seo\/ -->\n<title>La solidaridad con las personas refugiadas y la denuncia de la violencia contra las mujeres, temas centrales de los clips ganadores del III Concurso de Hip-hop por la Pau - ICIP<\/title>\n<meta name=\"robots\" content=\"index, follow, max-snippet:-1, max-image-preview:large, max-video-preview:-1\" \/>\n<link rel=\"canonical\" href=\"https:\/\/www.icip.cat\/es\/la-solidaridad-con-las-personas-refugiadas-y-la-denuncia-de-la-violencia-contra-las-mujeres-temas-centrales-de-los-clips-ganadores-del-iii-concurso-de-hip-hop-por-la-pau\/\" \/>\n<meta property=\"og:locale\" content=\"es_ES\" \/>\n<meta property=\"og:type\" content=\"article\" \/>\n<meta property=\"og:title\" content=\"La solidaridad con las personas refugiadas y la denuncia de la violencia contra las mujeres, temas centrales de los clips ganadores del III Concurso de Hip-hop por la Pau - ICIP\" \/>\n<meta property=\"og:description\" content=\"El acto de entrega de los premios tendr\u00e1 lugar el jueves 28 de febrero en la sede del ICIP.\" \/>\n<meta property=\"og:url\" content=\"https:\/\/www.icip.cat\/es\/la-solidaridad-con-las-personas-refugiadas-y-la-denuncia-de-la-violencia-contra-las-mujeres-temas-centrales-de-los-clips-ganadores-del-iii-concurso-de-hip-hop-por-la-pau\/\" \/>\n<meta property=\"og:site_name\" content=\"ICIP\" \/>\n<meta property=\"article:published_time\" content=\"2019-02-20T08:00:00+00:00\" \/>\n<meta property=\"article:modified_time\" content=\"2021-02-10T13:04:23+00:00\" \/>\n<meta property=\"og:image\" content=\"https:\/\/www.icip.cat\/wp-content\/uploads\/2019\/02\/Concurs-hip-hop_web-1.jpg_231021111-1.jpg\" \/>\n\t<meta property=\"og:image:width\" content=\"194\" \/>\n\t<meta property=\"og:image:height\" content=\"174\" \/>\n\t<meta property=\"og:image:type\" content=\"image\/jpeg\" \/>\n<meta name=\"author\" content=\"whads\" \/>\n<meta name=\"twitter:card\" content=\"summary_large_image\" \/>\n<meta name=\"twitter:label1\" content=\"Escrito por\" \/>\n\t<meta name=\"twitter:data1\" content=\"whads\" \/>\n\t<meta name=\"twitter:label2\" content=\"Tiempo de lectura\" \/>\n\t<meta name=\"twitter:data2\" content=\"3 minutos\" \/>\n<script type=\"application\/ld+json\" class=\"yoast-schema-graph\">{\"@context\":\"https:\/\/schema.org\",\"@graph\":[{\"@type\":\"Article\",\"@id\":\"https:\/\/www.icip.cat\/es\/la-solidaridad-con-las-personas-refugiadas-y-la-denuncia-de-la-violencia-contra-las-mujeres-temas-centrales-de-los-clips-ganadores-del-iii-concurso-de-hip-hop-por-la-pau\/#article\",\"isPartOf\":{\"@id\":\"https:\/\/www.icip.cat\/es\/la-solidaridad-con-las-personas-refugiadas-y-la-denuncia-de-la-violencia-contra-las-mujeres-temas-centrales-de-los-clips-ganadores-del-iii-concurso-de-hip-hop-por-la-pau\/\"},\"author\":{\"name\":\"whads\",\"@id\":\"https:\/\/www.icip.cat\/ca\/#\/schema\/person\/35404003404833995eee2bb6e3115dc6\"},\"headline\":\"La solidaridad con las personas refugiadas y la denuncia de la violencia contra las mujeres, temas centrales de los clips ganadores del III Concurso de Hip-hop por la Pau\",\"datePublished\":\"2019-02-20T08:00:00+00:00\",\"dateModified\":\"2021-02-10T13:04:23+00:00\",\"mainEntityOfPage\":{\"@id\":\"https:\/\/www.icip.cat\/es\/la-solidaridad-con-las-personas-refugiadas-y-la-denuncia-de-la-violencia-contra-las-mujeres-temas-centrales-de-los-clips-ganadores-del-iii-concurso-de-hip-hop-por-la-pau\/\"},\"wordCount\":757,\"publisher\":{\"@id\":\"https:\/\/www.icip.cat\/ca\/#organization\"},\"image\":{\"@id\":\"https:\/\/www.icip.cat\/es\/la-solidaridad-con-las-personas-refugiadas-y-la-denuncia-de-la-violencia-contra-las-mujeres-temas-centrales-de-los-clips-ganadores-del-iii-concurso-de-hip-hop-por-la-pau\/#primaryimage\"},\"thumbnailUrl\":\"https:\/\/www.icip.cat\/wp-content\/uploads\/2019\/02\/Concurs-hip-hop_web-1.jpg_231021111-1.jpg\",\"articleSection\":[\"Sense categoria\",\"Sin categorizar\"],\"inLanguage\":\"es\"},{\"@type\":\"WebPage\",\"@id\":\"https:\/\/www.icip.cat\/es\/la-solidaridad-con-las-personas-refugiadas-y-la-denuncia-de-la-violencia-contra-las-mujeres-temas-centrales-de-los-clips-ganadores-del-iii-concurso-de-hip-hop-por-la-pau\/\",\"url\":\"https:\/\/www.icip.cat\/es\/la-solidaridad-con-las-personas-refugiadas-y-la-denuncia-de-la-violencia-contra-las-mujeres-temas-centrales-de-los-clips-ganadores-del-iii-concurso-de-hip-hop-por-la-pau\/\",\"name\":\"La solidaridad con las personas refugiadas y la denuncia de la violencia contra las mujeres, temas centrales de los clips ganadores del III Concurso de Hip-hop por la Pau - ICIP\",\"isPartOf\":{\"@id\":\"https:\/\/www.icip.cat\/ca\/#website\"},\"primaryImageOfPage\":{\"@id\":\"https:\/\/www.icip.cat\/es\/la-solidaridad-con-las-personas-refugiadas-y-la-denuncia-de-la-violencia-contra-las-mujeres-temas-centrales-de-los-clips-ganadores-del-iii-concurso-de-hip-hop-por-la-pau\/#primaryimage\"},\"image\":{\"@id\":\"https:\/\/www.icip.cat\/es\/la-solidaridad-con-las-personas-refugiadas-y-la-denuncia-de-la-violencia-contra-las-mujeres-temas-centrales-de-los-clips-ganadores-del-iii-concurso-de-hip-hop-por-la-pau\/#primaryimage\"},\"thumbnailUrl\":\"https:\/\/www.icip.cat\/wp-content\/uploads\/2019\/02\/Concurs-hip-hop_web-1.jpg_231021111-1.jpg\",\"datePublished\":\"2019-02-20T08:00:00+00:00\",\"dateModified\":\"2021-02-10T13:04:23+00:00\",\"inLanguage\":\"es\",\"potentialAction\":[{\"@type\":\"ReadAction\",\"target\":[\"https:\/\/www.icip.cat\/es\/la-solidaridad-con-las-personas-refugiadas-y-la-denuncia-de-la-violencia-contra-las-mujeres-temas-centrales-de-los-clips-ganadores-del-iii-concurso-de-hip-hop-por-la-pau\/\"]}]},{\"@type\":\"ImageObject\",\"inLanguage\":\"es\",\"@id\":\"https:\/\/www.icip.cat\/es\/la-solidaridad-con-las-personas-refugiadas-y-la-denuncia-de-la-violencia-contra-las-mujeres-temas-centrales-de-los-clips-ganadores-del-iii-concurso-de-hip-hop-por-la-pau\/#primaryimage\",\"url\":\"https:\/\/www.icip.cat\/wp-content\/uploads\/2019\/02\/Concurs-hip-hop_web-1.jpg_231021111-1.jpg\",\"contentUrl\":\"https:\/\/www.icip.cat\/wp-content\/uploads\/2019\/02\/Concurs-hip-hop_web-1.jpg_231021111-1.jpg\",\"width\":194,\"height\":174,\"caption\":\"La solidaridad con las personas refugiadas y la denuncia de la violencia contra las mujeres, temas centrales de los clips ganadores del III Concurso de Hip-hop por la Pau\"},{\"@type\":\"WebSite\",\"@id\":\"https:\/\/www.icip.cat\/ca\/#website\",\"url\":\"https:\/\/www.icip.cat\/ca\/\",\"name\":\"ICIP\",\"description\":\"\",\"publisher\":{\"@id\":\"https:\/\/www.icip.cat\/ca\/#organization\"},\"potentialAction\":[{\"@type\":\"SearchAction\",\"target\":{\"@type\":\"EntryPoint\",\"urlTemplate\":\"https:\/\/www.icip.cat\/ca\/?s={search_term_string}\"},\"query-input\":{\"@type\":\"PropertyValueSpecification\",\"valueRequired\":true,\"valueName\":\"search_term_string\"}}],\"inLanguage\":\"es\"},{\"@type\":\"Organization\",\"@id\":\"https:\/\/www.icip.cat\/ca\/#organization\",\"name\":\"ICIP\",\"url\":\"https:\/\/www.icip.cat\/ca\/\",\"logo\":{\"@type\":\"ImageObject\",\"inLanguage\":\"es\",\"@id\":\"https:\/\/www.icip.cat\/ca\/#\/schema\/logo\/image\/\",\"url\":\"https:\/\/www.icip.cat\/wp-content\/uploads\/2021\/02\/logo-2.png\",\"contentUrl\":\"https:\/\/www.icip.cat\/wp-content\/uploads\/2021\/02\/logo-2.png\",\"width\":562,\"height\":391,\"caption\":\"ICIP\"},\"image\":{\"@id\":\"https:\/\/www.icip.cat\/ca\/#\/schema\/logo\/image\/\"}},{\"@type\":\"Person\",\"@id\":\"https:\/\/www.icip.cat\/ca\/#\/schema\/person\/35404003404833995eee2bb6e3115dc6\",\"name\":\"whads\",\"image\":{\"@type\":\"ImageObject\",\"inLanguage\":\"es\",\"@id\":\"https:\/\/www.icip.cat\/ca\/#\/schema\/person\/image\/\",\"url\":\"https:\/\/secure.gravatar.com\/avatar\/6a92e4ce03d9442c546cc4afecfc51777413608a6d55a7b50040700657b6b30f?s=96&d=mm&r=g\",\"contentUrl\":\"https:\/\/secure.gravatar.com\/avatar\/6a92e4ce03d9442c546cc4afecfc51777413608a6d55a7b50040700657b6b30f?s=96&d=mm&r=g\",\"caption\":\"whads\"},\"sameAs\":[\"http:\/\/www.icip.cat\"],\"url\":\"https:\/\/www.icip.cat\/es\/author\/whads\/\"}]}<\/script>\n<!-- \/ Yoast SEO plugin. -->","yoast_head_json":{"title":"La solidaridad con las personas refugiadas y la denuncia de la violencia contra las mujeres, temas centrales de los clips ganadores del III Concurso de Hip-hop por la Pau - ICIP","robots":{"index":"index","follow":"follow","max-snippet":"max-snippet:-1","max-image-preview":"max-image-preview:large","max-video-preview":"max-video-preview:-1"},"canonical":"https:\/\/www.icip.cat\/es\/la-solidaridad-con-las-personas-refugiadas-y-la-denuncia-de-la-violencia-contra-las-mujeres-temas-centrales-de-los-clips-ganadores-del-iii-concurso-de-hip-hop-por-la-pau\/","og_locale":"es_ES","og_type":"article","og_title":"La solidaridad con las personas refugiadas y la denuncia de la violencia contra las mujeres, temas centrales de los clips ganadores del III Concurso de Hip-hop por la Pau - ICIP","og_description":"El acto de entrega de los premios tendr\u00e1 lugar el jueves 28 de febrero en la sede del ICIP.","og_url":"https:\/\/www.icip.cat\/es\/la-solidaridad-con-las-personas-refugiadas-y-la-denuncia-de-la-violencia-contra-las-mujeres-temas-centrales-de-los-clips-ganadores-del-iii-concurso-de-hip-hop-por-la-pau\/","og_site_name":"ICIP","article_published_time":"2019-02-20T08:00:00+00:00","article_modified_time":"2021-02-10T13:04:23+00:00","og_image":[{"width":194,"height":174,"url":"https:\/\/www.icip.cat\/wp-content\/uploads\/2019\/02\/Concurs-hip-hop_web-1.jpg_231021111-1.jpg","type":"image\/jpeg"}],"author":"whads","twitter_card":"summary_large_image","twitter_misc":{"Escrito por":"whads","Tiempo de lectura":"3 minutos"},"schema":{"@context":"https:\/\/schema.org","@graph":[{"@type":"Article","@id":"https:\/\/www.icip.cat\/es\/la-solidaridad-con-las-personas-refugiadas-y-la-denuncia-de-la-violencia-contra-las-mujeres-temas-centrales-de-los-clips-ganadores-del-iii-concurso-de-hip-hop-por-la-pau\/#article","isPartOf":{"@id":"https:\/\/www.icip.cat\/es\/la-solidaridad-con-las-personas-refugiadas-y-la-denuncia-de-la-violencia-contra-las-mujeres-temas-centrales-de-los-clips-ganadores-del-iii-concurso-de-hip-hop-por-la-pau\/"},"author":{"name":"whads","@id":"https:\/\/www.icip.cat\/ca\/#\/schema\/person\/35404003404833995eee2bb6e3115dc6"},"headline":"La solidaridad con las personas refugiadas y la denuncia de la violencia contra las mujeres, temas centrales de los clips ganadores del III Concurso de Hip-hop por la Pau","datePublished":"2019-02-20T08:00:00+00:00","dateModified":"2021-02-10T13:04:23+00:00","mainEntityOfPage":{"@id":"https:\/\/www.icip.cat\/es\/la-solidaridad-con-las-personas-refugiadas-y-la-denuncia-de-la-violencia-contra-las-mujeres-temas-centrales-de-los-clips-ganadores-del-iii-concurso-de-hip-hop-por-la-pau\/"},"wordCount":757,"publisher":{"@id":"https:\/\/www.icip.cat\/ca\/#organization"},"image":{"@id":"https:\/\/www.icip.cat\/es\/la-solidaridad-con-las-personas-refugiadas-y-la-denuncia-de-la-violencia-contra-las-mujeres-temas-centrales-de-los-clips-ganadores-del-iii-concurso-de-hip-hop-por-la-pau\/#primaryimage"},"thumbnailUrl":"https:\/\/www.icip.cat\/wp-content\/uploads\/2019\/02\/Concurs-hip-hop_web-1.jpg_231021111-1.jpg","articleSection":["Sense categoria","Sin categorizar"],"inLanguage":"es"},{"@type":"WebPage","@id":"https:\/\/www.icip.cat\/es\/la-solidaridad-con-las-personas-refugiadas-y-la-denuncia-de-la-violencia-contra-las-mujeres-temas-centrales-de-los-clips-ganadores-del-iii-concurso-de-hip-hop-por-la-pau\/","url":"https:\/\/www.icip.cat\/es\/la-solidaridad-con-las-personas-refugiadas-y-la-denuncia-de-la-violencia-contra-las-mujeres-temas-centrales-de-los-clips-ganadores-del-iii-concurso-de-hip-hop-por-la-pau\/","name":"La solidaridad con las personas refugiadas y la denuncia de la violencia contra las mujeres, temas centrales de los clips ganadores del III Concurso de Hip-hop por la Pau - ICIP","isPartOf":{"@id":"https:\/\/www.icip.cat\/ca\/#website"},"primaryImageOfPage":{"@id":"https:\/\/www.icip.cat\/es\/la-solidaridad-con-las-personas-refugiadas-y-la-denuncia-de-la-violencia-contra-las-mujeres-temas-centrales-de-los-clips-ganadores-del-iii-concurso-de-hip-hop-por-la-pau\/#primaryimage"},"image":{"@id":"https:\/\/www.icip.cat\/es\/la-solidaridad-con-las-personas-refugiadas-y-la-denuncia-de-la-violencia-contra-las-mujeres-temas-centrales-de-los-clips-ganadores-del-iii-concurso-de-hip-hop-por-la-pau\/#primaryimage"},"thumbnailUrl":"https:\/\/www.icip.cat\/wp-content\/uploads\/2019\/02\/Concurs-hip-hop_web-1.jpg_231021111-1.jpg","datePublished":"2019-02-20T08:00:00+00:00","dateModified":"2021-02-10T13:04:23+00:00","inLanguage":"es","potentialAction":[{"@type":"ReadAction","target":["https:\/\/www.icip.cat\/es\/la-solidaridad-con-las-personas-refugiadas-y-la-denuncia-de-la-violencia-contra-las-mujeres-temas-centrales-de-los-clips-ganadores-del-iii-concurso-de-hip-hop-por-la-pau\/"]}]},{"@type":"ImageObject","inLanguage":"es","@id":"https:\/\/www.icip.cat\/es\/la-solidaridad-con-las-personas-refugiadas-y-la-denuncia-de-la-violencia-contra-las-mujeres-temas-centrales-de-los-clips-ganadores-del-iii-concurso-de-hip-hop-por-la-pau\/#primaryimage","url":"https:\/\/www.icip.cat\/wp-content\/uploads\/2019\/02\/Concurs-hip-hop_web-1.jpg_231021111-1.jpg","contentUrl":"https:\/\/www.icip.cat\/wp-content\/uploads\/2019\/02\/Concurs-hip-hop_web-1.jpg_231021111-1.jpg","width":194,"height":174,"caption":"La solidaridad con las personas refugiadas y la denuncia de la violencia contra las mujeres, temas centrales de los clips ganadores del III Concurso de Hip-hop por la Pau"},{"@type":"WebSite","@id":"https:\/\/www.icip.cat\/ca\/#website","url":"https:\/\/www.icip.cat\/ca\/","name":"ICIP","description":"","publisher":{"@id":"https:\/\/www.icip.cat\/ca\/#organization"},"potentialAction":[{"@type":"SearchAction","target":{"@type":"EntryPoint","urlTemplate":"https:\/\/www.icip.cat\/ca\/?s={search_term_string}"},"query-input":{"@type":"PropertyValueSpecification","valueRequired":true,"valueName":"search_term_string"}}],"inLanguage":"es"},{"@type":"Organization","@id":"https:\/\/www.icip.cat\/ca\/#organization","name":"ICIP","url":"https:\/\/www.icip.cat\/ca\/","logo":{"@type":"ImageObject","inLanguage":"es","@id":"https:\/\/www.icip.cat\/ca\/#\/schema\/logo\/image\/","url":"https:\/\/www.icip.cat\/wp-content\/uploads\/2021\/02\/logo-2.png","contentUrl":"https:\/\/www.icip.cat\/wp-content\/uploads\/2021\/02\/logo-2.png","width":562,"height":391,"caption":"ICIP"},"image":{"@id":"https:\/\/www.icip.cat\/ca\/#\/schema\/logo\/image\/"}},{"@type":"Person","@id":"https:\/\/www.icip.cat\/ca\/#\/schema\/person\/35404003404833995eee2bb6e3115dc6","name":"whads","image":{"@type":"ImageObject","inLanguage":"es","@id":"https:\/\/www.icip.cat\/ca\/#\/schema\/person\/image\/","url":"https:\/\/secure.gravatar.com\/avatar\/6a92e4ce03d9442c546cc4afecfc51777413608a6d55a7b50040700657b6b30f?s=96&d=mm&r=g","contentUrl":"https:\/\/secure.gravatar.com\/avatar\/6a92e4ce03d9442c546cc4afecfc51777413608a6d55a7b50040700657b6b30f?s=96&d=mm&r=g","caption":"whads"},"sameAs":["http:\/\/www.icip.cat"],"url":"https:\/\/www.icip.cat\/es\/author\/whads\/"}]}},"_links":{"self":[{"href":"https:\/\/www.icip.cat\/es\/wp-json\/wp\/v2\/posts\/5146","targetHints":{"allow":["GET"]}}],"collection":[{"href":"https:\/\/www.icip.cat\/es\/wp-json\/wp\/v2\/posts"}],"about":[{"href":"https:\/\/www.icip.cat\/es\/wp-json\/wp\/v2\/types\/post"}],"author":[{"embeddable":true,"href":"https:\/\/www.icip.cat\/es\/wp-json\/wp\/v2\/users\/1"}],"replies":[{"embeddable":true,"href":"https:\/\/www.icip.cat\/es\/wp-json\/wp\/v2\/comments?post=5146"}],"version-history":[{"count":2,"href":"https:\/\/www.icip.cat\/es\/wp-json\/wp\/v2\/posts\/5146\/revisions"}],"predecessor-version":[{"id":16421,"href":"https:\/\/www.icip.cat\/es\/wp-json\/wp\/v2\/posts\/5146\/revisions\/16421"}],"wp:featuredmedia":[{"embeddable":true,"href":"https:\/\/www.icip.cat\/es\/wp-json\/wp\/v2\/media\/5147"}],"wp:attachment":[{"href":"https:\/\/www.icip.cat\/es\/wp-json\/wp\/v2\/media?parent=5146"}],"wp:term":[{"taxonomy":"category","embeddable":true,"href":"https:\/\/www.icip.cat\/es\/wp-json\/wp\/v2\/categories?post=5146"},{"taxonomy":"post_tag","embeddable":true,"href":"https:\/\/www.icip.cat\/es\/wp-json\/wp\/v2\/tags?post=5146"}],"curies":[{"name":"wp","href":"https:\/\/api.w.org\/{rel}","templated":true}]}}