{"id":5150,"date":"2019-01-31T08:00:00","date_gmt":"2019-01-31T08:00:00","guid":{"rendered":"http:\/\/www.icip.cat\/el-concurso-icip-de-hip-hop-por-la-paz-pendiente-de-resolucion\/"},"modified":"2019-01-31T08:00:00","modified_gmt":"2019-01-31T08:00:00","slug":"el-concurso-icip-de-hip-hop-por-la-paz-pendiente-de-resolucion","status":"publish","type":"post","link":"https:\/\/www.icip.cat\/es\/el-concurso-icip-de-hip-hop-por-la-paz-pendiente-de-resolucion\/","title":{"rendered":"El Concurso ICIP de Hip-hop por la Paz, pendiente de resoluci\u00f3n"},"content":{"rendered":"<p>El mi\u00e9rcoles 30 de enero de 2019, coincidiendo con la conmemoraci\u00f3n del D\u00eda Escolar de la Noviolencia y la Paz (DENIP) se ha cerrado la convocatoria de la tercera edici\u00f3n del Concurso ICIP de Hip-Hop por la Paz, que tiene como objetivo dar visibilidad al compromiso y a la creatividad de los j\u00f3venes en el \u00e1mbito de la cultura de paz.<br \/>\nEl concurso tiene dos modalidades:<br \/>\n&#8211; Modalidad 1: se pueden presentar estudiantes de educaci\u00f3n secundaria obligatoria, formaci\u00f3n profesional o bachillerato de Catalu\u00f1a.<br \/>\n&#8211; Modalidad 2: se pueden presentar chicos y chicas de entre 12 y 25 a\u00f1os vinculados a centros y entidades juveniles, culturales, c\u00edvicas o de acci\u00f3n socioeducativa de Catalu\u00f1a.<br \/>\nEn los dos casos,hay que presentarse al concurso formando un grupo de un m\u00ednimo de tres personas, componer una pieza de hip-hop con versos de creaci\u00f3n propia y hacer una grabaci\u00f3n en v\u00eddeo de su interpretaci\u00f3n, de un m\u00e1ximo de 4 minutos de duraci\u00f3n. La letra de las canciones debe estar relacionada con la convivencia en los espacios urbanos o escolares; la cr\u00edtica de la violencia; la denuncia de violaciones de derechos humanos; la solidaridad con personas atrapadas o que huyen de conflictos armados; o el papel de los j\u00f3venes en la construcci\u00f3n de paz.<br \/>\nLos premios consisten en una masterclass impartida por un profesional del hip-hop o la posibilidad de grabar la pieza premiada en un estudio profesional.<br \/>\nEl concurso cuenta con el apoyo del Departamento de Educaci\u00f3n y de la Direcci\u00f3n General de Juventud de la Generalitat de Catalunya. En los pr\u00f3ximos d\u00edas, despu\u00e9s de valorar la totalidad de las obras presentadas, el jurado emitir\u00e1 el veredicto y el jueves 28 de febrero tendr\u00e1 lugar la ceremonia de entrega de los premios, en un acto en la Biblioteca del ICIP. La ceremonia contar\u00e1 con representantes de las diferentes instituciones convocantes del concurso.<\/p>\n","protected":false},"excerpt":{"rendered":"<p>El jurado emitir\u00e1 el veredicto en los pr\u00f3ximos d\u00edas y el acto de entrega de premios se celebrar\u00e1 el d\u00eda 28 de febrero.<\/p>\n","protected":false},"author":1,"featured_media":5151,"comment_status":"closed","ping_status":"open","sticky":false,"template":"","format":"standard","meta":{"_acf_changed":false,"footnotes":""},"categories":[4],"tags":[],"class_list":["post-5150","post","type-post","status-publish","format-standard","has-post-thumbnail","hentry","category-sense-categoria"],"acf":[],"yoast_head":"<!-- This site is optimized with the Yoast SEO plugin v25.6 - https:\/\/yoast.com\/wordpress\/plugins\/seo\/ -->\n<title>El Concurso ICIP de Hip-hop por la Paz, pendiente de resoluci\u00f3n - ICIP<\/title>\n<meta name=\"robots\" content=\"index, follow, max-snippet:-1, max-image-preview:large, max-video-preview:-1\" \/>\n<link rel=\"canonical\" href=\"https:\/\/www.icip.cat\/es\/el-concurso-icip-de-hip-hop-por-la-paz-pendiente-de-resolucion\/\" \/>\n<meta property=\"og:locale\" content=\"es_ES\" \/>\n<meta property=\"og:type\" content=\"article\" \/>\n<meta property=\"og:title\" content=\"El Concurso ICIP de Hip-hop por la Paz, pendiente de resoluci\u00f3n - ICIP\" \/>\n<meta property=\"og:description\" content=\"El jurado emitir\u00e1 el veredicto en los pr\u00f3ximos d\u00edas y el acto de entrega de premios se celebrar\u00e1 el d\u00eda 28 de febrero.\" \/>\n<meta property=\"og:url\" content=\"https:\/\/www.icip.cat\/es\/el-concurso-icip-de-hip-hop-por-la-paz-pendiente-de-resolucion\/\" \/>\n<meta property=\"og:site_name\" content=\"ICIP\" \/>\n<meta property=\"article:published_time\" content=\"2019-01-31T08:00:00+00:00\" \/>\n<meta property=\"og:image\" content=\"https:\/\/www.icip.cat\/wp-content\/uploads\/2019\/01\/Concurs-hip-hop_web-1.jpg_231021111-1.jpg\" \/>\n\t<meta property=\"og:image:width\" content=\"194\" \/>\n\t<meta property=\"og:image:height\" content=\"174\" \/>\n\t<meta property=\"og:image:type\" content=\"image\/jpeg\" \/>\n<meta name=\"author\" content=\"whads\" \/>\n<meta name=\"twitter:card\" content=\"summary_large_image\" \/>\n<meta name=\"twitter:label1\" content=\"Escrito por\" \/>\n\t<meta name=\"twitter:data1\" content=\"whads\" \/>\n\t<meta name=\"twitter:label2\" content=\"Tiempo de lectura\" \/>\n\t<meta name=\"twitter:data2\" content=\"2 minutos\" \/>\n<script type=\"application\/ld+json\" class=\"yoast-schema-graph\">{\"@context\":\"https:\/\/schema.org\",\"@graph\":[{\"@type\":\"Article\",\"@id\":\"https:\/\/www.icip.cat\/es\/el-concurso-icip-de-hip-hop-por-la-paz-pendiente-de-resolucion\/#article\",\"isPartOf\":{\"@id\":\"https:\/\/www.icip.cat\/es\/el-concurso-icip-de-hip-hop-por-la-paz-pendiente-de-resolucion\/\"},\"author\":{\"name\":\"whads\",\"@id\":\"https:\/\/www.icip.cat\/ca\/#\/schema\/person\/35404003404833995eee2bb6e3115dc6\"},\"headline\":\"El Concurso ICIP de Hip-hop por la Paz, pendiente de resoluci\u00f3n\",\"datePublished\":\"2019-01-31T08:00:00+00:00\",\"mainEntityOfPage\":{\"@id\":\"https:\/\/www.icip.cat\/es\/el-concurso-icip-de-hip-hop-por-la-paz-pendiente-de-resolucion\/\"},\"wordCount\":338,\"publisher\":{\"@id\":\"https:\/\/www.icip.cat\/ca\/#organization\"},\"image\":{\"@id\":\"https:\/\/www.icip.cat\/es\/el-concurso-icip-de-hip-hop-por-la-paz-pendiente-de-resolucion\/#primaryimage\"},\"thumbnailUrl\":\"https:\/\/www.icip.cat\/wp-content\/uploads\/2019\/01\/Concurs-hip-hop_web-1.jpg_231021111-1.jpg\",\"articleSection\":[\"Sense categoria\"],\"inLanguage\":\"es\"},{\"@type\":\"WebPage\",\"@id\":\"https:\/\/www.icip.cat\/es\/el-concurso-icip-de-hip-hop-por-la-paz-pendiente-de-resolucion\/\",\"url\":\"https:\/\/www.icip.cat\/es\/el-concurso-icip-de-hip-hop-por-la-paz-pendiente-de-resolucion\/\",\"name\":\"El Concurso ICIP de Hip-hop por la Paz, pendiente de resoluci\u00f3n - ICIP\",\"isPartOf\":{\"@id\":\"https:\/\/www.icip.cat\/ca\/#website\"},\"primaryImageOfPage\":{\"@id\":\"https:\/\/www.icip.cat\/es\/el-concurso-icip-de-hip-hop-por-la-paz-pendiente-de-resolucion\/#primaryimage\"},\"image\":{\"@id\":\"https:\/\/www.icip.cat\/es\/el-concurso-icip-de-hip-hop-por-la-paz-pendiente-de-resolucion\/#primaryimage\"},\"thumbnailUrl\":\"https:\/\/www.icip.cat\/wp-content\/uploads\/2019\/01\/Concurs-hip-hop_web-1.jpg_231021111-1.jpg\",\"datePublished\":\"2019-01-31T08:00:00+00:00\",\"inLanguage\":\"es\",\"potentialAction\":[{\"@type\":\"ReadAction\",\"target\":[\"https:\/\/www.icip.cat\/es\/el-concurso-icip-de-hip-hop-por-la-paz-pendiente-de-resolucion\/\"]}]},{\"@type\":\"ImageObject\",\"inLanguage\":\"es\",\"@id\":\"https:\/\/www.icip.cat\/es\/el-concurso-icip-de-hip-hop-por-la-paz-pendiente-de-resolucion\/#primaryimage\",\"url\":\"https:\/\/www.icip.cat\/wp-content\/uploads\/2019\/01\/Concurs-hip-hop_web-1.jpg_231021111-1.jpg\",\"contentUrl\":\"https:\/\/www.icip.cat\/wp-content\/uploads\/2019\/01\/Concurs-hip-hop_web-1.jpg_231021111-1.jpg\",\"width\":194,\"height\":174,\"caption\":\"El Concurso ICIP de Hip-hop por la Paz, pendiente de resoluci\u00f3n\"},{\"@type\":\"WebSite\",\"@id\":\"https:\/\/www.icip.cat\/ca\/#website\",\"url\":\"https:\/\/www.icip.cat\/ca\/\",\"name\":\"ICIP\",\"description\":\"\",\"publisher\":{\"@id\":\"https:\/\/www.icip.cat\/ca\/#organization\"},\"potentialAction\":[{\"@type\":\"SearchAction\",\"target\":{\"@type\":\"EntryPoint\",\"urlTemplate\":\"https:\/\/www.icip.cat\/ca\/?s={search_term_string}\"},\"query-input\":{\"@type\":\"PropertyValueSpecification\",\"valueRequired\":true,\"valueName\":\"search_term_string\"}}],\"inLanguage\":\"es\"},{\"@type\":\"Organization\",\"@id\":\"https:\/\/www.icip.cat\/ca\/#organization\",\"name\":\"ICIP\",\"url\":\"https:\/\/www.icip.cat\/ca\/\",\"logo\":{\"@type\":\"ImageObject\",\"inLanguage\":\"es\",\"@id\":\"https:\/\/www.icip.cat\/ca\/#\/schema\/logo\/image\/\",\"url\":\"https:\/\/www.icip.cat\/wp-content\/uploads\/2021\/02\/logo-2.png\",\"contentUrl\":\"https:\/\/www.icip.cat\/wp-content\/uploads\/2021\/02\/logo-2.png\",\"width\":562,\"height\":391,\"caption\":\"ICIP\"},\"image\":{\"@id\":\"https:\/\/www.icip.cat\/ca\/#\/schema\/logo\/image\/\"}},{\"@type\":\"Person\",\"@id\":\"https:\/\/www.icip.cat\/ca\/#\/schema\/person\/35404003404833995eee2bb6e3115dc6\",\"name\":\"whads\",\"image\":{\"@type\":\"ImageObject\",\"inLanguage\":\"es\",\"@id\":\"https:\/\/www.icip.cat\/ca\/#\/schema\/person\/image\/\",\"url\":\"https:\/\/secure.gravatar.com\/avatar\/6a92e4ce03d9442c546cc4afecfc51777413608a6d55a7b50040700657b6b30f?s=96&d=mm&r=g\",\"contentUrl\":\"https:\/\/secure.gravatar.com\/avatar\/6a92e4ce03d9442c546cc4afecfc51777413608a6d55a7b50040700657b6b30f?s=96&d=mm&r=g\",\"caption\":\"whads\"},\"sameAs\":[\"http:\/\/www.icip.cat\"],\"url\":\"https:\/\/www.icip.cat\/es\/author\/whads\/\"}]}<\/script>\n<!-- \/ Yoast SEO plugin. -->","yoast_head_json":{"title":"El Concurso ICIP de Hip-hop por la Paz, pendiente de resoluci\u00f3n - ICIP","robots":{"index":"index","follow":"follow","max-snippet":"max-snippet:-1","max-image-preview":"max-image-preview:large","max-video-preview":"max-video-preview:-1"},"canonical":"https:\/\/www.icip.cat\/es\/el-concurso-icip-de-hip-hop-por-la-paz-pendiente-de-resolucion\/","og_locale":"es_ES","og_type":"article","og_title":"El Concurso ICIP de Hip-hop por la Paz, pendiente de resoluci\u00f3n - ICIP","og_description":"El jurado emitir\u00e1 el veredicto en los pr\u00f3ximos d\u00edas y el acto de entrega de premios se celebrar\u00e1 el d\u00eda 28 de febrero.","og_url":"https:\/\/www.icip.cat\/es\/el-concurso-icip-de-hip-hop-por-la-paz-pendiente-de-resolucion\/","og_site_name":"ICIP","article_published_time":"2019-01-31T08:00:00+00:00","og_image":[{"width":194,"height":174,"url":"https:\/\/www.icip.cat\/wp-content\/uploads\/2019\/01\/Concurs-hip-hop_web-1.jpg_231021111-1.jpg","type":"image\/jpeg"}],"author":"whads","twitter_card":"summary_large_image","twitter_misc":{"Escrito por":"whads","Tiempo de lectura":"2 minutos"},"schema":{"@context":"https:\/\/schema.org","@graph":[{"@type":"Article","@id":"https:\/\/www.icip.cat\/es\/el-concurso-icip-de-hip-hop-por-la-paz-pendiente-de-resolucion\/#article","isPartOf":{"@id":"https:\/\/www.icip.cat\/es\/el-concurso-icip-de-hip-hop-por-la-paz-pendiente-de-resolucion\/"},"author":{"name":"whads","@id":"https:\/\/www.icip.cat\/ca\/#\/schema\/person\/35404003404833995eee2bb6e3115dc6"},"headline":"El Concurso ICIP de Hip-hop por la Paz, pendiente de resoluci\u00f3n","datePublished":"2019-01-31T08:00:00+00:00","mainEntityOfPage":{"@id":"https:\/\/www.icip.cat\/es\/el-concurso-icip-de-hip-hop-por-la-paz-pendiente-de-resolucion\/"},"wordCount":338,"publisher":{"@id":"https:\/\/www.icip.cat\/ca\/#organization"},"image":{"@id":"https:\/\/www.icip.cat\/es\/el-concurso-icip-de-hip-hop-por-la-paz-pendiente-de-resolucion\/#primaryimage"},"thumbnailUrl":"https:\/\/www.icip.cat\/wp-content\/uploads\/2019\/01\/Concurs-hip-hop_web-1.jpg_231021111-1.jpg","articleSection":["Sense categoria"],"inLanguage":"es"},{"@type":"WebPage","@id":"https:\/\/www.icip.cat\/es\/el-concurso-icip-de-hip-hop-por-la-paz-pendiente-de-resolucion\/","url":"https:\/\/www.icip.cat\/es\/el-concurso-icip-de-hip-hop-por-la-paz-pendiente-de-resolucion\/","name":"El Concurso ICIP de Hip-hop por la Paz, pendiente de resoluci\u00f3n - ICIP","isPartOf":{"@id":"https:\/\/www.icip.cat\/ca\/#website"},"primaryImageOfPage":{"@id":"https:\/\/www.icip.cat\/es\/el-concurso-icip-de-hip-hop-por-la-paz-pendiente-de-resolucion\/#primaryimage"},"image":{"@id":"https:\/\/www.icip.cat\/es\/el-concurso-icip-de-hip-hop-por-la-paz-pendiente-de-resolucion\/#primaryimage"},"thumbnailUrl":"https:\/\/www.icip.cat\/wp-content\/uploads\/2019\/01\/Concurs-hip-hop_web-1.jpg_231021111-1.jpg","datePublished":"2019-01-31T08:00:00+00:00","inLanguage":"es","potentialAction":[{"@type":"ReadAction","target":["https:\/\/www.icip.cat\/es\/el-concurso-icip-de-hip-hop-por-la-paz-pendiente-de-resolucion\/"]}]},{"@type":"ImageObject","inLanguage":"es","@id":"https:\/\/www.icip.cat\/es\/el-concurso-icip-de-hip-hop-por-la-paz-pendiente-de-resolucion\/#primaryimage","url":"https:\/\/www.icip.cat\/wp-content\/uploads\/2019\/01\/Concurs-hip-hop_web-1.jpg_231021111-1.jpg","contentUrl":"https:\/\/www.icip.cat\/wp-content\/uploads\/2019\/01\/Concurs-hip-hop_web-1.jpg_231021111-1.jpg","width":194,"height":174,"caption":"El Concurso ICIP de Hip-hop por la Paz, pendiente de resoluci\u00f3n"},{"@type":"WebSite","@id":"https:\/\/www.icip.cat\/ca\/#website","url":"https:\/\/www.icip.cat\/ca\/","name":"ICIP","description":"","publisher":{"@id":"https:\/\/www.icip.cat\/ca\/#organization"},"potentialAction":[{"@type":"SearchAction","target":{"@type":"EntryPoint","urlTemplate":"https:\/\/www.icip.cat\/ca\/?s={search_term_string}"},"query-input":{"@type":"PropertyValueSpecification","valueRequired":true,"valueName":"search_term_string"}}],"inLanguage":"es"},{"@type":"Organization","@id":"https:\/\/www.icip.cat\/ca\/#organization","name":"ICIP","url":"https:\/\/www.icip.cat\/ca\/","logo":{"@type":"ImageObject","inLanguage":"es","@id":"https:\/\/www.icip.cat\/ca\/#\/schema\/logo\/image\/","url":"https:\/\/www.icip.cat\/wp-content\/uploads\/2021\/02\/logo-2.png","contentUrl":"https:\/\/www.icip.cat\/wp-content\/uploads\/2021\/02\/logo-2.png","width":562,"height":391,"caption":"ICIP"},"image":{"@id":"https:\/\/www.icip.cat\/ca\/#\/schema\/logo\/image\/"}},{"@type":"Person","@id":"https:\/\/www.icip.cat\/ca\/#\/schema\/person\/35404003404833995eee2bb6e3115dc6","name":"whads","image":{"@type":"ImageObject","inLanguage":"es","@id":"https:\/\/www.icip.cat\/ca\/#\/schema\/person\/image\/","url":"https:\/\/secure.gravatar.com\/avatar\/6a92e4ce03d9442c546cc4afecfc51777413608a6d55a7b50040700657b6b30f?s=96&d=mm&r=g","contentUrl":"https:\/\/secure.gravatar.com\/avatar\/6a92e4ce03d9442c546cc4afecfc51777413608a6d55a7b50040700657b6b30f?s=96&d=mm&r=g","caption":"whads"},"sameAs":["http:\/\/www.icip.cat"],"url":"https:\/\/www.icip.cat\/es\/author\/whads\/"}]}},"_links":{"self":[{"href":"https:\/\/www.icip.cat\/es\/wp-json\/wp\/v2\/posts\/5150","targetHints":{"allow":["GET"]}}],"collection":[{"href":"https:\/\/www.icip.cat\/es\/wp-json\/wp\/v2\/posts"}],"about":[{"href":"https:\/\/www.icip.cat\/es\/wp-json\/wp\/v2\/types\/post"}],"author":[{"embeddable":true,"href":"https:\/\/www.icip.cat\/es\/wp-json\/wp\/v2\/users\/1"}],"replies":[{"embeddable":true,"href":"https:\/\/www.icip.cat\/es\/wp-json\/wp\/v2\/comments?post=5150"}],"version-history":[{"count":0,"href":"https:\/\/www.icip.cat\/es\/wp-json\/wp\/v2\/posts\/5150\/revisions"}],"wp:featuredmedia":[{"embeddable":true,"href":"https:\/\/www.icip.cat\/es\/wp-json\/wp\/v2\/media\/5151"}],"wp:attachment":[{"href":"https:\/\/www.icip.cat\/es\/wp-json\/wp\/v2\/media?parent=5150"}],"wp:term":[{"taxonomy":"category","embeddable":true,"href":"https:\/\/www.icip.cat\/es\/wp-json\/wp\/v2\/categories?post=5150"},{"taxonomy":"post_tag","embeddable":true,"href":"https:\/\/www.icip.cat\/es\/wp-json\/wp\/v2\/tags?post=5150"}],"curies":[{"name":"wp","href":"https:\/\/api.w.org\/{rel}","templated":true}]}}