{"id":5182,"date":"2018-10-05T08:00:00","date_gmt":"2018-10-05T08:00:00","guid":{"rendered":"http:\/\/www.icip.cat\/el-nobel-de-la-la-paz-reconoce-la-lucha-contra-la-violencia-sexual-como-arma-de-guerra\/"},"modified":"2018-10-05T08:00:00","modified_gmt":"2018-10-05T08:00:00","slug":"el-nobel-de-la-la-paz-reconoce-la-lucha-contra-la-violencia-sexual-como-arma-de-guerra","status":"publish","type":"post","link":"https:\/\/www.icip.cat\/es\/el-nobel-de-la-la-paz-reconoce-la-lucha-contra-la-violencia-sexual-como-arma-de-guerra\/","title":{"rendered":"El Nobel de la la Paz reconoce la lucha contra la violencia sexual como arma de guerra"},"content":{"rendered":"<p>Barcelona, 5 de octubre de 2018. &#8211; El Comit\u00e9 Noruego Nobel ha otorgado el Premio Nobel de la Paz 2018 a Denis Mukwege, ginec\u00f3logo que ha ofrecido tratamiento a miles de mujeres v\u00edctimas de violencia sexual en el Congo, y a Nadia Murad, activista y v\u00edctima de abusos sexuales por parte de Estado Isl\u00e1mico, por su lucha para poner fin al uso de la violencia sexual como arma de guerra y en conflictos armados.<br \/>\nEs un reconocimiento ejemplar que pone de manifiesto una de las lacras m\u00e1s importante, como es la violencia sexual, y sit\u00faa en primera l\u00ednea del debate p\u00fablico una grave violaci\u00f3n de los derechos humanos que durante a\u00f1os ha estado ausente en el an\u00e1lisi de los conflictos armados. En palabras del director del ICIP, Kristian Herbolzheimer, el premio es tambi\u00e9n un reconocimiento al esfuerzo, trabajo y sacrificio que llevan a cabo actores de la sociedad civil en pa\u00edses en conflicto y en situaciones de gravedad extrema. Este premio Nobel de la Paz es al mismo tiempo la demostraci\u00f3n que el mundo est\u00e1 tomando conciencia de la existencia y gravedad de la violencia sexual como crimen de guerra contra las mujeres, y la demostraci\u00f3n de la necesidad de que hay que trabajar desde todas las instituciones, a nivel nacional e internacional, para erradicarla. Un mundo m\u00e1s pac\u00edfico pasa tambi\u00e9n por reconocer y proteger los derechos de las mujeres.<br \/>\nDesde el ICIP hemos profundizado sobre la cuesti\u00f3n de la violencia sexual como arma de guerra a trav\u00e9s de publicaciones de libros e informes, y la Biblioteca del ICIP dispone de un fondo extenso sobre esta tem\u00e1tica. Entre los t\u00edtulos que hay a disposici\u00f3n de los usuarios destaca precisamente \u00abJo ser\u00e9 l&#8217;\u00faltima\u00bb de Nadia Murad, galardonada con el Premio Nobel de la Paz 2018. La Biblioteca de la ICIP, especializada en bibliograf\u00eda sobre paz, conflictos, seguridad y derechos humanos, est\u00e1 situada en la calle Tapineria 10, 1ra planta de Barcelona.<\/p>\n","protected":false},"excerpt":{"rendered":"<p>Un reconocimiento ejemplar que visibiliza la lacra de la violencia contra las mujeres y la necesidad de eradicarla.<\/p>\n","protected":false},"author":1,"featured_media":5183,"comment_status":"closed","ping_status":"open","sticky":false,"template":"","format":"standard","meta":{"_acf_changed":false,"footnotes":""},"categories":[4],"tags":[],"class_list":["post-5182","post","type-post","status-publish","format-standard","has-post-thumbnail","hentry","category-sense-categoria"],"acf":[],"yoast_head":"<!-- This site is optimized with the Yoast SEO plugin v25.6 - https:\/\/yoast.com\/wordpress\/plugins\/seo\/ -->\n<title>El Nobel de la la Paz reconoce la lucha contra la violencia sexual como arma de guerra - ICIP<\/title>\n<meta name=\"robots\" content=\"index, follow, max-snippet:-1, max-image-preview:large, max-video-preview:-1\" \/>\n<link rel=\"canonical\" href=\"https:\/\/www.icip.cat\/es\/el-nobel-de-la-la-paz-reconoce-la-lucha-contra-la-violencia-sexual-como-arma-de-guerra\/\" \/>\n<meta property=\"og:locale\" content=\"es_ES\" \/>\n<meta property=\"og:type\" content=\"article\" \/>\n<meta property=\"og:title\" content=\"El Nobel de la la Paz reconoce la lucha contra la violencia sexual como arma de guerra - ICIP\" \/>\n<meta property=\"og:description\" content=\"Un reconocimiento ejemplar que visibiliza la lacra de la violencia contra las mujeres y la necesidad de eradicarla.\" \/>\n<meta property=\"og:url\" content=\"https:\/\/www.icip.cat\/es\/el-nobel-de-la-la-paz-reconoce-la-lucha-contra-la-violencia-sexual-como-arma-de-guerra\/\" \/>\n<meta property=\"og:site_name\" content=\"ICIP\" \/>\n<meta property=\"article:published_time\" content=\"2018-10-05T08:00:00+00:00\" \/>\n<meta property=\"og:image\" content=\"https:\/\/www.icip.cat\/wp-content\/uploads\/2018\/10\/nobel2018-1.jpg_1746743350-1.jpg\" \/>\n\t<meta property=\"og:image:width\" content=\"190\" \/>\n\t<meta property=\"og:image:height\" content=\"135\" \/>\n\t<meta property=\"og:image:type\" content=\"image\/jpeg\" \/>\n<meta name=\"author\" content=\"whads\" \/>\n<meta name=\"twitter:card\" content=\"summary_large_image\" \/>\n<meta name=\"twitter:label1\" content=\"Escrito por\" \/>\n\t<meta name=\"twitter:data1\" content=\"whads\" \/>\n\t<meta name=\"twitter:label2\" content=\"Tiempo de lectura\" \/>\n\t<meta name=\"twitter:data2\" content=\"2 minutos\" \/>\n<script type=\"application\/ld+json\" class=\"yoast-schema-graph\">{\"@context\":\"https:\/\/schema.org\",\"@graph\":[{\"@type\":\"Article\",\"@id\":\"https:\/\/www.icip.cat\/es\/el-nobel-de-la-la-paz-reconoce-la-lucha-contra-la-violencia-sexual-como-arma-de-guerra\/#article\",\"isPartOf\":{\"@id\":\"https:\/\/www.icip.cat\/es\/el-nobel-de-la-la-paz-reconoce-la-lucha-contra-la-violencia-sexual-como-arma-de-guerra\/\"},\"author\":{\"name\":\"whads\",\"@id\":\"https:\/\/www.icip.cat\/ca\/#\/schema\/person\/35404003404833995eee2bb6e3115dc6\"},\"headline\":\"El Nobel de la la Paz reconoce la lucha contra la violencia sexual como arma de guerra\",\"datePublished\":\"2018-10-05T08:00:00+00:00\",\"mainEntityOfPage\":{\"@id\":\"https:\/\/www.icip.cat\/es\/el-nobel-de-la-la-paz-reconoce-la-lucha-contra-la-violencia-sexual-como-arma-de-guerra\/\"},\"wordCount\":357,\"publisher\":{\"@id\":\"https:\/\/www.icip.cat\/ca\/#organization\"},\"image\":{\"@id\":\"https:\/\/www.icip.cat\/es\/el-nobel-de-la-la-paz-reconoce-la-lucha-contra-la-violencia-sexual-como-arma-de-guerra\/#primaryimage\"},\"thumbnailUrl\":\"https:\/\/www.icip.cat\/wp-content\/uploads\/2018\/10\/nobel2018-1.jpg_1746743350-1.jpg\",\"articleSection\":[\"Sense categoria\"],\"inLanguage\":\"es\"},{\"@type\":\"WebPage\",\"@id\":\"https:\/\/www.icip.cat\/es\/el-nobel-de-la-la-paz-reconoce-la-lucha-contra-la-violencia-sexual-como-arma-de-guerra\/\",\"url\":\"https:\/\/www.icip.cat\/es\/el-nobel-de-la-la-paz-reconoce-la-lucha-contra-la-violencia-sexual-como-arma-de-guerra\/\",\"name\":\"El Nobel de la la Paz reconoce la lucha contra la violencia sexual como arma de guerra - ICIP\",\"isPartOf\":{\"@id\":\"https:\/\/www.icip.cat\/ca\/#website\"},\"primaryImageOfPage\":{\"@id\":\"https:\/\/www.icip.cat\/es\/el-nobel-de-la-la-paz-reconoce-la-lucha-contra-la-violencia-sexual-como-arma-de-guerra\/#primaryimage\"},\"image\":{\"@id\":\"https:\/\/www.icip.cat\/es\/el-nobel-de-la-la-paz-reconoce-la-lucha-contra-la-violencia-sexual-como-arma-de-guerra\/#primaryimage\"},\"thumbnailUrl\":\"https:\/\/www.icip.cat\/wp-content\/uploads\/2018\/10\/nobel2018-1.jpg_1746743350-1.jpg\",\"datePublished\":\"2018-10-05T08:00:00+00:00\",\"inLanguage\":\"es\",\"potentialAction\":[{\"@type\":\"ReadAction\",\"target\":[\"https:\/\/www.icip.cat\/es\/el-nobel-de-la-la-paz-reconoce-la-lucha-contra-la-violencia-sexual-como-arma-de-guerra\/\"]}]},{\"@type\":\"ImageObject\",\"inLanguage\":\"es\",\"@id\":\"https:\/\/www.icip.cat\/es\/el-nobel-de-la-la-paz-reconoce-la-lucha-contra-la-violencia-sexual-como-arma-de-guerra\/#primaryimage\",\"url\":\"https:\/\/www.icip.cat\/wp-content\/uploads\/2018\/10\/nobel2018-1.jpg_1746743350-1.jpg\",\"contentUrl\":\"https:\/\/www.icip.cat\/wp-content\/uploads\/2018\/10\/nobel2018-1.jpg_1746743350-1.jpg\",\"width\":190,\"height\":135,\"caption\":\"El Nobel de la la Paz reconoce la lucha contra la violencia sexual como arma de guerra\"},{\"@type\":\"WebSite\",\"@id\":\"https:\/\/www.icip.cat\/ca\/#website\",\"url\":\"https:\/\/www.icip.cat\/ca\/\",\"name\":\"ICIP\",\"description\":\"\",\"publisher\":{\"@id\":\"https:\/\/www.icip.cat\/ca\/#organization\"},\"potentialAction\":[{\"@type\":\"SearchAction\",\"target\":{\"@type\":\"EntryPoint\",\"urlTemplate\":\"https:\/\/www.icip.cat\/ca\/?s={search_term_string}\"},\"query-input\":{\"@type\":\"PropertyValueSpecification\",\"valueRequired\":true,\"valueName\":\"search_term_string\"}}],\"inLanguage\":\"es\"},{\"@type\":\"Organization\",\"@id\":\"https:\/\/www.icip.cat\/ca\/#organization\",\"name\":\"ICIP\",\"url\":\"https:\/\/www.icip.cat\/ca\/\",\"logo\":{\"@type\":\"ImageObject\",\"inLanguage\":\"es\",\"@id\":\"https:\/\/www.icip.cat\/ca\/#\/schema\/logo\/image\/\",\"url\":\"https:\/\/www.icip.cat\/wp-content\/uploads\/2021\/02\/logo-2.png\",\"contentUrl\":\"https:\/\/www.icip.cat\/wp-content\/uploads\/2021\/02\/logo-2.png\",\"width\":562,\"height\":391,\"caption\":\"ICIP\"},\"image\":{\"@id\":\"https:\/\/www.icip.cat\/ca\/#\/schema\/logo\/image\/\"}},{\"@type\":\"Person\",\"@id\":\"https:\/\/www.icip.cat\/ca\/#\/schema\/person\/35404003404833995eee2bb6e3115dc6\",\"name\":\"whads\",\"image\":{\"@type\":\"ImageObject\",\"inLanguage\":\"es\",\"@id\":\"https:\/\/www.icip.cat\/ca\/#\/schema\/person\/image\/\",\"url\":\"https:\/\/secure.gravatar.com\/avatar\/6a92e4ce03d9442c546cc4afecfc51777413608a6d55a7b50040700657b6b30f?s=96&d=mm&r=g\",\"contentUrl\":\"https:\/\/secure.gravatar.com\/avatar\/6a92e4ce03d9442c546cc4afecfc51777413608a6d55a7b50040700657b6b30f?s=96&d=mm&r=g\",\"caption\":\"whads\"},\"sameAs\":[\"http:\/\/www.icip.cat\"],\"url\":\"https:\/\/www.icip.cat\/es\/author\/whads\/\"}]}<\/script>\n<!-- \/ Yoast SEO plugin. -->","yoast_head_json":{"title":"El Nobel de la la Paz reconoce la lucha contra la violencia sexual como arma de guerra - ICIP","robots":{"index":"index","follow":"follow","max-snippet":"max-snippet:-1","max-image-preview":"max-image-preview:large","max-video-preview":"max-video-preview:-1"},"canonical":"https:\/\/www.icip.cat\/es\/el-nobel-de-la-la-paz-reconoce-la-lucha-contra-la-violencia-sexual-como-arma-de-guerra\/","og_locale":"es_ES","og_type":"article","og_title":"El Nobel de la la Paz reconoce la lucha contra la violencia sexual como arma de guerra - ICIP","og_description":"Un reconocimiento ejemplar que visibiliza la lacra de la violencia contra las mujeres y la necesidad de eradicarla.","og_url":"https:\/\/www.icip.cat\/es\/el-nobel-de-la-la-paz-reconoce-la-lucha-contra-la-violencia-sexual-como-arma-de-guerra\/","og_site_name":"ICIP","article_published_time":"2018-10-05T08:00:00+00:00","og_image":[{"width":190,"height":135,"url":"https:\/\/www.icip.cat\/wp-content\/uploads\/2018\/10\/nobel2018-1.jpg_1746743350-1.jpg","type":"image\/jpeg"}],"author":"whads","twitter_card":"summary_large_image","twitter_misc":{"Escrito por":"whads","Tiempo de lectura":"2 minutos"},"schema":{"@context":"https:\/\/schema.org","@graph":[{"@type":"Article","@id":"https:\/\/www.icip.cat\/es\/el-nobel-de-la-la-paz-reconoce-la-lucha-contra-la-violencia-sexual-como-arma-de-guerra\/#article","isPartOf":{"@id":"https:\/\/www.icip.cat\/es\/el-nobel-de-la-la-paz-reconoce-la-lucha-contra-la-violencia-sexual-como-arma-de-guerra\/"},"author":{"name":"whads","@id":"https:\/\/www.icip.cat\/ca\/#\/schema\/person\/35404003404833995eee2bb6e3115dc6"},"headline":"El Nobel de la la Paz reconoce la lucha contra la violencia sexual como arma de guerra","datePublished":"2018-10-05T08:00:00+00:00","mainEntityOfPage":{"@id":"https:\/\/www.icip.cat\/es\/el-nobel-de-la-la-paz-reconoce-la-lucha-contra-la-violencia-sexual-como-arma-de-guerra\/"},"wordCount":357,"publisher":{"@id":"https:\/\/www.icip.cat\/ca\/#organization"},"image":{"@id":"https:\/\/www.icip.cat\/es\/el-nobel-de-la-la-paz-reconoce-la-lucha-contra-la-violencia-sexual-como-arma-de-guerra\/#primaryimage"},"thumbnailUrl":"https:\/\/www.icip.cat\/wp-content\/uploads\/2018\/10\/nobel2018-1.jpg_1746743350-1.jpg","articleSection":["Sense categoria"],"inLanguage":"es"},{"@type":"WebPage","@id":"https:\/\/www.icip.cat\/es\/el-nobel-de-la-la-paz-reconoce-la-lucha-contra-la-violencia-sexual-como-arma-de-guerra\/","url":"https:\/\/www.icip.cat\/es\/el-nobel-de-la-la-paz-reconoce-la-lucha-contra-la-violencia-sexual-como-arma-de-guerra\/","name":"El Nobel de la la Paz reconoce la lucha contra la violencia sexual como arma de guerra - ICIP","isPartOf":{"@id":"https:\/\/www.icip.cat\/ca\/#website"},"primaryImageOfPage":{"@id":"https:\/\/www.icip.cat\/es\/el-nobel-de-la-la-paz-reconoce-la-lucha-contra-la-violencia-sexual-como-arma-de-guerra\/#primaryimage"},"image":{"@id":"https:\/\/www.icip.cat\/es\/el-nobel-de-la-la-paz-reconoce-la-lucha-contra-la-violencia-sexual-como-arma-de-guerra\/#primaryimage"},"thumbnailUrl":"https:\/\/www.icip.cat\/wp-content\/uploads\/2018\/10\/nobel2018-1.jpg_1746743350-1.jpg","datePublished":"2018-10-05T08:00:00+00:00","inLanguage":"es","potentialAction":[{"@type":"ReadAction","target":["https:\/\/www.icip.cat\/es\/el-nobel-de-la-la-paz-reconoce-la-lucha-contra-la-violencia-sexual-como-arma-de-guerra\/"]}]},{"@type":"ImageObject","inLanguage":"es","@id":"https:\/\/www.icip.cat\/es\/el-nobel-de-la-la-paz-reconoce-la-lucha-contra-la-violencia-sexual-como-arma-de-guerra\/#primaryimage","url":"https:\/\/www.icip.cat\/wp-content\/uploads\/2018\/10\/nobel2018-1.jpg_1746743350-1.jpg","contentUrl":"https:\/\/www.icip.cat\/wp-content\/uploads\/2018\/10\/nobel2018-1.jpg_1746743350-1.jpg","width":190,"height":135,"caption":"El Nobel de la la Paz reconoce la lucha contra la violencia sexual como arma de guerra"},{"@type":"WebSite","@id":"https:\/\/www.icip.cat\/ca\/#website","url":"https:\/\/www.icip.cat\/ca\/","name":"ICIP","description":"","publisher":{"@id":"https:\/\/www.icip.cat\/ca\/#organization"},"potentialAction":[{"@type":"SearchAction","target":{"@type":"EntryPoint","urlTemplate":"https:\/\/www.icip.cat\/ca\/?s={search_term_string}"},"query-input":{"@type":"PropertyValueSpecification","valueRequired":true,"valueName":"search_term_string"}}],"inLanguage":"es"},{"@type":"Organization","@id":"https:\/\/www.icip.cat\/ca\/#organization","name":"ICIP","url":"https:\/\/www.icip.cat\/ca\/","logo":{"@type":"ImageObject","inLanguage":"es","@id":"https:\/\/www.icip.cat\/ca\/#\/schema\/logo\/image\/","url":"https:\/\/www.icip.cat\/wp-content\/uploads\/2021\/02\/logo-2.png","contentUrl":"https:\/\/www.icip.cat\/wp-content\/uploads\/2021\/02\/logo-2.png","width":562,"height":391,"caption":"ICIP"},"image":{"@id":"https:\/\/www.icip.cat\/ca\/#\/schema\/logo\/image\/"}},{"@type":"Person","@id":"https:\/\/www.icip.cat\/ca\/#\/schema\/person\/35404003404833995eee2bb6e3115dc6","name":"whads","image":{"@type":"ImageObject","inLanguage":"es","@id":"https:\/\/www.icip.cat\/ca\/#\/schema\/person\/image\/","url":"https:\/\/secure.gravatar.com\/avatar\/6a92e4ce03d9442c546cc4afecfc51777413608a6d55a7b50040700657b6b30f?s=96&d=mm&r=g","contentUrl":"https:\/\/secure.gravatar.com\/avatar\/6a92e4ce03d9442c546cc4afecfc51777413608a6d55a7b50040700657b6b30f?s=96&d=mm&r=g","caption":"whads"},"sameAs":["http:\/\/www.icip.cat"],"url":"https:\/\/www.icip.cat\/es\/author\/whads\/"}]}},"_links":{"self":[{"href":"https:\/\/www.icip.cat\/es\/wp-json\/wp\/v2\/posts\/5182","targetHints":{"allow":["GET"]}}],"collection":[{"href":"https:\/\/www.icip.cat\/es\/wp-json\/wp\/v2\/posts"}],"about":[{"href":"https:\/\/www.icip.cat\/es\/wp-json\/wp\/v2\/types\/post"}],"author":[{"embeddable":true,"href":"https:\/\/www.icip.cat\/es\/wp-json\/wp\/v2\/users\/1"}],"replies":[{"embeddable":true,"href":"https:\/\/www.icip.cat\/es\/wp-json\/wp\/v2\/comments?post=5182"}],"version-history":[{"count":0,"href":"https:\/\/www.icip.cat\/es\/wp-json\/wp\/v2\/posts\/5182\/revisions"}],"wp:featuredmedia":[{"embeddable":true,"href":"https:\/\/www.icip.cat\/es\/wp-json\/wp\/v2\/media\/5183"}],"wp:attachment":[{"href":"https:\/\/www.icip.cat\/es\/wp-json\/wp\/v2\/media?parent=5182"}],"wp:term":[{"taxonomy":"category","embeddable":true,"href":"https:\/\/www.icip.cat\/es\/wp-json\/wp\/v2\/categories?post=5182"},{"taxonomy":"post_tag","embeddable":true,"href":"https:\/\/www.icip.cat\/es\/wp-json\/wp\/v2\/tags?post=5182"}],"curies":[{"name":"wp","href":"https:\/\/api.w.org\/{rel}","templated":true}]}}