{"id":5226,"date":"2018-06-25T08:00:00","date_gmt":"2018-06-25T08:00:00","guid":{"rendered":"http:\/\/www.icip.cat\/nuevas-adquisiciones-de-la-biblioteca-del-icip\/"},"modified":"2018-06-25T08:00:00","modified_gmt":"2018-06-25T08:00:00","slug":"nuevas-adquisiciones-de-la-biblioteca-del-icip","status":"publish","type":"post","link":"https:\/\/www.icip.cat\/es\/nuevas-adquisiciones-de-la-biblioteca-del-icip\/","title":{"rendered":"Nuevas adquisiciones de la Biblioteca del ICIP"},"content":{"rendered":"<p>Este mes de junio la Biblioteca del ICIP ha ampliado su fondo con nuevas publicaciones, la mayor\u00eda de las cuales est\u00e1n disponibles en pr\u00e9stamo. La Biblioteca est\u00e1 situada en la calle Tapineria 10, 1ra planta de Barcelona, y es un centro especializado en temas de cultura de paz, seguridad y conflictos de referencia en este \u00e1mbito a Catalu\u00f1a.<br \/>\nLa Biblioteca da apoyo al ICIP y a investigadores y expertos en el campo de la paz, y est\u00e1 en contacto permanente con instituciones y centros similares de todo el mundo. Forma parte de la red de bibliotecas especializadas de la Generalitat y est\u00e1 integrada en el Cat\u00e1logo Colectivo de las Universidades Catalanas (CCUC).<br \/>\nDurante el mes de julio la Biblioteca abre de 9:30 a 15:00 horas de lunes a viernes. En agosto estar\u00e1 cerrada al p\u00fablico y reabrir\u00e1 el lunes 3 de septiembre con su horario habitual, tambi\u00e9n los martes por la tarde.<\/p>\n","protected":false},"excerpt":{"rendered":"<p>El mes de julio el centro est\u00e1 abierto de 9:30 a 15:00 horas de lunes a viernes.<\/p>\n","protected":false},"author":1,"featured_media":5227,"comment_status":"closed","ping_status":"open","sticky":false,"template":"","format":"standard","meta":{"_acf_changed":false,"footnotes":""},"categories":[4],"tags":[],"class_list":["post-5226","post","type-post","status-publish","format-standard","has-post-thumbnail","hentry","category-sense-categoria"],"acf":[],"yoast_head":"<!-- This site is optimized with the Yoast SEO plugin v25.6 - https:\/\/yoast.com\/wordpress\/plugins\/seo\/ -->\n<title>Nuevas adquisiciones de la Biblioteca del ICIP - ICIP<\/title>\n<meta name=\"robots\" content=\"index, follow, max-snippet:-1, max-image-preview:large, max-video-preview:-1\" \/>\n<link rel=\"canonical\" href=\"https:\/\/www.icip.cat\/es\/nuevas-adquisiciones-de-la-biblioteca-del-icip\/\" \/>\n<meta property=\"og:locale\" content=\"es_ES\" \/>\n<meta property=\"og:type\" content=\"article\" \/>\n<meta property=\"og:title\" content=\"Nuevas adquisiciones de la Biblioteca del ICIP - ICIP\" \/>\n<meta property=\"og:description\" content=\"El mes de julio el centro est\u00e1 abierto de 9:30 a 15:00 horas de lunes a viernes.\" \/>\n<meta property=\"og:url\" content=\"https:\/\/www.icip.cat\/es\/nuevas-adquisiciones-de-la-biblioteca-del-icip\/\" \/>\n<meta property=\"og:site_name\" content=\"ICIP\" \/>\n<meta property=\"article:published_time\" content=\"2018-06-25T08:00:00+00:00\" \/>\n<meta property=\"og:image\" content=\"https:\/\/www.icip.cat\/wp-content\/uploads\/2018\/06\/novabiblio-1.jpg_1772601938-1.jpg\" \/>\n\t<meta property=\"og:image:width\" content=\"190\" \/>\n\t<meta property=\"og:image:height\" content=\"128\" \/>\n\t<meta property=\"og:image:type\" content=\"image\/jpeg\" \/>\n<meta name=\"author\" content=\"whads\" \/>\n<meta name=\"twitter:card\" content=\"summary_large_image\" \/>\n<meta name=\"twitter:label1\" content=\"Escrito por\" \/>\n\t<meta name=\"twitter:data1\" content=\"whads\" \/>\n\t<meta name=\"twitter:label2\" content=\"Tiempo de lectura\" \/>\n\t<meta name=\"twitter:data2\" content=\"1 minuto\" \/>\n<script type=\"application\/ld+json\" class=\"yoast-schema-graph\">{\"@context\":\"https:\/\/schema.org\",\"@graph\":[{\"@type\":\"Article\",\"@id\":\"https:\/\/www.icip.cat\/es\/nuevas-adquisiciones-de-la-biblioteca-del-icip\/#article\",\"isPartOf\":{\"@id\":\"https:\/\/www.icip.cat\/es\/nuevas-adquisiciones-de-la-biblioteca-del-icip\/\"},\"author\":{\"name\":\"whads\",\"@id\":\"https:\/\/www.icip.cat\/ca\/#\/schema\/person\/35404003404833995eee2bb6e3115dc6\"},\"headline\":\"Nuevas adquisiciones de la Biblioteca del ICIP\",\"datePublished\":\"2018-06-25T08:00:00+00:00\",\"mainEntityOfPage\":{\"@id\":\"https:\/\/www.icip.cat\/es\/nuevas-adquisiciones-de-la-biblioteca-del-icip\/\"},\"wordCount\":162,\"publisher\":{\"@id\":\"https:\/\/www.icip.cat\/ca\/#organization\"},\"image\":{\"@id\":\"https:\/\/www.icip.cat\/es\/nuevas-adquisiciones-de-la-biblioteca-del-icip\/#primaryimage\"},\"thumbnailUrl\":\"https:\/\/www.icip.cat\/wp-content\/uploads\/2018\/06\/novabiblio-1.jpg_1772601938-1.jpg\",\"articleSection\":[\"Sense categoria\"],\"inLanguage\":\"es\"},{\"@type\":\"WebPage\",\"@id\":\"https:\/\/www.icip.cat\/es\/nuevas-adquisiciones-de-la-biblioteca-del-icip\/\",\"url\":\"https:\/\/www.icip.cat\/es\/nuevas-adquisiciones-de-la-biblioteca-del-icip\/\",\"name\":\"Nuevas adquisiciones de la Biblioteca del ICIP - ICIP\",\"isPartOf\":{\"@id\":\"https:\/\/www.icip.cat\/ca\/#website\"},\"primaryImageOfPage\":{\"@id\":\"https:\/\/www.icip.cat\/es\/nuevas-adquisiciones-de-la-biblioteca-del-icip\/#primaryimage\"},\"image\":{\"@id\":\"https:\/\/www.icip.cat\/es\/nuevas-adquisiciones-de-la-biblioteca-del-icip\/#primaryimage\"},\"thumbnailUrl\":\"https:\/\/www.icip.cat\/wp-content\/uploads\/2018\/06\/novabiblio-1.jpg_1772601938-1.jpg\",\"datePublished\":\"2018-06-25T08:00:00+00:00\",\"inLanguage\":\"es\",\"potentialAction\":[{\"@type\":\"ReadAction\",\"target\":[\"https:\/\/www.icip.cat\/es\/nuevas-adquisiciones-de-la-biblioteca-del-icip\/\"]}]},{\"@type\":\"ImageObject\",\"inLanguage\":\"es\",\"@id\":\"https:\/\/www.icip.cat\/es\/nuevas-adquisiciones-de-la-biblioteca-del-icip\/#primaryimage\",\"url\":\"https:\/\/www.icip.cat\/wp-content\/uploads\/2018\/06\/novabiblio-1.jpg_1772601938-1.jpg\",\"contentUrl\":\"https:\/\/www.icip.cat\/wp-content\/uploads\/2018\/06\/novabiblio-1.jpg_1772601938-1.jpg\",\"width\":190,\"height\":128,\"caption\":\"Nuevas adquisiciones de la Biblioteca del ICIP\"},{\"@type\":\"WebSite\",\"@id\":\"https:\/\/www.icip.cat\/ca\/#website\",\"url\":\"https:\/\/www.icip.cat\/ca\/\",\"name\":\"ICIP\",\"description\":\"\",\"publisher\":{\"@id\":\"https:\/\/www.icip.cat\/ca\/#organization\"},\"potentialAction\":[{\"@type\":\"SearchAction\",\"target\":{\"@type\":\"EntryPoint\",\"urlTemplate\":\"https:\/\/www.icip.cat\/ca\/?s={search_term_string}\"},\"query-input\":{\"@type\":\"PropertyValueSpecification\",\"valueRequired\":true,\"valueName\":\"search_term_string\"}}],\"inLanguage\":\"es\"},{\"@type\":\"Organization\",\"@id\":\"https:\/\/www.icip.cat\/ca\/#organization\",\"name\":\"ICIP\",\"url\":\"https:\/\/www.icip.cat\/ca\/\",\"logo\":{\"@type\":\"ImageObject\",\"inLanguage\":\"es\",\"@id\":\"https:\/\/www.icip.cat\/ca\/#\/schema\/logo\/image\/\",\"url\":\"https:\/\/www.icip.cat\/wp-content\/uploads\/2021\/02\/logo-2.png\",\"contentUrl\":\"https:\/\/www.icip.cat\/wp-content\/uploads\/2021\/02\/logo-2.png\",\"width\":562,\"height\":391,\"caption\":\"ICIP\"},\"image\":{\"@id\":\"https:\/\/www.icip.cat\/ca\/#\/schema\/logo\/image\/\"}},{\"@type\":\"Person\",\"@id\":\"https:\/\/www.icip.cat\/ca\/#\/schema\/person\/35404003404833995eee2bb6e3115dc6\",\"name\":\"whads\",\"image\":{\"@type\":\"ImageObject\",\"inLanguage\":\"es\",\"@id\":\"https:\/\/www.icip.cat\/ca\/#\/schema\/person\/image\/\",\"url\":\"https:\/\/secure.gravatar.com\/avatar\/6a92e4ce03d9442c546cc4afecfc51777413608a6d55a7b50040700657b6b30f?s=96&d=mm&r=g\",\"contentUrl\":\"https:\/\/secure.gravatar.com\/avatar\/6a92e4ce03d9442c546cc4afecfc51777413608a6d55a7b50040700657b6b30f?s=96&d=mm&r=g\",\"caption\":\"whads\"},\"sameAs\":[\"http:\/\/www.icip.cat\"],\"url\":\"https:\/\/www.icip.cat\/es\/author\/whads\/\"}]}<\/script>\n<!-- \/ Yoast SEO plugin. -->","yoast_head_json":{"title":"Nuevas adquisiciones de la Biblioteca del ICIP - ICIP","robots":{"index":"index","follow":"follow","max-snippet":"max-snippet:-1","max-image-preview":"max-image-preview:large","max-video-preview":"max-video-preview:-1"},"canonical":"https:\/\/www.icip.cat\/es\/nuevas-adquisiciones-de-la-biblioteca-del-icip\/","og_locale":"es_ES","og_type":"article","og_title":"Nuevas adquisiciones de la Biblioteca del ICIP - ICIP","og_description":"El mes de julio el centro est\u00e1 abierto de 9:30 a 15:00 horas de lunes a viernes.","og_url":"https:\/\/www.icip.cat\/es\/nuevas-adquisiciones-de-la-biblioteca-del-icip\/","og_site_name":"ICIP","article_published_time":"2018-06-25T08:00:00+00:00","og_image":[{"width":190,"height":128,"url":"https:\/\/www.icip.cat\/wp-content\/uploads\/2018\/06\/novabiblio-1.jpg_1772601938-1.jpg","type":"image\/jpeg"}],"author":"whads","twitter_card":"summary_large_image","twitter_misc":{"Escrito por":"whads","Tiempo de lectura":"1 minuto"},"schema":{"@context":"https:\/\/schema.org","@graph":[{"@type":"Article","@id":"https:\/\/www.icip.cat\/es\/nuevas-adquisiciones-de-la-biblioteca-del-icip\/#article","isPartOf":{"@id":"https:\/\/www.icip.cat\/es\/nuevas-adquisiciones-de-la-biblioteca-del-icip\/"},"author":{"name":"whads","@id":"https:\/\/www.icip.cat\/ca\/#\/schema\/person\/35404003404833995eee2bb6e3115dc6"},"headline":"Nuevas adquisiciones de la Biblioteca del ICIP","datePublished":"2018-06-25T08:00:00+00:00","mainEntityOfPage":{"@id":"https:\/\/www.icip.cat\/es\/nuevas-adquisiciones-de-la-biblioteca-del-icip\/"},"wordCount":162,"publisher":{"@id":"https:\/\/www.icip.cat\/ca\/#organization"},"image":{"@id":"https:\/\/www.icip.cat\/es\/nuevas-adquisiciones-de-la-biblioteca-del-icip\/#primaryimage"},"thumbnailUrl":"https:\/\/www.icip.cat\/wp-content\/uploads\/2018\/06\/novabiblio-1.jpg_1772601938-1.jpg","articleSection":["Sense categoria"],"inLanguage":"es"},{"@type":"WebPage","@id":"https:\/\/www.icip.cat\/es\/nuevas-adquisiciones-de-la-biblioteca-del-icip\/","url":"https:\/\/www.icip.cat\/es\/nuevas-adquisiciones-de-la-biblioteca-del-icip\/","name":"Nuevas adquisiciones de la Biblioteca del ICIP - ICIP","isPartOf":{"@id":"https:\/\/www.icip.cat\/ca\/#website"},"primaryImageOfPage":{"@id":"https:\/\/www.icip.cat\/es\/nuevas-adquisiciones-de-la-biblioteca-del-icip\/#primaryimage"},"image":{"@id":"https:\/\/www.icip.cat\/es\/nuevas-adquisiciones-de-la-biblioteca-del-icip\/#primaryimage"},"thumbnailUrl":"https:\/\/www.icip.cat\/wp-content\/uploads\/2018\/06\/novabiblio-1.jpg_1772601938-1.jpg","datePublished":"2018-06-25T08:00:00+00:00","inLanguage":"es","potentialAction":[{"@type":"ReadAction","target":["https:\/\/www.icip.cat\/es\/nuevas-adquisiciones-de-la-biblioteca-del-icip\/"]}]},{"@type":"ImageObject","inLanguage":"es","@id":"https:\/\/www.icip.cat\/es\/nuevas-adquisiciones-de-la-biblioteca-del-icip\/#primaryimage","url":"https:\/\/www.icip.cat\/wp-content\/uploads\/2018\/06\/novabiblio-1.jpg_1772601938-1.jpg","contentUrl":"https:\/\/www.icip.cat\/wp-content\/uploads\/2018\/06\/novabiblio-1.jpg_1772601938-1.jpg","width":190,"height":128,"caption":"Nuevas adquisiciones de la Biblioteca del ICIP"},{"@type":"WebSite","@id":"https:\/\/www.icip.cat\/ca\/#website","url":"https:\/\/www.icip.cat\/ca\/","name":"ICIP","description":"","publisher":{"@id":"https:\/\/www.icip.cat\/ca\/#organization"},"potentialAction":[{"@type":"SearchAction","target":{"@type":"EntryPoint","urlTemplate":"https:\/\/www.icip.cat\/ca\/?s={search_term_string}"},"query-input":{"@type":"PropertyValueSpecification","valueRequired":true,"valueName":"search_term_string"}}],"inLanguage":"es"},{"@type":"Organization","@id":"https:\/\/www.icip.cat\/ca\/#organization","name":"ICIP","url":"https:\/\/www.icip.cat\/ca\/","logo":{"@type":"ImageObject","inLanguage":"es","@id":"https:\/\/www.icip.cat\/ca\/#\/schema\/logo\/image\/","url":"https:\/\/www.icip.cat\/wp-content\/uploads\/2021\/02\/logo-2.png","contentUrl":"https:\/\/www.icip.cat\/wp-content\/uploads\/2021\/02\/logo-2.png","width":562,"height":391,"caption":"ICIP"},"image":{"@id":"https:\/\/www.icip.cat\/ca\/#\/schema\/logo\/image\/"}},{"@type":"Person","@id":"https:\/\/www.icip.cat\/ca\/#\/schema\/person\/35404003404833995eee2bb6e3115dc6","name":"whads","image":{"@type":"ImageObject","inLanguage":"es","@id":"https:\/\/www.icip.cat\/ca\/#\/schema\/person\/image\/","url":"https:\/\/secure.gravatar.com\/avatar\/6a92e4ce03d9442c546cc4afecfc51777413608a6d55a7b50040700657b6b30f?s=96&d=mm&r=g","contentUrl":"https:\/\/secure.gravatar.com\/avatar\/6a92e4ce03d9442c546cc4afecfc51777413608a6d55a7b50040700657b6b30f?s=96&d=mm&r=g","caption":"whads"},"sameAs":["http:\/\/www.icip.cat"],"url":"https:\/\/www.icip.cat\/es\/author\/whads\/"}]}},"_links":{"self":[{"href":"https:\/\/www.icip.cat\/es\/wp-json\/wp\/v2\/posts\/5226","targetHints":{"allow":["GET"]}}],"collection":[{"href":"https:\/\/www.icip.cat\/es\/wp-json\/wp\/v2\/posts"}],"about":[{"href":"https:\/\/www.icip.cat\/es\/wp-json\/wp\/v2\/types\/post"}],"author":[{"embeddable":true,"href":"https:\/\/www.icip.cat\/es\/wp-json\/wp\/v2\/users\/1"}],"replies":[{"embeddable":true,"href":"https:\/\/www.icip.cat\/es\/wp-json\/wp\/v2\/comments?post=5226"}],"version-history":[{"count":0,"href":"https:\/\/www.icip.cat\/es\/wp-json\/wp\/v2\/posts\/5226\/revisions"}],"wp:featuredmedia":[{"embeddable":true,"href":"https:\/\/www.icip.cat\/es\/wp-json\/wp\/v2\/media\/5227"}],"wp:attachment":[{"href":"https:\/\/www.icip.cat\/es\/wp-json\/wp\/v2\/media?parent=5226"}],"wp:term":[{"taxonomy":"category","embeddable":true,"href":"https:\/\/www.icip.cat\/es\/wp-json\/wp\/v2\/categories?post=5226"},{"taxonomy":"post_tag","embeddable":true,"href":"https:\/\/www.icip.cat\/es\/wp-json\/wp\/v2\/tags?post=5226"}],"curies":[{"name":"wp","href":"https:\/\/api.w.org\/{rel}","templated":true}]}}