{"id":5274,"date":"2018-01-12T08:00:00","date_gmt":"2018-01-12T08:00:00","guid":{"rendered":"http:\/\/www.icip.cat\/el-icip-viaja-a-mexico-en-el-marco-del-nuevo-programa-violencias-fuera-de-contextos-belicos\/"},"modified":"2018-01-12T08:00:00","modified_gmt":"2018-01-12T08:00:00","slug":"el-icip-viaja-a-mexico-en-el-marco-del-nuevo-programa-violencias-fuera-de-contextos-belicos","status":"publish","type":"post","link":"https:\/\/www.icip.cat\/es\/el-icip-viaja-a-mexico-en-el-marco-del-nuevo-programa-violencias-fuera-de-contextos-belicos\/","title":{"rendered":"El ICIP viaja a M\u00e9xico en el marco del nuevo programa \u00abViolencias fuera de contextos b\u00e9licos\u00bb"},"content":{"rendered":"<p>Como parte del proceso de focalizaci\u00f3n tem\u00e1tica, el ICIP ha puesto en marcha el programa de trabajo \u00abViolencias fuera de los contextos b\u00e9licos\u00bb, centrado en aquellas violencias \u2013f\u00edsicas, estructurales o culturales\u2013 que tienen lugar en contextos donde no se considera que haya conflicto armado en el sentido m\u00e1s cl\u00e1sico de la expresi\u00f3n. En el mundo, las personas que mueren de forma violenta son 10 veces m\u00e1s numerosas en circunstancias no b\u00e9licas que en circunstancias b\u00e9licas. La situaci\u00f3n es especialmente letal en Am\u00e9rica Latina, donde desde el a\u00f1o 2000, 2,6 millones de personas han sido asesinadas. Detr\u00e1s de estas tasas de mortalidad hay causas estructurales y determinados factores pol\u00edticos, sociales y econ\u00f3micos que el ICIP se ha propuesto estudiar, entender y dar a conocer.<br \/>\nEl tema es vasto y complejo y por este motivo, el ICIP se centrar\u00e1 muy especialmente en torno a estos tres grandes ejes: 1. Causas y consecuencias de las violencias en situaciones que no son conflicto armado; 2. Movilizaciones sociales pac\u00edficas ante las violencias; y 3. Pol\u00edticas p\u00fablicas para la prevenci\u00f3n de estas violencias. El programa de trabajo combinar\u00e1 acciones de investigaci\u00f3n con acciones de transferencia de conocimientos y divulgaci\u00f3n y de construcci\u00f3n de paz. La mirada propia del ICIP quedar\u00e1 incorporada. Es decir, se pondr\u00e1 \u00e9nfasis en la noviolencia y la seguridad humana, la participaci\u00f3n e iniciativas de la sociedad civil, el empoderamiento de las v\u00edctimas, la perspectiva de g\u00e9nero, en las minor\u00edas y en la diversidad.<br \/>\nUno de los pa\u00edses donde estas violencias tienen actualmente unas dimensiones m\u00e1s preocupantes es M\u00e9xico: militarizaci\u00f3n de la seguridad; narcotr\u00e1fico y guerra contra el narcotr\u00e1fico; feminicidios; violencia dom\u00e9stica y comunitaria; pobreza, desigualdades y exclusiones sociales; graves abusos contra inmigrantes y refugiados; delincuencia com\u00fan; impunidad de las violaciones de los derechos humanos; corrupci\u00f3n y falta de transparencia; secuestros, extorsiones y asesinatos.<br \/>\nEste escenario hace que la atenci\u00f3n del ICIP sea primordial en este pa\u00eds y es por eso que una representaci\u00f3n del Instituto viaja a M\u00e9xico este mes de enero, con el objetivo de establecer contactos y explorar v\u00edas de colaboraci\u00f3n con centros acad\u00e9micos, instituciones, entidades, periodistas y expertos en paz, seguridad, violencias y derechos humanos. La visita tendr\u00e1 lugar entre el 15 y el 19 de enero e incluir\u00e1 instituciones como Serapaz, Fundar, Insyde, la Comisi\u00f3n Mexicana de Defensa y Promoci\u00f3n de los Derechos Humanos, la Comisi\u00f3n Nacional de Derechos Humanos, el Mecanismo de Protecci\u00f3n en Personas Defensoras y Periodistas, y UNODC. Durante la estancia, el ICIP tambi\u00e9n asistir\u00e1 al Seminario Violencia y Paz del Colegio de M\u00e9xico \u00abLa paz en M\u00e9xico s\u00ed se posible\u00bb. La delegaci\u00f3n del ICIP estar\u00e1 encabezada por la directora Tica Font.<\/p>\n","protected":false},"excerpt":{"rendered":"<p>La visita tiene como objetivo establecer contactos y explorar v\u00edas de colaboraci\u00f3n con centros acad\u00e9micos, instituciones, entidades, periodistas y expertos en paz, seguridad, violencias y derechos humanos.<\/p>\n","protected":false},"author":1,"featured_media":5275,"comment_status":"closed","ping_status":"open","sticky":false,"template":"","format":"standard","meta":{"_acf_changed":false,"footnotes":""},"categories":[4],"tags":[],"class_list":["post-5274","post","type-post","status-publish","format-standard","has-post-thumbnail","hentry","category-sense-categoria"],"acf":[],"yoast_head":"<!-- This site is optimized with the Yoast SEO plugin v25.6 - https:\/\/yoast.com\/wordpress\/plugins\/seo\/ -->\n<title>El ICIP viaja a M\u00e9xico en el marco del nuevo programa &quot;Violencias fuera de contextos b\u00e9licos&quot; - ICIP<\/title>\n<meta name=\"robots\" content=\"index, follow, max-snippet:-1, max-image-preview:large, max-video-preview:-1\" \/>\n<link rel=\"canonical\" href=\"https:\/\/www.icip.cat\/es\/el-icip-viaja-a-mexico-en-el-marco-del-nuevo-programa-violencias-fuera-de-contextos-belicos\/\" \/>\n<meta property=\"og:locale\" content=\"es_ES\" \/>\n<meta property=\"og:type\" content=\"article\" \/>\n<meta property=\"og:title\" content=\"El ICIP viaja a M\u00e9xico en el marco del nuevo programa &quot;Violencias fuera de contextos b\u00e9licos&quot; - ICIP\" \/>\n<meta property=\"og:description\" content=\"La visita tiene como objetivo establecer contactos y explorar v\u00edas de colaboraci\u00f3n con centros acad\u00e9micos, instituciones, entidades, periodistas y expertos en paz, seguridad, violencias y derechos humanos.\" \/>\n<meta property=\"og:url\" content=\"https:\/\/www.icip.cat\/es\/el-icip-viaja-a-mexico-en-el-marco-del-nuevo-programa-violencias-fuera-de-contextos-belicos\/\" \/>\n<meta property=\"og:site_name\" content=\"ICIP\" \/>\n<meta property=\"article:published_time\" content=\"2018-01-12T08:00:00+00:00\" \/>\n<meta property=\"og:image\" content=\"https:\/\/www.icip.cat\/wp-content\/uploads\/2018\/01\/mexic-1.jpg_1665473502-1.jpg\" \/>\n\t<meta property=\"og:image:width\" content=\"190\" \/>\n\t<meta property=\"og:image:height\" content=\"160\" \/>\n\t<meta property=\"og:image:type\" content=\"image\/jpeg\" \/>\n<meta name=\"author\" content=\"whads\" \/>\n<meta name=\"twitter:card\" content=\"summary_large_image\" \/>\n<meta name=\"twitter:label1\" content=\"Escrito por\" \/>\n\t<meta name=\"twitter:data1\" content=\"whads\" \/>\n\t<meta name=\"twitter:label2\" content=\"Tiempo de lectura\" \/>\n\t<meta name=\"twitter:data2\" content=\"2 minutos\" \/>\n<script type=\"application\/ld+json\" class=\"yoast-schema-graph\">{\"@context\":\"https:\/\/schema.org\",\"@graph\":[{\"@type\":\"Article\",\"@id\":\"https:\/\/www.icip.cat\/es\/el-icip-viaja-a-mexico-en-el-marco-del-nuevo-programa-violencias-fuera-de-contextos-belicos\/#article\",\"isPartOf\":{\"@id\":\"https:\/\/www.icip.cat\/es\/el-icip-viaja-a-mexico-en-el-marco-del-nuevo-programa-violencias-fuera-de-contextos-belicos\/\"},\"author\":{\"name\":\"whads\",\"@id\":\"https:\/\/www.icip.cat\/ca\/#\/schema\/person\/35404003404833995eee2bb6e3115dc6\"},\"headline\":\"El ICIP viaja a M\u00e9xico en el marco del nuevo programa \u00abViolencias fuera de contextos b\u00e9licos\u00bb\",\"datePublished\":\"2018-01-12T08:00:00+00:00\",\"mainEntityOfPage\":{\"@id\":\"https:\/\/www.icip.cat\/es\/el-icip-viaja-a-mexico-en-el-marco-del-nuevo-programa-violencias-fuera-de-contextos-belicos\/\"},\"wordCount\":498,\"publisher\":{\"@id\":\"https:\/\/www.icip.cat\/ca\/#organization\"},\"image\":{\"@id\":\"https:\/\/www.icip.cat\/es\/el-icip-viaja-a-mexico-en-el-marco-del-nuevo-programa-violencias-fuera-de-contextos-belicos\/#primaryimage\"},\"thumbnailUrl\":\"https:\/\/www.icip.cat\/wp-content\/uploads\/2018\/01\/mexic-1.jpg_1665473502-1.jpg\",\"articleSection\":[\"Sense categoria\"],\"inLanguage\":\"es\"},{\"@type\":\"WebPage\",\"@id\":\"https:\/\/www.icip.cat\/es\/el-icip-viaja-a-mexico-en-el-marco-del-nuevo-programa-violencias-fuera-de-contextos-belicos\/\",\"url\":\"https:\/\/www.icip.cat\/es\/el-icip-viaja-a-mexico-en-el-marco-del-nuevo-programa-violencias-fuera-de-contextos-belicos\/\",\"name\":\"El ICIP viaja a M\u00e9xico en el marco del nuevo programa \\\"Violencias fuera de contextos b\u00e9licos\\\" - ICIP\",\"isPartOf\":{\"@id\":\"https:\/\/www.icip.cat\/ca\/#website\"},\"primaryImageOfPage\":{\"@id\":\"https:\/\/www.icip.cat\/es\/el-icip-viaja-a-mexico-en-el-marco-del-nuevo-programa-violencias-fuera-de-contextos-belicos\/#primaryimage\"},\"image\":{\"@id\":\"https:\/\/www.icip.cat\/es\/el-icip-viaja-a-mexico-en-el-marco-del-nuevo-programa-violencias-fuera-de-contextos-belicos\/#primaryimage\"},\"thumbnailUrl\":\"https:\/\/www.icip.cat\/wp-content\/uploads\/2018\/01\/mexic-1.jpg_1665473502-1.jpg\",\"datePublished\":\"2018-01-12T08:00:00+00:00\",\"inLanguage\":\"es\",\"potentialAction\":[{\"@type\":\"ReadAction\",\"target\":[\"https:\/\/www.icip.cat\/es\/el-icip-viaja-a-mexico-en-el-marco-del-nuevo-programa-violencias-fuera-de-contextos-belicos\/\"]}]},{\"@type\":\"ImageObject\",\"inLanguage\":\"es\",\"@id\":\"https:\/\/www.icip.cat\/es\/el-icip-viaja-a-mexico-en-el-marco-del-nuevo-programa-violencias-fuera-de-contextos-belicos\/#primaryimage\",\"url\":\"https:\/\/www.icip.cat\/wp-content\/uploads\/2018\/01\/mexic-1.jpg_1665473502-1.jpg\",\"contentUrl\":\"https:\/\/www.icip.cat\/wp-content\/uploads\/2018\/01\/mexic-1.jpg_1665473502-1.jpg\",\"width\":190,\"height\":160,\"caption\":\"El ICIP viaja a M\u00e9xico en el marco del nuevo programa \\\"Violencias fuera de contextos b\u00e9licos\\\"\"},{\"@type\":\"WebSite\",\"@id\":\"https:\/\/www.icip.cat\/ca\/#website\",\"url\":\"https:\/\/www.icip.cat\/ca\/\",\"name\":\"ICIP\",\"description\":\"\",\"publisher\":{\"@id\":\"https:\/\/www.icip.cat\/ca\/#organization\"},\"potentialAction\":[{\"@type\":\"SearchAction\",\"target\":{\"@type\":\"EntryPoint\",\"urlTemplate\":\"https:\/\/www.icip.cat\/ca\/?s={search_term_string}\"},\"query-input\":{\"@type\":\"PropertyValueSpecification\",\"valueRequired\":true,\"valueName\":\"search_term_string\"}}],\"inLanguage\":\"es\"},{\"@type\":\"Organization\",\"@id\":\"https:\/\/www.icip.cat\/ca\/#organization\",\"name\":\"ICIP\",\"url\":\"https:\/\/www.icip.cat\/ca\/\",\"logo\":{\"@type\":\"ImageObject\",\"inLanguage\":\"es\",\"@id\":\"https:\/\/www.icip.cat\/ca\/#\/schema\/logo\/image\/\",\"url\":\"https:\/\/www.icip.cat\/wp-content\/uploads\/2021\/02\/logo-2.png\",\"contentUrl\":\"https:\/\/www.icip.cat\/wp-content\/uploads\/2021\/02\/logo-2.png\",\"width\":562,\"height\":391,\"caption\":\"ICIP\"},\"image\":{\"@id\":\"https:\/\/www.icip.cat\/ca\/#\/schema\/logo\/image\/\"}},{\"@type\":\"Person\",\"@id\":\"https:\/\/www.icip.cat\/ca\/#\/schema\/person\/35404003404833995eee2bb6e3115dc6\",\"name\":\"whads\",\"image\":{\"@type\":\"ImageObject\",\"inLanguage\":\"es\",\"@id\":\"https:\/\/www.icip.cat\/ca\/#\/schema\/person\/image\/\",\"url\":\"https:\/\/secure.gravatar.com\/avatar\/6a92e4ce03d9442c546cc4afecfc51777413608a6d55a7b50040700657b6b30f?s=96&d=mm&r=g\",\"contentUrl\":\"https:\/\/secure.gravatar.com\/avatar\/6a92e4ce03d9442c546cc4afecfc51777413608a6d55a7b50040700657b6b30f?s=96&d=mm&r=g\",\"caption\":\"whads\"},\"sameAs\":[\"http:\/\/www.icip.cat\"],\"url\":\"https:\/\/www.icip.cat\/es\/author\/whads\/\"}]}<\/script>\n<!-- \/ Yoast SEO plugin. -->","yoast_head_json":{"title":"El ICIP viaja a M\u00e9xico en el marco del nuevo programa \"Violencias fuera de contextos b\u00e9licos\" - ICIP","robots":{"index":"index","follow":"follow","max-snippet":"max-snippet:-1","max-image-preview":"max-image-preview:large","max-video-preview":"max-video-preview:-1"},"canonical":"https:\/\/www.icip.cat\/es\/el-icip-viaja-a-mexico-en-el-marco-del-nuevo-programa-violencias-fuera-de-contextos-belicos\/","og_locale":"es_ES","og_type":"article","og_title":"El ICIP viaja a M\u00e9xico en el marco del nuevo programa \"Violencias fuera de contextos b\u00e9licos\" - ICIP","og_description":"La visita tiene como objetivo establecer contactos y explorar v\u00edas de colaboraci\u00f3n con centros acad\u00e9micos, instituciones, entidades, periodistas y expertos en paz, seguridad, violencias y derechos humanos.","og_url":"https:\/\/www.icip.cat\/es\/el-icip-viaja-a-mexico-en-el-marco-del-nuevo-programa-violencias-fuera-de-contextos-belicos\/","og_site_name":"ICIP","article_published_time":"2018-01-12T08:00:00+00:00","og_image":[{"width":190,"height":160,"url":"https:\/\/www.icip.cat\/wp-content\/uploads\/2018\/01\/mexic-1.jpg_1665473502-1.jpg","type":"image\/jpeg"}],"author":"whads","twitter_card":"summary_large_image","twitter_misc":{"Escrito por":"whads","Tiempo de lectura":"2 minutos"},"schema":{"@context":"https:\/\/schema.org","@graph":[{"@type":"Article","@id":"https:\/\/www.icip.cat\/es\/el-icip-viaja-a-mexico-en-el-marco-del-nuevo-programa-violencias-fuera-de-contextos-belicos\/#article","isPartOf":{"@id":"https:\/\/www.icip.cat\/es\/el-icip-viaja-a-mexico-en-el-marco-del-nuevo-programa-violencias-fuera-de-contextos-belicos\/"},"author":{"name":"whads","@id":"https:\/\/www.icip.cat\/ca\/#\/schema\/person\/35404003404833995eee2bb6e3115dc6"},"headline":"El ICIP viaja a M\u00e9xico en el marco del nuevo programa \u00abViolencias fuera de contextos b\u00e9licos\u00bb","datePublished":"2018-01-12T08:00:00+00:00","mainEntityOfPage":{"@id":"https:\/\/www.icip.cat\/es\/el-icip-viaja-a-mexico-en-el-marco-del-nuevo-programa-violencias-fuera-de-contextos-belicos\/"},"wordCount":498,"publisher":{"@id":"https:\/\/www.icip.cat\/ca\/#organization"},"image":{"@id":"https:\/\/www.icip.cat\/es\/el-icip-viaja-a-mexico-en-el-marco-del-nuevo-programa-violencias-fuera-de-contextos-belicos\/#primaryimage"},"thumbnailUrl":"https:\/\/www.icip.cat\/wp-content\/uploads\/2018\/01\/mexic-1.jpg_1665473502-1.jpg","articleSection":["Sense categoria"],"inLanguage":"es"},{"@type":"WebPage","@id":"https:\/\/www.icip.cat\/es\/el-icip-viaja-a-mexico-en-el-marco-del-nuevo-programa-violencias-fuera-de-contextos-belicos\/","url":"https:\/\/www.icip.cat\/es\/el-icip-viaja-a-mexico-en-el-marco-del-nuevo-programa-violencias-fuera-de-contextos-belicos\/","name":"El ICIP viaja a M\u00e9xico en el marco del nuevo programa \"Violencias fuera de contextos b\u00e9licos\" - ICIP","isPartOf":{"@id":"https:\/\/www.icip.cat\/ca\/#website"},"primaryImageOfPage":{"@id":"https:\/\/www.icip.cat\/es\/el-icip-viaja-a-mexico-en-el-marco-del-nuevo-programa-violencias-fuera-de-contextos-belicos\/#primaryimage"},"image":{"@id":"https:\/\/www.icip.cat\/es\/el-icip-viaja-a-mexico-en-el-marco-del-nuevo-programa-violencias-fuera-de-contextos-belicos\/#primaryimage"},"thumbnailUrl":"https:\/\/www.icip.cat\/wp-content\/uploads\/2018\/01\/mexic-1.jpg_1665473502-1.jpg","datePublished":"2018-01-12T08:00:00+00:00","inLanguage":"es","potentialAction":[{"@type":"ReadAction","target":["https:\/\/www.icip.cat\/es\/el-icip-viaja-a-mexico-en-el-marco-del-nuevo-programa-violencias-fuera-de-contextos-belicos\/"]}]},{"@type":"ImageObject","inLanguage":"es","@id":"https:\/\/www.icip.cat\/es\/el-icip-viaja-a-mexico-en-el-marco-del-nuevo-programa-violencias-fuera-de-contextos-belicos\/#primaryimage","url":"https:\/\/www.icip.cat\/wp-content\/uploads\/2018\/01\/mexic-1.jpg_1665473502-1.jpg","contentUrl":"https:\/\/www.icip.cat\/wp-content\/uploads\/2018\/01\/mexic-1.jpg_1665473502-1.jpg","width":190,"height":160,"caption":"El ICIP viaja a M\u00e9xico en el marco del nuevo programa \"Violencias fuera de contextos b\u00e9licos\""},{"@type":"WebSite","@id":"https:\/\/www.icip.cat\/ca\/#website","url":"https:\/\/www.icip.cat\/ca\/","name":"ICIP","description":"","publisher":{"@id":"https:\/\/www.icip.cat\/ca\/#organization"},"potentialAction":[{"@type":"SearchAction","target":{"@type":"EntryPoint","urlTemplate":"https:\/\/www.icip.cat\/ca\/?s={search_term_string}"},"query-input":{"@type":"PropertyValueSpecification","valueRequired":true,"valueName":"search_term_string"}}],"inLanguage":"es"},{"@type":"Organization","@id":"https:\/\/www.icip.cat\/ca\/#organization","name":"ICIP","url":"https:\/\/www.icip.cat\/ca\/","logo":{"@type":"ImageObject","inLanguage":"es","@id":"https:\/\/www.icip.cat\/ca\/#\/schema\/logo\/image\/","url":"https:\/\/www.icip.cat\/wp-content\/uploads\/2021\/02\/logo-2.png","contentUrl":"https:\/\/www.icip.cat\/wp-content\/uploads\/2021\/02\/logo-2.png","width":562,"height":391,"caption":"ICIP"},"image":{"@id":"https:\/\/www.icip.cat\/ca\/#\/schema\/logo\/image\/"}},{"@type":"Person","@id":"https:\/\/www.icip.cat\/ca\/#\/schema\/person\/35404003404833995eee2bb6e3115dc6","name":"whads","image":{"@type":"ImageObject","inLanguage":"es","@id":"https:\/\/www.icip.cat\/ca\/#\/schema\/person\/image\/","url":"https:\/\/secure.gravatar.com\/avatar\/6a92e4ce03d9442c546cc4afecfc51777413608a6d55a7b50040700657b6b30f?s=96&d=mm&r=g","contentUrl":"https:\/\/secure.gravatar.com\/avatar\/6a92e4ce03d9442c546cc4afecfc51777413608a6d55a7b50040700657b6b30f?s=96&d=mm&r=g","caption":"whads"},"sameAs":["http:\/\/www.icip.cat"],"url":"https:\/\/www.icip.cat\/es\/author\/whads\/"}]}},"_links":{"self":[{"href":"https:\/\/www.icip.cat\/es\/wp-json\/wp\/v2\/posts\/5274","targetHints":{"allow":["GET"]}}],"collection":[{"href":"https:\/\/www.icip.cat\/es\/wp-json\/wp\/v2\/posts"}],"about":[{"href":"https:\/\/www.icip.cat\/es\/wp-json\/wp\/v2\/types\/post"}],"author":[{"embeddable":true,"href":"https:\/\/www.icip.cat\/es\/wp-json\/wp\/v2\/users\/1"}],"replies":[{"embeddable":true,"href":"https:\/\/www.icip.cat\/es\/wp-json\/wp\/v2\/comments?post=5274"}],"version-history":[{"count":0,"href":"https:\/\/www.icip.cat\/es\/wp-json\/wp\/v2\/posts\/5274\/revisions"}],"wp:featuredmedia":[{"embeddable":true,"href":"https:\/\/www.icip.cat\/es\/wp-json\/wp\/v2\/media\/5275"}],"wp:attachment":[{"href":"https:\/\/www.icip.cat\/es\/wp-json\/wp\/v2\/media?parent=5274"}],"wp:term":[{"taxonomy":"category","embeddable":true,"href":"https:\/\/www.icip.cat\/es\/wp-json\/wp\/v2\/categories?post=5274"},{"taxonomy":"post_tag","embeddable":true,"href":"https:\/\/www.icip.cat\/es\/wp-json\/wp\/v2\/tags?post=5274"}],"curies":[{"name":"wp","href":"https:\/\/api.w.org\/{rel}","templated":true}]}}