{"id":5334,"date":"2017-10-04T08:00:00","date_gmt":"2017-10-04T08:00:00","guid":{"rendered":"http:\/\/www.icip.cat\/la-capsula-numero-100-culmina-el-proyecto-capsulas-de-paz\/"},"modified":"2017-10-04T08:00:00","modified_gmt":"2017-10-04T08:00:00","slug":"la-capsula-numero-100-culmina-el-proyecto-capsulas-de-paz","status":"publish","type":"post","link":"https:\/\/www.icip.cat\/es\/la-capsula-numero-100-culmina-el-proyecto-capsulas-de-paz\/","title":{"rendered":"La c\u00e1psula n\u00famero 100 culmina el proyecto \u00abC\u00e1psulas de Paz\u00bb"},"content":{"rendered":"<p>Con motivo de la conmemoraci\u00f3n del D\u00eda Internacional de la Paz, que se celebra el 21 de septiembre, el ICIP ha publicado la c\u00e1psula de paz n\u00famero 100, que resume el proyecto iniciado el a\u00f1o 2014 dentro de las l\u00edneas de trabajo del ICIP en materia de sensibilizaci\u00f3n para la paz.<br \/>\nCada c\u00e1psula de paz es una breve reflexi\u00f3n de un minuto de duraci\u00f3n sobre qu\u00e9 es la paz, editada en v\u00eddeo y subtitulada al catal\u00e1n, al castellano y al ingl\u00e9s. Los testimonios se pueden ver en la web www.capsulesdepau.com creada por el ICIP y el Col\u00b7lectiu Contrast, con la colaboraci\u00f3n de Digital Dosis. Con la \u00faltima ampliaci\u00f3n, el proyecto cuenta con 99 reflexiones de investigadores para la paz, activistas y personas que han vivido de cerca un conflicto procedentes de 37 pa\u00edses diferentes.<br \/>\nEntre los \u00faltimos testimonios destacan personalidades como Arcadi Oliveres, economista y activista por la paz recientemente galardonado con el Premio ICIP Constructores de Paz 2017, Brigitte Vasallo, escritora feminista y antirracista, y Ahmed Galai, miembro del Cuarteto de Di\u00e1logo para la Paz de T\u00fanez, Premio Nobel de la Paz 2015.<br \/>\nEl proyecto \u00abC\u00e1psulas de Paz\u00bb naci\u00f3 con el objetivo de mostrar la diversidad de visiones y expectativas que se proyectan sobre la palabra Paz. Personas de todo el mundo y con roles diversos responden a la pregunta: \u00bfQu\u00e9 es para ti la paz? poni\u00e9ndola en relaci\u00f3n con la experiencia vivida en pa\u00edses en conflicto o con su compromiso contra la guerra y con la construcci\u00f3n de la paz.<\/p>\n","protected":false},"excerpt":{"rendered":"<p>El video resume el proyecto iniciado en 2014 por el ICIP y el Col\u00b7lectiu Contrast para dar una visi\u00f3n poli\u00e9drica de la palabra \u00abpaz\u00bb.<\/p>\n","protected":false},"author":1,"featured_media":0,"comment_status":"closed","ping_status":"open","sticky":false,"template":"","format":"standard","meta":{"_acf_changed":false,"footnotes":""},"categories":[4],"tags":[],"class_list":["post-5334","post","type-post","status-publish","format-standard","hentry","category-sense-categoria"],"acf":[],"yoast_head":"<!-- This site is optimized with the Yoast SEO plugin v25.6 - https:\/\/yoast.com\/wordpress\/plugins\/seo\/ -->\n<title>La c\u00e1psula n\u00famero 100 culmina el proyecto &quot;C\u00e1psulas de Paz&quot; - ICIP<\/title>\n<meta name=\"robots\" content=\"index, follow, max-snippet:-1, max-image-preview:large, max-video-preview:-1\" \/>\n<link rel=\"canonical\" href=\"https:\/\/www.icip.cat\/es\/la-capsula-numero-100-culmina-el-proyecto-capsulas-de-paz\/\" \/>\n<meta property=\"og:locale\" content=\"es_ES\" \/>\n<meta property=\"og:type\" content=\"article\" \/>\n<meta property=\"og:title\" content=\"La c\u00e1psula n\u00famero 100 culmina el proyecto &quot;C\u00e1psulas de Paz&quot; - ICIP\" \/>\n<meta property=\"og:description\" content=\"El video resume el proyecto iniciado en 2014 por el ICIP y el Col\u00b7lectiu Contrast para dar una visi\u00f3n poli\u00e9drica de la palabra &quot;paz&quot;.\" \/>\n<meta property=\"og:url\" content=\"https:\/\/www.icip.cat\/es\/la-capsula-numero-100-culmina-el-proyecto-capsulas-de-paz\/\" \/>\n<meta property=\"og:site_name\" content=\"ICIP\" \/>\n<meta property=\"article:published_time\" content=\"2017-10-04T08:00:00+00:00\" \/>\n<meta name=\"author\" content=\"whads\" \/>\n<meta name=\"twitter:card\" content=\"summary_large_image\" \/>\n<meta name=\"twitter:label1\" content=\"Escrito por\" \/>\n\t<meta name=\"twitter:data1\" content=\"whads\" \/>\n\t<meta name=\"twitter:label2\" content=\"Tiempo de lectura\" \/>\n\t<meta name=\"twitter:data2\" content=\"1 minuto\" \/>\n<script type=\"application\/ld+json\" class=\"yoast-schema-graph\">{\"@context\":\"https:\/\/schema.org\",\"@graph\":[{\"@type\":\"Article\",\"@id\":\"https:\/\/www.icip.cat\/es\/la-capsula-numero-100-culmina-el-proyecto-capsulas-de-paz\/#article\",\"isPartOf\":{\"@id\":\"https:\/\/www.icip.cat\/es\/la-capsula-numero-100-culmina-el-proyecto-capsulas-de-paz\/\"},\"author\":{\"name\":\"whads\",\"@id\":\"https:\/\/www.icip.cat\/ca\/#\/schema\/person\/35404003404833995eee2bb6e3115dc6\"},\"headline\":\"La c\u00e1psula n\u00famero 100 culmina el proyecto \u00abC\u00e1psulas de Paz\u00bb\",\"datePublished\":\"2017-10-04T08:00:00+00:00\",\"mainEntityOfPage\":{\"@id\":\"https:\/\/www.icip.cat\/es\/la-capsula-numero-100-culmina-el-proyecto-capsulas-de-paz\/\"},\"wordCount\":283,\"publisher\":{\"@id\":\"https:\/\/www.icip.cat\/ca\/#organization\"},\"articleSection\":[\"Sense categoria\"],\"inLanguage\":\"es\"},{\"@type\":\"WebPage\",\"@id\":\"https:\/\/www.icip.cat\/es\/la-capsula-numero-100-culmina-el-proyecto-capsulas-de-paz\/\",\"url\":\"https:\/\/www.icip.cat\/es\/la-capsula-numero-100-culmina-el-proyecto-capsulas-de-paz\/\",\"name\":\"La c\u00e1psula n\u00famero 100 culmina el proyecto \\\"C\u00e1psulas de Paz\\\" - ICIP\",\"isPartOf\":{\"@id\":\"https:\/\/www.icip.cat\/ca\/#website\"},\"datePublished\":\"2017-10-04T08:00:00+00:00\",\"inLanguage\":\"es\",\"potentialAction\":[{\"@type\":\"ReadAction\",\"target\":[\"https:\/\/www.icip.cat\/es\/la-capsula-numero-100-culmina-el-proyecto-capsulas-de-paz\/\"]}]},{\"@type\":\"WebSite\",\"@id\":\"https:\/\/www.icip.cat\/ca\/#website\",\"url\":\"https:\/\/www.icip.cat\/ca\/\",\"name\":\"ICIP\",\"description\":\"\",\"publisher\":{\"@id\":\"https:\/\/www.icip.cat\/ca\/#organization\"},\"potentialAction\":[{\"@type\":\"SearchAction\",\"target\":{\"@type\":\"EntryPoint\",\"urlTemplate\":\"https:\/\/www.icip.cat\/ca\/?s={search_term_string}\"},\"query-input\":{\"@type\":\"PropertyValueSpecification\",\"valueRequired\":true,\"valueName\":\"search_term_string\"}}],\"inLanguage\":\"es\"},{\"@type\":\"Organization\",\"@id\":\"https:\/\/www.icip.cat\/ca\/#organization\",\"name\":\"ICIP\",\"url\":\"https:\/\/www.icip.cat\/ca\/\",\"logo\":{\"@type\":\"ImageObject\",\"inLanguage\":\"es\",\"@id\":\"https:\/\/www.icip.cat\/ca\/#\/schema\/logo\/image\/\",\"url\":\"https:\/\/www.icip.cat\/wp-content\/uploads\/2021\/02\/logo-2.png\",\"contentUrl\":\"https:\/\/www.icip.cat\/wp-content\/uploads\/2021\/02\/logo-2.png\",\"width\":562,\"height\":391,\"caption\":\"ICIP\"},\"image\":{\"@id\":\"https:\/\/www.icip.cat\/ca\/#\/schema\/logo\/image\/\"}},{\"@type\":\"Person\",\"@id\":\"https:\/\/www.icip.cat\/ca\/#\/schema\/person\/35404003404833995eee2bb6e3115dc6\",\"name\":\"whads\",\"image\":{\"@type\":\"ImageObject\",\"inLanguage\":\"es\",\"@id\":\"https:\/\/www.icip.cat\/ca\/#\/schema\/person\/image\/\",\"url\":\"https:\/\/secure.gravatar.com\/avatar\/6a92e4ce03d9442c546cc4afecfc51777413608a6d55a7b50040700657b6b30f?s=96&d=mm&r=g\",\"contentUrl\":\"https:\/\/secure.gravatar.com\/avatar\/6a92e4ce03d9442c546cc4afecfc51777413608a6d55a7b50040700657b6b30f?s=96&d=mm&r=g\",\"caption\":\"whads\"},\"sameAs\":[\"http:\/\/www.icip.cat\"],\"url\":\"https:\/\/www.icip.cat\/es\/author\/whads\/\"}]}<\/script>\n<!-- \/ Yoast SEO plugin. -->","yoast_head_json":{"title":"La c\u00e1psula n\u00famero 100 culmina el proyecto \"C\u00e1psulas de Paz\" - ICIP","robots":{"index":"index","follow":"follow","max-snippet":"max-snippet:-1","max-image-preview":"max-image-preview:large","max-video-preview":"max-video-preview:-1"},"canonical":"https:\/\/www.icip.cat\/es\/la-capsula-numero-100-culmina-el-proyecto-capsulas-de-paz\/","og_locale":"es_ES","og_type":"article","og_title":"La c\u00e1psula n\u00famero 100 culmina el proyecto \"C\u00e1psulas de Paz\" - ICIP","og_description":"El video resume el proyecto iniciado en 2014 por el ICIP y el Col\u00b7lectiu Contrast para dar una visi\u00f3n poli\u00e9drica de la palabra \"paz\".","og_url":"https:\/\/www.icip.cat\/es\/la-capsula-numero-100-culmina-el-proyecto-capsulas-de-paz\/","og_site_name":"ICIP","article_published_time":"2017-10-04T08:00:00+00:00","author":"whads","twitter_card":"summary_large_image","twitter_misc":{"Escrito por":"whads","Tiempo de lectura":"1 minuto"},"schema":{"@context":"https:\/\/schema.org","@graph":[{"@type":"Article","@id":"https:\/\/www.icip.cat\/es\/la-capsula-numero-100-culmina-el-proyecto-capsulas-de-paz\/#article","isPartOf":{"@id":"https:\/\/www.icip.cat\/es\/la-capsula-numero-100-culmina-el-proyecto-capsulas-de-paz\/"},"author":{"name":"whads","@id":"https:\/\/www.icip.cat\/ca\/#\/schema\/person\/35404003404833995eee2bb6e3115dc6"},"headline":"La c\u00e1psula n\u00famero 100 culmina el proyecto \u00abC\u00e1psulas de Paz\u00bb","datePublished":"2017-10-04T08:00:00+00:00","mainEntityOfPage":{"@id":"https:\/\/www.icip.cat\/es\/la-capsula-numero-100-culmina-el-proyecto-capsulas-de-paz\/"},"wordCount":283,"publisher":{"@id":"https:\/\/www.icip.cat\/ca\/#organization"},"articleSection":["Sense categoria"],"inLanguage":"es"},{"@type":"WebPage","@id":"https:\/\/www.icip.cat\/es\/la-capsula-numero-100-culmina-el-proyecto-capsulas-de-paz\/","url":"https:\/\/www.icip.cat\/es\/la-capsula-numero-100-culmina-el-proyecto-capsulas-de-paz\/","name":"La c\u00e1psula n\u00famero 100 culmina el proyecto \"C\u00e1psulas de Paz\" - ICIP","isPartOf":{"@id":"https:\/\/www.icip.cat\/ca\/#website"},"datePublished":"2017-10-04T08:00:00+00:00","inLanguage":"es","potentialAction":[{"@type":"ReadAction","target":["https:\/\/www.icip.cat\/es\/la-capsula-numero-100-culmina-el-proyecto-capsulas-de-paz\/"]}]},{"@type":"WebSite","@id":"https:\/\/www.icip.cat\/ca\/#website","url":"https:\/\/www.icip.cat\/ca\/","name":"ICIP","description":"","publisher":{"@id":"https:\/\/www.icip.cat\/ca\/#organization"},"potentialAction":[{"@type":"SearchAction","target":{"@type":"EntryPoint","urlTemplate":"https:\/\/www.icip.cat\/ca\/?s={search_term_string}"},"query-input":{"@type":"PropertyValueSpecification","valueRequired":true,"valueName":"search_term_string"}}],"inLanguage":"es"},{"@type":"Organization","@id":"https:\/\/www.icip.cat\/ca\/#organization","name":"ICIP","url":"https:\/\/www.icip.cat\/ca\/","logo":{"@type":"ImageObject","inLanguage":"es","@id":"https:\/\/www.icip.cat\/ca\/#\/schema\/logo\/image\/","url":"https:\/\/www.icip.cat\/wp-content\/uploads\/2021\/02\/logo-2.png","contentUrl":"https:\/\/www.icip.cat\/wp-content\/uploads\/2021\/02\/logo-2.png","width":562,"height":391,"caption":"ICIP"},"image":{"@id":"https:\/\/www.icip.cat\/ca\/#\/schema\/logo\/image\/"}},{"@type":"Person","@id":"https:\/\/www.icip.cat\/ca\/#\/schema\/person\/35404003404833995eee2bb6e3115dc6","name":"whads","image":{"@type":"ImageObject","inLanguage":"es","@id":"https:\/\/www.icip.cat\/ca\/#\/schema\/person\/image\/","url":"https:\/\/secure.gravatar.com\/avatar\/6a92e4ce03d9442c546cc4afecfc51777413608a6d55a7b50040700657b6b30f?s=96&d=mm&r=g","contentUrl":"https:\/\/secure.gravatar.com\/avatar\/6a92e4ce03d9442c546cc4afecfc51777413608a6d55a7b50040700657b6b30f?s=96&d=mm&r=g","caption":"whads"},"sameAs":["http:\/\/www.icip.cat"],"url":"https:\/\/www.icip.cat\/es\/author\/whads\/"}]}},"_links":{"self":[{"href":"https:\/\/www.icip.cat\/es\/wp-json\/wp\/v2\/posts\/5334","targetHints":{"allow":["GET"]}}],"collection":[{"href":"https:\/\/www.icip.cat\/es\/wp-json\/wp\/v2\/posts"}],"about":[{"href":"https:\/\/www.icip.cat\/es\/wp-json\/wp\/v2\/types\/post"}],"author":[{"embeddable":true,"href":"https:\/\/www.icip.cat\/es\/wp-json\/wp\/v2\/users\/1"}],"replies":[{"embeddable":true,"href":"https:\/\/www.icip.cat\/es\/wp-json\/wp\/v2\/comments?post=5334"}],"version-history":[{"count":0,"href":"https:\/\/www.icip.cat\/es\/wp-json\/wp\/v2\/posts\/5334\/revisions"}],"wp:attachment":[{"href":"https:\/\/www.icip.cat\/es\/wp-json\/wp\/v2\/media?parent=5334"}],"wp:term":[{"taxonomy":"category","embeddable":true,"href":"https:\/\/www.icip.cat\/es\/wp-json\/wp\/v2\/categories?post=5334"},{"taxonomy":"post_tag","embeddable":true,"href":"https:\/\/www.icip.cat\/es\/wp-json\/wp\/v2\/tags?post=5334"}],"curies":[{"name":"wp","href":"https:\/\/api.w.org\/{rel}","templated":true}]}}