{"id":5347,"date":"2017-09-21T08:00:00","date_gmt":"2017-09-21T08:00:00","guid":{"rendered":"http:\/\/www.icip.cat\/arcadi-oliveres-premio-icip-constructores-de-paz-2017\/"},"modified":"2021-09-20T09:05:26","modified_gmt":"2021-09-20T09:05:26","slug":"arcadi-oliveres-premio-icip-constructores-de-paz-2017","status":"publish","type":"post","link":"https:\/\/www.icip.cat\/es\/arcadi-oliveres-premio-icip-constructores-de-paz-2017\/","title":{"rendered":"Arcadi Oliveres, Premio ICIP Constructores de Paz 2017"},"content":{"rendered":"\n<p>El Premio&nbsp;ICIP 2017&nbsp;reconoce al economista y activista&nbsp;Arcadi Oliveres&nbsp;\u00abpor su compromiso e incansable dedicaci\u00f3n con la promoci\u00f3n de paz, la justicia social, los derechos humanos y el desarme, desde un punto de vista universal\u00bb.<\/p>\n\n\n\n<p>Vinculado desde joven al movimiento&nbsp;scout, al movimiento cristiano&nbsp;Pax Christi&nbsp;y al Instituto&nbsp;Victor Seix de Polemologia,&nbsp;Oliveres&nbsp;recibi\u00f3 las primeras influencias del pensamiento pacifista por parte de&nbsp;Frederic Roda&nbsp;y&nbsp;Joan Botam. En la \u00e9poca de la dictadura franquista, su compromiso con la democracia lo llev\u00f3 a integrarse a la Asamblea de Catalu\u00f1a. M\u00e1s tarde, en 1982, se une a Just\u00edcia y&nbsp;Pau, entidad que acabar\u00e1 presidiendo y desde la cual impulsa la primera campa\u00f1a del 0,7% de ayuda al desarrollo de los pa\u00edses del Tercer Mundo. A lo largo de su trayectoria, su decidido activismo lo ha llevado a participar en las campa\u00f1as del movimiento&nbsp;anti&nbsp;OTAN, contra el comercio de armas,&nbsp;por&nbsp;la objeci\u00f3n de conciencia al servicio militar obligatorio y la objeci\u00f3n fiscal, contra la deuda externa de los pa\u00edses empobrecidos y contra las guerras. En su vertiente dedicada a la justicia global, tambi\u00e9n ha sido un firme defensor de la regularizaci\u00f3n de inmigrantes, se ha vinculado al movimiento antiglobalizador y a las protestas del 15M en Catalu\u00f1a.<\/p>\n\n\n\n<p>La\u00a0<a href=\"http:\/\/icip.gencat.cat\/es\/actualitat\/Noticia\/Lliurametnt-Premi-ICIP\" target=\"_blank\" rel=\"noreferrer noopener\">ceremonia de entrega del galard\u00f3n<\/a> tuvo lugar el martes 17 de abril de 2018 en el auditorio del Parlament de Catalunya. El acto fue presidido por el vicepresidente del Parlament,\u00a0Josep Costa, y cont\u00f3 con las intervenciones del presidente del\u00a0ICIP,\u00a0Xavier Masllorens, el periodista\u00a0David Fern\u00e0ndez, quien glos\u00f3 la figura de\u00a0Arcadi Oliveres, y el mismo galardonado.\u00a0\u00a0<\/p>\n\n\n\n<figure class=\"wp-block-embed-youtube wp-block-embed is-type-video is-provider-youtube wp-embed-aspect-16-9 wp-has-aspect-ratio\"><div class=\"wp-block-embed__wrapper\">\n<iframe title=\"Premi ICIP Constructors de Pau 2017: Arcadi Oliveres\" width=\"640\" height=\"360\" src=\"https:\/\/www.youtube.com\/embed\/6j7xq8clf_0?feature=oembed\" frameborder=\"0\" allow=\"accelerometer; autoplay; clipboard-write; encrypted-media; gyroscope; picture-in-picture; web-share\" referrerpolicy=\"strict-origin-when-cross-origin\" allowfullscreen><\/iframe>\n<\/div><\/figure>\n","protected":false},"excerpt":{"rendered":"<p>El galard\u00f3n reconoce su incansable activismo y compromiso con la promoci\u00f3n de la paz, los derechos humanos, la justicia social y el desarme.<\/p>\n","protected":false},"author":1,"featured_media":5348,"comment_status":"closed","ping_status":"open","sticky":false,"template":"","format":"standard","meta":{"_acf_changed":false,"footnotes":""},"categories":[4,5],"tags":[],"class_list":["post-5347","post","type-post","status-publish","format-standard","has-post-thumbnail","hentry","category-sense-categoria","category-sin-categorizar"],"acf":[],"yoast_head":"<!-- This site is optimized with the Yoast SEO plugin v25.6 - https:\/\/yoast.com\/wordpress\/plugins\/seo\/ -->\n<title>Arcadi Oliveres, Premio ICIP Constructores de Paz 2017 - ICIP<\/title>\n<meta name=\"robots\" content=\"index, follow, max-snippet:-1, max-image-preview:large, max-video-preview:-1\" \/>\n<link rel=\"canonical\" href=\"https:\/\/www.icip.cat\/es\/arcadi-oliveres-premio-icip-constructores-de-paz-2017\/\" \/>\n<meta property=\"og:locale\" content=\"es_ES\" \/>\n<meta property=\"og:type\" content=\"article\" \/>\n<meta property=\"og:title\" content=\"Arcadi Oliveres, Premio ICIP Constructores de Paz 2017 - ICIP\" \/>\n<meta property=\"og:description\" content=\"El galard\u00f3n reconoce su incansable activismo y compromiso con la promoci\u00f3n de la paz, los derechos humanos, la justicia social y el desarme.\" \/>\n<meta property=\"og:url\" content=\"https:\/\/www.icip.cat\/es\/arcadi-oliveres-premio-icip-constructores-de-paz-2017\/\" \/>\n<meta property=\"og:site_name\" content=\"ICIP\" \/>\n<meta property=\"article:published_time\" content=\"2017-09-21T08:00:00+00:00\" \/>\n<meta property=\"article:modified_time\" content=\"2021-09-20T09:05:26+00:00\" \/>\n<meta property=\"og:image\" content=\"https:\/\/www.icip.cat\/wp-content\/uploads\/2017\/09\/arcadioliveres-1.jpg_1629456183-1.jpg\" \/>\n\t<meta property=\"og:image:width\" content=\"190\" \/>\n\t<meta property=\"og:image:height\" content=\"178\" \/>\n\t<meta property=\"og:image:type\" content=\"image\/jpeg\" \/>\n<meta name=\"author\" content=\"whads\" \/>\n<meta name=\"twitter:card\" content=\"summary_large_image\" \/>\n<meta name=\"twitter:label1\" content=\"Escrito por\" \/>\n\t<meta name=\"twitter:data1\" content=\"whads\" \/>\n\t<meta name=\"twitter:label2\" content=\"Tiempo de lectura\" \/>\n\t<meta name=\"twitter:data2\" content=\"2 minutos\" \/>\n<script type=\"application\/ld+json\" class=\"yoast-schema-graph\">{\"@context\":\"https:\/\/schema.org\",\"@graph\":[{\"@type\":\"Article\",\"@id\":\"https:\/\/www.icip.cat\/es\/arcadi-oliveres-premio-icip-constructores-de-paz-2017\/#article\",\"isPartOf\":{\"@id\":\"https:\/\/www.icip.cat\/es\/arcadi-oliveres-premio-icip-constructores-de-paz-2017\/\"},\"author\":{\"name\":\"whads\",\"@id\":\"https:\/\/www.icip.cat\/ca\/#\/schema\/person\/35404003404833995eee2bb6e3115dc6\"},\"headline\":\"Arcadi Oliveres, Premio ICIP Constructores de Paz 2017\",\"datePublished\":\"2017-09-21T08:00:00+00:00\",\"dateModified\":\"2021-09-20T09:05:26+00:00\",\"mainEntityOfPage\":{\"@id\":\"https:\/\/www.icip.cat\/es\/arcadi-oliveres-premio-icip-constructores-de-paz-2017\/\"},\"wordCount\":311,\"publisher\":{\"@id\":\"https:\/\/www.icip.cat\/ca\/#organization\"},\"image\":{\"@id\":\"https:\/\/www.icip.cat\/es\/arcadi-oliveres-premio-icip-constructores-de-paz-2017\/#primaryimage\"},\"thumbnailUrl\":\"https:\/\/www.icip.cat\/wp-content\/uploads\/2017\/09\/arcadioliveres-1.jpg_1629456183-1.jpg\",\"articleSection\":[\"Sense categoria\",\"Sin categorizar\"],\"inLanguage\":\"es\"},{\"@type\":\"WebPage\",\"@id\":\"https:\/\/www.icip.cat\/es\/arcadi-oliveres-premio-icip-constructores-de-paz-2017\/\",\"url\":\"https:\/\/www.icip.cat\/es\/arcadi-oliveres-premio-icip-constructores-de-paz-2017\/\",\"name\":\"Arcadi Oliveres, Premio ICIP Constructores de Paz 2017 - ICIP\",\"isPartOf\":{\"@id\":\"https:\/\/www.icip.cat\/ca\/#website\"},\"primaryImageOfPage\":{\"@id\":\"https:\/\/www.icip.cat\/es\/arcadi-oliveres-premio-icip-constructores-de-paz-2017\/#primaryimage\"},\"image\":{\"@id\":\"https:\/\/www.icip.cat\/es\/arcadi-oliveres-premio-icip-constructores-de-paz-2017\/#primaryimage\"},\"thumbnailUrl\":\"https:\/\/www.icip.cat\/wp-content\/uploads\/2017\/09\/arcadioliveres-1.jpg_1629456183-1.jpg\",\"datePublished\":\"2017-09-21T08:00:00+00:00\",\"dateModified\":\"2021-09-20T09:05:26+00:00\",\"inLanguage\":\"es\",\"potentialAction\":[{\"@type\":\"ReadAction\",\"target\":[\"https:\/\/www.icip.cat\/es\/arcadi-oliveres-premio-icip-constructores-de-paz-2017\/\"]}]},{\"@type\":\"ImageObject\",\"inLanguage\":\"es\",\"@id\":\"https:\/\/www.icip.cat\/es\/arcadi-oliveres-premio-icip-constructores-de-paz-2017\/#primaryimage\",\"url\":\"https:\/\/www.icip.cat\/wp-content\/uploads\/2017\/09\/arcadioliveres-1.jpg_1629456183-1.jpg\",\"contentUrl\":\"https:\/\/www.icip.cat\/wp-content\/uploads\/2017\/09\/arcadioliveres-1.jpg_1629456183-1.jpg\",\"width\":190,\"height\":178,\"caption\":\"Arcadi Oliveres, Premio ICIP Constructores de Paz 2017\"},{\"@type\":\"WebSite\",\"@id\":\"https:\/\/www.icip.cat\/ca\/#website\",\"url\":\"https:\/\/www.icip.cat\/ca\/\",\"name\":\"ICIP\",\"description\":\"\",\"publisher\":{\"@id\":\"https:\/\/www.icip.cat\/ca\/#organization\"},\"potentialAction\":[{\"@type\":\"SearchAction\",\"target\":{\"@type\":\"EntryPoint\",\"urlTemplate\":\"https:\/\/www.icip.cat\/ca\/?s={search_term_string}\"},\"query-input\":{\"@type\":\"PropertyValueSpecification\",\"valueRequired\":true,\"valueName\":\"search_term_string\"}}],\"inLanguage\":\"es\"},{\"@type\":\"Organization\",\"@id\":\"https:\/\/www.icip.cat\/ca\/#organization\",\"name\":\"ICIP\",\"url\":\"https:\/\/www.icip.cat\/ca\/\",\"logo\":{\"@type\":\"ImageObject\",\"inLanguage\":\"es\",\"@id\":\"https:\/\/www.icip.cat\/ca\/#\/schema\/logo\/image\/\",\"url\":\"https:\/\/www.icip.cat\/wp-content\/uploads\/2021\/02\/logo-2.png\",\"contentUrl\":\"https:\/\/www.icip.cat\/wp-content\/uploads\/2021\/02\/logo-2.png\",\"width\":562,\"height\":391,\"caption\":\"ICIP\"},\"image\":{\"@id\":\"https:\/\/www.icip.cat\/ca\/#\/schema\/logo\/image\/\"}},{\"@type\":\"Person\",\"@id\":\"https:\/\/www.icip.cat\/ca\/#\/schema\/person\/35404003404833995eee2bb6e3115dc6\",\"name\":\"whads\",\"image\":{\"@type\":\"ImageObject\",\"inLanguage\":\"es\",\"@id\":\"https:\/\/www.icip.cat\/ca\/#\/schema\/person\/image\/\",\"url\":\"https:\/\/secure.gravatar.com\/avatar\/6a92e4ce03d9442c546cc4afecfc51777413608a6d55a7b50040700657b6b30f?s=96&d=mm&r=g\",\"contentUrl\":\"https:\/\/secure.gravatar.com\/avatar\/6a92e4ce03d9442c546cc4afecfc51777413608a6d55a7b50040700657b6b30f?s=96&d=mm&r=g\",\"caption\":\"whads\"},\"sameAs\":[\"http:\/\/www.icip.cat\"],\"url\":\"https:\/\/www.icip.cat\/es\/author\/whads\/\"}]}<\/script>\n<!-- \/ Yoast SEO plugin. -->","yoast_head_json":{"title":"Arcadi Oliveres, Premio ICIP Constructores de Paz 2017 - ICIP","robots":{"index":"index","follow":"follow","max-snippet":"max-snippet:-1","max-image-preview":"max-image-preview:large","max-video-preview":"max-video-preview:-1"},"canonical":"https:\/\/www.icip.cat\/es\/arcadi-oliveres-premio-icip-constructores-de-paz-2017\/","og_locale":"es_ES","og_type":"article","og_title":"Arcadi Oliveres, Premio ICIP Constructores de Paz 2017 - ICIP","og_description":"El galard\u00f3n reconoce su incansable activismo y compromiso con la promoci\u00f3n de la paz, los derechos humanos, la justicia social y el desarme.","og_url":"https:\/\/www.icip.cat\/es\/arcadi-oliveres-premio-icip-constructores-de-paz-2017\/","og_site_name":"ICIP","article_published_time":"2017-09-21T08:00:00+00:00","article_modified_time":"2021-09-20T09:05:26+00:00","og_image":[{"width":190,"height":178,"url":"https:\/\/www.icip.cat\/wp-content\/uploads\/2017\/09\/arcadioliveres-1.jpg_1629456183-1.jpg","type":"image\/jpeg"}],"author":"whads","twitter_card":"summary_large_image","twitter_misc":{"Escrito por":"whads","Tiempo de lectura":"2 minutos"},"schema":{"@context":"https:\/\/schema.org","@graph":[{"@type":"Article","@id":"https:\/\/www.icip.cat\/es\/arcadi-oliveres-premio-icip-constructores-de-paz-2017\/#article","isPartOf":{"@id":"https:\/\/www.icip.cat\/es\/arcadi-oliveres-premio-icip-constructores-de-paz-2017\/"},"author":{"name":"whads","@id":"https:\/\/www.icip.cat\/ca\/#\/schema\/person\/35404003404833995eee2bb6e3115dc6"},"headline":"Arcadi Oliveres, Premio ICIP Constructores de Paz 2017","datePublished":"2017-09-21T08:00:00+00:00","dateModified":"2021-09-20T09:05:26+00:00","mainEntityOfPage":{"@id":"https:\/\/www.icip.cat\/es\/arcadi-oliveres-premio-icip-constructores-de-paz-2017\/"},"wordCount":311,"publisher":{"@id":"https:\/\/www.icip.cat\/ca\/#organization"},"image":{"@id":"https:\/\/www.icip.cat\/es\/arcadi-oliveres-premio-icip-constructores-de-paz-2017\/#primaryimage"},"thumbnailUrl":"https:\/\/www.icip.cat\/wp-content\/uploads\/2017\/09\/arcadioliveres-1.jpg_1629456183-1.jpg","articleSection":["Sense categoria","Sin categorizar"],"inLanguage":"es"},{"@type":"WebPage","@id":"https:\/\/www.icip.cat\/es\/arcadi-oliveres-premio-icip-constructores-de-paz-2017\/","url":"https:\/\/www.icip.cat\/es\/arcadi-oliveres-premio-icip-constructores-de-paz-2017\/","name":"Arcadi Oliveres, Premio ICIP Constructores de Paz 2017 - ICIP","isPartOf":{"@id":"https:\/\/www.icip.cat\/ca\/#website"},"primaryImageOfPage":{"@id":"https:\/\/www.icip.cat\/es\/arcadi-oliveres-premio-icip-constructores-de-paz-2017\/#primaryimage"},"image":{"@id":"https:\/\/www.icip.cat\/es\/arcadi-oliveres-premio-icip-constructores-de-paz-2017\/#primaryimage"},"thumbnailUrl":"https:\/\/www.icip.cat\/wp-content\/uploads\/2017\/09\/arcadioliveres-1.jpg_1629456183-1.jpg","datePublished":"2017-09-21T08:00:00+00:00","dateModified":"2021-09-20T09:05:26+00:00","inLanguage":"es","potentialAction":[{"@type":"ReadAction","target":["https:\/\/www.icip.cat\/es\/arcadi-oliveres-premio-icip-constructores-de-paz-2017\/"]}]},{"@type":"ImageObject","inLanguage":"es","@id":"https:\/\/www.icip.cat\/es\/arcadi-oliveres-premio-icip-constructores-de-paz-2017\/#primaryimage","url":"https:\/\/www.icip.cat\/wp-content\/uploads\/2017\/09\/arcadioliveres-1.jpg_1629456183-1.jpg","contentUrl":"https:\/\/www.icip.cat\/wp-content\/uploads\/2017\/09\/arcadioliveres-1.jpg_1629456183-1.jpg","width":190,"height":178,"caption":"Arcadi Oliveres, Premio ICIP Constructores de Paz 2017"},{"@type":"WebSite","@id":"https:\/\/www.icip.cat\/ca\/#website","url":"https:\/\/www.icip.cat\/ca\/","name":"ICIP","description":"","publisher":{"@id":"https:\/\/www.icip.cat\/ca\/#organization"},"potentialAction":[{"@type":"SearchAction","target":{"@type":"EntryPoint","urlTemplate":"https:\/\/www.icip.cat\/ca\/?s={search_term_string}"},"query-input":{"@type":"PropertyValueSpecification","valueRequired":true,"valueName":"search_term_string"}}],"inLanguage":"es"},{"@type":"Organization","@id":"https:\/\/www.icip.cat\/ca\/#organization","name":"ICIP","url":"https:\/\/www.icip.cat\/ca\/","logo":{"@type":"ImageObject","inLanguage":"es","@id":"https:\/\/www.icip.cat\/ca\/#\/schema\/logo\/image\/","url":"https:\/\/www.icip.cat\/wp-content\/uploads\/2021\/02\/logo-2.png","contentUrl":"https:\/\/www.icip.cat\/wp-content\/uploads\/2021\/02\/logo-2.png","width":562,"height":391,"caption":"ICIP"},"image":{"@id":"https:\/\/www.icip.cat\/ca\/#\/schema\/logo\/image\/"}},{"@type":"Person","@id":"https:\/\/www.icip.cat\/ca\/#\/schema\/person\/35404003404833995eee2bb6e3115dc6","name":"whads","image":{"@type":"ImageObject","inLanguage":"es","@id":"https:\/\/www.icip.cat\/ca\/#\/schema\/person\/image\/","url":"https:\/\/secure.gravatar.com\/avatar\/6a92e4ce03d9442c546cc4afecfc51777413608a6d55a7b50040700657b6b30f?s=96&d=mm&r=g","contentUrl":"https:\/\/secure.gravatar.com\/avatar\/6a92e4ce03d9442c546cc4afecfc51777413608a6d55a7b50040700657b6b30f?s=96&d=mm&r=g","caption":"whads"},"sameAs":["http:\/\/www.icip.cat"],"url":"https:\/\/www.icip.cat\/es\/author\/whads\/"}]}},"_links":{"self":[{"href":"https:\/\/www.icip.cat\/es\/wp-json\/wp\/v2\/posts\/5347","targetHints":{"allow":["GET"]}}],"collection":[{"href":"https:\/\/www.icip.cat\/es\/wp-json\/wp\/v2\/posts"}],"about":[{"href":"https:\/\/www.icip.cat\/es\/wp-json\/wp\/v2\/types\/post"}],"author":[{"embeddable":true,"href":"https:\/\/www.icip.cat\/es\/wp-json\/wp\/v2\/users\/1"}],"replies":[{"embeddable":true,"href":"https:\/\/www.icip.cat\/es\/wp-json\/wp\/v2\/comments?post=5347"}],"version-history":[{"count":4,"href":"https:\/\/www.icip.cat\/es\/wp-json\/wp\/v2\/posts\/5347\/revisions"}],"predecessor-version":[{"id":22296,"href":"https:\/\/www.icip.cat\/es\/wp-json\/wp\/v2\/posts\/5347\/revisions\/22296"}],"wp:featuredmedia":[{"embeddable":true,"href":"https:\/\/www.icip.cat\/es\/wp-json\/wp\/v2\/media\/5348"}],"wp:attachment":[{"href":"https:\/\/www.icip.cat\/es\/wp-json\/wp\/v2\/media?parent=5347"}],"wp:term":[{"taxonomy":"category","embeddable":true,"href":"https:\/\/www.icip.cat\/es\/wp-json\/wp\/v2\/categories?post=5347"},{"taxonomy":"post_tag","embeddable":true,"href":"https:\/\/www.icip.cat\/es\/wp-json\/wp\/v2\/tags?post=5347"}],"curies":[{"name":"wp","href":"https:\/\/api.w.org\/{rel}","templated":true}]}}