{"id":5423,"date":"2017-03-28T08:00:00","date_gmt":"2017-03-28T08:00:00","guid":{"rendered":"http:\/\/www.icip.cat\/como-se-construye-la-paz-despues-de-la-violencia\/"},"modified":"2017-03-28T08:00:00","modified_gmt":"2017-03-28T08:00:00","slug":"como-se-construye-la-paz-despues-de-la-violencia","status":"publish","type":"post","link":"https:\/\/www.icip.cat\/es\/como-se-construye-la-paz-despues-de-la-violencia\/","title":{"rendered":"\u00bfC\u00f3mo se construye la paz despu\u00e9s de la violencia?"},"content":{"rendered":"<p>Los d\u00edas 20 y 21 de marzo el ICIP celebr\u00f3 el seminario Construir la paz despu\u00e9s de la violencia, en el Palau Centelles de Barcelona, con el objetivo de reflexionar sobre los aspectos que marcan a las sociedades que viven un periodo de postconflicto y analizar los mecanismos vigentes para afrontar estos escenarios: la justicia transicional y las experiencias de memoria, convivencia y reconciliaci\u00f3n.<br \/>\nLa conferencia inaugural fue a cargo del profesor Oliver Richmond, miembro del Humanitarian and Conflict Response Institute, que reflexion\u00f3 sobre el concepto de paz liberal, construido desde paradigmas neoliberales, los l\u00edmites que afronta hoy en d\u00eda y los retos en la construcci\u00f3n de la paz en un mundo cambiante y globalizado, donde los ciudadanos son cada vez m\u00e1s soberanos y exigen otro tipo de gobernanza.<br \/>\nAparte, el seminario reuni\u00f3 a una decena de expertos, tambi\u00e9n del \u00e1mbito internacional, proveniente de pa\u00edses que han sido marcados por la violencia, como Colombia y el Pa\u00eds Vasco. Es el caso, por ejemplo, de Mar\u00eda Camila Moreno, directora para Col\u00f2mbia del International Center for Transitional Justice; Farid Benavides, ex viceministro de Justicia de Colombia; Mark Freeman, director ejecutivo del Institute for Integrated Transitions; Xabier Etxeberria, catedr\u00e1tico de \u00c9tica de la Universidad de Deusto; o Irantzu Mendia, investigadora del Instituto Hegoa. Todos ellos reflexionaron sobre la construcci\u00f3n de paz en periodos de transici\u00f3n desde diferentes puntos de vista: \u00bfqu\u00e9 elementos son necesarios para que una transici\u00f3n tenga \u00e9xito? \u00bfCu\u00e1l es la funci\u00f3n de la justicia transicional? \u00bfCu\u00e1l es el rol que tienen que tener las mujeres en los procesos de construcci\u00f3n de paz? \u00bfQu\u00e9 tratamiento se tiene que dar a las v\u00edctimas? \u00bfC\u00f3mo se tiene que trabajar la memoria del conflicto? \u00bfPara qu\u00e9 sirven las comisiones de la verdad?<br \/>\nEl ICIP plante\u00f3 este seminario como un espacio de reflexi\u00f3n en el marco del proceso de reflexi\u00f3n que est\u00e1 llevando a cabo la instituci\u00f3n con el fin de focalizar las l\u00edneas de trabajo y priorizar unas tem\u00e1ticas por encima de otras.<br \/>\nRecuperad totas las sesiones del seminario en video, disponibles en el canal Youtube del ICIP.<\/p>\n","protected":false},"excerpt":{"rendered":"<p>Expertos internacionales debaten sobre los aspectos clave de las sociedades postviolentas, c\u00f3mo la justicia transicional, la memoria y la reconciliaci\u00f3n<\/p>\n","protected":false},"author":1,"featured_media":5424,"comment_status":"closed","ping_status":"open","sticky":false,"template":"","format":"standard","meta":{"_acf_changed":false,"footnotes":""},"categories":[4],"tags":[],"class_list":["post-5423","post","type-post","status-publish","format-standard","has-post-thumbnail","hentry","category-sense-categoria"],"acf":[],"yoast_head":"<!-- This site is optimized with the Yoast SEO plugin v25.6 - https:\/\/yoast.com\/wordpress\/plugins\/seo\/ -->\n<title>\u00bfC\u00f3mo se construye la paz despu\u00e9s de la violencia? - ICIP<\/title>\n<meta name=\"robots\" content=\"index, follow, max-snippet:-1, max-image-preview:large, max-video-preview:-1\" \/>\n<link rel=\"canonical\" href=\"https:\/\/www.icip.cat\/es\/como-se-construye-la-paz-despues-de-la-violencia\/\" \/>\n<meta property=\"og:locale\" content=\"es_ES\" \/>\n<meta property=\"og:type\" content=\"article\" \/>\n<meta property=\"og:title\" content=\"\u00bfC\u00f3mo se construye la paz despu\u00e9s de la violencia? - ICIP\" \/>\n<meta property=\"og:description\" content=\"Expertos internacionales debaten sobre los aspectos clave de las sociedades postviolentas, c\u00f3mo la justicia transicional, la memoria y la reconciliaci\u00f3n\" \/>\n<meta property=\"og:url\" content=\"https:\/\/www.icip.cat\/es\/como-se-construye-la-paz-despues-de-la-violencia\/\" \/>\n<meta property=\"og:site_name\" content=\"ICIP\" \/>\n<meta property=\"article:published_time\" content=\"2017-03-28T08:00:00+00:00\" \/>\n<meta property=\"og:image\" content=\"https:\/\/www.icip.cat\/wp-content\/uploads\/2017\/03\/postviolencia2-1.jpg_1717190678-1.jpg\" \/>\n\t<meta property=\"og:image:width\" content=\"190\" \/>\n\t<meta property=\"og:image:height\" content=\"146\" \/>\n\t<meta property=\"og:image:type\" content=\"image\/jpeg\" \/>\n<meta name=\"author\" content=\"whads\" \/>\n<meta name=\"twitter:card\" content=\"summary_large_image\" \/>\n<meta name=\"twitter:label1\" content=\"Escrito por\" \/>\n\t<meta name=\"twitter:data1\" content=\"whads\" \/>\n\t<meta name=\"twitter:label2\" content=\"Tiempo de lectura\" \/>\n\t<meta name=\"twitter:data2\" content=\"2 minutos\" \/>\n<script type=\"application\/ld+json\" class=\"yoast-schema-graph\">{\"@context\":\"https:\/\/schema.org\",\"@graph\":[{\"@type\":\"Article\",\"@id\":\"https:\/\/www.icip.cat\/es\/como-se-construye-la-paz-despues-de-la-violencia\/#article\",\"isPartOf\":{\"@id\":\"https:\/\/www.icip.cat\/es\/como-se-construye-la-paz-despues-de-la-violencia\/\"},\"author\":{\"name\":\"whads\",\"@id\":\"https:\/\/www.icip.cat\/ca\/#\/schema\/person\/35404003404833995eee2bb6e3115dc6\"},\"headline\":\"\u00bfC\u00f3mo se construye la paz despu\u00e9s de la violencia?\",\"datePublished\":\"2017-03-28T08:00:00+00:00\",\"mainEntityOfPage\":{\"@id\":\"https:\/\/www.icip.cat\/es\/como-se-construye-la-paz-despues-de-la-violencia\/\"},\"wordCount\":380,\"publisher\":{\"@id\":\"https:\/\/www.icip.cat\/ca\/#organization\"},\"image\":{\"@id\":\"https:\/\/www.icip.cat\/es\/como-se-construye-la-paz-despues-de-la-violencia\/#primaryimage\"},\"thumbnailUrl\":\"https:\/\/www.icip.cat\/wp-content\/uploads\/2017\/03\/postviolencia2-1.jpg_1717190678-1.jpg\",\"articleSection\":[\"Sense categoria\"],\"inLanguage\":\"es\"},{\"@type\":\"WebPage\",\"@id\":\"https:\/\/www.icip.cat\/es\/como-se-construye-la-paz-despues-de-la-violencia\/\",\"url\":\"https:\/\/www.icip.cat\/es\/como-se-construye-la-paz-despues-de-la-violencia\/\",\"name\":\"\u00bfC\u00f3mo se construye la paz despu\u00e9s de la violencia? - ICIP\",\"isPartOf\":{\"@id\":\"https:\/\/www.icip.cat\/ca\/#website\"},\"primaryImageOfPage\":{\"@id\":\"https:\/\/www.icip.cat\/es\/como-se-construye-la-paz-despues-de-la-violencia\/#primaryimage\"},\"image\":{\"@id\":\"https:\/\/www.icip.cat\/es\/como-se-construye-la-paz-despues-de-la-violencia\/#primaryimage\"},\"thumbnailUrl\":\"https:\/\/www.icip.cat\/wp-content\/uploads\/2017\/03\/postviolencia2-1.jpg_1717190678-1.jpg\",\"datePublished\":\"2017-03-28T08:00:00+00:00\",\"inLanguage\":\"es\",\"potentialAction\":[{\"@type\":\"ReadAction\",\"target\":[\"https:\/\/www.icip.cat\/es\/como-se-construye-la-paz-despues-de-la-violencia\/\"]}]},{\"@type\":\"ImageObject\",\"inLanguage\":\"es\",\"@id\":\"https:\/\/www.icip.cat\/es\/como-se-construye-la-paz-despues-de-la-violencia\/#primaryimage\",\"url\":\"https:\/\/www.icip.cat\/wp-content\/uploads\/2017\/03\/postviolencia2-1.jpg_1717190678-1.jpg\",\"contentUrl\":\"https:\/\/www.icip.cat\/wp-content\/uploads\/2017\/03\/postviolencia2-1.jpg_1717190678-1.jpg\",\"width\":190,\"height\":146,\"caption\":\"\u00bfC\u00f3mo se construye la paz despu\u00e9s de la violencia?\"},{\"@type\":\"WebSite\",\"@id\":\"https:\/\/www.icip.cat\/ca\/#website\",\"url\":\"https:\/\/www.icip.cat\/ca\/\",\"name\":\"ICIP\",\"description\":\"\",\"publisher\":{\"@id\":\"https:\/\/www.icip.cat\/ca\/#organization\"},\"potentialAction\":[{\"@type\":\"SearchAction\",\"target\":{\"@type\":\"EntryPoint\",\"urlTemplate\":\"https:\/\/www.icip.cat\/ca\/?s={search_term_string}\"},\"query-input\":{\"@type\":\"PropertyValueSpecification\",\"valueRequired\":true,\"valueName\":\"search_term_string\"}}],\"inLanguage\":\"es\"},{\"@type\":\"Organization\",\"@id\":\"https:\/\/www.icip.cat\/ca\/#organization\",\"name\":\"ICIP\",\"url\":\"https:\/\/www.icip.cat\/ca\/\",\"logo\":{\"@type\":\"ImageObject\",\"inLanguage\":\"es\",\"@id\":\"https:\/\/www.icip.cat\/ca\/#\/schema\/logo\/image\/\",\"url\":\"https:\/\/www.icip.cat\/wp-content\/uploads\/2021\/02\/logo-2.png\",\"contentUrl\":\"https:\/\/www.icip.cat\/wp-content\/uploads\/2021\/02\/logo-2.png\",\"width\":562,\"height\":391,\"caption\":\"ICIP\"},\"image\":{\"@id\":\"https:\/\/www.icip.cat\/ca\/#\/schema\/logo\/image\/\"}},{\"@type\":\"Person\",\"@id\":\"https:\/\/www.icip.cat\/ca\/#\/schema\/person\/35404003404833995eee2bb6e3115dc6\",\"name\":\"whads\",\"image\":{\"@type\":\"ImageObject\",\"inLanguage\":\"es\",\"@id\":\"https:\/\/www.icip.cat\/ca\/#\/schema\/person\/image\/\",\"url\":\"https:\/\/secure.gravatar.com\/avatar\/6a92e4ce03d9442c546cc4afecfc51777413608a6d55a7b50040700657b6b30f?s=96&d=mm&r=g\",\"contentUrl\":\"https:\/\/secure.gravatar.com\/avatar\/6a92e4ce03d9442c546cc4afecfc51777413608a6d55a7b50040700657b6b30f?s=96&d=mm&r=g\",\"caption\":\"whads\"},\"sameAs\":[\"http:\/\/www.icip.cat\"],\"url\":\"https:\/\/www.icip.cat\/es\/author\/whads\/\"}]}<\/script>\n<!-- \/ Yoast SEO plugin. -->","yoast_head_json":{"title":"\u00bfC\u00f3mo se construye la paz despu\u00e9s de la violencia? - ICIP","robots":{"index":"index","follow":"follow","max-snippet":"max-snippet:-1","max-image-preview":"max-image-preview:large","max-video-preview":"max-video-preview:-1"},"canonical":"https:\/\/www.icip.cat\/es\/como-se-construye-la-paz-despues-de-la-violencia\/","og_locale":"es_ES","og_type":"article","og_title":"\u00bfC\u00f3mo se construye la paz despu\u00e9s de la violencia? - ICIP","og_description":"Expertos internacionales debaten sobre los aspectos clave de las sociedades postviolentas, c\u00f3mo la justicia transicional, la memoria y la reconciliaci\u00f3n","og_url":"https:\/\/www.icip.cat\/es\/como-se-construye-la-paz-despues-de-la-violencia\/","og_site_name":"ICIP","article_published_time":"2017-03-28T08:00:00+00:00","og_image":[{"width":190,"height":146,"url":"https:\/\/www.icip.cat\/wp-content\/uploads\/2017\/03\/postviolencia2-1.jpg_1717190678-1.jpg","type":"image\/jpeg"}],"author":"whads","twitter_card":"summary_large_image","twitter_misc":{"Escrito por":"whads","Tiempo de lectura":"2 minutos"},"schema":{"@context":"https:\/\/schema.org","@graph":[{"@type":"Article","@id":"https:\/\/www.icip.cat\/es\/como-se-construye-la-paz-despues-de-la-violencia\/#article","isPartOf":{"@id":"https:\/\/www.icip.cat\/es\/como-se-construye-la-paz-despues-de-la-violencia\/"},"author":{"name":"whads","@id":"https:\/\/www.icip.cat\/ca\/#\/schema\/person\/35404003404833995eee2bb6e3115dc6"},"headline":"\u00bfC\u00f3mo se construye la paz despu\u00e9s de la violencia?","datePublished":"2017-03-28T08:00:00+00:00","mainEntityOfPage":{"@id":"https:\/\/www.icip.cat\/es\/como-se-construye-la-paz-despues-de-la-violencia\/"},"wordCount":380,"publisher":{"@id":"https:\/\/www.icip.cat\/ca\/#organization"},"image":{"@id":"https:\/\/www.icip.cat\/es\/como-se-construye-la-paz-despues-de-la-violencia\/#primaryimage"},"thumbnailUrl":"https:\/\/www.icip.cat\/wp-content\/uploads\/2017\/03\/postviolencia2-1.jpg_1717190678-1.jpg","articleSection":["Sense categoria"],"inLanguage":"es"},{"@type":"WebPage","@id":"https:\/\/www.icip.cat\/es\/como-se-construye-la-paz-despues-de-la-violencia\/","url":"https:\/\/www.icip.cat\/es\/como-se-construye-la-paz-despues-de-la-violencia\/","name":"\u00bfC\u00f3mo se construye la paz despu\u00e9s de la violencia? - ICIP","isPartOf":{"@id":"https:\/\/www.icip.cat\/ca\/#website"},"primaryImageOfPage":{"@id":"https:\/\/www.icip.cat\/es\/como-se-construye-la-paz-despues-de-la-violencia\/#primaryimage"},"image":{"@id":"https:\/\/www.icip.cat\/es\/como-se-construye-la-paz-despues-de-la-violencia\/#primaryimage"},"thumbnailUrl":"https:\/\/www.icip.cat\/wp-content\/uploads\/2017\/03\/postviolencia2-1.jpg_1717190678-1.jpg","datePublished":"2017-03-28T08:00:00+00:00","inLanguage":"es","potentialAction":[{"@type":"ReadAction","target":["https:\/\/www.icip.cat\/es\/como-se-construye-la-paz-despues-de-la-violencia\/"]}]},{"@type":"ImageObject","inLanguage":"es","@id":"https:\/\/www.icip.cat\/es\/como-se-construye-la-paz-despues-de-la-violencia\/#primaryimage","url":"https:\/\/www.icip.cat\/wp-content\/uploads\/2017\/03\/postviolencia2-1.jpg_1717190678-1.jpg","contentUrl":"https:\/\/www.icip.cat\/wp-content\/uploads\/2017\/03\/postviolencia2-1.jpg_1717190678-1.jpg","width":190,"height":146,"caption":"\u00bfC\u00f3mo se construye la paz despu\u00e9s de la violencia?"},{"@type":"WebSite","@id":"https:\/\/www.icip.cat\/ca\/#website","url":"https:\/\/www.icip.cat\/ca\/","name":"ICIP","description":"","publisher":{"@id":"https:\/\/www.icip.cat\/ca\/#organization"},"potentialAction":[{"@type":"SearchAction","target":{"@type":"EntryPoint","urlTemplate":"https:\/\/www.icip.cat\/ca\/?s={search_term_string}"},"query-input":{"@type":"PropertyValueSpecification","valueRequired":true,"valueName":"search_term_string"}}],"inLanguage":"es"},{"@type":"Organization","@id":"https:\/\/www.icip.cat\/ca\/#organization","name":"ICIP","url":"https:\/\/www.icip.cat\/ca\/","logo":{"@type":"ImageObject","inLanguage":"es","@id":"https:\/\/www.icip.cat\/ca\/#\/schema\/logo\/image\/","url":"https:\/\/www.icip.cat\/wp-content\/uploads\/2021\/02\/logo-2.png","contentUrl":"https:\/\/www.icip.cat\/wp-content\/uploads\/2021\/02\/logo-2.png","width":562,"height":391,"caption":"ICIP"},"image":{"@id":"https:\/\/www.icip.cat\/ca\/#\/schema\/logo\/image\/"}},{"@type":"Person","@id":"https:\/\/www.icip.cat\/ca\/#\/schema\/person\/35404003404833995eee2bb6e3115dc6","name":"whads","image":{"@type":"ImageObject","inLanguage":"es","@id":"https:\/\/www.icip.cat\/ca\/#\/schema\/person\/image\/","url":"https:\/\/secure.gravatar.com\/avatar\/6a92e4ce03d9442c546cc4afecfc51777413608a6d55a7b50040700657b6b30f?s=96&d=mm&r=g","contentUrl":"https:\/\/secure.gravatar.com\/avatar\/6a92e4ce03d9442c546cc4afecfc51777413608a6d55a7b50040700657b6b30f?s=96&d=mm&r=g","caption":"whads"},"sameAs":["http:\/\/www.icip.cat"],"url":"https:\/\/www.icip.cat\/es\/author\/whads\/"}]}},"_links":{"self":[{"href":"https:\/\/www.icip.cat\/es\/wp-json\/wp\/v2\/posts\/5423","targetHints":{"allow":["GET"]}}],"collection":[{"href":"https:\/\/www.icip.cat\/es\/wp-json\/wp\/v2\/posts"}],"about":[{"href":"https:\/\/www.icip.cat\/es\/wp-json\/wp\/v2\/types\/post"}],"author":[{"embeddable":true,"href":"https:\/\/www.icip.cat\/es\/wp-json\/wp\/v2\/users\/1"}],"replies":[{"embeddable":true,"href":"https:\/\/www.icip.cat\/es\/wp-json\/wp\/v2\/comments?post=5423"}],"version-history":[{"count":0,"href":"https:\/\/www.icip.cat\/es\/wp-json\/wp\/v2\/posts\/5423\/revisions"}],"wp:featuredmedia":[{"embeddable":true,"href":"https:\/\/www.icip.cat\/es\/wp-json\/wp\/v2\/media\/5424"}],"wp:attachment":[{"href":"https:\/\/www.icip.cat\/es\/wp-json\/wp\/v2\/media?parent=5423"}],"wp:term":[{"taxonomy":"category","embeddable":true,"href":"https:\/\/www.icip.cat\/es\/wp-json\/wp\/v2\/categories?post=5423"},{"taxonomy":"post_tag","embeddable":true,"href":"https:\/\/www.icip.cat\/es\/wp-json\/wp\/v2\/tags?post=5423"}],"curies":[{"name":"wp","href":"https:\/\/api.w.org\/{rel}","templated":true}]}}