{"id":5431,"date":"2017-03-23T08:00:00","date_gmt":"2017-03-23T08:00:00","guid":{"rendered":"http:\/\/www.icip.cat\/el-icip-amplia-el-web-de-capsulas-de-paz-con-nueve-videos\/"},"modified":"2017-03-23T08:00:00","modified_gmt":"2017-03-23T08:00:00","slug":"el-icip-amplia-el-web-de-capsulas-de-paz-con-nueve-videos","status":"publish","type":"post","link":"https:\/\/www.icip.cat\/es\/el-icip-amplia-el-web-de-capsulas-de-paz-con-nueve-videos\/","title":{"rendered":"El ICIP ampl\u00eda el web de C\u00e1psulas de Paz con nueve v\u00eddeos"},"content":{"rendered":"<p>Desde principios de a\u00f1o, el ICIP ha publicado nueve reflexiones nuevas sobre qu\u00e9 es la paz, editadas en video y publicadas en el web www.capsulesdepau.com creado por el ICIP y el Col\u00b7lectiu Contrast, con la colaboraci\u00f3n de Digital Dosis. Los nuevos testimonios provienen del \u00e1mbito de la cultura y del activismo, y de pa\u00edses como Colombia, T\u00fanez y Espa\u00f1a. Destacan las reflexiones de Arcadi Oliveres, economista y activista para la paz; Brigitte Vasallo, escritora feminista y antirracista, y Ahmed Galai, miembro del Cuarteto por el Di\u00e1logo Nacional de T\u00fanez, Premio Nobel de la Paz 2015.<br \/>\nCon la \u00faltima ampliaci\u00f3n, el proyecto cuenta ya con un total de 85 v\u00eddeos, con las reflexiones de personas de 37 pa\u00edses. Entre los participantes encontramos investigadores para la paz, activistas y personas que han vivido de cerca un conflicto. La diversidad de roles de los protagonistas y su procedencia permite construir una visi\u00f3n de paz global.<br \/>\nEl proyecto C\u00e1psulas de Paz naci\u00f3 en septiembre de 2014 con el objetivo de mostrar la diversidad de visiones y expectativas que se proyectan sobre la palabra Paz. Personas de todo el mundo responden a la pregunta: \u00bfQu\u00e9 es para ti la paz? poni\u00e9ndola en relaci\u00f3n con la experiencia vivida en pa\u00edses en conflicto o con su compromiso contra la guerra y con la construcci\u00f3n de la paz.<\/p>\n","protected":false},"excerpt":{"rendered":"<p>Entre las nuevas reflexiones destacan los activistas Arcadi Oliveres, Brigitte Vasallo y Ahmed Galai<\/p>\n","protected":false},"author":1,"featured_media":5432,"comment_status":"closed","ping_status":"open","sticky":false,"template":"","format":"standard","meta":{"_acf_changed":false,"footnotes":""},"categories":[4],"tags":[],"class_list":["post-5431","post","type-post","status-publish","format-standard","has-post-thumbnail","hentry","category-sense-categoria"],"acf":[],"yoast_head":"<!-- This site is optimized with the Yoast SEO plugin v25.6 - https:\/\/yoast.com\/wordpress\/plugins\/seo\/ -->\n<title>El ICIP ampl\u00eda el web de C\u00e1psulas de Paz con nueve v\u00eddeos - ICIP<\/title>\n<meta name=\"robots\" content=\"index, follow, max-snippet:-1, max-image-preview:large, max-video-preview:-1\" \/>\n<link rel=\"canonical\" href=\"https:\/\/www.icip.cat\/es\/el-icip-amplia-el-web-de-capsulas-de-paz-con-nueve-videos\/\" \/>\n<meta property=\"og:locale\" content=\"es_ES\" \/>\n<meta property=\"og:type\" content=\"article\" \/>\n<meta property=\"og:title\" content=\"El ICIP ampl\u00eda el web de C\u00e1psulas de Paz con nueve v\u00eddeos - ICIP\" \/>\n<meta property=\"og:description\" content=\"Entre las nuevas reflexiones destacan los activistas Arcadi Oliveres, Brigitte Vasallo y Ahmed Galai\" \/>\n<meta property=\"og:url\" content=\"https:\/\/www.icip.cat\/es\/el-icip-amplia-el-web-de-capsulas-de-paz-con-nueve-videos\/\" \/>\n<meta property=\"og:site_name\" content=\"ICIP\" \/>\n<meta property=\"article:published_time\" content=\"2017-03-23T08:00:00+00:00\" \/>\n<meta property=\"og:image\" content=\"https:\/\/www.icip.cat\/wp-content\/uploads\/2017\/03\/capsules-1.jpg_1718114199-1.jpg\" \/>\n\t<meta property=\"og:image:width\" content=\"190\" \/>\n\t<meta property=\"og:image:height\" content=\"145\" \/>\n\t<meta property=\"og:image:type\" content=\"image\/jpeg\" \/>\n<meta name=\"author\" content=\"whads\" \/>\n<meta name=\"twitter:card\" content=\"summary_large_image\" \/>\n<meta name=\"twitter:label1\" content=\"Escrito por\" \/>\n\t<meta name=\"twitter:data1\" content=\"whads\" \/>\n\t<meta name=\"twitter:label2\" content=\"Tiempo de lectura\" \/>\n\t<meta name=\"twitter:data2\" content=\"1 minuto\" \/>\n<script type=\"application\/ld+json\" class=\"yoast-schema-graph\">{\"@context\":\"https:\/\/schema.org\",\"@graph\":[{\"@type\":\"Article\",\"@id\":\"https:\/\/www.icip.cat\/es\/el-icip-amplia-el-web-de-capsulas-de-paz-con-nueve-videos\/#article\",\"isPartOf\":{\"@id\":\"https:\/\/www.icip.cat\/es\/el-icip-amplia-el-web-de-capsulas-de-paz-con-nueve-videos\/\"},\"author\":{\"name\":\"whads\",\"@id\":\"https:\/\/www.icip.cat\/ca\/#\/schema\/person\/35404003404833995eee2bb6e3115dc6\"},\"headline\":\"El ICIP ampl\u00eda el web de C\u00e1psulas de Paz con nueve v\u00eddeos\",\"datePublished\":\"2017-03-23T08:00:00+00:00\",\"mainEntityOfPage\":{\"@id\":\"https:\/\/www.icip.cat\/es\/el-icip-amplia-el-web-de-capsulas-de-paz-con-nueve-videos\/\"},\"wordCount\":250,\"publisher\":{\"@id\":\"https:\/\/www.icip.cat\/ca\/#organization\"},\"image\":{\"@id\":\"https:\/\/www.icip.cat\/es\/el-icip-amplia-el-web-de-capsulas-de-paz-con-nueve-videos\/#primaryimage\"},\"thumbnailUrl\":\"https:\/\/www.icip.cat\/wp-content\/uploads\/2017\/03\/capsules-1.jpg_1718114199-1.jpg\",\"articleSection\":[\"Sense categoria\"],\"inLanguage\":\"es\"},{\"@type\":\"WebPage\",\"@id\":\"https:\/\/www.icip.cat\/es\/el-icip-amplia-el-web-de-capsulas-de-paz-con-nueve-videos\/\",\"url\":\"https:\/\/www.icip.cat\/es\/el-icip-amplia-el-web-de-capsulas-de-paz-con-nueve-videos\/\",\"name\":\"El ICIP ampl\u00eda el web de C\u00e1psulas de Paz con nueve v\u00eddeos - ICIP\",\"isPartOf\":{\"@id\":\"https:\/\/www.icip.cat\/ca\/#website\"},\"primaryImageOfPage\":{\"@id\":\"https:\/\/www.icip.cat\/es\/el-icip-amplia-el-web-de-capsulas-de-paz-con-nueve-videos\/#primaryimage\"},\"image\":{\"@id\":\"https:\/\/www.icip.cat\/es\/el-icip-amplia-el-web-de-capsulas-de-paz-con-nueve-videos\/#primaryimage\"},\"thumbnailUrl\":\"https:\/\/www.icip.cat\/wp-content\/uploads\/2017\/03\/capsules-1.jpg_1718114199-1.jpg\",\"datePublished\":\"2017-03-23T08:00:00+00:00\",\"inLanguage\":\"es\",\"potentialAction\":[{\"@type\":\"ReadAction\",\"target\":[\"https:\/\/www.icip.cat\/es\/el-icip-amplia-el-web-de-capsulas-de-paz-con-nueve-videos\/\"]}]},{\"@type\":\"ImageObject\",\"inLanguage\":\"es\",\"@id\":\"https:\/\/www.icip.cat\/es\/el-icip-amplia-el-web-de-capsulas-de-paz-con-nueve-videos\/#primaryimage\",\"url\":\"https:\/\/www.icip.cat\/wp-content\/uploads\/2017\/03\/capsules-1.jpg_1718114199-1.jpg\",\"contentUrl\":\"https:\/\/www.icip.cat\/wp-content\/uploads\/2017\/03\/capsules-1.jpg_1718114199-1.jpg\",\"width\":190,\"height\":145,\"caption\":\"El ICIP ampl\u00eda el web de C\u00e1psulas de Paz con nueve v\u00eddeos\"},{\"@type\":\"WebSite\",\"@id\":\"https:\/\/www.icip.cat\/ca\/#website\",\"url\":\"https:\/\/www.icip.cat\/ca\/\",\"name\":\"ICIP\",\"description\":\"\",\"publisher\":{\"@id\":\"https:\/\/www.icip.cat\/ca\/#organization\"},\"potentialAction\":[{\"@type\":\"SearchAction\",\"target\":{\"@type\":\"EntryPoint\",\"urlTemplate\":\"https:\/\/www.icip.cat\/ca\/?s={search_term_string}\"},\"query-input\":{\"@type\":\"PropertyValueSpecification\",\"valueRequired\":true,\"valueName\":\"search_term_string\"}}],\"inLanguage\":\"es\"},{\"@type\":\"Organization\",\"@id\":\"https:\/\/www.icip.cat\/ca\/#organization\",\"name\":\"ICIP\",\"url\":\"https:\/\/www.icip.cat\/ca\/\",\"logo\":{\"@type\":\"ImageObject\",\"inLanguage\":\"es\",\"@id\":\"https:\/\/www.icip.cat\/ca\/#\/schema\/logo\/image\/\",\"url\":\"https:\/\/www.icip.cat\/wp-content\/uploads\/2021\/02\/logo-2.png\",\"contentUrl\":\"https:\/\/www.icip.cat\/wp-content\/uploads\/2021\/02\/logo-2.png\",\"width\":562,\"height\":391,\"caption\":\"ICIP\"},\"image\":{\"@id\":\"https:\/\/www.icip.cat\/ca\/#\/schema\/logo\/image\/\"}},{\"@type\":\"Person\",\"@id\":\"https:\/\/www.icip.cat\/ca\/#\/schema\/person\/35404003404833995eee2bb6e3115dc6\",\"name\":\"whads\",\"image\":{\"@type\":\"ImageObject\",\"inLanguage\":\"es\",\"@id\":\"https:\/\/www.icip.cat\/ca\/#\/schema\/person\/image\/\",\"url\":\"https:\/\/secure.gravatar.com\/avatar\/6a92e4ce03d9442c546cc4afecfc51777413608a6d55a7b50040700657b6b30f?s=96&d=mm&r=g\",\"contentUrl\":\"https:\/\/secure.gravatar.com\/avatar\/6a92e4ce03d9442c546cc4afecfc51777413608a6d55a7b50040700657b6b30f?s=96&d=mm&r=g\",\"caption\":\"whads\"},\"sameAs\":[\"http:\/\/www.icip.cat\"],\"url\":\"https:\/\/www.icip.cat\/es\/author\/whads\/\"}]}<\/script>\n<!-- \/ Yoast SEO plugin. -->","yoast_head_json":{"title":"El ICIP ampl\u00eda el web de C\u00e1psulas de Paz con nueve v\u00eddeos - ICIP","robots":{"index":"index","follow":"follow","max-snippet":"max-snippet:-1","max-image-preview":"max-image-preview:large","max-video-preview":"max-video-preview:-1"},"canonical":"https:\/\/www.icip.cat\/es\/el-icip-amplia-el-web-de-capsulas-de-paz-con-nueve-videos\/","og_locale":"es_ES","og_type":"article","og_title":"El ICIP ampl\u00eda el web de C\u00e1psulas de Paz con nueve v\u00eddeos - ICIP","og_description":"Entre las nuevas reflexiones destacan los activistas Arcadi Oliveres, Brigitte Vasallo y Ahmed Galai","og_url":"https:\/\/www.icip.cat\/es\/el-icip-amplia-el-web-de-capsulas-de-paz-con-nueve-videos\/","og_site_name":"ICIP","article_published_time":"2017-03-23T08:00:00+00:00","og_image":[{"width":190,"height":145,"url":"https:\/\/www.icip.cat\/wp-content\/uploads\/2017\/03\/capsules-1.jpg_1718114199-1.jpg","type":"image\/jpeg"}],"author":"whads","twitter_card":"summary_large_image","twitter_misc":{"Escrito por":"whads","Tiempo de lectura":"1 minuto"},"schema":{"@context":"https:\/\/schema.org","@graph":[{"@type":"Article","@id":"https:\/\/www.icip.cat\/es\/el-icip-amplia-el-web-de-capsulas-de-paz-con-nueve-videos\/#article","isPartOf":{"@id":"https:\/\/www.icip.cat\/es\/el-icip-amplia-el-web-de-capsulas-de-paz-con-nueve-videos\/"},"author":{"name":"whads","@id":"https:\/\/www.icip.cat\/ca\/#\/schema\/person\/35404003404833995eee2bb6e3115dc6"},"headline":"El ICIP ampl\u00eda el web de C\u00e1psulas de Paz con nueve v\u00eddeos","datePublished":"2017-03-23T08:00:00+00:00","mainEntityOfPage":{"@id":"https:\/\/www.icip.cat\/es\/el-icip-amplia-el-web-de-capsulas-de-paz-con-nueve-videos\/"},"wordCount":250,"publisher":{"@id":"https:\/\/www.icip.cat\/ca\/#organization"},"image":{"@id":"https:\/\/www.icip.cat\/es\/el-icip-amplia-el-web-de-capsulas-de-paz-con-nueve-videos\/#primaryimage"},"thumbnailUrl":"https:\/\/www.icip.cat\/wp-content\/uploads\/2017\/03\/capsules-1.jpg_1718114199-1.jpg","articleSection":["Sense categoria"],"inLanguage":"es"},{"@type":"WebPage","@id":"https:\/\/www.icip.cat\/es\/el-icip-amplia-el-web-de-capsulas-de-paz-con-nueve-videos\/","url":"https:\/\/www.icip.cat\/es\/el-icip-amplia-el-web-de-capsulas-de-paz-con-nueve-videos\/","name":"El ICIP ampl\u00eda el web de C\u00e1psulas de Paz con nueve v\u00eddeos - ICIP","isPartOf":{"@id":"https:\/\/www.icip.cat\/ca\/#website"},"primaryImageOfPage":{"@id":"https:\/\/www.icip.cat\/es\/el-icip-amplia-el-web-de-capsulas-de-paz-con-nueve-videos\/#primaryimage"},"image":{"@id":"https:\/\/www.icip.cat\/es\/el-icip-amplia-el-web-de-capsulas-de-paz-con-nueve-videos\/#primaryimage"},"thumbnailUrl":"https:\/\/www.icip.cat\/wp-content\/uploads\/2017\/03\/capsules-1.jpg_1718114199-1.jpg","datePublished":"2017-03-23T08:00:00+00:00","inLanguage":"es","potentialAction":[{"@type":"ReadAction","target":["https:\/\/www.icip.cat\/es\/el-icip-amplia-el-web-de-capsulas-de-paz-con-nueve-videos\/"]}]},{"@type":"ImageObject","inLanguage":"es","@id":"https:\/\/www.icip.cat\/es\/el-icip-amplia-el-web-de-capsulas-de-paz-con-nueve-videos\/#primaryimage","url":"https:\/\/www.icip.cat\/wp-content\/uploads\/2017\/03\/capsules-1.jpg_1718114199-1.jpg","contentUrl":"https:\/\/www.icip.cat\/wp-content\/uploads\/2017\/03\/capsules-1.jpg_1718114199-1.jpg","width":190,"height":145,"caption":"El ICIP ampl\u00eda el web de C\u00e1psulas de Paz con nueve v\u00eddeos"},{"@type":"WebSite","@id":"https:\/\/www.icip.cat\/ca\/#website","url":"https:\/\/www.icip.cat\/ca\/","name":"ICIP","description":"","publisher":{"@id":"https:\/\/www.icip.cat\/ca\/#organization"},"potentialAction":[{"@type":"SearchAction","target":{"@type":"EntryPoint","urlTemplate":"https:\/\/www.icip.cat\/ca\/?s={search_term_string}"},"query-input":{"@type":"PropertyValueSpecification","valueRequired":true,"valueName":"search_term_string"}}],"inLanguage":"es"},{"@type":"Organization","@id":"https:\/\/www.icip.cat\/ca\/#organization","name":"ICIP","url":"https:\/\/www.icip.cat\/ca\/","logo":{"@type":"ImageObject","inLanguage":"es","@id":"https:\/\/www.icip.cat\/ca\/#\/schema\/logo\/image\/","url":"https:\/\/www.icip.cat\/wp-content\/uploads\/2021\/02\/logo-2.png","contentUrl":"https:\/\/www.icip.cat\/wp-content\/uploads\/2021\/02\/logo-2.png","width":562,"height":391,"caption":"ICIP"},"image":{"@id":"https:\/\/www.icip.cat\/ca\/#\/schema\/logo\/image\/"}},{"@type":"Person","@id":"https:\/\/www.icip.cat\/ca\/#\/schema\/person\/35404003404833995eee2bb6e3115dc6","name":"whads","image":{"@type":"ImageObject","inLanguage":"es","@id":"https:\/\/www.icip.cat\/ca\/#\/schema\/person\/image\/","url":"https:\/\/secure.gravatar.com\/avatar\/6a92e4ce03d9442c546cc4afecfc51777413608a6d55a7b50040700657b6b30f?s=96&d=mm&r=g","contentUrl":"https:\/\/secure.gravatar.com\/avatar\/6a92e4ce03d9442c546cc4afecfc51777413608a6d55a7b50040700657b6b30f?s=96&d=mm&r=g","caption":"whads"},"sameAs":["http:\/\/www.icip.cat"],"url":"https:\/\/www.icip.cat\/es\/author\/whads\/"}]}},"_links":{"self":[{"href":"https:\/\/www.icip.cat\/es\/wp-json\/wp\/v2\/posts\/5431","targetHints":{"allow":["GET"]}}],"collection":[{"href":"https:\/\/www.icip.cat\/es\/wp-json\/wp\/v2\/posts"}],"about":[{"href":"https:\/\/www.icip.cat\/es\/wp-json\/wp\/v2\/types\/post"}],"author":[{"embeddable":true,"href":"https:\/\/www.icip.cat\/es\/wp-json\/wp\/v2\/users\/1"}],"replies":[{"embeddable":true,"href":"https:\/\/www.icip.cat\/es\/wp-json\/wp\/v2\/comments?post=5431"}],"version-history":[{"count":0,"href":"https:\/\/www.icip.cat\/es\/wp-json\/wp\/v2\/posts\/5431\/revisions"}],"wp:featuredmedia":[{"embeddable":true,"href":"https:\/\/www.icip.cat\/es\/wp-json\/wp\/v2\/media\/5432"}],"wp:attachment":[{"href":"https:\/\/www.icip.cat\/es\/wp-json\/wp\/v2\/media?parent=5431"}],"wp:term":[{"taxonomy":"category","embeddable":true,"href":"https:\/\/www.icip.cat\/es\/wp-json\/wp\/v2\/categories?post=5431"},{"taxonomy":"post_tag","embeddable":true,"href":"https:\/\/www.icip.cat\/es\/wp-json\/wp\/v2\/tags?post=5431"}],"curies":[{"name":"wp","href":"https:\/\/api.w.org\/{rel}","templated":true}]}}