{"id":5471,"date":"2017-01-10T08:00:00","date_gmt":"2017-01-10T08:00:00","guid":{"rendered":"http:\/\/www.icip.cat\/el-antigolpe-de-gonzalo-arias-2\/"},"modified":"2017-01-10T08:00:00","modified_gmt":"2017-01-10T08:00:00","slug":"el-antigolpe-de-gonzalo-arias-2","status":"publish","type":"post","link":"https:\/\/www.icip.cat\/es\/el-antigolpe-de-gonzalo-arias-2\/","title":{"rendered":"\u00abEl antigolpe\u00bb, de Gonzalo Arias"},"content":{"rendered":"<p>\u00bfQu\u00e9 deber\u00eda hacer una poblaci\u00f3n para defenderse de los militares y pol\u00edticos golpistas? El antigolpe fue uno de los pocos libros que intent\u00f3 responder a esta pregunta despu\u00e9s de la tentativa de golpe de estado del 23 de febrero de 1981 en plena transici\u00f3n democr\u00e1tica espa\u00f1ola. De aqu\u00ed la importancia de esta obra que Gonzalo Arias tuvo que editar por su cuenta despu\u00e9s de que doce editoriales rechazaran publicarla.<br \/>\nEl libro plantea cuestiones que todav\u00eda tienen vigencia: la naturaleza jer\u00e1rquica y las l\u00edneas de obediencia a las fuerzas armadas, el estudio de intentos de golpe de estado fracasados por la pr\u00e1ctica de la desobediencia dentro y fuera del ej\u00e9rcito, y el examen de golpes exitosos con el fin de analizar aquello que fall\u00f3 en la resistencia popular.<br \/>\nLa trascendencia hist\u00f3rica de esta obra y la actualidad de los temas tratados justifican plenamente su reedici\u00f3n. El antigolpe. Manual para la respuesta noviolenta a un golpe de estado se ha publicado en la colecci\u00f3n \u00abEines de pau, seguretat i just\u00edcia\u00bb (ICIP y L\u00edniazero edicions), tambi\u00e9n en formato digital (pdf y ePub).<\/p>\n","protected":false},"excerpt":{"rendered":"<p>Reedici\u00f3n del manual que escribi\u00f3 el pacifista Gonzalo Arias para dar una respuesta noviolenta al golpe de estado del 23-F.<\/p>\n","protected":false},"author":1,"featured_media":5472,"comment_status":"closed","ping_status":"open","sticky":false,"template":"","format":"standard","meta":{"_acf_changed":false,"footnotes":""},"categories":[4],"tags":[],"class_list":["post-5471","post","type-post","status-publish","format-standard","has-post-thumbnail","hentry","category-sense-categoria"],"acf":[],"yoast_head":"<!-- This site is optimized with the Yoast SEO plugin v25.6 - https:\/\/yoast.com\/wordpress\/plugins\/seo\/ -->\n<title>&quot;El antigolpe&quot;, de Gonzalo Arias - ICIP<\/title>\n<meta name=\"robots\" content=\"index, follow, max-snippet:-1, max-image-preview:large, max-video-preview:-1\" \/>\n<link rel=\"canonical\" href=\"https:\/\/www.icip.cat\/es\/el-antigolpe-de-gonzalo-arias-2\/\" \/>\n<meta property=\"og:locale\" content=\"es_ES\" \/>\n<meta property=\"og:type\" content=\"article\" \/>\n<meta property=\"og:title\" content=\"&quot;El antigolpe&quot;, de Gonzalo Arias - ICIP\" \/>\n<meta property=\"og:description\" content=\"Reedici\u00f3n del manual que escribi\u00f3 el pacifista Gonzalo Arias para dar una respuesta noviolenta al golpe de estado del 23-F.\" \/>\n<meta property=\"og:url\" content=\"https:\/\/www.icip.cat\/es\/el-antigolpe-de-gonzalo-arias-2\/\" \/>\n<meta property=\"og:site_name\" content=\"ICIP\" \/>\n<meta property=\"article:published_time\" content=\"2017-01-10T08:00:00+00:00\" \/>\n<meta property=\"og:image\" content=\"https:\/\/www.icip.cat\/wp-content\/uploads\/2017\/01\/Eines19web-1.jpg_556393361-1.jpg\" \/>\n\t<meta property=\"og:image:width\" content=\"164\" \/>\n\t<meta property=\"og:image:height\" content=\"199\" \/>\n\t<meta property=\"og:image:type\" content=\"image\/jpeg\" \/>\n<meta name=\"author\" content=\"whads\" \/>\n<meta name=\"twitter:card\" content=\"summary_large_image\" \/>\n<meta name=\"twitter:label1\" content=\"Escrito por\" \/>\n\t<meta name=\"twitter:data1\" content=\"whads\" \/>\n\t<meta name=\"twitter:label2\" content=\"Tiempo de lectura\" \/>\n\t<meta name=\"twitter:data2\" content=\"1 minuto\" \/>\n<script type=\"application\/ld+json\" class=\"yoast-schema-graph\">{\"@context\":\"https:\/\/schema.org\",\"@graph\":[{\"@type\":\"Article\",\"@id\":\"https:\/\/www.icip.cat\/es\/el-antigolpe-de-gonzalo-arias-2\/#article\",\"isPartOf\":{\"@id\":\"https:\/\/www.icip.cat\/es\/el-antigolpe-de-gonzalo-arias-2\/\"},\"author\":{\"name\":\"whads\",\"@id\":\"https:\/\/www.icip.cat\/ca\/#\/schema\/person\/35404003404833995eee2bb6e3115dc6\"},\"headline\":\"\u00abEl antigolpe\u00bb, de Gonzalo Arias\",\"datePublished\":\"2017-01-10T08:00:00+00:00\",\"mainEntityOfPage\":{\"@id\":\"https:\/\/www.icip.cat\/es\/el-antigolpe-de-gonzalo-arias-2\/\"},\"wordCount\":201,\"publisher\":{\"@id\":\"https:\/\/www.icip.cat\/ca\/#organization\"},\"image\":{\"@id\":\"https:\/\/www.icip.cat\/es\/el-antigolpe-de-gonzalo-arias-2\/#primaryimage\"},\"thumbnailUrl\":\"https:\/\/www.icip.cat\/wp-content\/uploads\/2017\/01\/Eines19web-1.jpg_556393361-1.jpg\",\"articleSection\":[\"Sense categoria\"],\"inLanguage\":\"es\"},{\"@type\":\"WebPage\",\"@id\":\"https:\/\/www.icip.cat\/es\/el-antigolpe-de-gonzalo-arias-2\/\",\"url\":\"https:\/\/www.icip.cat\/es\/el-antigolpe-de-gonzalo-arias-2\/\",\"name\":\"\\\"El antigolpe\\\", de Gonzalo Arias - ICIP\",\"isPartOf\":{\"@id\":\"https:\/\/www.icip.cat\/ca\/#website\"},\"primaryImageOfPage\":{\"@id\":\"https:\/\/www.icip.cat\/es\/el-antigolpe-de-gonzalo-arias-2\/#primaryimage\"},\"image\":{\"@id\":\"https:\/\/www.icip.cat\/es\/el-antigolpe-de-gonzalo-arias-2\/#primaryimage\"},\"thumbnailUrl\":\"https:\/\/www.icip.cat\/wp-content\/uploads\/2017\/01\/Eines19web-1.jpg_556393361-1.jpg\",\"datePublished\":\"2017-01-10T08:00:00+00:00\",\"inLanguage\":\"es\",\"potentialAction\":[{\"@type\":\"ReadAction\",\"target\":[\"https:\/\/www.icip.cat\/es\/el-antigolpe-de-gonzalo-arias-2\/\"]}]},{\"@type\":\"ImageObject\",\"inLanguage\":\"es\",\"@id\":\"https:\/\/www.icip.cat\/es\/el-antigolpe-de-gonzalo-arias-2\/#primaryimage\",\"url\":\"https:\/\/www.icip.cat\/wp-content\/uploads\/2017\/01\/Eines19web-1.jpg_556393361-1.jpg\",\"contentUrl\":\"https:\/\/www.icip.cat\/wp-content\/uploads\/2017\/01\/Eines19web-1.jpg_556393361-1.jpg\",\"width\":164,\"height\":199,\"caption\":\"\\\"El antigolpe\\\", de Gonzalo Arias\"},{\"@type\":\"WebSite\",\"@id\":\"https:\/\/www.icip.cat\/ca\/#website\",\"url\":\"https:\/\/www.icip.cat\/ca\/\",\"name\":\"ICIP\",\"description\":\"\",\"publisher\":{\"@id\":\"https:\/\/www.icip.cat\/ca\/#organization\"},\"potentialAction\":[{\"@type\":\"SearchAction\",\"target\":{\"@type\":\"EntryPoint\",\"urlTemplate\":\"https:\/\/www.icip.cat\/ca\/?s={search_term_string}\"},\"query-input\":{\"@type\":\"PropertyValueSpecification\",\"valueRequired\":true,\"valueName\":\"search_term_string\"}}],\"inLanguage\":\"es\"},{\"@type\":\"Organization\",\"@id\":\"https:\/\/www.icip.cat\/ca\/#organization\",\"name\":\"ICIP\",\"url\":\"https:\/\/www.icip.cat\/ca\/\",\"logo\":{\"@type\":\"ImageObject\",\"inLanguage\":\"es\",\"@id\":\"https:\/\/www.icip.cat\/ca\/#\/schema\/logo\/image\/\",\"url\":\"https:\/\/www.icip.cat\/wp-content\/uploads\/2021\/02\/logo-2.png\",\"contentUrl\":\"https:\/\/www.icip.cat\/wp-content\/uploads\/2021\/02\/logo-2.png\",\"width\":562,\"height\":391,\"caption\":\"ICIP\"},\"image\":{\"@id\":\"https:\/\/www.icip.cat\/ca\/#\/schema\/logo\/image\/\"}},{\"@type\":\"Person\",\"@id\":\"https:\/\/www.icip.cat\/ca\/#\/schema\/person\/35404003404833995eee2bb6e3115dc6\",\"name\":\"whads\",\"image\":{\"@type\":\"ImageObject\",\"inLanguage\":\"es\",\"@id\":\"https:\/\/www.icip.cat\/ca\/#\/schema\/person\/image\/\",\"url\":\"https:\/\/secure.gravatar.com\/avatar\/6a92e4ce03d9442c546cc4afecfc51777413608a6d55a7b50040700657b6b30f?s=96&d=mm&r=g\",\"contentUrl\":\"https:\/\/secure.gravatar.com\/avatar\/6a92e4ce03d9442c546cc4afecfc51777413608a6d55a7b50040700657b6b30f?s=96&d=mm&r=g\",\"caption\":\"whads\"},\"sameAs\":[\"http:\/\/www.icip.cat\"],\"url\":\"https:\/\/www.icip.cat\/es\/author\/whads\/\"}]}<\/script>\n<!-- \/ Yoast SEO plugin. -->","yoast_head_json":{"title":"\"El antigolpe\", de Gonzalo Arias - ICIP","robots":{"index":"index","follow":"follow","max-snippet":"max-snippet:-1","max-image-preview":"max-image-preview:large","max-video-preview":"max-video-preview:-1"},"canonical":"https:\/\/www.icip.cat\/es\/el-antigolpe-de-gonzalo-arias-2\/","og_locale":"es_ES","og_type":"article","og_title":"\"El antigolpe\", de Gonzalo Arias - ICIP","og_description":"Reedici\u00f3n del manual que escribi\u00f3 el pacifista Gonzalo Arias para dar una respuesta noviolenta al golpe de estado del 23-F.","og_url":"https:\/\/www.icip.cat\/es\/el-antigolpe-de-gonzalo-arias-2\/","og_site_name":"ICIP","article_published_time":"2017-01-10T08:00:00+00:00","og_image":[{"width":164,"height":199,"url":"https:\/\/www.icip.cat\/wp-content\/uploads\/2017\/01\/Eines19web-1.jpg_556393361-1.jpg","type":"image\/jpeg"}],"author":"whads","twitter_card":"summary_large_image","twitter_misc":{"Escrito por":"whads","Tiempo de lectura":"1 minuto"},"schema":{"@context":"https:\/\/schema.org","@graph":[{"@type":"Article","@id":"https:\/\/www.icip.cat\/es\/el-antigolpe-de-gonzalo-arias-2\/#article","isPartOf":{"@id":"https:\/\/www.icip.cat\/es\/el-antigolpe-de-gonzalo-arias-2\/"},"author":{"name":"whads","@id":"https:\/\/www.icip.cat\/ca\/#\/schema\/person\/35404003404833995eee2bb6e3115dc6"},"headline":"\u00abEl antigolpe\u00bb, de Gonzalo Arias","datePublished":"2017-01-10T08:00:00+00:00","mainEntityOfPage":{"@id":"https:\/\/www.icip.cat\/es\/el-antigolpe-de-gonzalo-arias-2\/"},"wordCount":201,"publisher":{"@id":"https:\/\/www.icip.cat\/ca\/#organization"},"image":{"@id":"https:\/\/www.icip.cat\/es\/el-antigolpe-de-gonzalo-arias-2\/#primaryimage"},"thumbnailUrl":"https:\/\/www.icip.cat\/wp-content\/uploads\/2017\/01\/Eines19web-1.jpg_556393361-1.jpg","articleSection":["Sense categoria"],"inLanguage":"es"},{"@type":"WebPage","@id":"https:\/\/www.icip.cat\/es\/el-antigolpe-de-gonzalo-arias-2\/","url":"https:\/\/www.icip.cat\/es\/el-antigolpe-de-gonzalo-arias-2\/","name":"\"El antigolpe\", de Gonzalo Arias - ICIP","isPartOf":{"@id":"https:\/\/www.icip.cat\/ca\/#website"},"primaryImageOfPage":{"@id":"https:\/\/www.icip.cat\/es\/el-antigolpe-de-gonzalo-arias-2\/#primaryimage"},"image":{"@id":"https:\/\/www.icip.cat\/es\/el-antigolpe-de-gonzalo-arias-2\/#primaryimage"},"thumbnailUrl":"https:\/\/www.icip.cat\/wp-content\/uploads\/2017\/01\/Eines19web-1.jpg_556393361-1.jpg","datePublished":"2017-01-10T08:00:00+00:00","inLanguage":"es","potentialAction":[{"@type":"ReadAction","target":["https:\/\/www.icip.cat\/es\/el-antigolpe-de-gonzalo-arias-2\/"]}]},{"@type":"ImageObject","inLanguage":"es","@id":"https:\/\/www.icip.cat\/es\/el-antigolpe-de-gonzalo-arias-2\/#primaryimage","url":"https:\/\/www.icip.cat\/wp-content\/uploads\/2017\/01\/Eines19web-1.jpg_556393361-1.jpg","contentUrl":"https:\/\/www.icip.cat\/wp-content\/uploads\/2017\/01\/Eines19web-1.jpg_556393361-1.jpg","width":164,"height":199,"caption":"\"El antigolpe\", de Gonzalo Arias"},{"@type":"WebSite","@id":"https:\/\/www.icip.cat\/ca\/#website","url":"https:\/\/www.icip.cat\/ca\/","name":"ICIP","description":"","publisher":{"@id":"https:\/\/www.icip.cat\/ca\/#organization"},"potentialAction":[{"@type":"SearchAction","target":{"@type":"EntryPoint","urlTemplate":"https:\/\/www.icip.cat\/ca\/?s={search_term_string}"},"query-input":{"@type":"PropertyValueSpecification","valueRequired":true,"valueName":"search_term_string"}}],"inLanguage":"es"},{"@type":"Organization","@id":"https:\/\/www.icip.cat\/ca\/#organization","name":"ICIP","url":"https:\/\/www.icip.cat\/ca\/","logo":{"@type":"ImageObject","inLanguage":"es","@id":"https:\/\/www.icip.cat\/ca\/#\/schema\/logo\/image\/","url":"https:\/\/www.icip.cat\/wp-content\/uploads\/2021\/02\/logo-2.png","contentUrl":"https:\/\/www.icip.cat\/wp-content\/uploads\/2021\/02\/logo-2.png","width":562,"height":391,"caption":"ICIP"},"image":{"@id":"https:\/\/www.icip.cat\/ca\/#\/schema\/logo\/image\/"}},{"@type":"Person","@id":"https:\/\/www.icip.cat\/ca\/#\/schema\/person\/35404003404833995eee2bb6e3115dc6","name":"whads","image":{"@type":"ImageObject","inLanguage":"es","@id":"https:\/\/www.icip.cat\/ca\/#\/schema\/person\/image\/","url":"https:\/\/secure.gravatar.com\/avatar\/6a92e4ce03d9442c546cc4afecfc51777413608a6d55a7b50040700657b6b30f?s=96&d=mm&r=g","contentUrl":"https:\/\/secure.gravatar.com\/avatar\/6a92e4ce03d9442c546cc4afecfc51777413608a6d55a7b50040700657b6b30f?s=96&d=mm&r=g","caption":"whads"},"sameAs":["http:\/\/www.icip.cat"],"url":"https:\/\/www.icip.cat\/es\/author\/whads\/"}]}},"_links":{"self":[{"href":"https:\/\/www.icip.cat\/es\/wp-json\/wp\/v2\/posts\/5471","targetHints":{"allow":["GET"]}}],"collection":[{"href":"https:\/\/www.icip.cat\/es\/wp-json\/wp\/v2\/posts"}],"about":[{"href":"https:\/\/www.icip.cat\/es\/wp-json\/wp\/v2\/types\/post"}],"author":[{"embeddable":true,"href":"https:\/\/www.icip.cat\/es\/wp-json\/wp\/v2\/users\/1"}],"replies":[{"embeddable":true,"href":"https:\/\/www.icip.cat\/es\/wp-json\/wp\/v2\/comments?post=5471"}],"version-history":[{"count":0,"href":"https:\/\/www.icip.cat\/es\/wp-json\/wp\/v2\/posts\/5471\/revisions"}],"wp:featuredmedia":[{"embeddable":true,"href":"https:\/\/www.icip.cat\/es\/wp-json\/wp\/v2\/media\/5472"}],"wp:attachment":[{"href":"https:\/\/www.icip.cat\/es\/wp-json\/wp\/v2\/media?parent=5471"}],"wp:term":[{"taxonomy":"category","embeddable":true,"href":"https:\/\/www.icip.cat\/es\/wp-json\/wp\/v2\/categories?post=5471"},{"taxonomy":"post_tag","embeddable":true,"href":"https:\/\/www.icip.cat\/es\/wp-json\/wp\/v2\/tags?post=5471"}],"curies":[{"name":"wp","href":"https:\/\/api.w.org\/{rel}","templated":true}]}}