{"id":5547,"date":"2016-09-21T08:00:00","date_gmt":"2016-09-21T08:00:00","guid":{"rendered":"http:\/\/www.icip.cat\/las-brigadas-internacionales-de-paz-premio-icip-2016\/"},"modified":"2021-09-20T09:10:22","modified_gmt":"2021-09-20T09:10:22","slug":"las-brigadas-internacionales-de-paz-premio-icip-2016","status":"publish","type":"post","link":"https:\/\/www.icip.cat\/es\/las-brigadas-internacionales-de-paz-premio-icip-2016\/","title":{"rendered":"Las Brigadas Internacionales de Paz, Premio ICIP 2016"},"content":{"rendered":"<p>El Premio ICIP Constructores de Paz 2016 reconoci\u00f3 a las Brigadas Internacionales de Paz \u00abpor su trayectoria, sostenida en el tiempo, de protecci\u00f3n de los defensores de los derechos humanos que trabajan en \u00e1reas de represi\u00f3n y conflicto\u00bb.<\/p>\n<p>Las Brigadas Internacionales de Paz fueron creadas en 1981 por un grupo de activistas inspirados en las t\u00e1cticas noviolentas de Gandhi, con el convencimiento que el acompa\u00f1amiento internacional pod\u00eda disuadir los ataques contra la poblaci\u00f3n civil en zonas de conflicto. A lo largo de los ya 35 a\u00f1os de recorrido, la organizaci\u00f3n ha desarrollado actividades de apoyo a los defensores de los derechos humanos sobre el terreno en zonas de conflicto, entre las cuales destacan protecci\u00f3n y acompa\u00f1amiento, formaci\u00f3n en materia de seguridad, talleres de incidencia pol\u00edtica o de reconstrucci\u00f3n del tejido social.<\/p>\n<p>La<a href=\"http:\/\/www.icip.cat\/es\/el-icip-reconoce-a-las-brigadas-internacionales-de-paz-con-el-premio-constructores-de-paz\/\">\u00a0ceremonia de entrega del premio<\/a>\u00a0tuvo lugar el 7 de febrero de 2017 en el Parlament de Catalunya. Por parte de la organizaci\u00f3n premiada recogi\u00f3 el galard\u00f3n la responsable de PBI Estado espa\u00f1ol, Montserrat Garc\u00eda, mientras que la glosa fue a cargo de la hist\u00f3rica activista por los derechos humanos y actual diputada en el Congreso de Guatemala, Nineth Montenegro.<\/p>\n\n\n<figure class=\"wp-block-embed-youtube wp-block-embed is-type-video is-provider-youtube wp-embed-aspect-16-9 wp-has-aspect-ratio\"><div class=\"wp-block-embed__wrapper\">\n<iframe title=\"Premi ICIP Constructors de Pau 2016: Brigades Internacionals de Pau\" width=\"640\" height=\"360\" src=\"https:\/\/www.youtube.com\/embed\/afIb485h2Pg?feature=oembed\" frameborder=\"0\" allow=\"accelerometer; autoplay; clipboard-write; encrypted-media; gyroscope; picture-in-picture; web-share\" referrerpolicy=\"strict-origin-when-cross-origin\" allowfullscreen><\/iframe>\n<\/div><\/figure>\n","protected":false},"excerpt":{"rendered":"<p>La ONG ofrece protecci\u00f3n y acompa\u00f1amiento a defensores de los derechos humanos que trabajan en zonas de conflicto<\/p>\n","protected":false},"author":1,"featured_media":5548,"comment_status":"closed","ping_status":"open","sticky":false,"template":"","format":"standard","meta":{"_acf_changed":false,"footnotes":""},"categories":[4,5],"tags":[],"class_list":["post-5547","post","type-post","status-publish","format-standard","has-post-thumbnail","hentry","category-sense-categoria","category-sin-categorizar"],"acf":[],"yoast_head":"<!-- This site is optimized with the Yoast SEO plugin v25.6 - https:\/\/yoast.com\/wordpress\/plugins\/seo\/ -->\n<title>Las Brigadas Internacionales de Paz, Premio ICIP 2016 - ICIP<\/title>\n<meta name=\"robots\" content=\"index, follow, max-snippet:-1, max-image-preview:large, max-video-preview:-1\" \/>\n<link rel=\"canonical\" href=\"https:\/\/www.icip.cat\/es\/las-brigadas-internacionales-de-paz-premio-icip-2016\/\" \/>\n<meta property=\"og:locale\" content=\"es_ES\" \/>\n<meta property=\"og:type\" content=\"article\" \/>\n<meta property=\"og:title\" content=\"Las Brigadas Internacionales de Paz, Premio ICIP 2016 - ICIP\" \/>\n<meta property=\"og:description\" content=\"La ONG ofrece protecci\u00f3n y acompa\u00f1amiento a defensores de los derechos humanos que trabajan en zonas de conflicto\" \/>\n<meta property=\"og:url\" content=\"https:\/\/www.icip.cat\/es\/las-brigadas-internacionales-de-paz-premio-icip-2016\/\" \/>\n<meta property=\"og:site_name\" content=\"ICIP\" \/>\n<meta property=\"article:published_time\" content=\"2016-09-21T08:00:00+00:00\" \/>\n<meta property=\"article:modified_time\" content=\"2021-09-20T09:10:22+00:00\" \/>\n<meta property=\"og:image\" content=\"https:\/\/www.icip.cat\/wp-content\/uploads\/2016\/09\/PBI-1.jpg_1800307568-1.jpg\" \/>\n\t<meta property=\"og:image:width\" content=\"190\" \/>\n\t<meta property=\"og:image:height\" content=\"119\" \/>\n\t<meta property=\"og:image:type\" content=\"image\/jpeg\" \/>\n<meta name=\"author\" content=\"whads\" \/>\n<meta name=\"twitter:card\" content=\"summary_large_image\" \/>\n<meta name=\"twitter:label1\" content=\"Escrito por\" \/>\n\t<meta name=\"twitter:data1\" content=\"whads\" \/>\n\t<meta name=\"twitter:label2\" content=\"Tiempo de lectura\" \/>\n\t<meta name=\"twitter:data2\" content=\"1 minuto\" \/>\n<script type=\"application\/ld+json\" class=\"yoast-schema-graph\">{\"@context\":\"https:\/\/schema.org\",\"@graph\":[{\"@type\":\"Article\",\"@id\":\"https:\/\/www.icip.cat\/es\/las-brigadas-internacionales-de-paz-premio-icip-2016\/#article\",\"isPartOf\":{\"@id\":\"https:\/\/www.icip.cat\/es\/las-brigadas-internacionales-de-paz-premio-icip-2016\/\"},\"author\":{\"name\":\"whads\",\"@id\":\"https:\/\/www.icip.cat\/ca\/#\/schema\/person\/35404003404833995eee2bb6e3115dc6\"},\"headline\":\"Las Brigadas Internacionales de Paz, Premio ICIP 2016\",\"datePublished\":\"2016-09-21T08:00:00+00:00\",\"dateModified\":\"2021-09-20T09:10:22+00:00\",\"mainEntityOfPage\":{\"@id\":\"https:\/\/www.icip.cat\/es\/las-brigadas-internacionales-de-paz-premio-icip-2016\/\"},\"wordCount\":218,\"publisher\":{\"@id\":\"https:\/\/www.icip.cat\/ca\/#organization\"},\"image\":{\"@id\":\"https:\/\/www.icip.cat\/es\/las-brigadas-internacionales-de-paz-premio-icip-2016\/#primaryimage\"},\"thumbnailUrl\":\"https:\/\/www.icip.cat\/wp-content\/uploads\/2016\/09\/PBI-1.jpg_1800307568-1.jpg\",\"articleSection\":[\"Sense categoria\",\"Sin categorizar\"],\"inLanguage\":\"es\"},{\"@type\":\"WebPage\",\"@id\":\"https:\/\/www.icip.cat\/es\/las-brigadas-internacionales-de-paz-premio-icip-2016\/\",\"url\":\"https:\/\/www.icip.cat\/es\/las-brigadas-internacionales-de-paz-premio-icip-2016\/\",\"name\":\"Las Brigadas Internacionales de Paz, Premio ICIP 2016 - ICIP\",\"isPartOf\":{\"@id\":\"https:\/\/www.icip.cat\/ca\/#website\"},\"primaryImageOfPage\":{\"@id\":\"https:\/\/www.icip.cat\/es\/las-brigadas-internacionales-de-paz-premio-icip-2016\/#primaryimage\"},\"image\":{\"@id\":\"https:\/\/www.icip.cat\/es\/las-brigadas-internacionales-de-paz-premio-icip-2016\/#primaryimage\"},\"thumbnailUrl\":\"https:\/\/www.icip.cat\/wp-content\/uploads\/2016\/09\/PBI-1.jpg_1800307568-1.jpg\",\"datePublished\":\"2016-09-21T08:00:00+00:00\",\"dateModified\":\"2021-09-20T09:10:22+00:00\",\"inLanguage\":\"es\",\"potentialAction\":[{\"@type\":\"ReadAction\",\"target\":[\"https:\/\/www.icip.cat\/es\/las-brigadas-internacionales-de-paz-premio-icip-2016\/\"]}]},{\"@type\":\"ImageObject\",\"inLanguage\":\"es\",\"@id\":\"https:\/\/www.icip.cat\/es\/las-brigadas-internacionales-de-paz-premio-icip-2016\/#primaryimage\",\"url\":\"https:\/\/www.icip.cat\/wp-content\/uploads\/2016\/09\/PBI-1.jpg_1800307568-1.jpg\",\"contentUrl\":\"https:\/\/www.icip.cat\/wp-content\/uploads\/2016\/09\/PBI-1.jpg_1800307568-1.jpg\",\"width\":190,\"height\":119,\"caption\":\"Las Brigadas Internacionales de Paz, Premio ICIP 2016\"},{\"@type\":\"WebSite\",\"@id\":\"https:\/\/www.icip.cat\/ca\/#website\",\"url\":\"https:\/\/www.icip.cat\/ca\/\",\"name\":\"ICIP\",\"description\":\"\",\"publisher\":{\"@id\":\"https:\/\/www.icip.cat\/ca\/#organization\"},\"potentialAction\":[{\"@type\":\"SearchAction\",\"target\":{\"@type\":\"EntryPoint\",\"urlTemplate\":\"https:\/\/www.icip.cat\/ca\/?s={search_term_string}\"},\"query-input\":{\"@type\":\"PropertyValueSpecification\",\"valueRequired\":true,\"valueName\":\"search_term_string\"}}],\"inLanguage\":\"es\"},{\"@type\":\"Organization\",\"@id\":\"https:\/\/www.icip.cat\/ca\/#organization\",\"name\":\"ICIP\",\"url\":\"https:\/\/www.icip.cat\/ca\/\",\"logo\":{\"@type\":\"ImageObject\",\"inLanguage\":\"es\",\"@id\":\"https:\/\/www.icip.cat\/ca\/#\/schema\/logo\/image\/\",\"url\":\"https:\/\/www.icip.cat\/wp-content\/uploads\/2021\/02\/logo-2.png\",\"contentUrl\":\"https:\/\/www.icip.cat\/wp-content\/uploads\/2021\/02\/logo-2.png\",\"width\":562,\"height\":391,\"caption\":\"ICIP\"},\"image\":{\"@id\":\"https:\/\/www.icip.cat\/ca\/#\/schema\/logo\/image\/\"}},{\"@type\":\"Person\",\"@id\":\"https:\/\/www.icip.cat\/ca\/#\/schema\/person\/35404003404833995eee2bb6e3115dc6\",\"name\":\"whads\",\"image\":{\"@type\":\"ImageObject\",\"inLanguage\":\"es\",\"@id\":\"https:\/\/www.icip.cat\/ca\/#\/schema\/person\/image\/\",\"url\":\"https:\/\/secure.gravatar.com\/avatar\/6a92e4ce03d9442c546cc4afecfc51777413608a6d55a7b50040700657b6b30f?s=96&d=mm&r=g\",\"contentUrl\":\"https:\/\/secure.gravatar.com\/avatar\/6a92e4ce03d9442c546cc4afecfc51777413608a6d55a7b50040700657b6b30f?s=96&d=mm&r=g\",\"caption\":\"whads\"},\"sameAs\":[\"http:\/\/www.icip.cat\"],\"url\":\"https:\/\/www.icip.cat\/es\/author\/whads\/\"}]}<\/script>\n<!-- \/ Yoast SEO plugin. -->","yoast_head_json":{"title":"Las Brigadas Internacionales de Paz, Premio ICIP 2016 - ICIP","robots":{"index":"index","follow":"follow","max-snippet":"max-snippet:-1","max-image-preview":"max-image-preview:large","max-video-preview":"max-video-preview:-1"},"canonical":"https:\/\/www.icip.cat\/es\/las-brigadas-internacionales-de-paz-premio-icip-2016\/","og_locale":"es_ES","og_type":"article","og_title":"Las Brigadas Internacionales de Paz, Premio ICIP 2016 - ICIP","og_description":"La ONG ofrece protecci\u00f3n y acompa\u00f1amiento a defensores de los derechos humanos que trabajan en zonas de conflicto","og_url":"https:\/\/www.icip.cat\/es\/las-brigadas-internacionales-de-paz-premio-icip-2016\/","og_site_name":"ICIP","article_published_time":"2016-09-21T08:00:00+00:00","article_modified_time":"2021-09-20T09:10:22+00:00","og_image":[{"width":190,"height":119,"url":"https:\/\/www.icip.cat\/wp-content\/uploads\/2016\/09\/PBI-1.jpg_1800307568-1.jpg","type":"image\/jpeg"}],"author":"whads","twitter_card":"summary_large_image","twitter_misc":{"Escrito por":"whads","Tiempo de lectura":"1 minuto"},"schema":{"@context":"https:\/\/schema.org","@graph":[{"@type":"Article","@id":"https:\/\/www.icip.cat\/es\/las-brigadas-internacionales-de-paz-premio-icip-2016\/#article","isPartOf":{"@id":"https:\/\/www.icip.cat\/es\/las-brigadas-internacionales-de-paz-premio-icip-2016\/"},"author":{"name":"whads","@id":"https:\/\/www.icip.cat\/ca\/#\/schema\/person\/35404003404833995eee2bb6e3115dc6"},"headline":"Las Brigadas Internacionales de Paz, Premio ICIP 2016","datePublished":"2016-09-21T08:00:00+00:00","dateModified":"2021-09-20T09:10:22+00:00","mainEntityOfPage":{"@id":"https:\/\/www.icip.cat\/es\/las-brigadas-internacionales-de-paz-premio-icip-2016\/"},"wordCount":218,"publisher":{"@id":"https:\/\/www.icip.cat\/ca\/#organization"},"image":{"@id":"https:\/\/www.icip.cat\/es\/las-brigadas-internacionales-de-paz-premio-icip-2016\/#primaryimage"},"thumbnailUrl":"https:\/\/www.icip.cat\/wp-content\/uploads\/2016\/09\/PBI-1.jpg_1800307568-1.jpg","articleSection":["Sense categoria","Sin categorizar"],"inLanguage":"es"},{"@type":"WebPage","@id":"https:\/\/www.icip.cat\/es\/las-brigadas-internacionales-de-paz-premio-icip-2016\/","url":"https:\/\/www.icip.cat\/es\/las-brigadas-internacionales-de-paz-premio-icip-2016\/","name":"Las Brigadas Internacionales de Paz, Premio ICIP 2016 - ICIP","isPartOf":{"@id":"https:\/\/www.icip.cat\/ca\/#website"},"primaryImageOfPage":{"@id":"https:\/\/www.icip.cat\/es\/las-brigadas-internacionales-de-paz-premio-icip-2016\/#primaryimage"},"image":{"@id":"https:\/\/www.icip.cat\/es\/las-brigadas-internacionales-de-paz-premio-icip-2016\/#primaryimage"},"thumbnailUrl":"https:\/\/www.icip.cat\/wp-content\/uploads\/2016\/09\/PBI-1.jpg_1800307568-1.jpg","datePublished":"2016-09-21T08:00:00+00:00","dateModified":"2021-09-20T09:10:22+00:00","inLanguage":"es","potentialAction":[{"@type":"ReadAction","target":["https:\/\/www.icip.cat\/es\/las-brigadas-internacionales-de-paz-premio-icip-2016\/"]}]},{"@type":"ImageObject","inLanguage":"es","@id":"https:\/\/www.icip.cat\/es\/las-brigadas-internacionales-de-paz-premio-icip-2016\/#primaryimage","url":"https:\/\/www.icip.cat\/wp-content\/uploads\/2016\/09\/PBI-1.jpg_1800307568-1.jpg","contentUrl":"https:\/\/www.icip.cat\/wp-content\/uploads\/2016\/09\/PBI-1.jpg_1800307568-1.jpg","width":190,"height":119,"caption":"Las Brigadas Internacionales de Paz, Premio ICIP 2016"},{"@type":"WebSite","@id":"https:\/\/www.icip.cat\/ca\/#website","url":"https:\/\/www.icip.cat\/ca\/","name":"ICIP","description":"","publisher":{"@id":"https:\/\/www.icip.cat\/ca\/#organization"},"potentialAction":[{"@type":"SearchAction","target":{"@type":"EntryPoint","urlTemplate":"https:\/\/www.icip.cat\/ca\/?s={search_term_string}"},"query-input":{"@type":"PropertyValueSpecification","valueRequired":true,"valueName":"search_term_string"}}],"inLanguage":"es"},{"@type":"Organization","@id":"https:\/\/www.icip.cat\/ca\/#organization","name":"ICIP","url":"https:\/\/www.icip.cat\/ca\/","logo":{"@type":"ImageObject","inLanguage":"es","@id":"https:\/\/www.icip.cat\/ca\/#\/schema\/logo\/image\/","url":"https:\/\/www.icip.cat\/wp-content\/uploads\/2021\/02\/logo-2.png","contentUrl":"https:\/\/www.icip.cat\/wp-content\/uploads\/2021\/02\/logo-2.png","width":562,"height":391,"caption":"ICIP"},"image":{"@id":"https:\/\/www.icip.cat\/ca\/#\/schema\/logo\/image\/"}},{"@type":"Person","@id":"https:\/\/www.icip.cat\/ca\/#\/schema\/person\/35404003404833995eee2bb6e3115dc6","name":"whads","image":{"@type":"ImageObject","inLanguage":"es","@id":"https:\/\/www.icip.cat\/ca\/#\/schema\/person\/image\/","url":"https:\/\/secure.gravatar.com\/avatar\/6a92e4ce03d9442c546cc4afecfc51777413608a6d55a7b50040700657b6b30f?s=96&d=mm&r=g","contentUrl":"https:\/\/secure.gravatar.com\/avatar\/6a92e4ce03d9442c546cc4afecfc51777413608a6d55a7b50040700657b6b30f?s=96&d=mm&r=g","caption":"whads"},"sameAs":["http:\/\/www.icip.cat"],"url":"https:\/\/www.icip.cat\/es\/author\/whads\/"}]}},"_links":{"self":[{"href":"https:\/\/www.icip.cat\/es\/wp-json\/wp\/v2\/posts\/5547","targetHints":{"allow":["GET"]}}],"collection":[{"href":"https:\/\/www.icip.cat\/es\/wp-json\/wp\/v2\/posts"}],"about":[{"href":"https:\/\/www.icip.cat\/es\/wp-json\/wp\/v2\/types\/post"}],"author":[{"embeddable":true,"href":"https:\/\/www.icip.cat\/es\/wp-json\/wp\/v2\/users\/1"}],"replies":[{"embeddable":true,"href":"https:\/\/www.icip.cat\/es\/wp-json\/wp\/v2\/comments?post=5547"}],"version-history":[{"count":5,"href":"https:\/\/www.icip.cat\/es\/wp-json\/wp\/v2\/posts\/5547\/revisions"}],"predecessor-version":[{"id":22303,"href":"https:\/\/www.icip.cat\/es\/wp-json\/wp\/v2\/posts\/5547\/revisions\/22303"}],"wp:featuredmedia":[{"embeddable":true,"href":"https:\/\/www.icip.cat\/es\/wp-json\/wp\/v2\/media\/5548"}],"wp:attachment":[{"href":"https:\/\/www.icip.cat\/es\/wp-json\/wp\/v2\/media?parent=5547"}],"wp:term":[{"taxonomy":"category","embeddable":true,"href":"https:\/\/www.icip.cat\/es\/wp-json\/wp\/v2\/categories?post=5547"},{"taxonomy":"post_tag","embeddable":true,"href":"https:\/\/www.icip.cat\/es\/wp-json\/wp\/v2\/tags?post=5547"}],"curies":[{"name":"wp","href":"https:\/\/api.w.org\/{rel}","templated":true}]}}