{"id":62309,"date":"2026-04-28T11:13:30","date_gmt":"2026-04-28T11:13:30","guid":{"rendered":"https:\/\/www.icip.cat\/?p=62309"},"modified":"2026-04-28T11:13:31","modified_gmt":"2026-04-28T11:13:31","slug":"un-activista-palestino-y-uno-israeli-reivindican-en-barcelona-la-noviolencia-para-construir-un-futuro-en-paz","status":"publish","type":"post","link":"https:\/\/www.icip.cat\/es\/un-activista-palestino-y-uno-israeli-reivindican-en-barcelona-la-noviolencia-para-construir-un-futuro-en-paz\/","title":{"rendered":"Un activista palestino y uno israel\u00ed reivindican en Barcelona la noviolencia para construir un futuro en paz"},"content":{"rendered":"\n<p>El Teatro Llu\u00efsos de Gr\u00e0cia de Barcelona ha acogido este lunes 27 de abril el acto \u00ab<strong>Palestinos e israel\u00edes juntos por la paz y contra el empleo<\/strong>\u00ab, organizado por el ICIP, FundiPau, NOVACT y Llu\u00efsos de Gr\u00e0cia, en el marco del 20 aniversario del movimiento <a href=\"https:\/\/www.cfpeace.org\/\">Combatants for Peace<\/a>.<\/p>\n\n\n\n<p>La conversaci\u00f3n, moderada por la vicepresidenta de FundiPau,<strong> Carme Su\u00f1\u00e9<\/strong>, ha reunido a dos miembros de la organizaci\u00f3n: el israel\u00ed <strong>Elik Elhanan<\/strong> y el palestino <strong>Ahmed Helou<\/strong>, que han compartido las experiencias personales y la apuesta por la resistencia noviolenta como alternativa al ciclo de violencia y deshumanizaci\u00f3n marcado por d\u00e9cadas de conflicto, ocupaci\u00f3n de la territorios palestinos y el genocidio en Gaza.<\/p>\n\n\n\n<p>Ex soldado de una unidad especial del ej\u00e9rcito israel\u00ed y cofundador de Combatants for Peace, Elhanan ha explicado c\u00f3mo el asesinato de su hermana en un atentado suicida de Ham\u00e1s en 1997 transform\u00f3 profundamente su mirada sobre el conflicto. \u00abEl sacrificio no vale la pena\u00bb, ha afirmado. En lugar de la revancha, Elhanan decidi\u00f3 desmarcarse de la violencia, convencido de que l<strong>a l\u00f3gica militar y la violencia ejercida por Israel s\u00f3lo alimenta nuevas formas de violencia<\/strong> en el lado palestino.<\/p>\n\n\n\n<p>Durante su intervenci\u00f3n, Elhanan ha defendido la necesidad de romper la visi\u00f3n \u00abmonol\u00edtica\u00bb del enemigo y crear espacios de encuentro entre palestinos e israel\u00edes. \u00ab<strong>La ocupaci\u00f3n es la principal fuente de violencia en la regi\u00f3n<\/strong>\u00ab, ha dicho, y ha reivindicado la importancia de construir un espacio pol\u00edtico compartido basado en el reconocimiento mutuo y la igualdad.<\/p>\n\n\n\n<p>Por su parte, Ahmed Helou ha explicado c\u00f3mo se uni\u00f3 a Ham\u00e1s con s\u00f3lo 15 a\u00f1os para luchar contra la ocupaci\u00f3n israel\u00ed y c\u00f3mo, tras pasar por la c\u00e1rcel y perder decenas de familiares y amigos, lleg\u00f3 a la conclusi\u00f3n de que la violencia s\u00f3lo perpet\u00faa el sufrimiento. \u00ab<strong>La noviolencia es el camino para conseguir a libertad<\/strong>\u00ab, ha afirmado.<\/p>\n\n\n\n<p>Helou ha destacado que el contacto directo con israel\u00edes contrarios a la ocupaci\u00f3n fue clave en su transformaci\u00f3n personal, hecho que le permiti\u00f3 dejar de ver al \u201cotro\u201d \u00fanicamente como un enemigo. En este sentido, defini\u00f3 a Combatants for Peace como \u201cun s\u00edmbolo del futuro\u201d y una prueba de que palestinos e israel\u00edes pueden trabajar conjuntamente por la justicia, la dignidad y la seguridad de ambos pueblos.<\/p>\n\n\n\n<p>Ambos activistas han coincidido en se\u00f1alar las <strong>dificultades de defender posiciones noviolentas en el contexto actual, marcado por la polarizaci\u00f3n, el dolor y la deshumanizaci\u00f3n<\/strong>. Sin embargo, reivindicaron la necesidad de seguir construyendo alternativas basadas en el di\u00e1logo y la empat\u00eda ante las narrativas que presentan la violencia como inevitable.<\/p>\n\n\n\n<p>El acto ha concluido con una reivindicaci\u00f3n del trabajo de Combatants for Peace, un movimiento creado en 2006 por ex combatientes palestinos e israel\u00edes que decidieron abandonar las armas para trabajar conjuntamente por una soluci\u00f3n pac\u00edfica al conflicto. La organizaci\u00f3n promueve acciones de resistencia noviolenta, espacios de di\u00e1logo e iniciativas de sensibilizaci\u00f3n tanto en Israel y Palestina como a nivel internacional, con el objetivo de demostrar que es posible construir alternativas basadas en la justicia, la igualdad y el reconocimiento mutuo.<\/p>\n\n\n\n<p><\/p>\n\n\n\n<figure class=\"wp-block-gallery has-nested-images columns-default is-cropped wp-block-gallery-1 is-layout-flex wp-block-gallery-is-layout-flex\">\n<figure class=\"wp-block-image size-large\"><img fetchpriority=\"high\" decoding=\"async\" width=\"1024\" height=\"682\" data-id=\"62290\" src=\"https:\/\/www.icip.cat\/wp-content\/uploads\/2026\/04\/99320e54-ba83-4b7e-a1de-4fbecfe6f51f-1024x682.jpg\" alt=\"\" class=\"wp-image-62290\" srcset=\"https:\/\/www.icip.cat\/wp-content\/uploads\/2026\/04\/99320e54-ba83-4b7e-a1de-4fbecfe6f51f-1024x682.jpg 1024w, https:\/\/www.icip.cat\/wp-content\/uploads\/2026\/04\/99320e54-ba83-4b7e-a1de-4fbecfe6f51f-300x200.jpg 300w, https:\/\/www.icip.cat\/wp-content\/uploads\/2026\/04\/99320e54-ba83-4b7e-a1de-4fbecfe6f51f-768x512.jpg 768w, https:\/\/www.icip.cat\/wp-content\/uploads\/2026\/04\/99320e54-ba83-4b7e-a1de-4fbecfe6f51f-1536x1023.jpg 1536w, https:\/\/www.icip.cat\/wp-content\/uploads\/2026\/04\/99320e54-ba83-4b7e-a1de-4fbecfe6f51f.jpg 1600w\" sizes=\"(max-width: 1024px) 100vw, 1024px\" \/><\/figure>\n\n\n\n<figure class=\"wp-block-image size-large\"><img decoding=\"async\" width=\"1024\" height=\"768\" data-id=\"62302\" src=\"https:\/\/www.icip.cat\/wp-content\/uploads\/2026\/04\/72049076-bdd9-4c52-b4ca-509553a4cabd-1-1024x768.jpg\" alt=\"\" class=\"wp-image-62302\" srcset=\"https:\/\/www.icip.cat\/wp-content\/uploads\/2026\/04\/72049076-bdd9-4c52-b4ca-509553a4cabd-1-1024x768.jpg 1024w, https:\/\/www.icip.cat\/wp-content\/uploads\/2026\/04\/72049076-bdd9-4c52-b4ca-509553a4cabd-1-300x225.jpg 300w, https:\/\/www.icip.cat\/wp-content\/uploads\/2026\/04\/72049076-bdd9-4c52-b4ca-509553a4cabd-1-768x576.jpg 768w, https:\/\/www.icip.cat\/wp-content\/uploads\/2026\/04\/72049076-bdd9-4c52-b4ca-509553a4cabd-1-1536x1152.jpg 1536w, https:\/\/www.icip.cat\/wp-content\/uploads\/2026\/04\/72049076-bdd9-4c52-b4ca-509553a4cabd-1.jpg 2048w\" sizes=\"(max-width: 1024px) 100vw, 1024px\" \/><\/figure>\n\n\n\n<figure class=\"wp-block-image size-large\"><img decoding=\"async\" width=\"1024\" height=\"768\" data-id=\"62305\" src=\"https:\/\/www.icip.cat\/wp-content\/uploads\/2026\/04\/c6f415c5-e25f-48ca-bd35-9f811f98e62a-1024x768.jpg\" alt=\"\" class=\"wp-image-62305\" srcset=\"https:\/\/www.icip.cat\/wp-content\/uploads\/2026\/04\/c6f415c5-e25f-48ca-bd35-9f811f98e62a-1024x768.jpg 1024w, https:\/\/www.icip.cat\/wp-content\/uploads\/2026\/04\/c6f415c5-e25f-48ca-bd35-9f811f98e62a-300x225.jpg 300w, https:\/\/www.icip.cat\/wp-content\/uploads\/2026\/04\/c6f415c5-e25f-48ca-bd35-9f811f98e62a-768x576.jpg 768w, https:\/\/www.icip.cat\/wp-content\/uploads\/2026\/04\/c6f415c5-e25f-48ca-bd35-9f811f98e62a-1536x1152.jpg 1536w, https:\/\/www.icip.cat\/wp-content\/uploads\/2026\/04\/c6f415c5-e25f-48ca-bd35-9f811f98e62a.jpg 1600w\" sizes=\"(max-width: 1024px) 100vw, 1024px\" \/><\/figure>\n<\/figure>\n\n\n\n<p><\/p>\n","protected":false},"excerpt":{"rendered":"<p>El Teatro Llu\u00efsos de Gr\u00e0cia de Barcelona ha acogido este lunes 27 de abril el acto \u00abPalestinos e israel\u00edes juntos por la paz y contra el empleo\u00ab, organizado por el ICIP, FundiPau, NOVACT y Llu\u00efsos de Gr\u00e0cia, en el marco del 20 aniversario del movimiento Combatants for Peace. La conversaci\u00f3n, moderada por la vicepresidenta de [&hellip;]<\/p>\n","protected":false},"author":2,"featured_media":62292,"comment_status":"closed","ping_status":"closed","sticky":false,"template":"","format":"standard","meta":{"_acf_changed":false,"footnotes":""},"categories":[5],"tags":[],"class_list":["post-62309","post","type-post","status-publish","format-standard","has-post-thumbnail","hentry","category-sin-categorizar"],"acf":[],"yoast_head":"<!-- This site is optimized with the Yoast SEO plugin v25.6 - https:\/\/yoast.com\/wordpress\/plugins\/seo\/ -->\n<title>Un activista palestino y uno israel\u00ed reivindican en Barcelona la noviolencia para construir un futuro en paz - ICIP<\/title>\n<meta name=\"description\" content=\"Ahmed Helou y Elik Elhanan forman parte de Combatants for Peace, organizaci\u00f3n que defiende la resistencia noviolenta y el di\u00e1logo\" \/>\n<meta name=\"robots\" content=\"index, follow, max-snippet:-1, max-image-preview:large, max-video-preview:-1\" \/>\n<link rel=\"canonical\" href=\"https:\/\/www.icip.cat\/es\/un-activista-palestino-y-uno-israeli-reivindican-en-barcelona-la-noviolencia-para-construir-un-futuro-en-paz\/\" \/>\n<meta property=\"og:locale\" content=\"es_ES\" \/>\n<meta property=\"og:type\" content=\"article\" \/>\n<meta property=\"og:title\" content=\"Un activista palestino y uno israel\u00ed reivindican en Barcelona la noviolencia para construir un futuro en paz - ICIP\" \/>\n<meta property=\"og:description\" content=\"Ahmed Helou y Elik Elhanan forman parte de Combatants for Peace, organizaci\u00f3n que defiende la resistencia noviolenta y el di\u00e1logo\" \/>\n<meta property=\"og:url\" content=\"https:\/\/www.icip.cat\/es\/un-activista-palestino-y-uno-israeli-reivindican-en-barcelona-la-noviolencia-para-construir-un-futuro-en-paz\/\" \/>\n<meta property=\"og:site_name\" content=\"ICIP\" \/>\n<meta property=\"article:published_time\" content=\"2026-04-28T11:13:30+00:00\" \/>\n<meta property=\"article:modified_time\" content=\"2026-04-28T11:13:31+00:00\" \/>\n<meta property=\"og:image\" content=\"https:\/\/www.icip.cat\/wp-content\/uploads\/2026\/04\/99320e54-ba83-4b7e-a1de-4fbecfe6f51f.jpg\" \/>\n\t<meta property=\"og:image:width\" content=\"1600\" \/>\n\t<meta property=\"og:image:height\" content=\"1066\" \/>\n\t<meta property=\"og:image:type\" content=\"image\/jpeg\" \/>\n<meta name=\"author\" content=\"Eugenia\" \/>\n<meta name=\"twitter:card\" content=\"summary_large_image\" \/>\n<meta name=\"twitter:label1\" content=\"Escrito por\" \/>\n\t<meta name=\"twitter:data1\" content=\"Eugenia\" \/>\n\t<meta name=\"twitter:label2\" content=\"Tiempo de lectura\" \/>\n\t<meta name=\"twitter:data2\" content=\"4 minutos\" \/>\n<script type=\"application\/ld+json\" class=\"yoast-schema-graph\">{\"@context\":\"https:\/\/schema.org\",\"@graph\":[{\"@type\":\"Article\",\"@id\":\"https:\/\/www.icip.cat\/es\/un-activista-palestino-y-uno-israeli-reivindican-en-barcelona-la-noviolencia-para-construir-un-futuro-en-paz\/#article\",\"isPartOf\":{\"@id\":\"https:\/\/www.icip.cat\/es\/un-activista-palestino-y-uno-israeli-reivindican-en-barcelona-la-noviolencia-para-construir-un-futuro-en-paz\/\"},\"author\":{\"name\":\"Eugenia\",\"@id\":\"https:\/\/www.icip.cat\/ca\/#\/schema\/person\/ecaf8460603e6e32c80f3acbf4178fa6\"},\"headline\":\"Un activista palestino y uno israel\u00ed reivindican en Barcelona la noviolencia para construir un futuro en paz\",\"datePublished\":\"2026-04-28T11:13:30+00:00\",\"dateModified\":\"2026-04-28T11:13:31+00:00\",\"mainEntityOfPage\":{\"@id\":\"https:\/\/www.icip.cat\/es\/un-activista-palestino-y-uno-israeli-reivindican-en-barcelona-la-noviolencia-para-construir-un-futuro-en-paz\/\"},\"wordCount\":565,\"publisher\":{\"@id\":\"https:\/\/www.icip.cat\/ca\/#organization\"},\"image\":{\"@id\":\"https:\/\/www.icip.cat\/es\/un-activista-palestino-y-uno-israeli-reivindican-en-barcelona-la-noviolencia-para-construir-un-futuro-en-paz\/#primaryimage\"},\"thumbnailUrl\":\"https:\/\/www.icip.cat\/wp-content\/uploads\/2026\/04\/99320e54-ba83-4b7e-a1de-4fbecfe6f51f.jpg\",\"articleSection\":[\"Sin categorizar\"],\"inLanguage\":\"es\"},{\"@type\":\"WebPage\",\"@id\":\"https:\/\/www.icip.cat\/es\/un-activista-palestino-y-uno-israeli-reivindican-en-barcelona-la-noviolencia-para-construir-un-futuro-en-paz\/\",\"url\":\"https:\/\/www.icip.cat\/es\/un-activista-palestino-y-uno-israeli-reivindican-en-barcelona-la-noviolencia-para-construir-un-futuro-en-paz\/\",\"name\":\"Un activista palestino y uno israel\u00ed reivindican en Barcelona la noviolencia para construir un futuro en paz - ICIP\",\"isPartOf\":{\"@id\":\"https:\/\/www.icip.cat\/ca\/#website\"},\"primaryImageOfPage\":{\"@id\":\"https:\/\/www.icip.cat\/es\/un-activista-palestino-y-uno-israeli-reivindican-en-barcelona-la-noviolencia-para-construir-un-futuro-en-paz\/#primaryimage\"},\"image\":{\"@id\":\"https:\/\/www.icip.cat\/es\/un-activista-palestino-y-uno-israeli-reivindican-en-barcelona-la-noviolencia-para-construir-un-futuro-en-paz\/#primaryimage\"},\"thumbnailUrl\":\"https:\/\/www.icip.cat\/wp-content\/uploads\/2026\/04\/99320e54-ba83-4b7e-a1de-4fbecfe6f51f.jpg\",\"datePublished\":\"2026-04-28T11:13:30+00:00\",\"dateModified\":\"2026-04-28T11:13:31+00:00\",\"description\":\"Ahmed Helou y Elik Elhanan forman parte de Combatants for Peace, organizaci\u00f3n que defiende la resistencia noviolenta y el di\u00e1logo\",\"inLanguage\":\"es\",\"potentialAction\":[{\"@type\":\"ReadAction\",\"target\":[\"https:\/\/www.icip.cat\/es\/un-activista-palestino-y-uno-israeli-reivindican-en-barcelona-la-noviolencia-para-construir-un-futuro-en-paz\/\"]}]},{\"@type\":\"ImageObject\",\"inLanguage\":\"es\",\"@id\":\"https:\/\/www.icip.cat\/es\/un-activista-palestino-y-uno-israeli-reivindican-en-barcelona-la-noviolencia-para-construir-un-futuro-en-paz\/#primaryimage\",\"url\":\"https:\/\/www.icip.cat\/wp-content\/uploads\/2026\/04\/99320e54-ba83-4b7e-a1de-4fbecfe6f51f.jpg\",\"contentUrl\":\"https:\/\/www.icip.cat\/wp-content\/uploads\/2026\/04\/99320e54-ba83-4b7e-a1de-4fbecfe6f51f.jpg\",\"width\":1600,\"height\":1066},{\"@type\":\"WebSite\",\"@id\":\"https:\/\/www.icip.cat\/ca\/#website\",\"url\":\"https:\/\/www.icip.cat\/ca\/\",\"name\":\"ICIP\",\"description\":\"\",\"publisher\":{\"@id\":\"https:\/\/www.icip.cat\/ca\/#organization\"},\"potentialAction\":[{\"@type\":\"SearchAction\",\"target\":{\"@type\":\"EntryPoint\",\"urlTemplate\":\"https:\/\/www.icip.cat\/ca\/?s={search_term_string}\"},\"query-input\":{\"@type\":\"PropertyValueSpecification\",\"valueRequired\":true,\"valueName\":\"search_term_string\"}}],\"inLanguage\":\"es\"},{\"@type\":\"Organization\",\"@id\":\"https:\/\/www.icip.cat\/ca\/#organization\",\"name\":\"ICIP\",\"url\":\"https:\/\/www.icip.cat\/ca\/\",\"logo\":{\"@type\":\"ImageObject\",\"inLanguage\":\"es\",\"@id\":\"https:\/\/www.icip.cat\/ca\/#\/schema\/logo\/image\/\",\"url\":\"https:\/\/www.icip.cat\/wp-content\/uploads\/2021\/02\/logo-2.png\",\"contentUrl\":\"https:\/\/www.icip.cat\/wp-content\/uploads\/2021\/02\/logo-2.png\",\"width\":562,\"height\":391,\"caption\":\"ICIP\"},\"image\":{\"@id\":\"https:\/\/www.icip.cat\/ca\/#\/schema\/logo\/image\/\"}},{\"@type\":\"Person\",\"@id\":\"https:\/\/www.icip.cat\/ca\/#\/schema\/person\/ecaf8460603e6e32c80f3acbf4178fa6\",\"name\":\"Eugenia\",\"image\":{\"@type\":\"ImageObject\",\"inLanguage\":\"es\",\"@id\":\"https:\/\/www.icip.cat\/ca\/#\/schema\/person\/image\/\",\"url\":\"https:\/\/secure.gravatar.com\/avatar\/d30b42e0caf7d7c3d97196ad2e94636c7bb0cc353a49ec8660d01bc0ff98b480?s=96&d=mm&r=g\",\"contentUrl\":\"https:\/\/secure.gravatar.com\/avatar\/d30b42e0caf7d7c3d97196ad2e94636c7bb0cc353a49ec8660d01bc0ff98b480?s=96&d=mm&r=g\",\"caption\":\"Eugenia\"},\"url\":\"https:\/\/www.icip.cat\/es\/author\/eugenia\/\"}]}<\/script>\n<!-- \/ Yoast SEO plugin. -->","yoast_head_json":{"title":"Un activista palestino y uno israel\u00ed reivindican en Barcelona la noviolencia para construir un futuro en paz - ICIP","description":"Ahmed Helou y Elik Elhanan forman parte de Combatants for Peace, organizaci\u00f3n que defiende la resistencia noviolenta y el di\u00e1logo","robots":{"index":"index","follow":"follow","max-snippet":"max-snippet:-1","max-image-preview":"max-image-preview:large","max-video-preview":"max-video-preview:-1"},"canonical":"https:\/\/www.icip.cat\/es\/un-activista-palestino-y-uno-israeli-reivindican-en-barcelona-la-noviolencia-para-construir-un-futuro-en-paz\/","og_locale":"es_ES","og_type":"article","og_title":"Un activista palestino y uno israel\u00ed reivindican en Barcelona la noviolencia para construir un futuro en paz - ICIP","og_description":"Ahmed Helou y Elik Elhanan forman parte de Combatants for Peace, organizaci\u00f3n que defiende la resistencia noviolenta y el di\u00e1logo","og_url":"https:\/\/www.icip.cat\/es\/un-activista-palestino-y-uno-israeli-reivindican-en-barcelona-la-noviolencia-para-construir-un-futuro-en-paz\/","og_site_name":"ICIP","article_published_time":"2026-04-28T11:13:30+00:00","article_modified_time":"2026-04-28T11:13:31+00:00","og_image":[{"width":1600,"height":1066,"url":"https:\/\/www.icip.cat\/wp-content\/uploads\/2026\/04\/99320e54-ba83-4b7e-a1de-4fbecfe6f51f.jpg","type":"image\/jpeg"}],"author":"Eugenia","twitter_card":"summary_large_image","twitter_misc":{"Escrito por":"Eugenia","Tiempo de lectura":"4 minutos"},"schema":{"@context":"https:\/\/schema.org","@graph":[{"@type":"Article","@id":"https:\/\/www.icip.cat\/es\/un-activista-palestino-y-uno-israeli-reivindican-en-barcelona-la-noviolencia-para-construir-un-futuro-en-paz\/#article","isPartOf":{"@id":"https:\/\/www.icip.cat\/es\/un-activista-palestino-y-uno-israeli-reivindican-en-barcelona-la-noviolencia-para-construir-un-futuro-en-paz\/"},"author":{"name":"Eugenia","@id":"https:\/\/www.icip.cat\/ca\/#\/schema\/person\/ecaf8460603e6e32c80f3acbf4178fa6"},"headline":"Un activista palestino y uno israel\u00ed reivindican en Barcelona la noviolencia para construir un futuro en paz","datePublished":"2026-04-28T11:13:30+00:00","dateModified":"2026-04-28T11:13:31+00:00","mainEntityOfPage":{"@id":"https:\/\/www.icip.cat\/es\/un-activista-palestino-y-uno-israeli-reivindican-en-barcelona-la-noviolencia-para-construir-un-futuro-en-paz\/"},"wordCount":565,"publisher":{"@id":"https:\/\/www.icip.cat\/ca\/#organization"},"image":{"@id":"https:\/\/www.icip.cat\/es\/un-activista-palestino-y-uno-israeli-reivindican-en-barcelona-la-noviolencia-para-construir-un-futuro-en-paz\/#primaryimage"},"thumbnailUrl":"https:\/\/www.icip.cat\/wp-content\/uploads\/2026\/04\/99320e54-ba83-4b7e-a1de-4fbecfe6f51f.jpg","articleSection":["Sin categorizar"],"inLanguage":"es"},{"@type":"WebPage","@id":"https:\/\/www.icip.cat\/es\/un-activista-palestino-y-uno-israeli-reivindican-en-barcelona-la-noviolencia-para-construir-un-futuro-en-paz\/","url":"https:\/\/www.icip.cat\/es\/un-activista-palestino-y-uno-israeli-reivindican-en-barcelona-la-noviolencia-para-construir-un-futuro-en-paz\/","name":"Un activista palestino y uno israel\u00ed reivindican en Barcelona la noviolencia para construir un futuro en paz - ICIP","isPartOf":{"@id":"https:\/\/www.icip.cat\/ca\/#website"},"primaryImageOfPage":{"@id":"https:\/\/www.icip.cat\/es\/un-activista-palestino-y-uno-israeli-reivindican-en-barcelona-la-noviolencia-para-construir-un-futuro-en-paz\/#primaryimage"},"image":{"@id":"https:\/\/www.icip.cat\/es\/un-activista-palestino-y-uno-israeli-reivindican-en-barcelona-la-noviolencia-para-construir-un-futuro-en-paz\/#primaryimage"},"thumbnailUrl":"https:\/\/www.icip.cat\/wp-content\/uploads\/2026\/04\/99320e54-ba83-4b7e-a1de-4fbecfe6f51f.jpg","datePublished":"2026-04-28T11:13:30+00:00","dateModified":"2026-04-28T11:13:31+00:00","description":"Ahmed Helou y Elik Elhanan forman parte de Combatants for Peace, organizaci\u00f3n que defiende la resistencia noviolenta y el di\u00e1logo","inLanguage":"es","potentialAction":[{"@type":"ReadAction","target":["https:\/\/www.icip.cat\/es\/un-activista-palestino-y-uno-israeli-reivindican-en-barcelona-la-noviolencia-para-construir-un-futuro-en-paz\/"]}]},{"@type":"ImageObject","inLanguage":"es","@id":"https:\/\/www.icip.cat\/es\/un-activista-palestino-y-uno-israeli-reivindican-en-barcelona-la-noviolencia-para-construir-un-futuro-en-paz\/#primaryimage","url":"https:\/\/www.icip.cat\/wp-content\/uploads\/2026\/04\/99320e54-ba83-4b7e-a1de-4fbecfe6f51f.jpg","contentUrl":"https:\/\/www.icip.cat\/wp-content\/uploads\/2026\/04\/99320e54-ba83-4b7e-a1de-4fbecfe6f51f.jpg","width":1600,"height":1066},{"@type":"WebSite","@id":"https:\/\/www.icip.cat\/ca\/#website","url":"https:\/\/www.icip.cat\/ca\/","name":"ICIP","description":"","publisher":{"@id":"https:\/\/www.icip.cat\/ca\/#organization"},"potentialAction":[{"@type":"SearchAction","target":{"@type":"EntryPoint","urlTemplate":"https:\/\/www.icip.cat\/ca\/?s={search_term_string}"},"query-input":{"@type":"PropertyValueSpecification","valueRequired":true,"valueName":"search_term_string"}}],"inLanguage":"es"},{"@type":"Organization","@id":"https:\/\/www.icip.cat\/ca\/#organization","name":"ICIP","url":"https:\/\/www.icip.cat\/ca\/","logo":{"@type":"ImageObject","inLanguage":"es","@id":"https:\/\/www.icip.cat\/ca\/#\/schema\/logo\/image\/","url":"https:\/\/www.icip.cat\/wp-content\/uploads\/2021\/02\/logo-2.png","contentUrl":"https:\/\/www.icip.cat\/wp-content\/uploads\/2021\/02\/logo-2.png","width":562,"height":391,"caption":"ICIP"},"image":{"@id":"https:\/\/www.icip.cat\/ca\/#\/schema\/logo\/image\/"}},{"@type":"Person","@id":"https:\/\/www.icip.cat\/ca\/#\/schema\/person\/ecaf8460603e6e32c80f3acbf4178fa6","name":"Eugenia","image":{"@type":"ImageObject","inLanguage":"es","@id":"https:\/\/www.icip.cat\/ca\/#\/schema\/person\/image\/","url":"https:\/\/secure.gravatar.com\/avatar\/d30b42e0caf7d7c3d97196ad2e94636c7bb0cc353a49ec8660d01bc0ff98b480?s=96&d=mm&r=g","contentUrl":"https:\/\/secure.gravatar.com\/avatar\/d30b42e0caf7d7c3d97196ad2e94636c7bb0cc353a49ec8660d01bc0ff98b480?s=96&d=mm&r=g","caption":"Eugenia"},"url":"https:\/\/www.icip.cat\/es\/author\/eugenia\/"}]}},"_links":{"self":[{"href":"https:\/\/www.icip.cat\/es\/wp-json\/wp\/v2\/posts\/62309","targetHints":{"allow":["GET"]}}],"collection":[{"href":"https:\/\/www.icip.cat\/es\/wp-json\/wp\/v2\/posts"}],"about":[{"href":"https:\/\/www.icip.cat\/es\/wp-json\/wp\/v2\/types\/post"}],"author":[{"embeddable":true,"href":"https:\/\/www.icip.cat\/es\/wp-json\/wp\/v2\/users\/2"}],"replies":[{"embeddable":true,"href":"https:\/\/www.icip.cat\/es\/wp-json\/wp\/v2\/comments?post=62309"}],"version-history":[{"count":1,"href":"https:\/\/www.icip.cat\/es\/wp-json\/wp\/v2\/posts\/62309\/revisions"}],"predecessor-version":[{"id":62310,"href":"https:\/\/www.icip.cat\/es\/wp-json\/wp\/v2\/posts\/62309\/revisions\/62310"}],"wp:featuredmedia":[{"embeddable":true,"href":"https:\/\/www.icip.cat\/es\/wp-json\/wp\/v2\/media\/62292"}],"wp:attachment":[{"href":"https:\/\/www.icip.cat\/es\/wp-json\/wp\/v2\/media?parent=62309"}],"wp:term":[{"taxonomy":"category","embeddable":true,"href":"https:\/\/www.icip.cat\/es\/wp-json\/wp\/v2\/categories?post=62309"},{"taxonomy":"post_tag","embeddable":true,"href":"https:\/\/www.icip.cat\/es\/wp-json\/wp\/v2\/tags?post=62309"}],"curies":[{"name":"wp","href":"https:\/\/api.w.org\/{rel}","templated":true}]}}