{"id":62324,"date":"2026-04-28T16:30:02","date_gmt":"2026-04-28T16:30:02","guid":{"rendered":"https:\/\/www.icip.cat\/?p=62324"},"modified":"2026-04-28T16:30:03","modified_gmt":"2026-04-28T16:30:03","slug":"educacion-y-narrativas-transformadoras-contra-el-odio-y-la-desinformacion","status":"publish","type":"post","link":"https:\/\/www.icip.cat\/es\/educacion-y-narrativas-transformadoras-contra-el-odio-y-la-desinformacion\/","title":{"rendered":"Educaci\u00f3n y narrativas transformadoras contra el odio y la desinformaci\u00f3n"},"content":{"rendered":"\n<p>En marzo y abril el ICIP ha organizado el ciclo de debates \u00ab\u00bf<strong>Qui\u00e9n entrena tu mente? Desinformaci\u00f3n, polarizaci\u00f3n y discursos de odio<\/strong>\u00ab, como complemento de la exposici\u00f3n \u00ab<a href=\"https:\/\/palaurobert.gencat.cat\/ca\/exposicions\/sala2\/2026\/polsxtrems.-el-teu-gimnas-per-entrenar-el-pensament-critic-\/\">PolsXtrems<\/a>\u00ab, que se puede visitar hasta el 17 de mayo en el Palau Robert de Barcelona. La muestra recrea un gimnasio donde entrenar el pensamiento cr\u00edtico y poner a prueba las capacidades de di\u00e1logo y escucha de opiniones diferentes, en el contexto de creciente polarizaci\u00f3n pol\u00edtica y social e incremento de la desinformaci\u00f3n y de normalizaci\u00f3n de las narrativas excluyentes.<\/p>\n\n\n\n<h3 class=\"wp-block-heading\">La desinformaci\u00f3n emocional y la necesidad de alfabetizaci\u00f3n medi\u00e1tica<\/h3>\n\n\n\n<p>El primer debate, celebrado el 25 de marzo con el t\u00edtulo \u00ab<strong>Riesgos de la desinformaci\u00f3n<\/strong>\u00ab, se centr\u00f3 en los mecanismos que propagan la desinformaci\u00f3n -amplificada sobretodo en las redes sociales- y en la necesidad de desarrollar herramientas para combatirla.<\/p>\n\n\n\n<p>Participaron Laura Pinyol, vicepresidenta del Consejo del Audiovisual de Catalunya; Ona Sindreu, periodista de datos y coordinadora de la redacci\u00f3n de Verificat, y Nereida Carrillo, doctora en Periodismo y Comunicaci\u00f3n y directora de la asociaci\u00f3n Learn to Check. La moderaci\u00f3n corri\u00f3 a cargo de Sergi Picazo, periodista de Cr\u00edtic.<\/p>\n\n\n\n<p>Las ponentes debatieron sobre c\u00f3mo los medios de comunicaci\u00f3n tradicionales compiten con las redes sociales en la difusi\u00f3n de informaci\u00f3n, y c\u00f3mo precisamente las plataformas tecnol\u00f3gicas viralizan las noticias falsas y promueven contenidos que apelan a la emotividad y fomentan las opiniones m\u00e1s extremas. Para hacerle frente, las participantes hicieron hincapi\u00e9 en promover herramientas de verificaci\u00f3n de contenidos, la regulaci\u00f3n de las plataformas y la alfabetizaci\u00f3n medi\u00e1tica. Por ejemplo, Carrillo present\u00f3 el m\u00e9todo PANTERA, basado en analizar los contenidos a partir de su procedencia, autor\u00eda, novedad, tono, evidencia, r\u00e9plicas y ampliaci\u00f3n.<\/p>\n\n\n\n<figure class=\"wp-block-embed aligncenter is-type-video is-provider-youtube wp-block-embed-youtube wp-embed-aspect-16-9 wp-has-aspect-ratio\"><div class=\"wp-block-embed__wrapper\">\n<iframe title=\"&quot;Riscos de la desinformaci\u00f3&quot;\" width=\"640\" height=\"360\" src=\"https:\/\/www.youtube.com\/embed\/c09ScBHaR08?start=429&#038;feature=oembed\" frameborder=\"0\" allow=\"accelerometer; autoplay; clipboard-write; encrypted-media; gyroscope; picture-in-picture; web-share\" referrerpolicy=\"strict-origin-when-cross-origin\" allowfullscreen><\/iframe>\n<\/div><\/figure>\n\n\n\n<h3 class=\"wp-block-heading\"><strong>Los algoritmos, motores de la polarizaci\u00f3n<\/strong><\/h3>\n\n\n\n<p>La segunda sesi\u00f3n del ciclo, celebrada el 8 de abril, llev\u00f3 por t\u00edtulo \u00ab<strong>Algoritmos, poder y polarizaci\u00f3n<\/strong>\u00bb y cont\u00f3 con la participaci\u00f3n de Emma Fraxanet, doctora en Tecnolog\u00edas de la Informaci\u00f3n y Comunicaci\u00f3n e investigadora postdoctoral en el Barcelona Supercomputing Center; y Karma Peir\u00f3, cofundadora y directora ejecutiva de la Fundaci\u00f3n Visualizaci\u00f3n por la Transparencia. La moderaci\u00f3n corri\u00f3 a cargo de Rita Costa, de Build Up.<\/p>\n\n\n\n<p>El debate se centr\u00f3 en la responsabilidad de las plataformas digitales y su modelo de negocio en el fomento de la polarizaci\u00f3n t\u00f3xica. Se presentaron investigaciones que demuestran que redes como Facebook o X favorecen estructuralmente el conflicto y la toxicidad, ya que los contenidos m\u00e1s extremos son los que generan m\u00e1s interacci\u00f3n y, por tanto, m\u00e1s beneficio econ\u00f3mico.<\/p>\n\n\n\n<p>Como contrapunto a esta situaci\u00f3n, las expertas apuntaron alternativas concretas: el dise\u00f1o prosocial (<em>Prosocial Network Design<\/em>), que promueve algoritmos orientados al di\u00e1logo y a conectar puntos de vista divergentes desde el entendimiento, y la nueva regulaci\u00f3n europea, como la Ley de Servicios Digitales, para exigir transparencia a las grandes tecnol\u00f3gicas y fomentar redes m\u00e1s locales y \u00e9ticas.<\/p>\n\n\n\n<figure class=\"wp-block-embed aligncenter is-type-video is-provider-youtube wp-block-embed-youtube wp-embed-aspect-16-9 wp-has-aspect-ratio\"><div class=\"wp-block-embed__wrapper\">\n<iframe title=\"&quot;Algoritmes, poder i la polaritzaci\u00f3&quot;\" width=\"640\" height=\"360\" src=\"https:\/\/www.youtube.com\/embed\/019cuHvbVWY?start=4062&#038;feature=oembed\" frameborder=\"0\" allow=\"accelerometer; autoplay; clipboard-write; encrypted-media; gyroscope; picture-in-picture; web-share\" referrerpolicy=\"strict-origin-when-cross-origin\" allowfullscreen><\/iframe>\n<\/div><\/figure>\n\n\n\n<h3 class=\"wp-block-heading\"><strong>La normalizaci\u00f3n de los discursos de odio<\/strong><\/h3>\n\n\n\n<p>El ciclo se cerr\u00f3 el 22 de abril con la mesa \u201cI<strong>mpacto y narrativas de los discursos de odio: \u00bfc\u00f3mo hacer frente?<\/strong>\u201d, con la participaci\u00f3n de Cheikh Drame, presidente de SOS Racisme; \u00c1ngeles Schjaer, coordinadora pedag\u00f3gica de Open Arms; y J\u00falia Vig\u00f3, responsable de Pol\u00edticas de Igualdad y Feminismos de la Taula del Tercer Sector Social. La moderaci\u00f3n corri\u00f3 a cargo de Pablo Aguiar, director de FundiPau.<\/p>\n\n\n\n<p>La sesi\u00f3n alert\u00f3 sobre la propagaci\u00f3n y normalizaci\u00f3n de los discursos excluyentes en la esfera p\u00fablica, medi\u00e1tica y pol\u00edtica. Los participantes recordaron que el odio no es un fen\u00f3meno nuevo, sino que responde a estructuras hist\u00f3ricas de discriminaci\u00f3n (racistas, machistas y clasistas), que han servido para justificar la deshumanizaci\u00f3n del \u00abotro\u00bb. Los ponentes denunciaron el racismo institucional y las pol\u00edticas europeas de fronteras, que a menudo condenan a las personas migrantes a situaciones de vulnerabilidad extrema, y \u200b\u200breinvidicaron el trabajo en red y la movilizaci\u00f3n ciudadana ante las pol\u00edticas que fomentan el odio y exclusi\u00f3n. La sesi\u00f3n tambi\u00e9n abord\u00f3 c\u00f3mo combatir los discursos de odio con narrativas transformadoras.<\/p>\n\n\n\n<figure class=\"wp-block-embed aligncenter is-type-video is-provider-youtube wp-block-embed-youtube wp-embed-aspect-16-9 wp-has-aspect-ratio\"><div class=\"wp-block-embed__wrapper\">\n<iframe title=\"&quot;Impacte i narrativa dels discursos d&#039;odi&quot;\" width=\"640\" height=\"360\" src=\"https:\/\/www.youtube.com\/embed\/r57_FQoZutM?feature=oembed\" frameborder=\"0\" allow=\"accelerometer; autoplay; clipboard-write; encrypted-media; gyroscope; picture-in-picture; web-share\" referrerpolicy=\"strict-origin-when-cross-origin\" allowfullscreen><\/iframe>\n<\/div><\/figure>\n\n\n\n<p>El ciclo de debates ha puesto de manifiesto la importancia de promover una educaci\u00f3n basada en el respeto a los derechos humanos, la necesidad de fomentar el pensamiento cr\u00edtico y apostar por un sistema que ponga en el centro la justicia social, la tecnolog\u00eda \u00e9tica y la igualdad de oportunidades.<\/p>\n","protected":false},"excerpt":{"rendered":"<p>En marzo y abril el ICIP ha organizado el ciclo de debates \u00ab\u00bfQui\u00e9n entrena tu mente? Desinformaci\u00f3n, polarizaci\u00f3n y discursos de odio\u00ab, como complemento de la exposici\u00f3n \u00abPolsXtrems\u00ab, que se puede visitar hasta el 17 de mayo en el Palau Robert de Barcelona. La muestra recrea un gimnasio donde entrenar el pensamiento cr\u00edtico y poner [&hellip;]<\/p>\n","protected":false},"author":2,"featured_media":62231,"comment_status":"closed","ping_status":"closed","sticky":false,"template":"","format":"standard","meta":{"_acf_changed":false,"footnotes":""},"categories":[5],"tags":[],"class_list":["post-62324","post","type-post","status-publish","format-standard","has-post-thumbnail","hentry","category-sin-categorizar"],"acf":[],"yoast_head":"<!-- This site is optimized with the Yoast SEO plugin v25.6 - https:\/\/yoast.com\/wordpress\/plugins\/seo\/ -->\n<title>Educaci\u00f3n y narrativas transformadoras contra el odio y la desinformaci\u00f3n - ICIP<\/title>\n<meta name=\"description\" content=\"Ciclo de debates sobre desinformaci\u00f3n, polarizaci\u00f3n y discursos de odio que complementan la exposici\u00f3n &quot;PolsXtrems&quot;\" \/>\n<meta name=\"robots\" content=\"index, follow, max-snippet:-1, max-image-preview:large, max-video-preview:-1\" \/>\n<link rel=\"canonical\" href=\"https:\/\/www.icip.cat\/es\/educacion-y-narrativas-transformadoras-contra-el-odio-y-la-desinformacion\/\" \/>\n<meta property=\"og:locale\" content=\"es_ES\" \/>\n<meta property=\"og:type\" content=\"article\" \/>\n<meta property=\"og:title\" content=\"Educaci\u00f3n y narrativas transformadoras contra el odio y la desinformaci\u00f3n - ICIP\" \/>\n<meta property=\"og:description\" content=\"Ciclo de debates sobre desinformaci\u00f3n, polarizaci\u00f3n y discursos de odio que complementan la exposici\u00f3n &quot;PolsXtrems&quot;\" \/>\n<meta property=\"og:url\" content=\"https:\/\/www.icip.cat\/es\/educacion-y-narrativas-transformadoras-contra-el-odio-y-la-desinformacion\/\" \/>\n<meta property=\"og:site_name\" content=\"ICIP\" \/>\n<meta property=\"article:published_time\" content=\"2026-04-28T16:30:02+00:00\" \/>\n<meta property=\"article:modified_time\" content=\"2026-04-28T16:30:03+00:00\" \/>\n<meta property=\"og:image\" content=\"https:\/\/www.icip.cat\/wp-content\/uploads\/2026\/04\/HEUzk8fWgAAl_eE.jpg\" \/>\n\t<meta property=\"og:image:width\" content=\"680\" \/>\n\t<meta property=\"og:image:height\" content=\"510\" \/>\n\t<meta property=\"og:image:type\" content=\"image\/jpeg\" \/>\n<meta name=\"author\" content=\"Eugenia\" \/>\n<meta name=\"twitter:card\" content=\"summary_large_image\" \/>\n<meta name=\"twitter:label1\" content=\"Escrito por\" \/>\n\t<meta name=\"twitter:data1\" content=\"Eugenia\" \/>\n\t<meta name=\"twitter:label2\" content=\"Tiempo de lectura\" \/>\n\t<meta name=\"twitter:data2\" content=\"4 minutos\" \/>\n<script type=\"application\/ld+json\" class=\"yoast-schema-graph\">{\"@context\":\"https:\/\/schema.org\",\"@graph\":[{\"@type\":\"Article\",\"@id\":\"https:\/\/www.icip.cat\/es\/educacion-y-narrativas-transformadoras-contra-el-odio-y-la-desinformacion\/#article\",\"isPartOf\":{\"@id\":\"https:\/\/www.icip.cat\/es\/educacion-y-narrativas-transformadoras-contra-el-odio-y-la-desinformacion\/\"},\"author\":{\"name\":\"Eugenia\",\"@id\":\"https:\/\/www.icip.cat\/ca\/#\/schema\/person\/ecaf8460603e6e32c80f3acbf4178fa6\"},\"headline\":\"Educaci\u00f3n y narrativas transformadoras contra el odio y la desinformaci\u00f3n\",\"datePublished\":\"2026-04-28T16:30:02+00:00\",\"dateModified\":\"2026-04-28T16:30:03+00:00\",\"mainEntityOfPage\":{\"@id\":\"https:\/\/www.icip.cat\/es\/educacion-y-narrativas-transformadoras-contra-el-odio-y-la-desinformacion\/\"},\"wordCount\":819,\"publisher\":{\"@id\":\"https:\/\/www.icip.cat\/ca\/#organization\"},\"image\":{\"@id\":\"https:\/\/www.icip.cat\/es\/educacion-y-narrativas-transformadoras-contra-el-odio-y-la-desinformacion\/#primaryimage\"},\"thumbnailUrl\":\"https:\/\/www.icip.cat\/wp-content\/uploads\/2026\/04\/HEUzk8fWgAAl_eE.jpg\",\"articleSection\":[\"Sin categorizar\"],\"inLanguage\":\"es\"},{\"@type\":\"WebPage\",\"@id\":\"https:\/\/www.icip.cat\/es\/educacion-y-narrativas-transformadoras-contra-el-odio-y-la-desinformacion\/\",\"url\":\"https:\/\/www.icip.cat\/es\/educacion-y-narrativas-transformadoras-contra-el-odio-y-la-desinformacion\/\",\"name\":\"Educaci\u00f3n y narrativas transformadoras contra el odio y la desinformaci\u00f3n - ICIP\",\"isPartOf\":{\"@id\":\"https:\/\/www.icip.cat\/ca\/#website\"},\"primaryImageOfPage\":{\"@id\":\"https:\/\/www.icip.cat\/es\/educacion-y-narrativas-transformadoras-contra-el-odio-y-la-desinformacion\/#primaryimage\"},\"image\":{\"@id\":\"https:\/\/www.icip.cat\/es\/educacion-y-narrativas-transformadoras-contra-el-odio-y-la-desinformacion\/#primaryimage\"},\"thumbnailUrl\":\"https:\/\/www.icip.cat\/wp-content\/uploads\/2026\/04\/HEUzk8fWgAAl_eE.jpg\",\"datePublished\":\"2026-04-28T16:30:02+00:00\",\"dateModified\":\"2026-04-28T16:30:03+00:00\",\"description\":\"Ciclo de debates sobre desinformaci\u00f3n, polarizaci\u00f3n y discursos de odio que complementan la exposici\u00f3n \\\"PolsXtrems\\\"\",\"inLanguage\":\"es\",\"potentialAction\":[{\"@type\":\"ReadAction\",\"target\":[\"https:\/\/www.icip.cat\/es\/educacion-y-narrativas-transformadoras-contra-el-odio-y-la-desinformacion\/\"]}]},{\"@type\":\"ImageObject\",\"inLanguage\":\"es\",\"@id\":\"https:\/\/www.icip.cat\/es\/educacion-y-narrativas-transformadoras-contra-el-odio-y-la-desinformacion\/#primaryimage\",\"url\":\"https:\/\/www.icip.cat\/wp-content\/uploads\/2026\/04\/HEUzk8fWgAAl_eE.jpg\",\"contentUrl\":\"https:\/\/www.icip.cat\/wp-content\/uploads\/2026\/04\/HEUzk8fWgAAl_eE.jpg\",\"width\":680,\"height\":510},{\"@type\":\"WebSite\",\"@id\":\"https:\/\/www.icip.cat\/ca\/#website\",\"url\":\"https:\/\/www.icip.cat\/ca\/\",\"name\":\"ICIP\",\"description\":\"\",\"publisher\":{\"@id\":\"https:\/\/www.icip.cat\/ca\/#organization\"},\"potentialAction\":[{\"@type\":\"SearchAction\",\"target\":{\"@type\":\"EntryPoint\",\"urlTemplate\":\"https:\/\/www.icip.cat\/ca\/?s={search_term_string}\"},\"query-input\":{\"@type\":\"PropertyValueSpecification\",\"valueRequired\":true,\"valueName\":\"search_term_string\"}}],\"inLanguage\":\"es\"},{\"@type\":\"Organization\",\"@id\":\"https:\/\/www.icip.cat\/ca\/#organization\",\"name\":\"ICIP\",\"url\":\"https:\/\/www.icip.cat\/ca\/\",\"logo\":{\"@type\":\"ImageObject\",\"inLanguage\":\"es\",\"@id\":\"https:\/\/www.icip.cat\/ca\/#\/schema\/logo\/image\/\",\"url\":\"https:\/\/www.icip.cat\/wp-content\/uploads\/2021\/02\/logo-2.png\",\"contentUrl\":\"https:\/\/www.icip.cat\/wp-content\/uploads\/2021\/02\/logo-2.png\",\"width\":562,\"height\":391,\"caption\":\"ICIP\"},\"image\":{\"@id\":\"https:\/\/www.icip.cat\/ca\/#\/schema\/logo\/image\/\"}},{\"@type\":\"Person\",\"@id\":\"https:\/\/www.icip.cat\/ca\/#\/schema\/person\/ecaf8460603e6e32c80f3acbf4178fa6\",\"name\":\"Eugenia\",\"image\":{\"@type\":\"ImageObject\",\"inLanguage\":\"es\",\"@id\":\"https:\/\/www.icip.cat\/ca\/#\/schema\/person\/image\/\",\"url\":\"https:\/\/secure.gravatar.com\/avatar\/d30b42e0caf7d7c3d97196ad2e94636c7bb0cc353a49ec8660d01bc0ff98b480?s=96&d=mm&r=g\",\"contentUrl\":\"https:\/\/secure.gravatar.com\/avatar\/d30b42e0caf7d7c3d97196ad2e94636c7bb0cc353a49ec8660d01bc0ff98b480?s=96&d=mm&r=g\",\"caption\":\"Eugenia\"},\"url\":\"https:\/\/www.icip.cat\/es\/author\/eugenia\/\"}]}<\/script>\n<!-- \/ Yoast SEO plugin. -->","yoast_head_json":{"title":"Educaci\u00f3n y narrativas transformadoras contra el odio y la desinformaci\u00f3n - ICIP","description":"Ciclo de debates sobre desinformaci\u00f3n, polarizaci\u00f3n y discursos de odio que complementan la exposici\u00f3n \"PolsXtrems\"","robots":{"index":"index","follow":"follow","max-snippet":"max-snippet:-1","max-image-preview":"max-image-preview:large","max-video-preview":"max-video-preview:-1"},"canonical":"https:\/\/www.icip.cat\/es\/educacion-y-narrativas-transformadoras-contra-el-odio-y-la-desinformacion\/","og_locale":"es_ES","og_type":"article","og_title":"Educaci\u00f3n y narrativas transformadoras contra el odio y la desinformaci\u00f3n - ICIP","og_description":"Ciclo de debates sobre desinformaci\u00f3n, polarizaci\u00f3n y discursos de odio que complementan la exposici\u00f3n \"PolsXtrems\"","og_url":"https:\/\/www.icip.cat\/es\/educacion-y-narrativas-transformadoras-contra-el-odio-y-la-desinformacion\/","og_site_name":"ICIP","article_published_time":"2026-04-28T16:30:02+00:00","article_modified_time":"2026-04-28T16:30:03+00:00","og_image":[{"width":680,"height":510,"url":"https:\/\/www.icip.cat\/wp-content\/uploads\/2026\/04\/HEUzk8fWgAAl_eE.jpg","type":"image\/jpeg"}],"author":"Eugenia","twitter_card":"summary_large_image","twitter_misc":{"Escrito por":"Eugenia","Tiempo de lectura":"4 minutos"},"schema":{"@context":"https:\/\/schema.org","@graph":[{"@type":"Article","@id":"https:\/\/www.icip.cat\/es\/educacion-y-narrativas-transformadoras-contra-el-odio-y-la-desinformacion\/#article","isPartOf":{"@id":"https:\/\/www.icip.cat\/es\/educacion-y-narrativas-transformadoras-contra-el-odio-y-la-desinformacion\/"},"author":{"name":"Eugenia","@id":"https:\/\/www.icip.cat\/ca\/#\/schema\/person\/ecaf8460603e6e32c80f3acbf4178fa6"},"headline":"Educaci\u00f3n y narrativas transformadoras contra el odio y la desinformaci\u00f3n","datePublished":"2026-04-28T16:30:02+00:00","dateModified":"2026-04-28T16:30:03+00:00","mainEntityOfPage":{"@id":"https:\/\/www.icip.cat\/es\/educacion-y-narrativas-transformadoras-contra-el-odio-y-la-desinformacion\/"},"wordCount":819,"publisher":{"@id":"https:\/\/www.icip.cat\/ca\/#organization"},"image":{"@id":"https:\/\/www.icip.cat\/es\/educacion-y-narrativas-transformadoras-contra-el-odio-y-la-desinformacion\/#primaryimage"},"thumbnailUrl":"https:\/\/www.icip.cat\/wp-content\/uploads\/2026\/04\/HEUzk8fWgAAl_eE.jpg","articleSection":["Sin categorizar"],"inLanguage":"es"},{"@type":"WebPage","@id":"https:\/\/www.icip.cat\/es\/educacion-y-narrativas-transformadoras-contra-el-odio-y-la-desinformacion\/","url":"https:\/\/www.icip.cat\/es\/educacion-y-narrativas-transformadoras-contra-el-odio-y-la-desinformacion\/","name":"Educaci\u00f3n y narrativas transformadoras contra el odio y la desinformaci\u00f3n - ICIP","isPartOf":{"@id":"https:\/\/www.icip.cat\/ca\/#website"},"primaryImageOfPage":{"@id":"https:\/\/www.icip.cat\/es\/educacion-y-narrativas-transformadoras-contra-el-odio-y-la-desinformacion\/#primaryimage"},"image":{"@id":"https:\/\/www.icip.cat\/es\/educacion-y-narrativas-transformadoras-contra-el-odio-y-la-desinformacion\/#primaryimage"},"thumbnailUrl":"https:\/\/www.icip.cat\/wp-content\/uploads\/2026\/04\/HEUzk8fWgAAl_eE.jpg","datePublished":"2026-04-28T16:30:02+00:00","dateModified":"2026-04-28T16:30:03+00:00","description":"Ciclo de debates sobre desinformaci\u00f3n, polarizaci\u00f3n y discursos de odio que complementan la exposici\u00f3n \"PolsXtrems\"","inLanguage":"es","potentialAction":[{"@type":"ReadAction","target":["https:\/\/www.icip.cat\/es\/educacion-y-narrativas-transformadoras-contra-el-odio-y-la-desinformacion\/"]}]},{"@type":"ImageObject","inLanguage":"es","@id":"https:\/\/www.icip.cat\/es\/educacion-y-narrativas-transformadoras-contra-el-odio-y-la-desinformacion\/#primaryimage","url":"https:\/\/www.icip.cat\/wp-content\/uploads\/2026\/04\/HEUzk8fWgAAl_eE.jpg","contentUrl":"https:\/\/www.icip.cat\/wp-content\/uploads\/2026\/04\/HEUzk8fWgAAl_eE.jpg","width":680,"height":510},{"@type":"WebSite","@id":"https:\/\/www.icip.cat\/ca\/#website","url":"https:\/\/www.icip.cat\/ca\/","name":"ICIP","description":"","publisher":{"@id":"https:\/\/www.icip.cat\/ca\/#organization"},"potentialAction":[{"@type":"SearchAction","target":{"@type":"EntryPoint","urlTemplate":"https:\/\/www.icip.cat\/ca\/?s={search_term_string}"},"query-input":{"@type":"PropertyValueSpecification","valueRequired":true,"valueName":"search_term_string"}}],"inLanguage":"es"},{"@type":"Organization","@id":"https:\/\/www.icip.cat\/ca\/#organization","name":"ICIP","url":"https:\/\/www.icip.cat\/ca\/","logo":{"@type":"ImageObject","inLanguage":"es","@id":"https:\/\/www.icip.cat\/ca\/#\/schema\/logo\/image\/","url":"https:\/\/www.icip.cat\/wp-content\/uploads\/2021\/02\/logo-2.png","contentUrl":"https:\/\/www.icip.cat\/wp-content\/uploads\/2021\/02\/logo-2.png","width":562,"height":391,"caption":"ICIP"},"image":{"@id":"https:\/\/www.icip.cat\/ca\/#\/schema\/logo\/image\/"}},{"@type":"Person","@id":"https:\/\/www.icip.cat\/ca\/#\/schema\/person\/ecaf8460603e6e32c80f3acbf4178fa6","name":"Eugenia","image":{"@type":"ImageObject","inLanguage":"es","@id":"https:\/\/www.icip.cat\/ca\/#\/schema\/person\/image\/","url":"https:\/\/secure.gravatar.com\/avatar\/d30b42e0caf7d7c3d97196ad2e94636c7bb0cc353a49ec8660d01bc0ff98b480?s=96&d=mm&r=g","contentUrl":"https:\/\/secure.gravatar.com\/avatar\/d30b42e0caf7d7c3d97196ad2e94636c7bb0cc353a49ec8660d01bc0ff98b480?s=96&d=mm&r=g","caption":"Eugenia"},"url":"https:\/\/www.icip.cat\/es\/author\/eugenia\/"}]}},"_links":{"self":[{"href":"https:\/\/www.icip.cat\/es\/wp-json\/wp\/v2\/posts\/62324","targetHints":{"allow":["GET"]}}],"collection":[{"href":"https:\/\/www.icip.cat\/es\/wp-json\/wp\/v2\/posts"}],"about":[{"href":"https:\/\/www.icip.cat\/es\/wp-json\/wp\/v2\/types\/post"}],"author":[{"embeddable":true,"href":"https:\/\/www.icip.cat\/es\/wp-json\/wp\/v2\/users\/2"}],"replies":[{"embeddable":true,"href":"https:\/\/www.icip.cat\/es\/wp-json\/wp\/v2\/comments?post=62324"}],"version-history":[{"count":1,"href":"https:\/\/www.icip.cat\/es\/wp-json\/wp\/v2\/posts\/62324\/revisions"}],"predecessor-version":[{"id":62328,"href":"https:\/\/www.icip.cat\/es\/wp-json\/wp\/v2\/posts\/62324\/revisions\/62328"}],"wp:featuredmedia":[{"embeddable":true,"href":"https:\/\/www.icip.cat\/es\/wp-json\/wp\/v2\/media\/62231"}],"wp:attachment":[{"href":"https:\/\/www.icip.cat\/es\/wp-json\/wp\/v2\/media?parent=62324"}],"wp:term":[{"taxonomy":"category","embeddable":true,"href":"https:\/\/www.icip.cat\/es\/wp-json\/wp\/v2\/categories?post=62324"},{"taxonomy":"post_tag","embeddable":true,"href":"https:\/\/www.icip.cat\/es\/wp-json\/wp\/v2\/tags?post=62324"}],"curies":[{"name":"wp","href":"https:\/\/api.w.org\/{rel}","templated":true}]}}