{"id":6439,"date":"2011-10-25T08:00:00","date_gmt":"2011-10-25T08:00:00","guid":{"rendered":"http:\/\/www.icip.cat\/el-parlament-recibe-el-premio-icip-constructores-de-paz\/"},"modified":"2021-09-20T09:14:31","modified_gmt":"2021-09-20T09:14:31","slug":"el-parlament-recibe-el-premio-icip-constructores-de-paz","status":"publish","type":"post","link":"https:\/\/www.icip.cat\/es\/el-parlament-recibe-el-premio-icip-constructores-de-paz\/","title":{"rendered":"El Parlament recibe el Premio ICIP Constructores de Paz"},"content":{"rendered":"<p>El Instituto Catal\u00e1n Internacional para la Paz (ICIP) ha entregado el Premio ICIP Constructores de Paz, en edici\u00f3n extraordinaria, al Parlament de Catalunya en &#8216;representar y simbolizar, como m\u00e1ximo exponente de la soberan\u00eda que emana del pueblo de Catalu\u00f1a, la continuidad y el legado de las instituciones, y las costumbres y las pr\u00e1cticas de nuestros antepasados, en que el pacto, el di\u00e1logo y la soluci\u00f3n pac\u00edfica de controversias tienen un fuerte arraigo.<\/p>\n<p>El galard\u00f3n, una escultura creada por el premio Nobel de la Paz Adolfo P\u00e9rez Esquivel y llamada Puerta del Sol, lo ha recibido la presidenta del Parlament, N\u00faria de Gispert, de manos del presidente del ICIP, Rafael Grasa, quien ha recordado la tradici\u00f3n pactista de Catalu\u00f1a y el parlamentarismo catal\u00e1n, como hizo Pau Casals ante la Asamblea General de las Naciones Unidas, en 1971. Grasa ha evocado las instituciones catalanas de Pau i Treva y el Consolat del Mar y ha destacado que &#8216;la concepci\u00f3n de paz de Casals coincide con la noci\u00f3n actual de paz, entendida como proceso multidimensional, como paz positiva: la paz es algo m\u00e1s que la ausencia de guerra, la paz y la libertad son indivisibles&#8217;. Por su parte, la presidenta del Parlament, ha agradecido &#8216;el premio colectivo al pueblo de Catalu\u00f1a y a sus ansias y sus proyectos de libertad y paz&#8217; y ha destacado la &#8216;clara vocaci\u00f3n internacional&#8217; de Catalu\u00f1a por los derechos humanos.<\/p>\n<p>La entrega del premio se ha hecho en el transcurso del acto de conmemoraci\u00f3n del 40\u00ba aniversario del discurso que Pau Casals pronunci\u00f3 ante la Asamblea General de las Naciones Unidas, en el Parlament. El acto ha empezado con la proyecci\u00f3n de las palabras del violonchelista en la ONU y ha contado tambi\u00e9n con la intervenci\u00f3n del presidente de la Fundaci\u00f3n Pau Casals, el padre abad del monasterio de Santa Maria de Montserrat, Josep M. Soler, qui\u00e9n ha definido a Pau Casals como &#8216;la ense\u00f1a de la cultura de la paz, la libertad y la fraternidad&#8217;. La conmemoraci\u00f3n la ha cerrado el concierto del Orfe\u00f3 Lleidat\u00e0.<\/p>\n<p><strong>Premio ICIP Constructores de Paz<\/strong><br \/>El Premio ICIP Constructores de Paz fue creado por la Junta de Gobierno del ICIP para reconocer el trabajo de personas o colectivos en favor de la paz. Paralelamente a la edici\u00f3n extraordinaria que ha recibido el Parlament, este oto\u00f1o se ha abierto la convocatoria ordinaria del primer premio ICIP Constructores de Paz. La convocatoria finaliza el pr\u00f3ximo 1 de noviembre y el premio se entregar\u00e1 en 2012.<\/p>\n<p>El galard\u00f3n tiene car\u00e1cter anual y consiste en una distinci\u00f3n honor\u00edfica, un reconocimiento p\u00fablico y una escultura creada por el Premio Nobel de la Paz, activista y artista Adolfo P\u00e9rez Esquivel, llamada Puerta del Sol.<br \/>Noticia relacionada: Premio ICIP Constructores de Paz 2011<\/p>\n\n\n<p><\/p>\n","protected":false},"excerpt":{"rendered":"<p>El ICIP entrega el galard\u00f3n en el acto de conmemoraci\u00f3n del discurso de Pau Casals en Naciones Unidas.<\/p>\n","protected":false},"author":1,"featured_media":6440,"comment_status":"closed","ping_status":"open","sticky":false,"template":"","format":"standard","meta":{"_acf_changed":false,"footnotes":""},"categories":[4,5],"tags":[],"class_list":["post-6439","post","type-post","status-publish","format-standard","has-post-thumbnail","hentry","category-sense-categoria","category-sin-categorizar"],"acf":[],"yoast_head":"<!-- This site is optimized with the Yoast SEO plugin v25.6 - https:\/\/yoast.com\/wordpress\/plugins\/seo\/ -->\n<title>El Parlament recibe el Premio ICIP Constructores de Paz - ICIP<\/title>\n<meta name=\"robots\" content=\"index, follow, max-snippet:-1, max-image-preview:large, max-video-preview:-1\" \/>\n<link rel=\"canonical\" href=\"https:\/\/www.icip.cat\/es\/el-parlament-recibe-el-premio-icip-constructores-de-paz\/\" \/>\n<meta property=\"og:locale\" content=\"es_ES\" \/>\n<meta property=\"og:type\" content=\"article\" \/>\n<meta property=\"og:title\" content=\"El Parlament recibe el Premio ICIP Constructores de Paz - ICIP\" \/>\n<meta property=\"og:description\" content=\"El ICIP entrega el galard\u00f3n en el acto de conmemoraci\u00f3n del discurso de Pau Casals en Naciones Unidas.\" \/>\n<meta property=\"og:url\" content=\"https:\/\/www.icip.cat\/es\/el-parlament-recibe-el-premio-icip-constructores-de-paz\/\" \/>\n<meta property=\"og:site_name\" content=\"ICIP\" \/>\n<meta property=\"article:published_time\" content=\"2011-10-25T08:00:00+00:00\" \/>\n<meta property=\"article:modified_time\" content=\"2021-09-20T09:14:31+00:00\" \/>\n<meta property=\"og:image\" content=\"https:\/\/www.icip.cat\/wp-content\/uploads\/2011\/10\/fotopremi-1.jpg_1719037720-1.jpg\" \/>\n\t<meta property=\"og:image:width\" content=\"190\" \/>\n\t<meta property=\"og:image:height\" content=\"144\" \/>\n\t<meta property=\"og:image:type\" content=\"image\/jpeg\" \/>\n<meta name=\"author\" content=\"whads\" \/>\n<meta name=\"twitter:card\" content=\"summary_large_image\" \/>\n<meta name=\"twitter:label1\" content=\"Escrito por\" \/>\n\t<meta name=\"twitter:data1\" content=\"whads\" \/>\n\t<meta name=\"twitter:label2\" content=\"Tiempo de lectura\" \/>\n\t<meta name=\"twitter:data2\" content=\"2 minutos\" \/>\n<script type=\"application\/ld+json\" class=\"yoast-schema-graph\">{\"@context\":\"https:\/\/schema.org\",\"@graph\":[{\"@type\":\"Article\",\"@id\":\"https:\/\/www.icip.cat\/es\/el-parlament-recibe-el-premio-icip-constructores-de-paz\/#article\",\"isPartOf\":{\"@id\":\"https:\/\/www.icip.cat\/es\/el-parlament-recibe-el-premio-icip-constructores-de-paz\/\"},\"author\":{\"name\":\"whads\",\"@id\":\"https:\/\/www.icip.cat\/ca\/#\/schema\/person\/35404003404833995eee2bb6e3115dc6\"},\"headline\":\"El Parlament recibe el Premio ICIP Constructores de Paz\",\"datePublished\":\"2011-10-25T08:00:00+00:00\",\"dateModified\":\"2021-09-20T09:14:31+00:00\",\"mainEntityOfPage\":{\"@id\":\"https:\/\/www.icip.cat\/es\/el-parlament-recibe-el-premio-icip-constructores-de-paz\/\"},\"wordCount\":496,\"publisher\":{\"@id\":\"https:\/\/www.icip.cat\/ca\/#organization\"},\"image\":{\"@id\":\"https:\/\/www.icip.cat\/es\/el-parlament-recibe-el-premio-icip-constructores-de-paz\/#primaryimage\"},\"thumbnailUrl\":\"https:\/\/www.icip.cat\/wp-content\/uploads\/2011\/10\/fotopremi-1.jpg_1719037720-1.jpg\",\"articleSection\":[\"Sense categoria\",\"Sin categorizar\"],\"inLanguage\":\"es\"},{\"@type\":\"WebPage\",\"@id\":\"https:\/\/www.icip.cat\/es\/el-parlament-recibe-el-premio-icip-constructores-de-paz\/\",\"url\":\"https:\/\/www.icip.cat\/es\/el-parlament-recibe-el-premio-icip-constructores-de-paz\/\",\"name\":\"El Parlament recibe el Premio ICIP Constructores de Paz - ICIP\",\"isPartOf\":{\"@id\":\"https:\/\/www.icip.cat\/ca\/#website\"},\"primaryImageOfPage\":{\"@id\":\"https:\/\/www.icip.cat\/es\/el-parlament-recibe-el-premio-icip-constructores-de-paz\/#primaryimage\"},\"image\":{\"@id\":\"https:\/\/www.icip.cat\/es\/el-parlament-recibe-el-premio-icip-constructores-de-paz\/#primaryimage\"},\"thumbnailUrl\":\"https:\/\/www.icip.cat\/wp-content\/uploads\/2011\/10\/fotopremi-1.jpg_1719037720-1.jpg\",\"datePublished\":\"2011-10-25T08:00:00+00:00\",\"dateModified\":\"2021-09-20T09:14:31+00:00\",\"inLanguage\":\"es\",\"potentialAction\":[{\"@type\":\"ReadAction\",\"target\":[\"https:\/\/www.icip.cat\/es\/el-parlament-recibe-el-premio-icip-constructores-de-paz\/\"]}]},{\"@type\":\"ImageObject\",\"inLanguage\":\"es\",\"@id\":\"https:\/\/www.icip.cat\/es\/el-parlament-recibe-el-premio-icip-constructores-de-paz\/#primaryimage\",\"url\":\"https:\/\/www.icip.cat\/wp-content\/uploads\/2011\/10\/fotopremi-1.jpg_1719037720-1.jpg\",\"contentUrl\":\"https:\/\/www.icip.cat\/wp-content\/uploads\/2011\/10\/fotopremi-1.jpg_1719037720-1.jpg\",\"width\":190,\"height\":144,\"caption\":\"El Parlament recibe el Premio ICIP Constructores de Paz\"},{\"@type\":\"WebSite\",\"@id\":\"https:\/\/www.icip.cat\/ca\/#website\",\"url\":\"https:\/\/www.icip.cat\/ca\/\",\"name\":\"ICIP\",\"description\":\"\",\"publisher\":{\"@id\":\"https:\/\/www.icip.cat\/ca\/#organization\"},\"potentialAction\":[{\"@type\":\"SearchAction\",\"target\":{\"@type\":\"EntryPoint\",\"urlTemplate\":\"https:\/\/www.icip.cat\/ca\/?s={search_term_string}\"},\"query-input\":{\"@type\":\"PropertyValueSpecification\",\"valueRequired\":true,\"valueName\":\"search_term_string\"}}],\"inLanguage\":\"es\"},{\"@type\":\"Organization\",\"@id\":\"https:\/\/www.icip.cat\/ca\/#organization\",\"name\":\"ICIP\",\"url\":\"https:\/\/www.icip.cat\/ca\/\",\"logo\":{\"@type\":\"ImageObject\",\"inLanguage\":\"es\",\"@id\":\"https:\/\/www.icip.cat\/ca\/#\/schema\/logo\/image\/\",\"url\":\"https:\/\/www.icip.cat\/wp-content\/uploads\/2021\/02\/logo-2.png\",\"contentUrl\":\"https:\/\/www.icip.cat\/wp-content\/uploads\/2021\/02\/logo-2.png\",\"width\":562,\"height\":391,\"caption\":\"ICIP\"},\"image\":{\"@id\":\"https:\/\/www.icip.cat\/ca\/#\/schema\/logo\/image\/\"}},{\"@type\":\"Person\",\"@id\":\"https:\/\/www.icip.cat\/ca\/#\/schema\/person\/35404003404833995eee2bb6e3115dc6\",\"name\":\"whads\",\"image\":{\"@type\":\"ImageObject\",\"inLanguage\":\"es\",\"@id\":\"https:\/\/www.icip.cat\/ca\/#\/schema\/person\/image\/\",\"url\":\"https:\/\/secure.gravatar.com\/avatar\/6a92e4ce03d9442c546cc4afecfc51777413608a6d55a7b50040700657b6b30f?s=96&d=mm&r=g\",\"contentUrl\":\"https:\/\/secure.gravatar.com\/avatar\/6a92e4ce03d9442c546cc4afecfc51777413608a6d55a7b50040700657b6b30f?s=96&d=mm&r=g\",\"caption\":\"whads\"},\"sameAs\":[\"http:\/\/www.icip.cat\"],\"url\":\"https:\/\/www.icip.cat\/es\/author\/whads\/\"}]}<\/script>\n<!-- \/ Yoast SEO plugin. -->","yoast_head_json":{"title":"El Parlament recibe el Premio ICIP Constructores de Paz - ICIP","robots":{"index":"index","follow":"follow","max-snippet":"max-snippet:-1","max-image-preview":"max-image-preview:large","max-video-preview":"max-video-preview:-1"},"canonical":"https:\/\/www.icip.cat\/es\/el-parlament-recibe-el-premio-icip-constructores-de-paz\/","og_locale":"es_ES","og_type":"article","og_title":"El Parlament recibe el Premio ICIP Constructores de Paz - ICIP","og_description":"El ICIP entrega el galard\u00f3n en el acto de conmemoraci\u00f3n del discurso de Pau Casals en Naciones Unidas.","og_url":"https:\/\/www.icip.cat\/es\/el-parlament-recibe-el-premio-icip-constructores-de-paz\/","og_site_name":"ICIP","article_published_time":"2011-10-25T08:00:00+00:00","article_modified_time":"2021-09-20T09:14:31+00:00","og_image":[{"width":190,"height":144,"url":"https:\/\/www.icip.cat\/wp-content\/uploads\/2011\/10\/fotopremi-1.jpg_1719037720-1.jpg","type":"image\/jpeg"}],"author":"whads","twitter_card":"summary_large_image","twitter_misc":{"Escrito por":"whads","Tiempo de lectura":"2 minutos"},"schema":{"@context":"https:\/\/schema.org","@graph":[{"@type":"Article","@id":"https:\/\/www.icip.cat\/es\/el-parlament-recibe-el-premio-icip-constructores-de-paz\/#article","isPartOf":{"@id":"https:\/\/www.icip.cat\/es\/el-parlament-recibe-el-premio-icip-constructores-de-paz\/"},"author":{"name":"whads","@id":"https:\/\/www.icip.cat\/ca\/#\/schema\/person\/35404003404833995eee2bb6e3115dc6"},"headline":"El Parlament recibe el Premio ICIP Constructores de Paz","datePublished":"2011-10-25T08:00:00+00:00","dateModified":"2021-09-20T09:14:31+00:00","mainEntityOfPage":{"@id":"https:\/\/www.icip.cat\/es\/el-parlament-recibe-el-premio-icip-constructores-de-paz\/"},"wordCount":496,"publisher":{"@id":"https:\/\/www.icip.cat\/ca\/#organization"},"image":{"@id":"https:\/\/www.icip.cat\/es\/el-parlament-recibe-el-premio-icip-constructores-de-paz\/#primaryimage"},"thumbnailUrl":"https:\/\/www.icip.cat\/wp-content\/uploads\/2011\/10\/fotopremi-1.jpg_1719037720-1.jpg","articleSection":["Sense categoria","Sin categorizar"],"inLanguage":"es"},{"@type":"WebPage","@id":"https:\/\/www.icip.cat\/es\/el-parlament-recibe-el-premio-icip-constructores-de-paz\/","url":"https:\/\/www.icip.cat\/es\/el-parlament-recibe-el-premio-icip-constructores-de-paz\/","name":"El Parlament recibe el Premio ICIP Constructores de Paz - ICIP","isPartOf":{"@id":"https:\/\/www.icip.cat\/ca\/#website"},"primaryImageOfPage":{"@id":"https:\/\/www.icip.cat\/es\/el-parlament-recibe-el-premio-icip-constructores-de-paz\/#primaryimage"},"image":{"@id":"https:\/\/www.icip.cat\/es\/el-parlament-recibe-el-premio-icip-constructores-de-paz\/#primaryimage"},"thumbnailUrl":"https:\/\/www.icip.cat\/wp-content\/uploads\/2011\/10\/fotopremi-1.jpg_1719037720-1.jpg","datePublished":"2011-10-25T08:00:00+00:00","dateModified":"2021-09-20T09:14:31+00:00","inLanguage":"es","potentialAction":[{"@type":"ReadAction","target":["https:\/\/www.icip.cat\/es\/el-parlament-recibe-el-premio-icip-constructores-de-paz\/"]}]},{"@type":"ImageObject","inLanguage":"es","@id":"https:\/\/www.icip.cat\/es\/el-parlament-recibe-el-premio-icip-constructores-de-paz\/#primaryimage","url":"https:\/\/www.icip.cat\/wp-content\/uploads\/2011\/10\/fotopremi-1.jpg_1719037720-1.jpg","contentUrl":"https:\/\/www.icip.cat\/wp-content\/uploads\/2011\/10\/fotopremi-1.jpg_1719037720-1.jpg","width":190,"height":144,"caption":"El Parlament recibe el Premio ICIP Constructores de Paz"},{"@type":"WebSite","@id":"https:\/\/www.icip.cat\/ca\/#website","url":"https:\/\/www.icip.cat\/ca\/","name":"ICIP","description":"","publisher":{"@id":"https:\/\/www.icip.cat\/ca\/#organization"},"potentialAction":[{"@type":"SearchAction","target":{"@type":"EntryPoint","urlTemplate":"https:\/\/www.icip.cat\/ca\/?s={search_term_string}"},"query-input":{"@type":"PropertyValueSpecification","valueRequired":true,"valueName":"search_term_string"}}],"inLanguage":"es"},{"@type":"Organization","@id":"https:\/\/www.icip.cat\/ca\/#organization","name":"ICIP","url":"https:\/\/www.icip.cat\/ca\/","logo":{"@type":"ImageObject","inLanguage":"es","@id":"https:\/\/www.icip.cat\/ca\/#\/schema\/logo\/image\/","url":"https:\/\/www.icip.cat\/wp-content\/uploads\/2021\/02\/logo-2.png","contentUrl":"https:\/\/www.icip.cat\/wp-content\/uploads\/2021\/02\/logo-2.png","width":562,"height":391,"caption":"ICIP"},"image":{"@id":"https:\/\/www.icip.cat\/ca\/#\/schema\/logo\/image\/"}},{"@type":"Person","@id":"https:\/\/www.icip.cat\/ca\/#\/schema\/person\/35404003404833995eee2bb6e3115dc6","name":"whads","image":{"@type":"ImageObject","inLanguage":"es","@id":"https:\/\/www.icip.cat\/ca\/#\/schema\/person\/image\/","url":"https:\/\/secure.gravatar.com\/avatar\/6a92e4ce03d9442c546cc4afecfc51777413608a6d55a7b50040700657b6b30f?s=96&d=mm&r=g","contentUrl":"https:\/\/secure.gravatar.com\/avatar\/6a92e4ce03d9442c546cc4afecfc51777413608a6d55a7b50040700657b6b30f?s=96&d=mm&r=g","caption":"whads"},"sameAs":["http:\/\/www.icip.cat"],"url":"https:\/\/www.icip.cat\/es\/author\/whads\/"}]}},"_links":{"self":[{"href":"https:\/\/www.icip.cat\/es\/wp-json\/wp\/v2\/posts\/6439","targetHints":{"allow":["GET"]}}],"collection":[{"href":"https:\/\/www.icip.cat\/es\/wp-json\/wp\/v2\/posts"}],"about":[{"href":"https:\/\/www.icip.cat\/es\/wp-json\/wp\/v2\/types\/post"}],"author":[{"embeddable":true,"href":"https:\/\/www.icip.cat\/es\/wp-json\/wp\/v2\/users\/1"}],"replies":[{"embeddable":true,"href":"https:\/\/www.icip.cat\/es\/wp-json\/wp\/v2\/comments?post=6439"}],"version-history":[{"count":2,"href":"https:\/\/www.icip.cat\/es\/wp-json\/wp\/v2\/posts\/6439\/revisions"}],"predecessor-version":[{"id":22307,"href":"https:\/\/www.icip.cat\/es\/wp-json\/wp\/v2\/posts\/6439\/revisions\/22307"}],"wp:featuredmedia":[{"embeddable":true,"href":"https:\/\/www.icip.cat\/es\/wp-json\/wp\/v2\/media\/6440"}],"wp:attachment":[{"href":"https:\/\/www.icip.cat\/es\/wp-json\/wp\/v2\/media?parent=6439"}],"wp:term":[{"taxonomy":"category","embeddable":true,"href":"https:\/\/www.icip.cat\/es\/wp-json\/wp\/v2\/categories?post=6439"},{"taxonomy":"post_tag","embeddable":true,"href":"https:\/\/www.icip.cat\/es\/wp-json\/wp\/v2\/tags?post=6439"}],"curies":[{"name":"wp","href":"https:\/\/api.w.org\/{rel}","templated":true}]}}