{"id":6309,"date":"2022-04-07T10:59:23","date_gmt":"2022-04-07T10:59:23","guid":{"rendered":"https:\/\/www.icip.cat\/perlapau\/issue\/%issue_post%\/article\/illusion-and-vision-the-scientific-pacifism-of-alfred-h-fried\/"},"modified":"2022-04-07T10:59:23","modified_gmt":"2022-04-07T10:59:23","slug":"illusion-and-vision-the-scientific-pacifism-of-alfred-h-fried","status":"publish","type":"article","link":"https:\/\/www.icip.cat\/perlapau\/en\/article\/illusion-and-vision-the-scientific-pacifism-of-alfred-h-fried\/","title":{"rendered":"Illusion and vision: the scientific pacifism of Alfred H. Fried"},"content":{"rendered":"\n<p>                <span id=\"first-word\">\u201cAlfred Hermann Fried<\/span> had the invaluable gift of \u2018common sense\u2019 and straightforward, analytical thinking, the gift of clear conception and a comprehensive, profound vision based on objective information. He was sober without being dry, passionate without exaggerating; his ideas were complex but always directed towards a single center and, thus, mutually reinforced each other. This center, on which he focused all his intellectual and ethical passion, was the idea of world peace. (\u2026) The organization of the international community: that was his achievement before the war. It is his intellectual endeavor \u2013 but his human achievement, which makes him so admirable for us as a figure, as a person, only began during the war. Here Alfred Hermann Fried achieved true greatness, historical significance. (\u2026) And no one reading the \u2018diary\u2019 and the texts of Alfred H. Fried today will be more ashamed than those who persecuted him with scorn and hatred.\u201d<a href=\"articles_centrals\/article_central_4\/#ref\"><sup>1<\/sup><\/a>.            <\/p>\n<p> In his recollections of Alfred Hermann Fried, Stefan Zweig did not only praise the qualities of his fellow writer, but also mentioned the \u201cwar diary\u201d which Fried regularly published between 1914 and 1919 in the journal \u201cDie Friedens-Warte\u201d. Although Fried had been an outspoken pacifist since the early 1890s he only gained recognition at a relatively late stage. In recognition of his untiring efforts as a pacifist editor, journalist and writer he was awarded the Nobel Peace Prize in 1911 and the honorary doctorate of the University of Leiden in 1913; the latter was of particular significance for him, as he saw it as proof of the scientific character of his theory and program. <\/p>\n<p> Alfred Fried was one of the leading international theorists of pacifism in the years leading up to World War I. As international networks, relations and cooperation continued to grow and intensify, he was convinced that a European war would become impossible in the near future. The 25th World Peace Congress in Vienna, which he had prepared together with his closest collaborator Bertha von Suttner and which was to take place in September 1914, was also designed to promote this goal. Therefore, Fried was all the more shocked and saddened when war was declared in the summer of 1914.<a href=\"articles_centrals\/article_central_4\/#ref\"><sup>2<\/sup><\/a> In July he still had hopes that the catastrophe could be avoided, but sharing the insights of Jan Gotlib Bloch concerning modern industrial warfare he soon came to fear that the war could turn into a \u201cterrible object-lesson\u201d and go on for a long, indefinite time.<a href=\"articles_centrals\/article_central_4\/#ref\"><sup>3<\/sup><\/a> <\/p>\n<p>            <cite class=\"cita-center\">                                                Distancing himself from a purely ethical pacifism, Fried was convinced that the peace movement required a scientific basis            <\/cite>\t\t\t<\/p>\n<p> In order to continue to publish \u201cDie Friedens-Warte\u201d and to gather information from the Central Powers as well as from the Entente Powers Alfred Fried decided to emigrate and stay in Switzerland while the war lasted. Remarkably, he only began to keep a diary and to publish his notes after the war had broken out. By writing down his thoughts he could get melancholy and depressed feelings off his chest but, even more importantly, he hoped to influence his contemporaries in a pacifist way and to promote his concept of scientific pacifism; for him, the ongoing war was constant proof of its validity. In the preface to the 4-volume edition of his diary (1918) he wrote: <\/p>\n<p> \u201cI wanted to give expression to my feelings, my insights, my fears and my hopes. I wanted to record the events, to discuss them from a pacifist point of view. By tracing the progress of Europe\u2019s fever I wanted to identify the faults of the past and show the path to recovery.\u201d<a href=\"articles_centrals\/article_central_4\/#ref\"><sup>4<\/sup><\/a>. <\/p>\n<p> In a letter written to David Starr Jordan, peace activist and first President of Stanford University, Alfred Fried made it clear that World War I was merely a demonstration object to explain his pacifist theory: <\/p>\n<p> \u201cThis [the war diary] is the work into which I channeled all my efforts in the struggle against the insanity of war. The Great War has little to do with it. It was only a demonstration object, the corpse I used to teach anatomy.\u201d<a href=\"articles_centrals\/article_central_4\/#ref\"><sup>5<\/sup><\/a>. <\/p>\n<p>            <cite class=\"cita-right\">                                According to Alfred Fried wars are fundamentally risky, arbitrary acts that can never be humanitarian but can always be avoided            <\/cite>\t\t\t<\/p>\n<p> Alfred Fried\u2019s diary reflects the scientific approach towards pacifism and international relations which he developed at the beginning of the 20th century. Distancing himself from a purely ethical pacifism, he was more and more convinced that the peace movement required a scientific basis to make it impervious to nationalist criticism, to exert a wider influence on the public, and to encourage many more people to support pacifist activities. He presented his theory and program in numerous speeches and articles and summed it up in the monograph \u201cDie Grundlagen des revolution\u00e4ren Pacifismus\u201d<a href=\"articles_centrals\/article_central_4\/#ref\"><sup>6<\/sup><\/a>. It became the basis for his perception and interpretation of World War I: in his diary he consistently spoke of scientific pacifism and made an effort to argue for peace from an analytical perspective. <\/p>\n<p> According to Alfred Fried wars are fundamentally risky, arbitrary acts that can never be humanitarian but can always be avoided. They are not worthwhile under any circumstances because their progress and eventual end can never be foreseen, and compared to the alleged success they cause far too much suffering, disease, injury and death.<a href=\"articles_centrals\/article_central_4\/#ref\"><sup>7<\/sup><\/a> Hence, he did not only seek to erase the unpleasant consequences but to eliminate the causes of war altogether and to preclude warlike operations by fostering international understanding and by forming an intergovernmental organization: two crucial elements of his concept that are still relevant for peaceful policies today. <\/p>\n<p> In his peace program, which he considered an open road map, a work in progress, Alfred Fried mainly focused on peace between countries. He called for developing international traffic and facilitating international interaction at all levels: by bringing international law in line with the development of international traffic, and by adopting policies that reflected the changes in international law. In short, he appealed for improved political, humanitarian and legal instruments and for a speedy process of demilitarizing and \u2018civilizing\u2019 all internal and external affairs in order to overcome and stop war.<a href=\"articles_centrals\/article_central_4\/#ref\"><sup>8<\/sup><\/a>. <\/p>\n<p>            <cite class=\"cita-center\">                                                Fried appealed for improved political, humanitarian and legal instruments and for a speedy process of demilitarizing            <\/cite>\t\t \t<\/p>\n<p> Fried\u2019s scientific pacifism met with mixed reactions by his contemporaries: many agreed with him, many didn\u2019t. The most positive reaction was the fact that many people who had not been concerned with pacifism before now became interested in the peace movement. Among them were members of the Social Democratic Party as well as experts on international law. The most prominent experts influenced by Alfred Fried in Germany were Hans Wehberg and Walther Sch\u00fccking, who used Fried\u2019s publications in his lectures on international law.<a href=\"articles_centrals\/article_central_4\/#ref\"><sup>9<\/sup><\/a>. <\/p>\n<p> In the short term, though, Alfred Fried\u2019s pacifist ambitions remained rather illusory, as the Treaty of Versailles did not implement the program he had advocated for so many years. However, after World War II many of his visions concerning peaceful conflict resolution \u2013 primarily in Europe \u2013 and intergovernmental organizations became reality with the establishment of the United Nations Organization and the unification process of the European Union, even though under circumstances he could not have foreseen. <\/p>\n<p id=\"ref\" class=\"referencia first-reference\"> 1.\t\u201cAlfred H. Fried hatte die unsch\u00e4tzbare Gabe des \u2018Common sense\u2019, des geradeaus und nicht in Winkelz\u00fcgen Denkens, die Gabe der klaren Konzeption, der weiten, durch sachliche Bildung immer vertieften \u00dcbersicht. Er war n\u00fcchtern ohne Trockenheit, leidenschaftlich ohne jede \u00dcbertreibung, seine Ideen komplex, aber immer auf ein einheitliches Zentrum gerichtet und darum sich wechselseitig verst\u00e4rkend. Dieses Zentrum, dem seine ganze geistige und moralische Leidenschaft sich zuwandte, war die Idee des Weltfriedens. (\u2026) Die Organisation der V\u00f6lkergemeinschaft, das war seine Tat vor dem Kriege. Sie stellt sein geistiges Werk dar \u2013 seine menschliche Tat aber, sie, die ihn uns als Gestalt, als Erscheinung so bewundernswert macht, begann erst mit dem Kriege. Hier hat Alfred H. Fried wirkliche Gr\u00f6\u00dfe, historische Bedeutsamkeit erreicht. (\u2026) Und niemand wird heute das \u201aTagebuch\u2019 und die Schriften Alfred H. Frieds mit gr\u00f6\u00dferer Besch\u00e4mung lesen, als eben jene, die damals mit Hohn und Ha\u00df hinter ihm hergehetzt haben.\u201d Stefan Zweig: Alfred Hermann Fried. In: Rudolf Goldscheid (ed.): Alfred H. Fried. Geb. 11 Nov. 1864, gest. 4. Mai 1921. Eine Sammlung von Gedenkbl\u00e4ttern. Leipzig 1922, 76-78. <\/p>\n<p class=\"referencia\"> 2.\tAlfred Hermann Fried: Aus meinem Kriegstagebuch (Bruchst\u00fccke). In: Die Friedens-Warte 1914, Jg. 16, Nr. 8\/9, 282-283. <\/p>\n<p class=\"referencia\"> 3.\tFried: Aus meinem Kriegstagebuch (Bruchst\u00fccke). In: Die Friedens-Warte 1914, Jg. 16, Nr. 8\/9, 282-283. <\/p>\n<p class=\"referencia\"> 4.\t\u201cAusdruck verleihen wollte ich meinen Empfindungen, meiner Erkenntnis, meinen Bef\u00fcrchtungen und Hoffnungen. Die Ereignisse wollte ich festhalten, sie vom pazifistischen Gesichtspunkt aus er\u00f6rtern, am Krankheitsverlauf des fiebernden Europas die Fehler der Vergangenheit klarlegen und den Weg zur Genesung weisen.\u201d Alfred Hermann Fried: Mein Kriegs-Tagebuch. Das erste Kriegsjahr (7. August 1914 bis 28. Juli 1915) (= Sammlung Europ\u00e4ische B\u00fccher). Z\u00fcrich 1918, VIII. <\/p>\n<p class=\"referencia\"> 5.\tLetter: Alfred H. Fried to David Starr Jordan, 30.10.1920. League of Nations Archives, International Peace Movements, Fried Papers Box 88. \u201cEs ist dies [das Kriegs-Tagebuch] das Werk, in das ich meinen ganzen Kampf gegen den Wahnsinn des Krieges konzentriert habe. Der Weltkrieg hat eigentlich damit wenig zu tun. Er war nur Demonstrationsobjekt, die Leiche an der ich Anatomie docierte.\u201d <\/p>\n<p class=\"referencia\"> 6.\tAlfred Hermann Fried: Die Grundlagen des revolution\u00e4ren Pacifismus, T\u00fcbingen 1908. Besides \u201crevolution\u00e4rer Pazifismus\u201d the theory and program was also named \u201curs\u00e4chlicher Pazifismus\u201d, \u201corganisatorischer Pazifismus\u201c and \u201cwissenschaftlicher Pazifismus\u201d. <\/p>\n<p class=\"referencia\"> 7.\tFried: Mein Kriegs-Tagebuch. Das erste Kriegsjahr, 25.8.1914. Alfred Hermann Fried: Mein Kriegs-Tagebuch. Das vierte Kriegsjahr und der Friede von Versailles (1. August 1917 bis 30. Juni 1919) (= Sammlung Europ\u00e4ische B\u00fccher). Z\u00fcrich 1920, 28.6.1918. <\/p>\n<p class=\"referencia\"> 8.\tAlfred Hermann Fried: Die Grundlagen des urs\u00e4chlichen Pazifismus. Z\u00fcrich 1916, 61-62. <\/p>\n<p class=\"referencia last-reference\"> 9.\tBernhard Tuider: Alfred Hermann Fried. Pazifist im Ersten Weltkrieg. Illusion und Vision. Saarbr\u00fccken 2010, 60-61. <\/p>\n<p class=\"foto\"> <a href=\"https:\/\/ca.wikipedia.org\/wiki\/Alfred_Hermann_Fried#\/media\/File:Fried,_Alfred_Hermann_(1864-1921).jpg\" target=\"_blank\" rel=\"noopener\">\tPhotography\t<\/a>\t: United States Library of Congress<\/p>\n<p>\t<em>&#8211; Portrait of Alfred Hermann Fried &#8211;<\/em> <\/p>\n<p class=\"gencat\">\u00a9 Generalitat de Catalunya<\/p>\n","protected":false},"featured_media":6330,"menu_order":5,"template":"","categories":[6],"class_list":["post-6309","article","type-article","status-publish","has-post-thumbnail","hentry","category-articles-centrals"],"acf":[],"yoast_head":"<!-- This site is optimized with the Yoast SEO plugin v25.6 - https:\/\/yoast.com\/wordpress\/plugins\/seo\/ -->\n<title>Illusion and vision: the scientific pacifism of Alfred H. Fried - Peace in Progress magazine<\/title>\n<meta name=\"robots\" content=\"index, follow, max-snippet:-1, max-image-preview:large, max-video-preview:-1\" \/>\n<link rel=\"canonical\" href=\"https:\/\/www.icip.cat\/perlapau\/en\/article\/illusion-and-vision-the-scientific-pacifism-of-alfred-h-fried\/\" \/>\n<meta property=\"og:locale\" content=\"en_US\" \/>\n<meta property=\"og:type\" content=\"article\" \/>\n<meta property=\"og:title\" content=\"Illusion and vision: the scientific pacifism of Alfred H. Fried - Peace in Progress magazine\" \/>\n<meta property=\"og:description\" content=\"\u201cAlfred Hermann Fried had the invaluable gift of \u2018common sense\u2019 and straightforward, analytical thinking, the gift of clear conception and a comprehensive, profound vision based on objective information. He was sober without being dry, passionate without exaggerating; his ideas were complex but always directed towards a single center and, thus, mutually reinforced each other. This [&hellip;]\" \/>\n<meta property=\"og:url\" content=\"https:\/\/www.icip.cat\/perlapau\/en\/article\/illusion-and-vision-the-scientific-pacifism-of-alfred-h-fried\/\" \/>\n<meta property=\"og:site_name\" content=\"Peace in Progress magazine\" \/>\n<meta property=\"og:image\" content=\"https:\/\/www.icip.cat\/perlapau\/wp-content\/uploads\/2022\/04\/article_central_4_2560-5-518x720.jpg\" \/>\n\t<meta property=\"og:image:width\" content=\"518\" \/>\n\t<meta property=\"og:image:height\" content=\"720\" \/>\n\t<meta property=\"og:image:type\" content=\"image\/jpeg\" \/>\n<meta name=\"twitter:card\" content=\"summary_large_image\" \/>\n<meta name=\"twitter:label1\" content=\"Est. reading time\" \/>\n\t<meta name=\"twitter:data1\" content=\"8 minutes\" \/>\n<script type=\"application\/ld+json\" class=\"yoast-schema-graph\">{\"@context\":\"https:\/\/schema.org\",\"@graph\":[{\"@type\":\"WebPage\",\"@id\":\"https:\/\/www.icip.cat\/perlapau\/en\/article\/illusion-and-vision-the-scientific-pacifism-of-alfred-h-fried\/\",\"url\":\"https:\/\/www.icip.cat\/perlapau\/en\/article\/illusion-and-vision-the-scientific-pacifism-of-alfred-h-fried\/\",\"name\":\"Illusion and vision: the scientific pacifism of Alfred H. Fried - Peace in Progress magazine\",\"isPartOf\":{\"@id\":\"https:\/\/www.icip.cat\/perlapau\/#website\"},\"primaryImageOfPage\":{\"@id\":\"https:\/\/www.icip.cat\/perlapau\/en\/article\/illusion-and-vision-the-scientific-pacifism-of-alfred-h-fried\/#primaryimage\"},\"image\":{\"@id\":\"https:\/\/www.icip.cat\/perlapau\/en\/article\/illusion-and-vision-the-scientific-pacifism-of-alfred-h-fried\/#primaryimage\"},\"thumbnailUrl\":\"https:\/\/www.icip.cat\/perlapau\/wp-content\/uploads\/2022\/04\/article_central_4_2560-5.jpg\",\"datePublished\":\"2022-04-07T10:59:23+00:00\",\"inLanguage\":\"en-US\",\"potentialAction\":[{\"@type\":\"ReadAction\",\"target\":[\"https:\/\/www.icip.cat\/perlapau\/en\/article\/illusion-and-vision-the-scientific-pacifism-of-alfred-h-fried\/\"]}]},{\"@type\":\"ImageObject\",\"inLanguage\":\"en-US\",\"@id\":\"https:\/\/www.icip.cat\/perlapau\/en\/article\/illusion-and-vision-the-scientific-pacifism-of-alfred-h-fried\/#primaryimage\",\"url\":\"https:\/\/www.icip.cat\/perlapau\/wp-content\/uploads\/2022\/04\/article_central_4_2560-5.jpg\",\"contentUrl\":\"https:\/\/www.icip.cat\/perlapau\/wp-content\/uploads\/2022\/04\/article_central_4_2560-5.jpg\",\"width\":1152,\"height\":1600},{\"@type\":\"WebSite\",\"@id\":\"https:\/\/www.icip.cat\/perlapau\/#website\",\"url\":\"https:\/\/www.icip.cat\/perlapau\/\",\"name\":\"Peace in Progress magazine\",\"description\":\"The magazine of the International Catalan Institute for Peace\",\"publisher\":{\"@id\":\"https:\/\/www.icip.cat\/perlapau\/#organization\"},\"potentialAction\":[{\"@type\":\"SearchAction\",\"target\":{\"@type\":\"EntryPoint\",\"urlTemplate\":\"https:\/\/www.icip.cat\/perlapau\/?s={search_term_string}\"},\"query-input\":{\"@type\":\"PropertyValueSpecification\",\"valueRequired\":true,\"valueName\":\"search_term_string\"}}],\"inLanguage\":\"en-US\"},{\"@type\":\"Organization\",\"@id\":\"https:\/\/www.icip.cat\/perlapau\/#organization\",\"name\":\"Peace in Progress magazine\",\"url\":\"https:\/\/www.icip.cat\/perlapau\/\",\"logo\":{\"@type\":\"ImageObject\",\"inLanguage\":\"en-US\",\"@id\":\"https:\/\/www.icip.cat\/perlapau\/#\/schema\/logo\/image\/\",\"url\":\"https:\/\/www.icip.cat\/perlapau\/wp-content\/uploads\/2023\/04\/ICIP_logo.jpg\",\"contentUrl\":\"https:\/\/www.icip.cat\/perlapau\/wp-content\/uploads\/2023\/04\/ICIP_logo.jpg\",\"width\":1025,\"height\":1024,\"caption\":\"Peace in Progress magazine\"},\"image\":{\"@id\":\"https:\/\/www.icip.cat\/perlapau\/#\/schema\/logo\/image\/\"}}]}<\/script>\n<!-- \/ Yoast SEO plugin. -->","yoast_head_json":{"title":"Illusion and vision: the scientific pacifism of Alfred H. Fried - Peace in Progress magazine","robots":{"index":"index","follow":"follow","max-snippet":"max-snippet:-1","max-image-preview":"max-image-preview:large","max-video-preview":"max-video-preview:-1"},"canonical":"https:\/\/www.icip.cat\/perlapau\/en\/article\/illusion-and-vision-the-scientific-pacifism-of-alfred-h-fried\/","og_locale":"en_US","og_type":"article","og_title":"Illusion and vision: the scientific pacifism of Alfred H. Fried - Peace in Progress magazine","og_description":"\u201cAlfred Hermann Fried had the invaluable gift of \u2018common sense\u2019 and straightforward, analytical thinking, the gift of clear conception and a comprehensive, profound vision based on objective information. He was sober without being dry, passionate without exaggerating; his ideas were complex but always directed towards a single center and, thus, mutually reinforced each other. This [&hellip;]","og_url":"https:\/\/www.icip.cat\/perlapau\/en\/article\/illusion-and-vision-the-scientific-pacifism-of-alfred-h-fried\/","og_site_name":"Peace in Progress magazine","og_image":[{"width":518,"height":720,"url":"https:\/\/www.icip.cat\/perlapau\/wp-content\/uploads\/2022\/04\/article_central_4_2560-5-518x720.jpg","type":"image\/jpeg"}],"twitter_card":"summary_large_image","twitter_misc":{"Est. reading time":"8 minutes"},"schema":{"@context":"https:\/\/schema.org","@graph":[{"@type":"WebPage","@id":"https:\/\/www.icip.cat\/perlapau\/en\/article\/illusion-and-vision-the-scientific-pacifism-of-alfred-h-fried\/","url":"https:\/\/www.icip.cat\/perlapau\/en\/article\/illusion-and-vision-the-scientific-pacifism-of-alfred-h-fried\/","name":"Illusion and vision: the scientific pacifism of Alfred H. Fried - Peace in Progress magazine","isPartOf":{"@id":"https:\/\/www.icip.cat\/perlapau\/#website"},"primaryImageOfPage":{"@id":"https:\/\/www.icip.cat\/perlapau\/en\/article\/illusion-and-vision-the-scientific-pacifism-of-alfred-h-fried\/#primaryimage"},"image":{"@id":"https:\/\/www.icip.cat\/perlapau\/en\/article\/illusion-and-vision-the-scientific-pacifism-of-alfred-h-fried\/#primaryimage"},"thumbnailUrl":"https:\/\/www.icip.cat\/perlapau\/wp-content\/uploads\/2022\/04\/article_central_4_2560-5.jpg","datePublished":"2022-04-07T10:59:23+00:00","inLanguage":"en-US","potentialAction":[{"@type":"ReadAction","target":["https:\/\/www.icip.cat\/perlapau\/en\/article\/illusion-and-vision-the-scientific-pacifism-of-alfred-h-fried\/"]}]},{"@type":"ImageObject","inLanguage":"en-US","@id":"https:\/\/www.icip.cat\/perlapau\/en\/article\/illusion-and-vision-the-scientific-pacifism-of-alfred-h-fried\/#primaryimage","url":"https:\/\/www.icip.cat\/perlapau\/wp-content\/uploads\/2022\/04\/article_central_4_2560-5.jpg","contentUrl":"https:\/\/www.icip.cat\/perlapau\/wp-content\/uploads\/2022\/04\/article_central_4_2560-5.jpg","width":1152,"height":1600},{"@type":"WebSite","@id":"https:\/\/www.icip.cat\/perlapau\/#website","url":"https:\/\/www.icip.cat\/perlapau\/","name":"Peace in Progress magazine","description":"The magazine of the International Catalan Institute for Peace","publisher":{"@id":"https:\/\/www.icip.cat\/perlapau\/#organization"},"potentialAction":[{"@type":"SearchAction","target":{"@type":"EntryPoint","urlTemplate":"https:\/\/www.icip.cat\/perlapau\/?s={search_term_string}"},"query-input":{"@type":"PropertyValueSpecification","valueRequired":true,"valueName":"search_term_string"}}],"inLanguage":"en-US"},{"@type":"Organization","@id":"https:\/\/www.icip.cat\/perlapau\/#organization","name":"Peace in Progress magazine","url":"https:\/\/www.icip.cat\/perlapau\/","logo":{"@type":"ImageObject","inLanguage":"en-US","@id":"https:\/\/www.icip.cat\/perlapau\/#\/schema\/logo\/image\/","url":"https:\/\/www.icip.cat\/perlapau\/wp-content\/uploads\/2023\/04\/ICIP_logo.jpg","contentUrl":"https:\/\/www.icip.cat\/perlapau\/wp-content\/uploads\/2023\/04\/ICIP_logo.jpg","width":1025,"height":1024,"caption":"Peace in Progress magazine"},"image":{"@id":"https:\/\/www.icip.cat\/perlapau\/#\/schema\/logo\/image\/"}}]}},"_links":{"self":[{"href":"https:\/\/www.icip.cat\/perlapau\/en\/wp-json\/wp\/v2\/article\/6309","targetHints":{"allow":["GET"]}}],"collection":[{"href":"https:\/\/www.icip.cat\/perlapau\/en\/wp-json\/wp\/v2\/article"}],"about":[{"href":"https:\/\/www.icip.cat\/perlapau\/en\/wp-json\/wp\/v2\/types\/article"}],"wp:featuredmedia":[{"embeddable":true,"href":"https:\/\/www.icip.cat\/perlapau\/en\/wp-json\/wp\/v2\/media\/6330"}],"wp:attachment":[{"href":"https:\/\/www.icip.cat\/perlapau\/en\/wp-json\/wp\/v2\/media?parent=6309"}],"wp:term":[{"taxonomy":"category","embeddable":true,"href":"https:\/\/www.icip.cat\/perlapau\/en\/wp-json\/wp\/v2\/categories?post=6309"}],"curies":[{"name":"wp","href":"https:\/\/api.w.org\/{rel}","templated":true}]}}