{"id":6649,"date":"2022-04-07T11:19:43","date_gmt":"2022-04-07T11:19:43","guid":{"rendered":"https:\/\/www.icip.cat\/perlapau\/issue\/%issue_post%\/article\/the-collective-memory-of-recent-past-and-challenges-ahead\/"},"modified":"2022-04-07T11:19:43","modified_gmt":"2022-04-07T11:19:43","slug":"the-collective-memory-of-recent-past-and-challenges-ahead","status":"publish","type":"article","link":"https:\/\/www.icip.cat\/perlapau\/en\/article\/the-collective-memory-of-recent-past-and-challenges-ahead\/","title":{"rendered":"The collective memory of recent past and challenges ahead"},"content":{"rendered":"\n<p>                <span id=\"square\"><\/span>                <span id=\"first-word\">The armed civil conflict of 1936-1939<\/span>, after the failed coup d\u00b4\u00e9tat of 18 July 1936, gradually became an open war where two armies were fighting to take territorial control over the entire peninsula. Meanwhile, for a period of a few months, the geographical division implied the consolidation of two rearguards. In both areas, acts of extreme violence were committed against the population. So much so that some historians would use the pun \u201cwar on civilians\u201d <a href=\"tribuna\/tribuna_1\/#ref\"><sup>1<\/sup><\/a> when describing the criminal ferocity, used on potential enemies. In the rebellious, or self-declared <em>national<\/em>, camp, assasinations obtained a systemic status, as it was understood to be one of the ways to achieve the political objectives; in the republican camp, which was legally and democratically established, the institutional collapse, consequence of the war, allowed a revolutionary movement to gain strength in some areas, as was the case in Catalonia, where the political ideas of some of its factions understood that social transformation was only possible through the physical elimination of, what they considered, the enemy of their class. This polarisation, embodied in mass killings and persecutions of all kinds, resulted in forced population displacements of considerable size during the conflict. In the end, people fled to avoid the harshness of a relentless repression.            <\/p>\n<p> One could say that, when looking at the population movements in detail, we can distinguish three significant moments during the war period. In first place, during the revolutionary months of the beginning of the war, around 50,000 persons <a href=\"tribuna\/tribuna_1\/#ref\"><sup>2<\/sup><\/a> moved and fled to safer places. While the conflict lasted, some looked for shelter in fascist Italy <a href=\"tribuna\/tribuna_1\/#ref\"><sup>3<\/sup><\/a>, but also in France, or they went to the Spanish city of Burgos, with the objective of enlisting in the fight against the Republic. The second moment became evident, starting in the spring of 1937, when the war starts to turn in favour of the rebellious troups, supporters of the coup. As more territories were conquered and the subsequent repression grew, the Catalan rearguard was transformed into a shelter for hundreds of thousands of refugees from other areas of the Spanish State <a href=\"tribuna\/tribuna_1\/#ref\"><sup>4<\/sup><\/a>. The Catalan administrations and civilians put in a gigantic effort. Around 600,000 refugees arrived to find an exhausted rearguard, without any supplies and submitted to cruel air strikes. Finally, in February 1939, in only a few days, there was a huge population displacement. Almost half a million people, coming from different parts of the Spanish State and the Catalan Principality, crossed the French-Spanish border to arrive to France, a country that was officially reluctant to supply humanitarian care to this stream of people in need. As was written, in an ironic tone, by the journalist and writer Arthur Koestler (<em>The scum of the earth, 1941<\/em>), the first thing France would have done in its combat against fascism was to follow its example, creating closed internment camps, where people lived in humiliating conditions. <\/p>\n<p>\t\t\t<cite class=\"cita-center\">                                                How can a historical event, as extraordinary as the Republican exile, have been overlooked in most memorial narratives during the period between the transition to democracy and today?            <\/cite>\t\t\t<\/p>\n<p> The Republican defeat started a long period of exodus. A painful diaspora from which many will not return. In reality, with a duration of almost four decades, the Republican exile can be considered a paradigm of contemporary European history. Nevertheless, even if historiography <a href=\"tribuna\/tribuna_1\/#ref\"><sup>5<\/sup><\/a> has taken this period increasingly more into consideration as subject of study, the question we need to ask, even if there is no easy answer, is: How can a historical event, as extraordinary as the Republican exile, have been overlooked in most memorial narratives during the period between the transition to democracy and today? <\/p>\n<p> As a reply, we could point out that the long timespan of Franco\u00b4s dictatorship, along with the effectiveness of its propagandistic rhetoric, would have contributed to the loss of political and symbolic impact of the exile. Also, most of the nearly 180,000 people \u2013 of whom probably one quarter originally came from Catalonia \u2013 who remained in exile for a long period, chose to start a new personal and professional life. The consolidation and international acceptance of the Francoist regime did not inspire optimism, nor did they promote the option of returning. Moreover, also the generation issue played an important role. Even if the role of the anti-Francoist militants who had stayed behind, forged in the struggles in factories and universities, would become increasingly more important, they found themselves at great distance from their political leaders in exile. They no longer spoke the same political language. During the final stage of the dictatorship and the subsequent transition, even if exile remained a reference and a key point for logistic support, the reins of political change were in the hands of the main emerging groups of internal opposition, as well as those of the reformers inside the Francoist movement, who ended up joining the pact. Exile, associated with the disruptive and traumatic memories of the war, became the subject of a weak and short-lived vindication during the derogation of Francoism. Then followed the years of voluntary amnesia, when the time was there to join the Single Market (predecessor of the European Union) and NATO. The eighties were not a good period to state a historical claim in favour of the values embodied by exile. <\/p>\n<p>\t\t\t<cite class=\"cita-center\">                                                The implementation of collective memory policies has made it possible to value the period of exile; it has given new life to the memory of its actors and their descendants            <\/cite>\t\t\t<\/p>\n<p> At present, after the wave of memorials that started at the turn of the century, the recollection of exile has gained weight in the public discussion in our country. The changing political circumstances and conveniences could not erase the fact that exile had allowed to maintain the democratic legitimacy of the republican institutions. In the case of Catalonia, this has been quite obvious through the recovery of the Generalitat (Catalan regional government) after it institutionally survived the exile period. As such, the implementation of collective memory policies has made it possible to value the period of exile. It has given new life to the memory of its actors and their descendants. However, the passing years are transforming the \u201cliving connection\u201d <a href=\"tribuna\/tribuna_1\/#ref\"><sup>6<\/sup><\/a> of this memory (the generation that was exposed to it or to which it was passed on directly) into history or myth. The worst that could happen to the public vision of this memory would be to be dressed in a nostalgic tone of topics and sacralising, acritical idealisations; in other words, it would become just another myth. The memory that persists and that has been built from this massive exodus needs to be considered an object of critical historical study, and not a mystification, because precisely this is the best antidote to strengthen the democratic memory. <\/p>\n<p>\t\t\t<cite class=\"cita-center\">                                                Being reunited with a critical recollection of our exile needs to help us to get closer to each other, with increased empathy for the millions of refugees and displaced persons of today            <\/cite>            <\/p>\n<p> As a consequence, strict historical knowledge needs to be transferred to society. Far away from myths, a mature democratic society needs to know, as pointed out at the start of this essay, that violence against civilians was not exclusively the work of the participants of the coup, although it is essential to stress the differences and intentionality of both opponents in the conflict. Moreover, awareness of the fact that the Catalan society delivered a great effort, hosting refugees from the Basque Country, Madrid, Andalusia\u2026 can also be an incentive for some modern societies who, with many more resources, are unable, with some rare exceptions, to adopt an attitude of solidarity towards humanitarian problems which can be seen at the gates of Europe nowadays. And, finally, the fact that fellow citizens of two or three generations ago have suffered the misfortune of exile in their own skin leaves us in a position of equality with those who suffer it today. Many challenges with respect to this memory lay ahead \u2013 among others, the recovery and dignifying of the missing bodies &#8211; , but placed in the field of exile conditions, one of the most relevant matters is that being reunited with a critical recollection of our exile needs to help us to get closer to each other, with increased empathy for the millions of refugees and displaced persons of today, deprived of a decent life. Sometimes, when looking at the present international scene, it seems we find ourselves in front of the new version of the \u201cNon-Intervention Pact\u201d of the European powers during the Civil War or reliving the 1938 \u00c9vian Conference <a href=\"tribuna\/tribuna_1\/#ref\"><sup>7<\/sup><\/a>, where the same Western States were too insensitive to host Jewish refugees, trying to escape Nazi Germany. As stated by Walter Benjamin, who died in exile due to precisely this international indifference to the fate of refugees, the revival of the past should be used to transform the present. <\/p>\n<p id=\"ref\" class=\"referencia first-reference\"> 1. Javier Rodrigo, \u201cGuerra al civil. La Espa\u00f1a de 1936 y las guerras civiles europeas (1917-49)\u201d, in Javier Rodrigo (ed.), <em>Pol\u00edticas de la violencia. Europa, siglo XX<\/em>, Prensas de la Universidad de Zaragoza, 2014, p. 145-190. <\/p>\n<p id=\"ref\" class=\"referencia second-reference\"> 2. Jordi Rubi\u00f3 Coromina, <em>L\u2019\u00e8xode catal\u00e0 de 1936 a trav\u00e9s dels Pirineus, <\/em>Barcelona: Editorial Gregal, 2015. <\/p>\n<p id=\"ref\" class=\"referencia second-reference\"> 3. Rub\u00e8n Doll-Petit, Els catalans de G\u00e8nova. Hist\u00f2ria de l\u2019\u00e8xode i l\u2019adhesi\u00f3 d\u2019una classe dirigent en temps de guerra, Barcelona: PAM, 2003. <\/p>\n<p id=\"ref\" class=\"referencia second-reference\"> 4. Julio Clavijo Ledesma, <em>La pol\u00edtica sobre la poblaci\u00f3n refugiada durante la Guerra Civil, 1936-1939<\/em>, Doctoral thesis, University of Girona, 2003. <\/p>\n<p id=\"ref\" class=\"referencia second-reference\"> 5. Jordi Font Agull\u00f3 &amp; Jordi Gaitx Molt\u00f3, \u201cL\u2019exili de 1939. Un estat de la q\u00fcesti\u00f3 entre dues commemoracions (2009-2014) in <em>Franquisme &amp; Transici\u00f3, <\/em> 2, 2014<em>.<\/em> <\/p>\n<p id=\"ref\" class=\"referencia second-reference\"> 6. Marianne Hirsch, <em>La generaci\u00f3n de la posmemoria. Escritura y cultura visual despu\u00e9s del Holocausto<\/em>, Madrid: Editorial CarpeNoctem, 2015. <\/p>\n<p id=\"ref\" class=\"referencia second-reference\"> 7. Enzo Traverso, \u201cLas paradojas de la crisis europea\u201d in <em>Viento Sur<\/em>, nr. 145, April 2016. <\/p>\n<p class=\"foto first-reference\"> Photography\t: MUME \/ FONS Raymond San Geroteo. Fragment de la imatge del Port\u00fas, al costat de les mugues frontereres, feta des del costat catal\u00e0. Foto New York Times.\t <\/p>\n<p class=\"gencat\">\u00a9 Generalitat de Catalunya<\/p>\n","protected":false},"featured_media":6672,"menu_order":8,"template":"","categories":[8],"class_list":["post-6649","article","type-article","status-publish","has-post-thumbnail","hentry","category-tribuna"],"acf":[],"yoast_head":"<!-- This site is optimized with the Yoast SEO plugin v25.6 - https:\/\/yoast.com\/wordpress\/plugins\/seo\/ -->\n<title>The collective memory of recent past and challenges ahead - Peace in Progress magazine<\/title>\n<meta name=\"robots\" content=\"index, follow, max-snippet:-1, max-image-preview:large, max-video-preview:-1\" \/>\n<link rel=\"canonical\" href=\"https:\/\/www.icip.cat\/perlapau\/en\/article\/the-collective-memory-of-recent-past-and-challenges-ahead\/\" \/>\n<meta property=\"og:locale\" content=\"en_US\" \/>\n<meta property=\"og:type\" content=\"article\" \/>\n<meta property=\"og:title\" content=\"The collective memory of recent past and challenges ahead - Peace in Progress magazine\" \/>\n<meta property=\"og:description\" content=\"The armed civil conflict of 1936-1939, after the failed coup d\u00b4\u00e9tat of 18 July 1936, gradually became an open war where two armies were fighting to take territorial control over the entire peninsula. Meanwhile, for a period of a few months, the geographical division implied the consolidation of two rearguards. In both areas, acts of [&hellip;]\" \/>\n<meta property=\"og:url\" content=\"https:\/\/www.icip.cat\/perlapau\/en\/article\/the-collective-memory-of-recent-past-and-challenges-ahead\/\" \/>\n<meta property=\"og:site_name\" content=\"Peace in Progress magazine\" \/>\n<meta property=\"og:image\" content=\"https:\/\/www.icip.cat\/perlapau\/wp-content\/uploads\/2022\/04\/tribuna_1_2560-10-518x720.jpg\" \/>\n\t<meta property=\"og:image:width\" content=\"518\" \/>\n\t<meta property=\"og:image:height\" content=\"720\" \/>\n\t<meta property=\"og:image:type\" content=\"image\/jpeg\" \/>\n<meta name=\"twitter:card\" content=\"summary_large_image\" \/>\n<meta name=\"twitter:label1\" content=\"Est. reading time\" \/>\n\t<meta name=\"twitter:data1\" content=\"8 minutes\" \/>\n<script type=\"application\/ld+json\" class=\"yoast-schema-graph\">{\"@context\":\"https:\/\/schema.org\",\"@graph\":[{\"@type\":\"WebPage\",\"@id\":\"https:\/\/www.icip.cat\/perlapau\/en\/article\/the-collective-memory-of-recent-past-and-challenges-ahead\/\",\"url\":\"https:\/\/www.icip.cat\/perlapau\/en\/article\/the-collective-memory-of-recent-past-and-challenges-ahead\/\",\"name\":\"The collective memory of recent past and challenges ahead - Peace in Progress magazine\",\"isPartOf\":{\"@id\":\"https:\/\/www.icip.cat\/perlapau\/#website\"},\"primaryImageOfPage\":{\"@id\":\"https:\/\/www.icip.cat\/perlapau\/en\/article\/the-collective-memory-of-recent-past-and-challenges-ahead\/#primaryimage\"},\"image\":{\"@id\":\"https:\/\/www.icip.cat\/perlapau\/en\/article\/the-collective-memory-of-recent-past-and-challenges-ahead\/#primaryimage\"},\"thumbnailUrl\":\"https:\/\/www.icip.cat\/perlapau\/wp-content\/uploads\/2022\/04\/tribuna_1_2560-10.jpg\",\"datePublished\":\"2022-04-07T11:19:43+00:00\",\"inLanguage\":\"en-US\",\"potentialAction\":[{\"@type\":\"ReadAction\",\"target\":[\"https:\/\/www.icip.cat\/perlapau\/en\/article\/the-collective-memory-of-recent-past-and-challenges-ahead\/\"]}]},{\"@type\":\"ImageObject\",\"inLanguage\":\"en-US\",\"@id\":\"https:\/\/www.icip.cat\/perlapau\/en\/article\/the-collective-memory-of-recent-past-and-challenges-ahead\/#primaryimage\",\"url\":\"https:\/\/www.icip.cat\/perlapau\/wp-content\/uploads\/2022\/04\/tribuna_1_2560-10.jpg\",\"contentUrl\":\"https:\/\/www.icip.cat\/perlapau\/wp-content\/uploads\/2022\/04\/tribuna_1_2560-10.jpg\",\"width\":1152,\"height\":1600},{\"@type\":\"WebSite\",\"@id\":\"https:\/\/www.icip.cat\/perlapau\/#website\",\"url\":\"https:\/\/www.icip.cat\/perlapau\/\",\"name\":\"Peace in Progress magazine\",\"description\":\"The magazine of the International Catalan Institute for Peace\",\"publisher\":{\"@id\":\"https:\/\/www.icip.cat\/perlapau\/#organization\"},\"potentialAction\":[{\"@type\":\"SearchAction\",\"target\":{\"@type\":\"EntryPoint\",\"urlTemplate\":\"https:\/\/www.icip.cat\/perlapau\/?s={search_term_string}\"},\"query-input\":{\"@type\":\"PropertyValueSpecification\",\"valueRequired\":true,\"valueName\":\"search_term_string\"}}],\"inLanguage\":\"en-US\"},{\"@type\":\"Organization\",\"@id\":\"https:\/\/www.icip.cat\/perlapau\/#organization\",\"name\":\"Peace in Progress magazine\",\"url\":\"https:\/\/www.icip.cat\/perlapau\/\",\"logo\":{\"@type\":\"ImageObject\",\"inLanguage\":\"en-US\",\"@id\":\"https:\/\/www.icip.cat\/perlapau\/#\/schema\/logo\/image\/\",\"url\":\"https:\/\/www.icip.cat\/perlapau\/wp-content\/uploads\/2023\/04\/ICIP_logo.jpg\",\"contentUrl\":\"https:\/\/www.icip.cat\/perlapau\/wp-content\/uploads\/2023\/04\/ICIP_logo.jpg\",\"width\":1025,\"height\":1024,\"caption\":\"Peace in Progress magazine\"},\"image\":{\"@id\":\"https:\/\/www.icip.cat\/perlapau\/#\/schema\/logo\/image\/\"}}]}<\/script>\n<!-- \/ Yoast SEO plugin. -->","yoast_head_json":{"title":"The collective memory of recent past and challenges ahead - Peace in Progress magazine","robots":{"index":"index","follow":"follow","max-snippet":"max-snippet:-1","max-image-preview":"max-image-preview:large","max-video-preview":"max-video-preview:-1"},"canonical":"https:\/\/www.icip.cat\/perlapau\/en\/article\/the-collective-memory-of-recent-past-and-challenges-ahead\/","og_locale":"en_US","og_type":"article","og_title":"The collective memory of recent past and challenges ahead - Peace in Progress magazine","og_description":"The armed civil conflict of 1936-1939, after the failed coup d\u00b4\u00e9tat of 18 July 1936, gradually became an open war where two armies were fighting to take territorial control over the entire peninsula. Meanwhile, for a period of a few months, the geographical division implied the consolidation of two rearguards. In both areas, acts of [&hellip;]","og_url":"https:\/\/www.icip.cat\/perlapau\/en\/article\/the-collective-memory-of-recent-past-and-challenges-ahead\/","og_site_name":"Peace in Progress magazine","og_image":[{"width":518,"height":720,"url":"https:\/\/www.icip.cat\/perlapau\/wp-content\/uploads\/2022\/04\/tribuna_1_2560-10-518x720.jpg","type":"image\/jpeg"}],"twitter_card":"summary_large_image","twitter_misc":{"Est. reading time":"8 minutes"},"schema":{"@context":"https:\/\/schema.org","@graph":[{"@type":"WebPage","@id":"https:\/\/www.icip.cat\/perlapau\/en\/article\/the-collective-memory-of-recent-past-and-challenges-ahead\/","url":"https:\/\/www.icip.cat\/perlapau\/en\/article\/the-collective-memory-of-recent-past-and-challenges-ahead\/","name":"The collective memory of recent past and challenges ahead - Peace in Progress magazine","isPartOf":{"@id":"https:\/\/www.icip.cat\/perlapau\/#website"},"primaryImageOfPage":{"@id":"https:\/\/www.icip.cat\/perlapau\/en\/article\/the-collective-memory-of-recent-past-and-challenges-ahead\/#primaryimage"},"image":{"@id":"https:\/\/www.icip.cat\/perlapau\/en\/article\/the-collective-memory-of-recent-past-and-challenges-ahead\/#primaryimage"},"thumbnailUrl":"https:\/\/www.icip.cat\/perlapau\/wp-content\/uploads\/2022\/04\/tribuna_1_2560-10.jpg","datePublished":"2022-04-07T11:19:43+00:00","inLanguage":"en-US","potentialAction":[{"@type":"ReadAction","target":["https:\/\/www.icip.cat\/perlapau\/en\/article\/the-collective-memory-of-recent-past-and-challenges-ahead\/"]}]},{"@type":"ImageObject","inLanguage":"en-US","@id":"https:\/\/www.icip.cat\/perlapau\/en\/article\/the-collective-memory-of-recent-past-and-challenges-ahead\/#primaryimage","url":"https:\/\/www.icip.cat\/perlapau\/wp-content\/uploads\/2022\/04\/tribuna_1_2560-10.jpg","contentUrl":"https:\/\/www.icip.cat\/perlapau\/wp-content\/uploads\/2022\/04\/tribuna_1_2560-10.jpg","width":1152,"height":1600},{"@type":"WebSite","@id":"https:\/\/www.icip.cat\/perlapau\/#website","url":"https:\/\/www.icip.cat\/perlapau\/","name":"Peace in Progress magazine","description":"The magazine of the International Catalan Institute for Peace","publisher":{"@id":"https:\/\/www.icip.cat\/perlapau\/#organization"},"potentialAction":[{"@type":"SearchAction","target":{"@type":"EntryPoint","urlTemplate":"https:\/\/www.icip.cat\/perlapau\/?s={search_term_string}"},"query-input":{"@type":"PropertyValueSpecification","valueRequired":true,"valueName":"search_term_string"}}],"inLanguage":"en-US"},{"@type":"Organization","@id":"https:\/\/www.icip.cat\/perlapau\/#organization","name":"Peace in Progress magazine","url":"https:\/\/www.icip.cat\/perlapau\/","logo":{"@type":"ImageObject","inLanguage":"en-US","@id":"https:\/\/www.icip.cat\/perlapau\/#\/schema\/logo\/image\/","url":"https:\/\/www.icip.cat\/perlapau\/wp-content\/uploads\/2023\/04\/ICIP_logo.jpg","contentUrl":"https:\/\/www.icip.cat\/perlapau\/wp-content\/uploads\/2023\/04\/ICIP_logo.jpg","width":1025,"height":1024,"caption":"Peace in Progress magazine"},"image":{"@id":"https:\/\/www.icip.cat\/perlapau\/#\/schema\/logo\/image\/"}}]}},"_links":{"self":[{"href":"https:\/\/www.icip.cat\/perlapau\/en\/wp-json\/wp\/v2\/article\/6649","targetHints":{"allow":["GET"]}}],"collection":[{"href":"https:\/\/www.icip.cat\/perlapau\/en\/wp-json\/wp\/v2\/article"}],"about":[{"href":"https:\/\/www.icip.cat\/perlapau\/en\/wp-json\/wp\/v2\/types\/article"}],"wp:featuredmedia":[{"embeddable":true,"href":"https:\/\/www.icip.cat\/perlapau\/en\/wp-json\/wp\/v2\/media\/6672"}],"wp:attachment":[{"href":"https:\/\/www.icip.cat\/perlapau\/en\/wp-json\/wp\/v2\/media?parent=6649"}],"wp:term":[{"taxonomy":"category","embeddable":true,"href":"https:\/\/www.icip.cat\/perlapau\/en\/wp-json\/wp\/v2\/categories?post=6649"}],"curies":[{"name":"wp","href":"https:\/\/api.w.org\/{rel}","templated":true}]}}