{"id":5947,"date":"2022-04-07T10:58:01","date_gmt":"2022-04-07T10:58:01","guid":{"rendered":"https:\/\/www.icip.cat\/perlapau\/issue\/%issue_post%\/article\/el-uso-militar-y-en-acciones-de-guerra-de-aviones-no-tripulados\/"},"modified":"2022-04-07T10:58:01","modified_gmt":"2022-04-07T10:58:01","slug":"el-uso-militar-y-en-acciones-de-guerra-de-aviones-no-tripulados","status":"publish","type":"article","link":"https:\/\/www.icip.cat\/perlapau\/es\/articulo\/el-uso-militar-y-en-acciones-de-guerra-de-aviones-no-tripulados\/","title":{"rendered":"El uso militar y en acciones de guerra de aviones no tripulados"},"content":{"rendered":"\n<p>                <span id=\"square\"><\/span>                <span id=\"first-word\"> La revista <\/span> del ICIP inaugura con este n\u00famero una nueva etapa, con mayor longitud de los art\u00edculos y una vocaci\u00f3n expl\u00edcita de contribuir a los debates en curso en el mundo de la construcci\u00f3n de la paz y de la transformaci\u00f3n de conflictos. Intentaremos seleccionar temas que exigen aproximaciones multidimensionales y que fomenten actuaciones de largo alcance tanto en el campo de la investigaci\u00f3n como en el de la acci\u00f3n.<\/p>\n<p> Era f\u00e1cil escoger el tema del primer monogr\u00e1fico de esta nueva etapa: el uso militar de aviones no tripulados (conocidos como <em>drones<\/em> \t\t<sup> 1 <\/sup>\t\t) en operaciones de guerra, en el campo de batalla, en operaciones de contra-insurgencia o contra grupos considerados terroristas. Abordamos este tema a trav\u00e9s del editorial y cinco art\u00edculos, escritos por expertos en estudios estrat\u00e9gicos, derecho internacional, analistas de operaciones concretas como las de Pakist\u00e1n o investigadores vinculados a campa\u00f1as en favor de la reglamentaci\u00f3n del uso militar de los <em>drones<\/em>, as\u00ed como una entrevista al relator especial de Naciones Unidas para ejecuciones extrajudiciales. Todos ellos ofrecen datos, argumentaciones y opiniones, plurales y razonadas, para centrar el debate sobre qu\u00e9 hay que investigar y qu\u00e9 hay que hacer -a corto, medio y largo plazo- a prop\u00f3sito del desarrollo y el uso militar de los aviones no tripulados. Todos se\u00f1alan un primer problema: reglamentar algo que no es, per se, siempre, un arma. <\/p>\n<p> El ICIP, adem\u00e1s, lo ha considerado un tema a incluir en el nuevo Plan Plurianual (2014-2017), encargando algunos informes y preparando seminarios de investigaci\u00f3n y un futuro simposio. Eso nos permite explicitar algunas reflexiones o puntos de partida iniciales a prop\u00f3sito del uso militar de los <em>drones<\/em>: <\/p>\n<p> Primero, huir de sensacionalismos catastrofistas, de campa\u00f1as focalizadas en la \u00abrobotizaci\u00f3n\u00bb o el miedo a la tecnolog\u00eda. Estamos, a pesar de los avances en inteligencia artificial, muy lejos de contar con \u00abrobots\u00bb aut\u00f3nomos. Ning\u00fan dron puede pasar a corto plazo las pruebas elaboradas por Turing el a\u00f1o 1950 para distinguir entre m\u00e1quina y ser humano. Lo relevante para la investigaci\u00f3n y la acci\u00f3n es lo que ya hacen ahora: matan, no siempre selectivamente, comandados o tutelados por seres humanos. Nos consta que Estados Unidos los utiliza en Afganist\u00e1n, Yemen, Irak, Pakist\u00e1n y Somalia, y que la compra o investigaci\u00f3n para desarrollarlos no deja de crecer. De hecho, entre 30 y 76 estados disponen ya de tecnolog\u00eda de dron. \t\t<sup> 2 <\/sup> <\/p>\n<p> Segundo, hay que contextualizar bien el fen\u00f3meno, menos novedoso de lo que parece. Forma parte de la tendencia en la \u00abautomatizaci\u00f3n del campo de batalla\u00bb, que desde la guerra de Vietnam ha dirigido tanto esfuerzos de investigaci\u00f3n y desarrollos cient\u00edficos como doctrinas estrat\u00e9gicas sobre el cambio de naturaleza de las guerras y las formas de librarlas, en el marco de la \u00abrevoluci\u00f3n en asuntos militares\u00bb. Adem\u00e1s, el uso militar de los <em>drones<\/em> se remonta a las reacciones a los atentados del 11-S, concretamente a octubre de 2002, con un incremento fuert\u00edsimo durante las administraciones de Obama. <\/p>\n<p> Tercero, necesitamos una conceptualizaci\u00f3n precisa y bien focalizada. No hay que confundir <em>drones<\/em> con misiles y otros temas de la automatizaci\u00f3n del campo de batalla y, sobre todo, hay que evitar considerarlos armas, dado que no lo son per se, ni necesariamente cuando lo son, son ilegales. Definir, acotar, precisar sus usos ser\u00e1 clave a la hora de analizar los retos para el derecho internacional humanitario, establecer alguna moratoria para permitir investigar y proponer formas de regularlos. Si se hace bien se podr\u00eda utilizar una convenci\u00f3n de limitaci\u00f3n de armamentos antigua, la Convenci\u00f3n sobre Ciertas Armas Convencionales (conocida durante la guerra fr\u00eda como \u00abconvenci\u00f3n sobre armas inhumanas\u00bb), focalizada en armas convencionales con efectos indiscriminados, \t\t<sup> 3 <\/sup>\t\ta la que se podr\u00eda a\u00f1adir alg\u00fan protocolo adicional sobre el uso de los <em>drones<\/em>. <\/p>\n<p> Cuarto, proponemos optar por un enfoque pluridisciplinar y multidimensional respecto de los temas objeto de estudio y de acci\u00f3n. El tema es complejo, poli\u00e9drico, lo que nos obliga a huir de visiones unilaterales. Hay que trabajar con representantes y visiones de los estudios estrat\u00e9gicos y la investigaci\u00f3n para la paz, especialistas aeron\u00e1uticos, expertos en inteligencia artificial y tecn\u00f3logos especializados en miniaturizaci\u00f3n y automatizaci\u00f3n, fil\u00f3sofos, juristas, polit\u00f3logos e internacionalistas, l\u00f3gicos matem\u00e1ticos y especialistas en teor\u00eda de juegos, sin olvidar los militares y, para algunos estudios de eficacia y eficiencia, economistas. <\/p>\n<p> Cinco, un apoyo decidido a la investigaci\u00f3n, ya sea de datos concretos como de posibles soluciones y modelos, vista la complejidad del tema y su evoluci\u00f3n. Hay que saber mucho m\u00e1s. Por ejemplo, no tenemos suficientes datos sobre el uso de <em>drones<\/em> para matar a personas de forma selectiva, por la opacidad, pero tambi\u00e9n por la falta de planteamientos globales. Es m\u00e1s, el debate revela vac\u00edos en temas como legalidad, factores que explican la proliferaci\u00f3n de la pol\u00edtica de adquisiciones y desarrollo, sistemas de rendici\u00f3n de cuentas y transparencia, alcance, opciones y modalidades de control, tanto con instrumentos ya existentes como con nuevos, utilidad real de los artilugios, etc\u00e9tera. <\/p>\n<p> Seis, en el campo de la acci\u00f3n, apostamos de momento por centrarnos en la limitaci\u00f3n de armamentos, no en el desarme: restringir el uso de los <em>drones<\/em>, no eliminarlos como tipo de armas. Pues hay que priorizar campa\u00f1as focalizarlas en lo urgente (moratorias, uso de instrumentos ya existentes con eventuales potenciales a\u00f1adidos) y al mismo tiempo \u00abescalables\u00bb o ampliables en funci\u00f3n de las nuevas investigaciones. Estamos todav\u00eda a tiempo de tomar medidas muy al principio, apelando al principio de precauci\u00f3n. <\/p>\n<p> Y, en s\u00e9ptimo y \u00faltimo lugar, proponemos apostar, estrat\u00e9gicamente, por alianzas amplias, incluidos militares y expertos en estrategia que, sin negar los avances tecnol\u00f3gicos que los <em>drones<\/em> pueden conllevar, son muy esc\u00e9pticos sobre su proliferaci\u00f3n r\u00e1pida e ilimitada. <\/p>\n<p> Hay que buscar aliados muy diversos, porque el camino ser\u00e1 largo y lleno de obst\u00e1culos y, c\u00f3mo dice el refranero, vayamos despacio porque tenemos prisa. <\/p>\n<p class=\"referencia first-reference\"> 1. Hay otros nombres descriptivos (evito los valorativos): \u00abaviones no tripulados\u00bb, \u00abveh\u00edculos a\u00e9reos no tripulados\u00bb, \u00abveh\u00edculos pilotados a distancia\u201d, \u201caeronaves operadas por control remoto\u201d, entre otros. Incluso el tama\u00f1o de los artilugios importa, al afectar a una pr\u00e1ctica con d\u00e9cadas de pr\u00e1ctica popular, con el aeromodelismo, la construcci\u00f3n y uso para finalidades de ocio de peque\u00f1os modelos de aviones no tripulados. Adem\u00e1s hay que no confundir los <em>drones<\/em>, que pueden reutilizarse, en parte, con misiles. <\/p>\n<p class=\"referencia\"> 2. La cifra m\u00e1s baja ser\u00eda la de artilugios por usos militares y la m\u00e1s alta engloba tecnolog\u00eda dual, civil y militar, a finales de 2012. <\/p>\n<p class=\"referencia\"> 3. La Convenci\u00f3n entr\u00f3 en vigor el a\u00f1o 1983 y desde entonces se han ido a\u00f1adiendo protocolos. El quinto y \u00faltimo, a inicios del 2000, sobre restos explosivos abandonados y sin detonar. A ra\u00edz de la segunda reuni\u00f3n de las partes (2001) se ha enmendado el art\u00edculo 1, dado que la mayor parte de los conflictos armados no son internacionales. Desde mayo de 2004 la enmienda del art\u00edculo permite aplicar la Convenci\u00f3n a situaciones de conflicto armado no internacional.  <\/p>\n<p class=\"foto\"> Fotograf\u00eda: Official U.S. Navy flickr Page. Modificada. \t\t<a href=\"http:\/\/creativecommons.org\/licenses\/by\/2.0\/deed.en\" target=\"_blank\" rel=\"noopener\"> \tLink a la licencia. \t<\/a> <\/p>\n<p class=\"gencat\">\u00a9 Generalitat de Catalunya<\/p>\n","protected":false},"featured_media":5970,"menu_order":0,"template":"","categories":[4],"class_list":["post-5947","article","type-article","status-publish","has-post-thumbnail","hentry","category-introduccio"],"acf":[],"yoast_head":"<!-- This site is optimized with the Yoast SEO plugin v25.6 - https:\/\/yoast.com\/wordpress\/plugins\/seo\/ -->\n<title>El uso militar y en acciones de guerra de aviones no tripulados - Revista Por la Paz<\/title>\n<meta name=\"robots\" content=\"index, follow, max-snippet:-1, max-image-preview:large, max-video-preview:-1\" \/>\n<link rel=\"canonical\" href=\"https:\/\/www.icip.cat\/perlapau\/es\/articulo\/el-uso-militar-y-en-acciones-de-guerra-de-aviones-no-tripulados\/\" \/>\n<meta property=\"og:locale\" content=\"es_ES\" \/>\n<meta property=\"og:type\" content=\"article\" \/>\n<meta property=\"og:title\" content=\"El uso militar y en acciones de guerra de aviones no tripulados - Revista Por la Paz\" \/>\n<meta property=\"og:description\" content=\"La revista del ICIP inaugura con este n\u00famero una nueva etapa, con mayor longitud de los art\u00edculos y una vocaci\u00f3n expl\u00edcita de contribuir a los debates en curso en el mundo de la construcci\u00f3n de la paz y de la transformaci\u00f3n de conflictos. Intentaremos seleccionar temas que exigen aproximaciones multidimensionales y que fomenten actuaciones de [&hellip;]\" \/>\n<meta property=\"og:url\" content=\"https:\/\/www.icip.cat\/perlapau\/es\/articulo\/el-uso-militar-y-en-acciones-de-guerra-de-aviones-no-tripulados\/\" \/>\n<meta property=\"og:site_name\" content=\"Revista Por la Paz\" \/>\n<meta property=\"og:image\" content=\"https:\/\/www.icip.cat\/perlapau\/wp-content\/uploads\/2022\/04\/editorial_2560-518x720.jpg\" \/>\n\t<meta property=\"og:image:width\" content=\"518\" \/>\n\t<meta property=\"og:image:height\" content=\"720\" \/>\n\t<meta property=\"og:image:type\" content=\"image\/jpeg\" \/>\n<meta name=\"twitter:card\" content=\"summary_large_image\" \/>\n<meta name=\"twitter:label1\" content=\"Tiempo de lectura\" \/>\n\t<meta name=\"twitter:data1\" content=\"6 minutos\" \/>\n<script type=\"application\/ld+json\" class=\"yoast-schema-graph\">{\"@context\":\"https:\/\/schema.org\",\"@graph\":[{\"@type\":\"WebPage\",\"@id\":\"https:\/\/www.icip.cat\/perlapau\/es\/articulo\/el-uso-militar-y-en-acciones-de-guerra-de-aviones-no-tripulados\/\",\"url\":\"https:\/\/www.icip.cat\/perlapau\/es\/articulo\/el-uso-militar-y-en-acciones-de-guerra-de-aviones-no-tripulados\/\",\"name\":\"El uso militar y en acciones de guerra de aviones no tripulados - Revista Por la Paz\",\"isPartOf\":{\"@id\":\"https:\/\/www.icip.cat\/perlapau\/#website\"},\"primaryImageOfPage\":{\"@id\":\"https:\/\/www.icip.cat\/perlapau\/es\/articulo\/el-uso-militar-y-en-acciones-de-guerra-de-aviones-no-tripulados\/#primaryimage\"},\"image\":{\"@id\":\"https:\/\/www.icip.cat\/perlapau\/es\/articulo\/el-uso-militar-y-en-acciones-de-guerra-de-aviones-no-tripulados\/#primaryimage\"},\"thumbnailUrl\":\"https:\/\/www.icip.cat\/perlapau\/wp-content\/uploads\/2022\/04\/editorial_2560.jpg\",\"datePublished\":\"2022-04-07T10:58:01+00:00\",\"inLanguage\":\"es\",\"potentialAction\":[{\"@type\":\"ReadAction\",\"target\":[\"https:\/\/www.icip.cat\/perlapau\/es\/articulo\/el-uso-militar-y-en-acciones-de-guerra-de-aviones-no-tripulados\/\"]}]},{\"@type\":\"ImageObject\",\"inLanguage\":\"es\",\"@id\":\"https:\/\/www.icip.cat\/perlapau\/es\/articulo\/el-uso-militar-y-en-acciones-de-guerra-de-aviones-no-tripulados\/#primaryimage\",\"url\":\"https:\/\/www.icip.cat\/perlapau\/wp-content\/uploads\/2022\/04\/editorial_2560.jpg\",\"contentUrl\":\"https:\/\/www.icip.cat\/perlapau\/wp-content\/uploads\/2022\/04\/editorial_2560.jpg\",\"width\":1152,\"height\":1600},{\"@type\":\"WebSite\",\"@id\":\"https:\/\/www.icip.cat\/perlapau\/#website\",\"url\":\"https:\/\/www.icip.cat\/perlapau\/\",\"name\":\"Revista Por la Paz\",\"description\":\"La revista del Instituto Catal\u00e1n Internacional para la Paz\",\"publisher\":{\"@id\":\"https:\/\/www.icip.cat\/perlapau\/#organization\"},\"potentialAction\":[{\"@type\":\"SearchAction\",\"target\":{\"@type\":\"EntryPoint\",\"urlTemplate\":\"https:\/\/www.icip.cat\/perlapau\/?s={search_term_string}\"},\"query-input\":{\"@type\":\"PropertyValueSpecification\",\"valueRequired\":true,\"valueName\":\"search_term_string\"}}],\"inLanguage\":\"es\"},{\"@type\":\"Organization\",\"@id\":\"https:\/\/www.icip.cat\/perlapau\/#organization\",\"name\":\"Revista Por la Paz\",\"url\":\"https:\/\/www.icip.cat\/perlapau\/\",\"logo\":{\"@type\":\"ImageObject\",\"inLanguage\":\"es\",\"@id\":\"https:\/\/www.icip.cat\/perlapau\/#\/schema\/logo\/image\/\",\"url\":\"https:\/\/www.icip.cat\/perlapau\/wp-content\/uploads\/2023\/04\/ICIP_logo.jpg\",\"contentUrl\":\"https:\/\/www.icip.cat\/perlapau\/wp-content\/uploads\/2023\/04\/ICIP_logo.jpg\",\"width\":1025,\"height\":1024,\"caption\":\"Revista Por la Paz\"},\"image\":{\"@id\":\"https:\/\/www.icip.cat\/perlapau\/#\/schema\/logo\/image\/\"}}]}<\/script>\n<!-- \/ Yoast SEO plugin. -->","yoast_head_json":{"title":"El uso militar y en acciones de guerra de aviones no tripulados - Revista Por la Paz","robots":{"index":"index","follow":"follow","max-snippet":"max-snippet:-1","max-image-preview":"max-image-preview:large","max-video-preview":"max-video-preview:-1"},"canonical":"https:\/\/www.icip.cat\/perlapau\/es\/articulo\/el-uso-militar-y-en-acciones-de-guerra-de-aviones-no-tripulados\/","og_locale":"es_ES","og_type":"article","og_title":"El uso militar y en acciones de guerra de aviones no tripulados - Revista Por la Paz","og_description":"La revista del ICIP inaugura con este n\u00famero una nueva etapa, con mayor longitud de los art\u00edculos y una vocaci\u00f3n expl\u00edcita de contribuir a los debates en curso en el mundo de la construcci\u00f3n de la paz y de la transformaci\u00f3n de conflictos. Intentaremos seleccionar temas que exigen aproximaciones multidimensionales y que fomenten actuaciones de [&hellip;]","og_url":"https:\/\/www.icip.cat\/perlapau\/es\/articulo\/el-uso-militar-y-en-acciones-de-guerra-de-aviones-no-tripulados\/","og_site_name":"Revista Por la Paz","og_image":[{"width":518,"height":720,"url":"https:\/\/www.icip.cat\/perlapau\/wp-content\/uploads\/2022\/04\/editorial_2560-518x720.jpg","type":"image\/jpeg"}],"twitter_card":"summary_large_image","twitter_misc":{"Tiempo de lectura":"6 minutos"},"schema":{"@context":"https:\/\/schema.org","@graph":[{"@type":"WebPage","@id":"https:\/\/www.icip.cat\/perlapau\/es\/articulo\/el-uso-militar-y-en-acciones-de-guerra-de-aviones-no-tripulados\/","url":"https:\/\/www.icip.cat\/perlapau\/es\/articulo\/el-uso-militar-y-en-acciones-de-guerra-de-aviones-no-tripulados\/","name":"El uso militar y en acciones de guerra de aviones no tripulados - Revista Por la Paz","isPartOf":{"@id":"https:\/\/www.icip.cat\/perlapau\/#website"},"primaryImageOfPage":{"@id":"https:\/\/www.icip.cat\/perlapau\/es\/articulo\/el-uso-militar-y-en-acciones-de-guerra-de-aviones-no-tripulados\/#primaryimage"},"image":{"@id":"https:\/\/www.icip.cat\/perlapau\/es\/articulo\/el-uso-militar-y-en-acciones-de-guerra-de-aviones-no-tripulados\/#primaryimage"},"thumbnailUrl":"https:\/\/www.icip.cat\/perlapau\/wp-content\/uploads\/2022\/04\/editorial_2560.jpg","datePublished":"2022-04-07T10:58:01+00:00","inLanguage":"es","potentialAction":[{"@type":"ReadAction","target":["https:\/\/www.icip.cat\/perlapau\/es\/articulo\/el-uso-militar-y-en-acciones-de-guerra-de-aviones-no-tripulados\/"]}]},{"@type":"ImageObject","inLanguage":"es","@id":"https:\/\/www.icip.cat\/perlapau\/es\/articulo\/el-uso-militar-y-en-acciones-de-guerra-de-aviones-no-tripulados\/#primaryimage","url":"https:\/\/www.icip.cat\/perlapau\/wp-content\/uploads\/2022\/04\/editorial_2560.jpg","contentUrl":"https:\/\/www.icip.cat\/perlapau\/wp-content\/uploads\/2022\/04\/editorial_2560.jpg","width":1152,"height":1600},{"@type":"WebSite","@id":"https:\/\/www.icip.cat\/perlapau\/#website","url":"https:\/\/www.icip.cat\/perlapau\/","name":"Revista Por la Paz","description":"La revista del Instituto Catal\u00e1n Internacional para la Paz","publisher":{"@id":"https:\/\/www.icip.cat\/perlapau\/#organization"},"potentialAction":[{"@type":"SearchAction","target":{"@type":"EntryPoint","urlTemplate":"https:\/\/www.icip.cat\/perlapau\/?s={search_term_string}"},"query-input":{"@type":"PropertyValueSpecification","valueRequired":true,"valueName":"search_term_string"}}],"inLanguage":"es"},{"@type":"Organization","@id":"https:\/\/www.icip.cat\/perlapau\/#organization","name":"Revista Por la Paz","url":"https:\/\/www.icip.cat\/perlapau\/","logo":{"@type":"ImageObject","inLanguage":"es","@id":"https:\/\/www.icip.cat\/perlapau\/#\/schema\/logo\/image\/","url":"https:\/\/www.icip.cat\/perlapau\/wp-content\/uploads\/2023\/04\/ICIP_logo.jpg","contentUrl":"https:\/\/www.icip.cat\/perlapau\/wp-content\/uploads\/2023\/04\/ICIP_logo.jpg","width":1025,"height":1024,"caption":"Revista Por la Paz"},"image":{"@id":"https:\/\/www.icip.cat\/perlapau\/#\/schema\/logo\/image\/"}}]}},"_links":{"self":[{"href":"https:\/\/www.icip.cat\/perlapau\/es\/wp-json\/wp\/v2\/article\/5947","targetHints":{"allow":["GET"]}}],"collection":[{"href":"https:\/\/www.icip.cat\/perlapau\/es\/wp-json\/wp\/v2\/article"}],"about":[{"href":"https:\/\/www.icip.cat\/perlapau\/es\/wp-json\/wp\/v2\/types\/article"}],"wp:featuredmedia":[{"embeddable":true,"href":"https:\/\/www.icip.cat\/perlapau\/es\/wp-json\/wp\/v2\/media\/5970"}],"wp:attachment":[{"href":"https:\/\/www.icip.cat\/perlapau\/es\/wp-json\/wp\/v2\/media?parent=5947"}],"wp:term":[{"taxonomy":"category","embeddable":true,"href":"https:\/\/www.icip.cat\/perlapau\/es\/wp-json\/wp\/v2\/categories?post=5947"}],"curies":[{"name":"wp","href":"https:\/\/api.w.org\/{rel}","templated":true}]}}