{"id":6099,"date":"2022-04-07T10:58:36","date_gmt":"2022-04-07T10:58:36","guid":{"rendered":"https:\/\/www.icip.cat\/perlapau\/issue\/%issue_post%\/article\/la-protesta-atacada-por-los-cuatro-costados\/"},"modified":"2022-04-07T10:58:36","modified_gmt":"2022-04-07T10:58:36","slug":"la-protesta-atacada-por-los-cuatro-costados","status":"publish","type":"article","link":"https:\/\/www.icip.cat\/perlapau\/es\/articulo\/la-protesta-atacada-por-los-cuatro-costados\/","title":{"rendered":"La protesta atacada por los cuatro costados"},"content":{"rendered":"\n<p>                <span id=\"square\"><\/span>                <span id=\"first-word\"> La crisis<\/span> y las medidas de austericidio impulsadas desde nuestros diferentes gobiernos (europeo, estatal y auton\u00f3micos) han supuesto un recorte sin precedentes de nuestras pol\u00edticas sociales y por tanto un retroceso en el goce efectivo de varios derechos econ\u00f3micos, sociales y culturales, como son el trabajo, la sanidad y la educaci\u00f3n. Estos recortes se contestan, d\u00eda s\u00ed y d\u00eda tambi\u00e9n, en la calle. Manifestaciones, concentraciones, ocupaciones de espacios p\u00fablicos, asambleas ciudadanas\u2026, seg\u00fan afirm\u00f3 el Director General de la Polic\u00eda, Ignacio Cosid\u00f3, en su \u00faltima comparecencia en el Congreso, se calculan casi 100 protestas diarias desde 2012.             <\/p>\n<p> \u00bfY cu\u00e1l es la respuesta ante este descontento social manifestado en la calle? El ataque. Pero no el ataque frontal, sino el ataque dirigido, y hasta parece coordinado, desde cuatro flancos. <\/p>\n<p> La protesta, el disenso, no est\u00e1 recogida como derecho humano aut\u00f3nomo. Sin embargo s\u00ed que lo est\u00e1n otros aspectos que la configuran, como son el derecho de manifestaci\u00f3n, el derecho de reuni\u00f3n y la libertad de expresi\u00f3n. Estos derechos, considerados como estrechamente vinculados a la formaci\u00f3n de una sociedad democr\u00e1tica, porque son imprescindibles para su construcci\u00f3n, son los que se encuentran, y lo decimos sin miedo a exagerar, sitiados por un ataque persistente y sostenido que les llega, nos llega, desde cuatro flancos, desde cuatro poderes: el ejecutivo, el legislativo, el judicial y el medi\u00e1tico. <\/p>\n<p>\t\t\t\t            <cite class=\"cita-center\">\t\t\t\t\t        \t\t            El principal papel de la polic\u00eda ante de una manifestaci\u00f3n o acto de protesta ha de ser la protecci\u00f3n de los manifestantes y su derecho a reivindicar o expresas rus opiniones\t\t\t<\/cite>\t\t\t\t\t\t<\/p>\n<p> Desde el poder ejecutivo asistimos a un uso y abuso de la violencia y la fuerza por parte de los cuerpos de seguridad que ya no puede considerarse anecd\u00f3tica ni puntual. Son demasiados los casos en los que se producen cargas policiales violentas (y quiz\u00e1s me sobre el calificativo, no s\u00e9 si existen las cargas policiales no violentas), despliegues de cuerpos antidisturbios desproporcionados y provocadores (y aqu\u00ed s\u00ed que s\u00e9 seguro que me sobran los calificativos) y directrices desde los responsables pol\u00edticos claramente dirigidas a amedrentar y desincentivar la movilizaci\u00f3n social con argumentos de falta de seguridad ciudadana asociada casi en exclusiva a la protecci\u00f3n de bienes materiales.  <\/p>\n<p> No debemos olvidar que el principal papel de la polic\u00eda ante una manifestaci\u00f3n o acto de protesta es la protecci\u00f3n de los manifestantes y de su derecho a reivindicar o expresar sus opiniones. Sin embargo, con la justificaci\u00f3n de la quema de contenedores o el destrozo de sucursales bancarias, las fuerzas de seguridad anteponen la protecci\u00f3n de estos bienes a la integridad f\u00edsica de las personas. Ante un acto delictivo la polic\u00eda debe actuar e intentar detener a los responsables. De ah\u00ed a abusar de la fuerza y poner en peligro esta integridad f\u00edsica, como ha sido denunciado por diversos mecanismos internacionales de protecci\u00f3n de los derechos humanos, hay un abismo que hemos decidido saltar. <\/p>\n<p> El gobierno parece haber olvidado que como garante de los derechos humanos es su obligaci\u00f3n respetar, proteger y garantizar estos derechos. Es decir, el estado no puede violar derechos humanos (respeto), debe poner las condiciones adecuadas para su disfrute (protecci\u00f3n) y debe establecer el sistema de reparaci\u00f3n adecuado cuando no pueda evitar una vulneraci\u00f3n (garant\u00eda). El respeto, la protecci\u00f3n y la garant\u00eda del derecho de reuni\u00f3n y de la libertad de expresi\u00f3n se encuentran en un lugar privilegiado, por su fundamentalidad constitucional. Sin embargo, esta especial protecci\u00f3n que les ofrece la Constituci\u00f3n no parece ser suficiente, puesto que el legislativo tambi\u00e9n ha decidido atacar. <\/p>\n<p> La reciente aprobaci\u00f3n de la Ley de seguridad privada, la reforma del C\u00f3digo Penal y el intento de reforma de la Ley de seguridad ciudadana, son s\u00f3lo tres ejemplos de la ofensiva normativa destinada a intentar silenciar y criminalizar la protesta. Por un lado se aumentan los tipos penales asociados claramente con acciones de protesta o de reivindicaci\u00f3n y por otro se conceden m\u00e1s poderes y m\u00e1s discrecionalidad a las fuerzas de seguridad, incluso privatizando algunas de sus funciones con lo que ello supone de p\u00e9rdida de control p\u00fablico y de rendici\u00f3n de cuentas. <\/p>\n<p> Y ante las vulneraciones de derechos, cuando deber\u00edan activarse las garant\u00edas secundarias, \u00e9stas contribuyen, en general, a aumentar el c\u00edrculo de la impunidad. Las alegaciones de malos tratos y torturas por parte de las fuerzas de seguridad durante actos de protesta han tenido una vida judicial bastante corta hasta la fecha. La falta de investigaci\u00f3n profunda, la presunci\u00f3n de veracidad de la autoridad y la inclusi\u00f3n de tasas judiciales son algunos de los aspectos que llevan, en la mayor\u00eda de los casos, a la no presentaci\u00f3n de demanda o al sobreseimiento de la misma en las primeras fases judiciales. <\/p>\n<p> A\u00fan as\u00ed, existen excepciones, y se han producido diversas sentencias condenatorias ante actuaciones policiales abusivas y desproporcionadas. Aparece en este punto, sin embargo, la figura del indulto otorgado por el ejecutivo que nos termina de cerrar este c\u00edrculo de impunidad al que hac\u00edamos referencia. Son ya demasiadas las ocasiones en las cuales se producen indultos por este tipo de delitos, indultos que s\u00f3lo sirven para dar el mensaje, equivocado desde nuestro punto de vista, de que estas sentencias condenatorias son, tranquilos, s\u00f3lo un error que se puede subsanar. <\/p>\n<p>\t\t\t\t\t\t<cite class=\"cita-center\">                                                La Ley de Seguridad privada, la reforma del C\u00f3digo Penal y el intento de reforma de la Ley de Seguridad ciudadana son solo tres ejemplos de la ofensiva normativa destinada a intentar silenciar y criminalizar la protesta\t\t\t<\/cite>\t\t\t\t\t\t<\/p>\n<p> Como sociedad democr\u00e1tica no podemos permitirnos este clima de miedo ante la protesta ni este c\u00edrculo de impunidad. Pero lo permitimos. Y lo hacemos, entre otras cosas, porque el cuarto ataque, el medi\u00e1tico, es continuo y sistem\u00e1tico. Desde los medios de comunicaci\u00f3n convencionales asistimos a la propagaci\u00f3n de un discurso \u00fanico sobre la protesta que identifica al manifestante como violento, despoj\u00e1ndolo inmediatamente de humanidad y por tanto allanando el camino a la justificaci\u00f3n de su represi\u00f3n, violenta incluso, si es necesario.  <\/p>\n<p> La construcci\u00f3n del imaginario social sobre el concepto de seguridad es una tarea conjunta ante la cual los medios de comunicaci\u00f3n tienen mucho que decir y aportar. Definir la seguridad exclusivamente como orden p\u00fablico sin tener en cuenta otras dimensiones, como la econ\u00f3mica, la social o la pol\u00edtica, ayuda a legitimar el uso de la violencia contra aquellos que exigen un orden social distinto m\u00e1s seguro, con trabajo, educaci\u00f3n, sanidad y espacio p\u00fablico de uso variado, tambi\u00e9n reivindicativo. <\/p>\n<p> Aparecen en este punto algunas fuentes de informaci\u00f3n alternativas, fuentes a\u00fan minoritarias pero indudablemente en expansi\u00f3n. Y un ejemplo claro de la importancia de la funci\u00f3n social de los medios de comunicaci\u00f3n la tenemos en el intento de control y censura que estas fuentes alternativas empiezan a sufrir por parte del estado.  <\/p>\n<p> La defensa ante todos estos ataques pasa, seg\u00fan nuestro punto de vista, por el fortalecimiento de la sociedad civil, por la concienciaci\u00f3n clara y expl\u00edcita sobre los derechos que como ciudadan\u00eda tenemos, por la b\u00fasqueda de apoyos internacionales a trav\u00e9s de los mecanismos de protecci\u00f3n de los derechos humanos y por el cambio en la manera de hacer pol\u00edtica que recupere el respeto, la protecci\u00f3n y la garant\u00eda de estos derechos como su principal prioridad. <\/p>\n<p class=\"foto first-reference\"> <a href=\"https:\/\/www.flickr.com\/photos\/mac_ivan\/11038342796\" target=\"_blank\" rel=\"noopener\"> \t\tFotograf\u00eda \t\t<\/a> \t\t: Ivan Bandura \/\t\t<a href=\"https:\/\/creativecommons.org\/licenses\/by\/2.0\/\" target=\"_blank\" rel=\"noopener\"> \tCC BY\t<\/a>\t\t\/ Desaturada.\t\t<em>&#8211; Antidisturbios en una manifestaci\u00f3n &#8211;<\/em> <\/p>\n<p class=\"gencat\">\u00a9 Generalitat de Catalunya<\/p>\n","protected":false},"featured_media":6138,"menu_order":8,"template":"","categories":[8],"class_list":["post-6099","article","type-article","status-publish","has-post-thumbnail","hentry","category-tribuna"],"acf":[],"yoast_head":"<!-- This site is optimized with the Yoast SEO plugin v25.6 - https:\/\/yoast.com\/wordpress\/plugins\/seo\/ -->\n<title>La protesta atacada por los cuatro costados - Revista Por la Paz<\/title>\n<meta name=\"robots\" content=\"index, follow, max-snippet:-1, max-image-preview:large, max-video-preview:-1\" \/>\n<link rel=\"canonical\" href=\"https:\/\/www.icip.cat\/perlapau\/es\/articulo\/la-protesta-atacada-por-los-cuatro-costados\/\" \/>\n<meta property=\"og:locale\" content=\"es_ES\" \/>\n<meta property=\"og:type\" content=\"article\" \/>\n<meta property=\"og:title\" content=\"La protesta atacada por los cuatro costados - Revista Por la Paz\" \/>\n<meta property=\"og:description\" content=\"La crisis y las medidas de austericidio impulsadas desde nuestros diferentes gobiernos (europeo, estatal y auton\u00f3micos) han supuesto un recorte sin precedentes de nuestras pol\u00edticas sociales y por tanto un retroceso en el goce efectivo de varios derechos econ\u00f3micos, sociales y culturales, como son el trabajo, la sanidad y la educaci\u00f3n. Estos recortes se contestan, [&hellip;]\" \/>\n<meta property=\"og:url\" content=\"https:\/\/www.icip.cat\/perlapau\/es\/articulo\/la-protesta-atacada-por-los-cuatro-costados\/\" \/>\n<meta property=\"og:site_name\" content=\"Revista Por la Paz\" \/>\n<meta property=\"og:image\" content=\"https:\/\/www.icip.cat\/perlapau\/wp-content\/uploads\/2022\/04\/tribuna_1_2560-2-518x720.jpg\" \/>\n\t<meta property=\"og:image:width\" content=\"518\" \/>\n\t<meta property=\"og:image:height\" content=\"720\" \/>\n\t<meta property=\"og:image:type\" content=\"image\/jpeg\" \/>\n<meta name=\"twitter:card\" content=\"summary_large_image\" \/>\n<meta name=\"twitter:label1\" content=\"Tiempo de lectura\" \/>\n\t<meta name=\"twitter:data1\" content=\"7 minutos\" \/>\n<script type=\"application\/ld+json\" class=\"yoast-schema-graph\">{\"@context\":\"https:\/\/schema.org\",\"@graph\":[{\"@type\":\"WebPage\",\"@id\":\"https:\/\/www.icip.cat\/perlapau\/es\/articulo\/la-protesta-atacada-por-los-cuatro-costados\/\",\"url\":\"https:\/\/www.icip.cat\/perlapau\/es\/articulo\/la-protesta-atacada-por-los-cuatro-costados\/\",\"name\":\"La protesta atacada por los cuatro costados - Revista Por la Paz\",\"isPartOf\":{\"@id\":\"https:\/\/www.icip.cat\/perlapau\/#website\"},\"primaryImageOfPage\":{\"@id\":\"https:\/\/www.icip.cat\/perlapau\/es\/articulo\/la-protesta-atacada-por-los-cuatro-costados\/#primaryimage\"},\"image\":{\"@id\":\"https:\/\/www.icip.cat\/perlapau\/es\/articulo\/la-protesta-atacada-por-los-cuatro-costados\/#primaryimage\"},\"thumbnailUrl\":\"https:\/\/www.icip.cat\/perlapau\/wp-content\/uploads\/2022\/04\/tribuna_1_2560-2.jpg\",\"datePublished\":\"2022-04-07T10:58:36+00:00\",\"inLanguage\":\"es\",\"potentialAction\":[{\"@type\":\"ReadAction\",\"target\":[\"https:\/\/www.icip.cat\/perlapau\/es\/articulo\/la-protesta-atacada-por-los-cuatro-costados\/\"]}]},{\"@type\":\"ImageObject\",\"inLanguage\":\"es\",\"@id\":\"https:\/\/www.icip.cat\/perlapau\/es\/articulo\/la-protesta-atacada-por-los-cuatro-costados\/#primaryimage\",\"url\":\"https:\/\/www.icip.cat\/perlapau\/wp-content\/uploads\/2022\/04\/tribuna_1_2560-2.jpg\",\"contentUrl\":\"https:\/\/www.icip.cat\/perlapau\/wp-content\/uploads\/2022\/04\/tribuna_1_2560-2.jpg\",\"width\":1152,\"height\":1600},{\"@type\":\"WebSite\",\"@id\":\"https:\/\/www.icip.cat\/perlapau\/#website\",\"url\":\"https:\/\/www.icip.cat\/perlapau\/\",\"name\":\"Revista Por la Paz\",\"description\":\"La revista del Instituto Catal\u00e1n Internacional para la Paz\",\"publisher\":{\"@id\":\"https:\/\/www.icip.cat\/perlapau\/#organization\"},\"potentialAction\":[{\"@type\":\"SearchAction\",\"target\":{\"@type\":\"EntryPoint\",\"urlTemplate\":\"https:\/\/www.icip.cat\/perlapau\/?s={search_term_string}\"},\"query-input\":{\"@type\":\"PropertyValueSpecification\",\"valueRequired\":true,\"valueName\":\"search_term_string\"}}],\"inLanguage\":\"es\"},{\"@type\":\"Organization\",\"@id\":\"https:\/\/www.icip.cat\/perlapau\/#organization\",\"name\":\"Revista Por la Paz\",\"url\":\"https:\/\/www.icip.cat\/perlapau\/\",\"logo\":{\"@type\":\"ImageObject\",\"inLanguage\":\"es\",\"@id\":\"https:\/\/www.icip.cat\/perlapau\/#\/schema\/logo\/image\/\",\"url\":\"https:\/\/www.icip.cat\/perlapau\/wp-content\/uploads\/2023\/04\/ICIP_logo.jpg\",\"contentUrl\":\"https:\/\/www.icip.cat\/perlapau\/wp-content\/uploads\/2023\/04\/ICIP_logo.jpg\",\"width\":1025,\"height\":1024,\"caption\":\"Revista Por la Paz\"},\"image\":{\"@id\":\"https:\/\/www.icip.cat\/perlapau\/#\/schema\/logo\/image\/\"}}]}<\/script>\n<!-- \/ Yoast SEO plugin. -->","yoast_head_json":{"title":"La protesta atacada por los cuatro costados - Revista Por la Paz","robots":{"index":"index","follow":"follow","max-snippet":"max-snippet:-1","max-image-preview":"max-image-preview:large","max-video-preview":"max-video-preview:-1"},"canonical":"https:\/\/www.icip.cat\/perlapau\/es\/articulo\/la-protesta-atacada-por-los-cuatro-costados\/","og_locale":"es_ES","og_type":"article","og_title":"La protesta atacada por los cuatro costados - Revista Por la Paz","og_description":"La crisis y las medidas de austericidio impulsadas desde nuestros diferentes gobiernos (europeo, estatal y auton\u00f3micos) han supuesto un recorte sin precedentes de nuestras pol\u00edticas sociales y por tanto un retroceso en el goce efectivo de varios derechos econ\u00f3micos, sociales y culturales, como son el trabajo, la sanidad y la educaci\u00f3n. Estos recortes se contestan, [&hellip;]","og_url":"https:\/\/www.icip.cat\/perlapau\/es\/articulo\/la-protesta-atacada-por-los-cuatro-costados\/","og_site_name":"Revista Por la Paz","og_image":[{"width":518,"height":720,"url":"https:\/\/www.icip.cat\/perlapau\/wp-content\/uploads\/2022\/04\/tribuna_1_2560-2-518x720.jpg","type":"image\/jpeg"}],"twitter_card":"summary_large_image","twitter_misc":{"Tiempo de lectura":"7 minutos"},"schema":{"@context":"https:\/\/schema.org","@graph":[{"@type":"WebPage","@id":"https:\/\/www.icip.cat\/perlapau\/es\/articulo\/la-protesta-atacada-por-los-cuatro-costados\/","url":"https:\/\/www.icip.cat\/perlapau\/es\/articulo\/la-protesta-atacada-por-los-cuatro-costados\/","name":"La protesta atacada por los cuatro costados - Revista Por la Paz","isPartOf":{"@id":"https:\/\/www.icip.cat\/perlapau\/#website"},"primaryImageOfPage":{"@id":"https:\/\/www.icip.cat\/perlapau\/es\/articulo\/la-protesta-atacada-por-los-cuatro-costados\/#primaryimage"},"image":{"@id":"https:\/\/www.icip.cat\/perlapau\/es\/articulo\/la-protesta-atacada-por-los-cuatro-costados\/#primaryimage"},"thumbnailUrl":"https:\/\/www.icip.cat\/perlapau\/wp-content\/uploads\/2022\/04\/tribuna_1_2560-2.jpg","datePublished":"2022-04-07T10:58:36+00:00","inLanguage":"es","potentialAction":[{"@type":"ReadAction","target":["https:\/\/www.icip.cat\/perlapau\/es\/articulo\/la-protesta-atacada-por-los-cuatro-costados\/"]}]},{"@type":"ImageObject","inLanguage":"es","@id":"https:\/\/www.icip.cat\/perlapau\/es\/articulo\/la-protesta-atacada-por-los-cuatro-costados\/#primaryimage","url":"https:\/\/www.icip.cat\/perlapau\/wp-content\/uploads\/2022\/04\/tribuna_1_2560-2.jpg","contentUrl":"https:\/\/www.icip.cat\/perlapau\/wp-content\/uploads\/2022\/04\/tribuna_1_2560-2.jpg","width":1152,"height":1600},{"@type":"WebSite","@id":"https:\/\/www.icip.cat\/perlapau\/#website","url":"https:\/\/www.icip.cat\/perlapau\/","name":"Revista Por la Paz","description":"La revista del Instituto Catal\u00e1n Internacional para la Paz","publisher":{"@id":"https:\/\/www.icip.cat\/perlapau\/#organization"},"potentialAction":[{"@type":"SearchAction","target":{"@type":"EntryPoint","urlTemplate":"https:\/\/www.icip.cat\/perlapau\/?s={search_term_string}"},"query-input":{"@type":"PropertyValueSpecification","valueRequired":true,"valueName":"search_term_string"}}],"inLanguage":"es"},{"@type":"Organization","@id":"https:\/\/www.icip.cat\/perlapau\/#organization","name":"Revista Por la Paz","url":"https:\/\/www.icip.cat\/perlapau\/","logo":{"@type":"ImageObject","inLanguage":"es","@id":"https:\/\/www.icip.cat\/perlapau\/#\/schema\/logo\/image\/","url":"https:\/\/www.icip.cat\/perlapau\/wp-content\/uploads\/2023\/04\/ICIP_logo.jpg","contentUrl":"https:\/\/www.icip.cat\/perlapau\/wp-content\/uploads\/2023\/04\/ICIP_logo.jpg","width":1025,"height":1024,"caption":"Revista Por la Paz"},"image":{"@id":"https:\/\/www.icip.cat\/perlapau\/#\/schema\/logo\/image\/"}}]}},"_links":{"self":[{"href":"https:\/\/www.icip.cat\/perlapau\/es\/wp-json\/wp\/v2\/article\/6099","targetHints":{"allow":["GET"]}}],"collection":[{"href":"https:\/\/www.icip.cat\/perlapau\/es\/wp-json\/wp\/v2\/article"}],"about":[{"href":"https:\/\/www.icip.cat\/perlapau\/es\/wp-json\/wp\/v2\/types\/article"}],"wp:featuredmedia":[{"embeddable":true,"href":"https:\/\/www.icip.cat\/perlapau\/es\/wp-json\/wp\/v2\/media\/6138"}],"wp:attachment":[{"href":"https:\/\/www.icip.cat\/perlapau\/es\/wp-json\/wp\/v2\/media?parent=6099"}],"wp:term":[{"taxonomy":"category","embeddable":true,"href":"https:\/\/www.icip.cat\/perlapau\/es\/wp-json\/wp\/v2\/categories?post=6099"}],"curies":[{"name":"wp","href":"https:\/\/api.w.org\/{rel}","templated":true}]}}