{"id":6297,"date":"2022-04-07T10:59:21","date_gmt":"2022-04-07T10:59:21","guid":{"rendered":"https:\/\/www.icip.cat\/perlapau\/issue\/%issue_post%\/article\/ilusion-y-vision-el-pacifismo-cientifico-de-alfred-h-fried\/"},"modified":"2022-04-07T10:59:21","modified_gmt":"2022-04-07T10:59:21","slug":"ilusion-y-vision-el-pacifismo-cientifico-de-alfred-h-fried","status":"publish","type":"article","link":"https:\/\/www.icip.cat\/perlapau\/es\/articulo\/ilusion-y-vision-el-pacifismo-cientifico-de-alfred-h-fried\/","title":{"rendered":"Ilusi\u00f3n y visi\u00f3n: el pacifismo cient\u00edfico de Alfred H. Fried"},"content":{"rendered":"\n<p>                <span id=\"first-word\">\u201cAlfred Hermann Fried <\/span>pose\u00eda el inestimable don del \u2018sentido com\u00fan\u2019 y del pensamiento anal\u00edtico directo, el don de concebir claramente las ideas y una visi\u00f3n cabal y profunda siempre basada en informaci\u00f3n objetiva. Era sobrio sin ser seco, apasionado aunque sin exagerar. Sus ideas eran complejas, pero siempre se dirig\u00edan hacia un \u00fanico eje y, de este modo, se reforzaban mutuamente. Este eje, en el que focalizaba toda su pasi\u00f3n intelectual y \u00e9tica, era la idea de la paz mundial. (\u2026) La organizaci\u00f3n de la comunidad internacional: este fue su \u00e9xito antes de la guerra, el resultado de su esfuerzo intelectual. Pero sus logros humanos, que hacen que nos resulte tan admirable como figura y como persona, se iniciaron durante la guerra. Alfred Hermann Fried alcanz\u00f3, en este \u00e1mbito, su aut\u00e9ntica grandeza, su importancia hist\u00f3rica. (\u2026) Y nadie que lea el \u2018diario\u2019 y los textos de Alfred H. Fried hoy estar\u00e1 m\u00e1s avergonzado que los que lo persiguieron con desprecio y odio\u201d<a href=\"articles_centrals\/article_central_4\/#ref\"><sup>1<\/sup><\/a>.            <\/p>\n<p> En sus escritos sobre Alfred Hermann Fried, Stefan Zweig no solo elogiaba las cualidades de su colega escritor, sino que tambi\u00e9n mencionaba el \u201cdiario de guerra\u201d, que Fried public\u00f3 regularmente entre 1914 y 1919 en la revista <em>Die Friedens-Warte<\/em>. Pese a que Fried hab\u00eda sido abiertamente pacifista desde principios de los noventa del siglo XIX, solo fue reconocido en una etapa relativamente tard\u00eda. En reconocimiento a sus incansables esfuerzos como editor, periodista y escritor pacifista, en 1911 le fue concedido el Premio Nobel de la Paz y, en 1913, el doctorado <em>honoris<\/em> causa por la Universidad de Leiden. Esta \u00faltima distinci\u00f3n ten\u00eda una significaci\u00f3n especial para \u00e9l, ya que la ve\u00eda como la prueba del car\u00e1cter cient\u00edfico de su teor\u00eda y de su programa. <\/p>\n<p> Alfred Fried fue uno de los principales te\u00f3ricos internacionales del pacifismo en los a\u00f1os previos a la Primera Guerra Mundial. Dado que las redes internacionales y las relaciones y la cooperaci\u00f3n entre pa\u00edses crec\u00edan y se intensificaban, estaba convencido de que una guerra europea era imposible en un futuro cercano. El 25\u00ba Congreso Mundial de la Paz de Viena, que hab\u00eda organizado junto a su m\u00e1s estrecha colaboradora, Bertha von Suttner, y que deb\u00eda tener lugar en septiembre de 1914, hab\u00eda sido dise\u00f1ado con este objetivo. As\u00ed, Fried se sinti\u00f3 a\u00fan m\u00e1s impactado y entristecido cuando fue declarada la guerra en el verano de 1914<a href=\"articles_centrals\/article_central_4\/#ref\"><sup>2<\/sup><\/a>. En julio a\u00fan ten\u00eda esperanzas de que se pudiera evitar la cat\u00e1strofe, pero, compartiendo las ideas de Jan Gotlib Bloch acerca de la guerra industrial moderna, pronto temi\u00f3 que la guerra pudiera convertirse en un \u201cterrible ejemplo pr\u00e1ctico\u201d y continuar durante mucho tiempo, indefinidamente<a href=\"articles_centrals\/article_central_4\/#ref\"><sup>3<\/sup><\/a>. <\/p>\n<p>            <cite class=\"cita-center\">                                                Distanci\u00e1ndose de un pacifismo puramente \u00e9tico, Fried estaba convencido de que el movimiento por la paz requer\u00eda una base cient\u00edfica            <\/cite>\t\t\t<\/p>\n<p> Para poder seguir publicando <em>Die Friedens-Warte<\/em> y reunir informaci\u00f3n de las Potencias Centrales y de las Potencias de la Entente, Fried decidi\u00f3 emigrar y establecerse en Suiza mientras durase la guerra. Cabe destacar que empez\u00f3 a escribir un diario y publicar sus notas solo despu\u00e9s del estallido de la guerra. Al escribir sus pensamientos, pod\u00eda desahogarse y librarse de la melancol\u00eda y de su \u00e1nimo depresivo pero, sobre todo, esperaba influenciar a sus coet\u00e1neos de un modo pacifista y promover su concepto de pacifismo cient\u00edfico. Para \u00e9l, la guerra que se libraba era una prueba constante de su validez. En el pr\u00f3logo a la edici\u00f3n en cuatro vol\u00famenes de su diario (1918), escrib\u00eda: <\/p>\n<p> \u201cQuer\u00eda expresar mis sentimientos, mis ideas, mis temores y mis esperanzas. Quer\u00eda registrar los sucesos, debatirlos desde un punto de vista pacifista. Analizando la evoluci\u00f3n del frenes\u00ed europeo, quer\u00eda identificar los errores del pasado y mostrar el camino de la recuperaci\u00f3n\u201d<a href=\"articles_centrals\/article_central_4\/#ref\"><sup>4<\/sup><\/a>. <\/p>\n<p> En una carta escrita a David Starr Jordan, activista por la paz y primer presidente de la Universidad de Stanford, Alfred Fried dejaba claro que, para \u00e9l, la Primera Guerra Mundial era un simple ejemplo pr\u00e1ctico que utilizaba para explicar su teor\u00eda pacifista: <\/p>\n<p> \u201cEsto [el diario de guerra] es el trabajo en el que canalizaba mis esfuerzos en la lucha contra la locura de la guerra. La Gran Guerra tiene poco que ver con \u00e9l. Era solo un ejemplo pr\u00e1ctico, el cad\u00e1ver usado para ense\u00f1ar anatom\u00eda\u201d<a href=\"articles_centrals\/article_central_4\/#ref\"><sup>5<\/sup><\/a>. <\/p>\n<p>            <cite class=\"cita-right\">                                Para Fried las guerras son actos arbitrarios y de riesgo, que nunca pueden ser humanitarios y que siempre pueden ser evitados            <\/cite>\t\t\t<\/p>\n<p> El diario de Fried refleja el enfoque cient\u00edfico del pacifismo y las relaciones internacionales que desarroll\u00f3 a principios del siglo XX. Distanci\u00e1ndose de un pacifismo puramente \u00e9tico, estaba cada vez m\u00e1s convencido de que el movimiento por la paz requer\u00eda una base cient\u00edfica para hacerlo inmune a la cr\u00edtica nacionalista, ejercer una mayor influencia en el p\u00fablico y animar a mucha m\u00e1s gente a apoyar las actividades pacifistas. Present\u00f3 su teor\u00eda y su programa en numerosas conferencias y art\u00edculos y los resumi\u00f3 en la monograf\u00eda \u201cDie Grundlagen des revolution\u00e4ren Pacifismus\u201d<a href=\"articles_centrals\/article_central_4\/#ref\"><sup>6<\/sup><\/a>. El diario se convirti\u00f3 en la base para su percepci\u00f3n e interpretaci\u00f3n de la Primera Guerra Mundial: en \u00e9l hablaba sistem\u00e1ticamente de pacifismo cient\u00edfico y se esforzaba por abogar por la paz desde una perspectiva anal\u00edtica. <\/p>\n<p> Para Alfred Fried las guerras son fundamentalmente actos arbitrarios y de riesgo, que nunca pueden ser humanitarios y que siempre pueden ser evitados. Bajo ninguna circunstancia son beneficiosas, porque su evoluci\u00f3n y su final nunca pueden ser previstos y porque, comparando con sus presuntos \u00e9xitos, causan demasiado sufrimiento, enfermedad y muerte<a href=\"articles_centrals\/article_central_4\/#ref\"><sup>7<\/sup><\/a>. Por consiguiente, no solo buscaba borrar las consecuencias desagradables de la guerra sino eliminar completamente las causas de la misma y suprimir las operaciones b\u00e9licas, fomentando el entendimiento internacional y formando una organizaci\u00f3n intergubernamental: dos elementos cruciales de su concepto que siguen siendo relevantes en las pol\u00edticas de paz actuales. <\/p>\n<p> En su programa de paz, que consideraba una hoja de ruta abierta, un trabajo en curso, Alfred Fried se centraba principalmente en la paz entre pa\u00edses. Instaba a que se desarrollara el tr\u00e1fico internacional y a que se facilitara la interacci\u00f3n internacional a todos los niveles: adecuando el derecho internacional al desarrollo del tr\u00e1fico internacional y adoptando pol\u00edticas que reflejaran los cambios en el derecho internacional. En pocas palabras, reclamaba mejores instrumentos pol\u00edticos, humanitarios y legales para llevar a cabo un r\u00e1pido proceso de desmilitarizaci\u00f3n y de \u201ccivilizaci\u00f3n\u201d de los asuntos interiores y exteriores a fin de superar y detener la guerra<a href=\"articles_centrals\/article_central_4\/#ref\"><sup>8<\/sup><\/a>. <\/p>\n<p>            <cite class=\"cita-center\">                                                Fried reclamaba mejores instrumentos pol\u00edticos, humanitarios y legales para llevar a cabo un r\u00e1pido proceso de desmilitarizaci\u00f3n            <\/cite>\t\t \t<\/p>\n<p> El pacifismo cient\u00edfico de Fried suscit\u00f3 reacciones de signo diverso entre sus coet\u00e1neos: muchos estaban de acuerdo con \u00e9l y muchos otros no. La reacci\u00f3n m\u00e1s positiva es el hecho de que despert\u00f3 el inter\u00e9s por el movimiento por la paz en muchas personas a las que nunca antes hab\u00eda preocupado el pacifismo. Entre ellos hab\u00eda miembros del Partido Socialdem\u00f3crata, as\u00ed como expertos en derecho internacional. Los expertos m\u00e1s destacados influenciados por Alfred Fried en Alemania fueron Hans Wehberg y Walther Sch\u00fccking, que utilizaron las publicaciones de Fried en sus clases de derecho internacional<a href=\"articles_centrals\/article_central_4\/#ref\"><sup>9<\/sup><\/a>. <\/p>\n<p> A corto plazo, sin embargo, las ambiciones pacifistas de Alfred Fried quedaron en el terreno de las ilusiones, puesto que el Tratado de Versalles no implement\u00f3 el programa que \u00e9l hab\u00eda defendido durante tantos a\u00f1os. No obstante, tras la Segunda Guerra Mundial, muchas de sus visiones acerca de la resoluci\u00f3n pac\u00edfica de conflictos \u2014principalmente en Europa\u2014 y de las organizaciones intergubernamentales se hicieron realidad con la creaci\u00f3n de la Organizaci\u00f3n de las Naciones Unidas y el proceso unificador de la Uni\u00f3n Europea, aunque en circunstancias que \u00e9l no hubiera podido prever. <\/p>\n<p id=\"ref\" class=\"referencia first-reference\"> 1.\t\u201cAlfred H. Fried hatte die unsch\u00e4tzbare Gabe des \u2018Common sense\u2019, des geradeaus und nicht in Winkelz\u00fcgen Denkens, die Gabe der klaren Konzeption, der weiten, durch sachliche Bildung immer vertieften \u00dcbersicht. Er war n\u00fcchtern ohne Trockenheit, leidenschaftlich ohne jede \u00dcbertreibung, seine Ideen komplex, aber immer auf ein einheitliches Zentrum gerichtet und darum sich wechselseitig verst\u00e4rkend. Dieses Zentrum, dem seine ganze geistige und moralische Leidenschaft sich zuwandte, war die Idee des Weltfriedens. (\u2026) Die Organisation der V\u00f6lkergemeinschaft, das war seine Tat vor dem Kriege. Sie stellt sein geistiges Werk dar \u2013 seine menschliche Tat aber, sie, die ihn uns als Gestalt, als Erscheinung so bewundernswert macht, begann erst mit dem Kriege. Hier hat Alfred H. Fried wirkliche Gr\u00f6\u00dfe, historische Bedeutsamkeit erreicht. (\u2026) Und niemand wird heute das \u201aTagebuch\u2019 und die Schriften Alfred H. Frieds mit gr\u00f6\u00dferer Besch\u00e4mung lesen, als eben jene, die damals mit Hohn und Ha\u00df hinter ihm hergehetzt haben.\u201c Stefan Zweig: Alfred Hermann Fried. En: Rudolf Goldscheid (ed.): Alfred H. Fried. Geb. 11 Nov. 1864, gest. 4. Mai 1921. Eine Sammlung von Gedenkbl\u00e4ttern. Leipzig 1922, 76-78. <\/p>\n<p class=\"referencia\"> 2.\tAlfred Hermann Fried: Aus meinem Kriegstagebuch (Bruchst\u00fccke). En: Die Friedens-Warte 1914, Jg. 16, Nr. 8\/9, 282-283. <\/p>\n<p class=\"referencia\"> 3.\tFried: Aus meinem Kriegstagebuch (Bruchst\u00fccke). En: Die Friedens-Warte 1914, Jg. 16, Nr. 8\/9, 282-283. <\/p>\n<p class=\"referencia\"> 4.\t\u201cAusdruck verleihen wollte ich meinen Empfindungen, meiner Erkenntnis, meinen Bef\u00fcrchtungen und Hoffnungen. Die Ereignisse wollte ich festhalten, sie vom pazifistischen Gesichtspunkt aus er\u00f6rtern, am Krankheitsverlauf des fiebernden Europas die Fehler der Vergangenheit klarlegen und den Weg zur Genesung weisen.\u201c Alfred Hermann Fried: Mein Kriegs-Tagebuch. Das erste Kriegsjahr (7. August 1914 bis 28. Juli 1915) (= Sammlung Europ\u00e4ische B\u00fccher). Z\u00fcrich 1918, VIII. <\/p>\n<p class=\"referencia\"> 5.\tCarta: de Alfred H. Fried a David Starr Jordan, 30.10.1920. League of Nations Archives, International Peace Movements, Fried Papers Box 88. \u201cEs ist dies [das Kriegs-Tagebuch] das Werk, in das ich meinen ganzen Kampf gegen den Wahnsinn des Krieges konzentriert habe. Der Weltkrieg hat eigentlich damit wenig zu tun. Er war nur Demonstrationsobjekt, die Leiche an der ich Anatomie docierte.\u201d <\/p>\n<p class=\"referencia\"> 6.\tAlfred Hermann Fried: Die Grundlagen des revolution\u00e4ren Pacifismus, T\u00fcbingen 1908. Aparte de \u201crevolution\u00e4rer Pazifismus\u201d su teoria y programa tambi\u00e9n se denomin\u00f3 \u201curs\u00e4chlicher Pazifismus\u201d, \u201corganisatorischer Pazifismus\u201c y \u201cwissenschaftlicher Pazifismus\u201d. <\/p>\n<p class=\"referencia\"> 7.\tFried: Mein Kriegs-Tagebuch. Das erste Kriegsjahr, 25.8.1914. Alfred Hermann Fried: Mein Kriegs-Tagebuch. Das vierte Kriegsjahr und der Friede von Versailles (1. August 1917 bis 30. Juni 1919) (= Sammlung Europ\u00e4ische B\u00fccher). Z\u00fcrich 1920, 28.6.1918. <\/p>\n<p class=\"referencia\"> 8.\tAlfred Hermann Fried: Die Grundlagen des urs\u00e4chlichen Pazifismus. Z\u00fcrich 1916, 61-62. <\/p>\n<p class=\"referencia last-reference\"> 9.\tBernhard Tuider: Alfred Hermann Fried. Pazifist im Ersten Weltkrieg. Illusion und Vision. Saarbr\u00fccken 2010, 60-61. <\/p>\n<p class=\"foto\"> <a href=\"https:\/\/ca.wikipedia.org\/wiki\/Alfred_Hermann_Fried#\/media\/File:Fried,_Alfred_Hermann_(1864-1921).jpg\" target=\"_blank\" rel=\"noopener\">\tFotografia\t<\/a>\t: United States Library of Congress<\/p>\n<p>\t<em>&#8211; Retrato de Alfred Hermann Fried &#8211;<\/em> <\/p>\n<p class=\"gencat\">\u00a9 Generalitat de Catalunya<\/p>\n","protected":false},"featured_media":6330,"menu_order":5,"template":"","categories":[6],"class_list":["post-6297","article","type-article","status-publish","has-post-thumbnail","hentry","category-articles-centrals"],"acf":[],"yoast_head":"<!-- This site is optimized with the Yoast SEO plugin v25.6 - https:\/\/yoast.com\/wordpress\/plugins\/seo\/ -->\n<title>Ilusi\u00f3n y visi\u00f3n: el pacifismo cient\u00edfico de Alfred H. Fried - Revista Por la Paz<\/title>\n<meta name=\"robots\" content=\"index, follow, max-snippet:-1, max-image-preview:large, max-video-preview:-1\" \/>\n<link rel=\"canonical\" href=\"https:\/\/www.icip.cat\/perlapau\/es\/articulo\/ilusion-y-vision-el-pacifismo-cientifico-de-alfred-h-fried\/\" \/>\n<meta property=\"og:locale\" content=\"es_ES\" \/>\n<meta property=\"og:type\" content=\"article\" \/>\n<meta property=\"og:title\" content=\"Ilusi\u00f3n y visi\u00f3n: el pacifismo cient\u00edfico de Alfred H. Fried - Revista Por la Paz\" \/>\n<meta property=\"og:description\" content=\"\u201cAlfred Hermann Fried pose\u00eda el inestimable don del \u2018sentido com\u00fan\u2019 y del pensamiento anal\u00edtico directo, el don de concebir claramente las ideas y una visi\u00f3n cabal y profunda siempre basada en informaci\u00f3n objetiva. Era sobrio sin ser seco, apasionado aunque sin exagerar. Sus ideas eran complejas, pero siempre se dirig\u00edan hacia un \u00fanico eje y, [&hellip;]\" \/>\n<meta property=\"og:url\" content=\"https:\/\/www.icip.cat\/perlapau\/es\/articulo\/ilusion-y-vision-el-pacifismo-cientifico-de-alfred-h-fried\/\" \/>\n<meta property=\"og:site_name\" content=\"Revista Por la Paz\" \/>\n<meta property=\"og:image\" content=\"https:\/\/www.icip.cat\/perlapau\/wp-content\/uploads\/2022\/04\/article_central_4_2560-5-518x720.jpg\" \/>\n\t<meta property=\"og:image:width\" content=\"518\" \/>\n\t<meta property=\"og:image:height\" content=\"720\" \/>\n\t<meta property=\"og:image:type\" content=\"image\/jpeg\" \/>\n<meta name=\"twitter:card\" content=\"summary_large_image\" \/>\n<meta name=\"twitter:label1\" content=\"Tiempo de lectura\" \/>\n\t<meta name=\"twitter:data1\" content=\"9 minutos\" \/>\n<script type=\"application\/ld+json\" class=\"yoast-schema-graph\">{\"@context\":\"https:\/\/schema.org\",\"@graph\":[{\"@type\":\"WebPage\",\"@id\":\"https:\/\/www.icip.cat\/perlapau\/es\/articulo\/ilusion-y-vision-el-pacifismo-cientifico-de-alfred-h-fried\/\",\"url\":\"https:\/\/www.icip.cat\/perlapau\/es\/articulo\/ilusion-y-vision-el-pacifismo-cientifico-de-alfred-h-fried\/\",\"name\":\"Ilusi\u00f3n y visi\u00f3n: el pacifismo cient\u00edfico de Alfred H. Fried - Revista Por la Paz\",\"isPartOf\":{\"@id\":\"https:\/\/www.icip.cat\/perlapau\/#website\"},\"primaryImageOfPage\":{\"@id\":\"https:\/\/www.icip.cat\/perlapau\/es\/articulo\/ilusion-y-vision-el-pacifismo-cientifico-de-alfred-h-fried\/#primaryimage\"},\"image\":{\"@id\":\"https:\/\/www.icip.cat\/perlapau\/es\/articulo\/ilusion-y-vision-el-pacifismo-cientifico-de-alfred-h-fried\/#primaryimage\"},\"thumbnailUrl\":\"https:\/\/www.icip.cat\/perlapau\/wp-content\/uploads\/2022\/04\/article_central_4_2560-5.jpg\",\"datePublished\":\"2022-04-07T10:59:21+00:00\",\"inLanguage\":\"es\",\"potentialAction\":[{\"@type\":\"ReadAction\",\"target\":[\"https:\/\/www.icip.cat\/perlapau\/es\/articulo\/ilusion-y-vision-el-pacifismo-cientifico-de-alfred-h-fried\/\"]}]},{\"@type\":\"ImageObject\",\"inLanguage\":\"es\",\"@id\":\"https:\/\/www.icip.cat\/perlapau\/es\/articulo\/ilusion-y-vision-el-pacifismo-cientifico-de-alfred-h-fried\/#primaryimage\",\"url\":\"https:\/\/www.icip.cat\/perlapau\/wp-content\/uploads\/2022\/04\/article_central_4_2560-5.jpg\",\"contentUrl\":\"https:\/\/www.icip.cat\/perlapau\/wp-content\/uploads\/2022\/04\/article_central_4_2560-5.jpg\",\"width\":1152,\"height\":1600},{\"@type\":\"WebSite\",\"@id\":\"https:\/\/www.icip.cat\/perlapau\/#website\",\"url\":\"https:\/\/www.icip.cat\/perlapau\/\",\"name\":\"Revista Por la Paz\",\"description\":\"La revista del Instituto Catal\u00e1n Internacional para la Paz\",\"publisher\":{\"@id\":\"https:\/\/www.icip.cat\/perlapau\/#organization\"},\"potentialAction\":[{\"@type\":\"SearchAction\",\"target\":{\"@type\":\"EntryPoint\",\"urlTemplate\":\"https:\/\/www.icip.cat\/perlapau\/?s={search_term_string}\"},\"query-input\":{\"@type\":\"PropertyValueSpecification\",\"valueRequired\":true,\"valueName\":\"search_term_string\"}}],\"inLanguage\":\"es\"},{\"@type\":\"Organization\",\"@id\":\"https:\/\/www.icip.cat\/perlapau\/#organization\",\"name\":\"Revista Por la Paz\",\"url\":\"https:\/\/www.icip.cat\/perlapau\/\",\"logo\":{\"@type\":\"ImageObject\",\"inLanguage\":\"es\",\"@id\":\"https:\/\/www.icip.cat\/perlapau\/#\/schema\/logo\/image\/\",\"url\":\"https:\/\/www.icip.cat\/perlapau\/wp-content\/uploads\/2023\/04\/ICIP_logo.jpg\",\"contentUrl\":\"https:\/\/www.icip.cat\/perlapau\/wp-content\/uploads\/2023\/04\/ICIP_logo.jpg\",\"width\":1025,\"height\":1024,\"caption\":\"Revista Por la Paz\"},\"image\":{\"@id\":\"https:\/\/www.icip.cat\/perlapau\/#\/schema\/logo\/image\/\"}}]}<\/script>\n<!-- \/ Yoast SEO plugin. -->","yoast_head_json":{"title":"Ilusi\u00f3n y visi\u00f3n: el pacifismo cient\u00edfico de Alfred H. Fried - Revista Por la Paz","robots":{"index":"index","follow":"follow","max-snippet":"max-snippet:-1","max-image-preview":"max-image-preview:large","max-video-preview":"max-video-preview:-1"},"canonical":"https:\/\/www.icip.cat\/perlapau\/es\/articulo\/ilusion-y-vision-el-pacifismo-cientifico-de-alfred-h-fried\/","og_locale":"es_ES","og_type":"article","og_title":"Ilusi\u00f3n y visi\u00f3n: el pacifismo cient\u00edfico de Alfred H. Fried - Revista Por la Paz","og_description":"\u201cAlfred Hermann Fried pose\u00eda el inestimable don del \u2018sentido com\u00fan\u2019 y del pensamiento anal\u00edtico directo, el don de concebir claramente las ideas y una visi\u00f3n cabal y profunda siempre basada en informaci\u00f3n objetiva. Era sobrio sin ser seco, apasionado aunque sin exagerar. Sus ideas eran complejas, pero siempre se dirig\u00edan hacia un \u00fanico eje y, [&hellip;]","og_url":"https:\/\/www.icip.cat\/perlapau\/es\/articulo\/ilusion-y-vision-el-pacifismo-cientifico-de-alfred-h-fried\/","og_site_name":"Revista Por la Paz","og_image":[{"width":518,"height":720,"url":"https:\/\/www.icip.cat\/perlapau\/wp-content\/uploads\/2022\/04\/article_central_4_2560-5-518x720.jpg","type":"image\/jpeg"}],"twitter_card":"summary_large_image","twitter_misc":{"Tiempo de lectura":"9 minutos"},"schema":{"@context":"https:\/\/schema.org","@graph":[{"@type":"WebPage","@id":"https:\/\/www.icip.cat\/perlapau\/es\/articulo\/ilusion-y-vision-el-pacifismo-cientifico-de-alfred-h-fried\/","url":"https:\/\/www.icip.cat\/perlapau\/es\/articulo\/ilusion-y-vision-el-pacifismo-cientifico-de-alfred-h-fried\/","name":"Ilusi\u00f3n y visi\u00f3n: el pacifismo cient\u00edfico de Alfred H. Fried - Revista Por la Paz","isPartOf":{"@id":"https:\/\/www.icip.cat\/perlapau\/#website"},"primaryImageOfPage":{"@id":"https:\/\/www.icip.cat\/perlapau\/es\/articulo\/ilusion-y-vision-el-pacifismo-cientifico-de-alfred-h-fried\/#primaryimage"},"image":{"@id":"https:\/\/www.icip.cat\/perlapau\/es\/articulo\/ilusion-y-vision-el-pacifismo-cientifico-de-alfred-h-fried\/#primaryimage"},"thumbnailUrl":"https:\/\/www.icip.cat\/perlapau\/wp-content\/uploads\/2022\/04\/article_central_4_2560-5.jpg","datePublished":"2022-04-07T10:59:21+00:00","inLanguage":"es","potentialAction":[{"@type":"ReadAction","target":["https:\/\/www.icip.cat\/perlapau\/es\/articulo\/ilusion-y-vision-el-pacifismo-cientifico-de-alfred-h-fried\/"]}]},{"@type":"ImageObject","inLanguage":"es","@id":"https:\/\/www.icip.cat\/perlapau\/es\/articulo\/ilusion-y-vision-el-pacifismo-cientifico-de-alfred-h-fried\/#primaryimage","url":"https:\/\/www.icip.cat\/perlapau\/wp-content\/uploads\/2022\/04\/article_central_4_2560-5.jpg","contentUrl":"https:\/\/www.icip.cat\/perlapau\/wp-content\/uploads\/2022\/04\/article_central_4_2560-5.jpg","width":1152,"height":1600},{"@type":"WebSite","@id":"https:\/\/www.icip.cat\/perlapau\/#website","url":"https:\/\/www.icip.cat\/perlapau\/","name":"Revista Por la Paz","description":"La revista del Instituto Catal\u00e1n Internacional para la Paz","publisher":{"@id":"https:\/\/www.icip.cat\/perlapau\/#organization"},"potentialAction":[{"@type":"SearchAction","target":{"@type":"EntryPoint","urlTemplate":"https:\/\/www.icip.cat\/perlapau\/?s={search_term_string}"},"query-input":{"@type":"PropertyValueSpecification","valueRequired":true,"valueName":"search_term_string"}}],"inLanguage":"es"},{"@type":"Organization","@id":"https:\/\/www.icip.cat\/perlapau\/#organization","name":"Revista Por la Paz","url":"https:\/\/www.icip.cat\/perlapau\/","logo":{"@type":"ImageObject","inLanguage":"es","@id":"https:\/\/www.icip.cat\/perlapau\/#\/schema\/logo\/image\/","url":"https:\/\/www.icip.cat\/perlapau\/wp-content\/uploads\/2023\/04\/ICIP_logo.jpg","contentUrl":"https:\/\/www.icip.cat\/perlapau\/wp-content\/uploads\/2023\/04\/ICIP_logo.jpg","width":1025,"height":1024,"caption":"Revista Por la Paz"},"image":{"@id":"https:\/\/www.icip.cat\/perlapau\/#\/schema\/logo\/image\/"}}]}},"_links":{"self":[{"href":"https:\/\/www.icip.cat\/perlapau\/es\/wp-json\/wp\/v2\/article\/6297","targetHints":{"allow":["GET"]}}],"collection":[{"href":"https:\/\/www.icip.cat\/perlapau\/es\/wp-json\/wp\/v2\/article"}],"about":[{"href":"https:\/\/www.icip.cat\/perlapau\/es\/wp-json\/wp\/v2\/types\/article"}],"wp:featuredmedia":[{"embeddable":true,"href":"https:\/\/www.icip.cat\/perlapau\/es\/wp-json\/wp\/v2\/media\/6330"}],"wp:attachment":[{"href":"https:\/\/www.icip.cat\/perlapau\/es\/wp-json\/wp\/v2\/media?parent=6297"}],"wp:term":[{"taxonomy":"category","embeddable":true,"href":"https:\/\/www.icip.cat\/perlapau\/es\/wp-json\/wp\/v2\/categories?post=6297"}],"curies":[{"name":"wp","href":"https:\/\/api.w.org\/{rel}","templated":true}]}}