{"id":6300,"date":"2022-04-07T10:59:22","date_gmt":"2022-04-07T10:59:22","guid":{"rendered":"https:\/\/www.icip.cat\/perlapau\/issue\/%issue_post%\/article\/a-100-anos-del-genocidio-armenia-en-la-encrucijada\/"},"modified":"2022-04-07T10:59:22","modified_gmt":"2022-04-07T10:59:22","slug":"a-100-anos-del-genocidio-armenia-en-la-encrucijada","status":"publish","type":"article","link":"https:\/\/www.icip.cat\/perlapau\/es\/articulo\/a-100-anos-del-genocidio-armenia-en-la-encrucijada\/","title":{"rendered":"A 100 a\u00f1os del genocidio: Armenia en la encrucijada"},"content":{"rendered":"\n<p>                <span id=\"square\"><\/span>                <span id=\"first-word\"> El primero 1<\/span>, una espada con el hilo afilado; el 9, una soga atragantada; el otro 1, un fusil apuntando al cielo; el 5, un hacha sobre un sable otomano: 1915. Es abril en Erevan y se espera encontrar todo tipo de carteles recordando la masacre, pero ninguno de esta crudeza. Cae la primera anotaci\u00f3n a la libreta: \u00ab\u00bfQu\u00e9 se puede construir desde un dolor tan descarnado? \u00bfDe qu\u00e9 topes insalvables nos habla?\u00bb            <\/p>\n<p> Durante las semanas previas al centenario muchos medios de informaci\u00f3n redirigieron sus focos hacia la olvidada Armenia. La mayor\u00eda segu\u00edan el rastro del dolor imprimido en el cartel de Erevan; otros, la resonancia internacional de la condena del Papa Francisco o el pronunciamiento de pa\u00edses que, como Austria y Alemania, se un\u00edan a \u00faltima hora a la escueta lista de 26 estados que reconocen el primer genocidio del siglo XX. Como tantos otros colegas, un equipo de periodistas del colectivo <a href=\"http:\/\/www.contrast.es\/\" target=\"_blank\" rel=\"noopener\">Contrast<\/a> viajamos al pa\u00eds atra\u00eddos por la memoria persistente de su pueblo, pero tambi\u00e9n decididos a ir un poco m\u00e1s all\u00e1. Nos pregunt\u00e1bamos, y nos seguimos preguntando, de qu\u00e9 manera interact\u00faa esta memoria con la identidad y el futuro de un pa\u00eds situado de forma permanente en un enjambre de encrucijadas. El objetivo final: generar un debate que, siendo primordial para Armenia, pueda inspirar otras realidades. <\/p>\n<p>            <cite class=\"cita-center\">                                                Parece que hay dos Armenias. La que carga y combate el pesado peso de un presente arisco y torpe; y la que toma impulso para hacer de la memoria un reclamo de justicia            <\/cite>\t\t\t<\/p>\n<p> <b>Geoestrategia y paz<\/b> <\/p>\n<p> La primera encrucijada en la que se encuentra el pa\u00eds es hist\u00f3rica y se puede medir en kil\u00f3metros cuadrados. Armenia es un peque\u00f1o pa\u00eds de tres millones de habitantes que, a pesar de disponer de una \u00ednfima parte de su territorio original, conserva el mismo valor geoestrat\u00e9gico que a lo largo de la historia ha animado las continuas invasiones de los imperios vecinos (otomano, persa, ruso &#8230;). En el oeste, la frontera est\u00e1 cerrada. El estado turco sigue siendo el gran aliado en la regi\u00f3n de las potencias occidentales, lo cual explica el escaso n\u00famero de adhesiones que ha obtenido la causa del reconocimiento del genocidio perpetrado por el gobierno de los J\u00f3venes Turcos entre 1915 y 1923. Cada a\u00f1o, el presidente Erdogan traslada \u00abmuestras de dolor\u00bb por la muerte de miles de armenios y armenias \u00aben el contexto\u00bb de la I Guerra Mundial, pero en la l\u00ednea de sus predecesores -compartida por pa\u00edses como los EE.UU., Espa\u00f1a o Israel-, no reconoce la existencia de una matanza planificada como tal. Mientras tanto, en el este y en el suroeste de Armenia, Azerbaiy\u00e1n se mantiene en pie de guerra desde que en 1991 la regi\u00f3n de Nagorno-Karabaj, de ra\u00edces culturales e hist\u00f3ricas armenias, se proclam\u00f3 rep\u00fablica independiente en plena escalada b\u00e9lica entre ambos pa\u00edses. A pesar del alto el fuego firmado en 1994, el goteo de soldados muertos en la frontera de este estado <em>de facto<\/em>, no reconocido por ninguno otro pa\u00eds de la comunidad internacional, es a d\u00eda de hoy constante y nada hace indicar que se tenga que detener en breve. Todo lo contrario. La cifra de muertos ha aumentado considerablemente los \u00faltimos a\u00f1os (34 en el 2012, 72 en el 2014) y las posiciones siguen enrocadas. Quiz\u00e1s sea el momento de escuchar las entidades locales que, como <a href=\"http:\/\/www.peacedialogue.am\/\" target=\"_blank\" rel=\"noopener\">Peace Dialogue<\/a>, llevan a\u00f1os trabajando para extender la cultura de paz en la regi\u00f3n. <\/p>\n<p> <b>La flor sin tierra<\/b> <\/p>\n<p> La segunda encrucijada es coyuntural y tiene que ver con la encrucijada geoestrat\u00e9gica y con el rumbo que quiere emprender el pa\u00eds a corto plazo. Durante los quince d\u00edas que estuvimos pudimos percibir como la crisis econ\u00f3mica en que se encuentra Armenia no s\u00f3lo cuestiona sus alianzas en la regi\u00f3n, sino tambi\u00e9n los cimientos de su propia identidad. De entrada, queda en entredicho la alianza con Rusia. Desde el 2013, el gobierno de Serzh Sargsi\u00e1n ha estrechado los lazos econ\u00f3micos y militares a la b\u00fasqueda de un aliado fuerte, pero la jugada no le ha salido bien: la crisis que hace tambalear a Mosc\u00fa ha impactado de lleno en la debilitada Armenia. En los \u00faltimos meses el pa\u00eds ha visto c\u00f3mo las remesas de los 200.000 compatriotas migrantes que trabajan disminu\u00edan (el 21% de la econom\u00eda armenia depende de las remesas, el 80% de las cuales provienen de Rusia) mientras que los precios de los servicios b\u00e1sicos dependientes de empresas rusas sub\u00edan. El pasado mes de junio la protesta de miles de persones en las calles de Erevan ya obligaron al gobierno a suspender la subida de la luz, prevista en un 17%. <\/p>\n<p>            <cite class=\"cita-center\">                                                El reconocimiento internacional del genocidio no se concibe s\u00f3lo como una exigencia de car\u00e1cter \u00e9tico sino tambi\u00e9n como una oportunidad de progreso            <\/cite>\t\t\t<\/p>\n<p> Al margen de las filias y fobias que despierta la alianza con el gobierno de Putin, la masiva emigraci\u00f3n provocada por la crisis ha espoleado, ante nuestras c\u00e1maras, otro debate: \u00bfQu\u00e9 necesita Armenia para reavivar? En la discusi\u00f3n han entrado en juego la corrupci\u00f3n end\u00e9mica y las pol\u00edticas de repatriaci\u00f3n dirigidas a los ocho millones de armenios que viven fuera del pa\u00eds, pero tambi\u00e9n el temor de una progresiva p\u00e9rdida de la identidad. \u201cEs como si arrancas una flor de su h\u00e1bitat y te la llevas a otro lugar: estar\u00e1 sometida a una vida corta\u00bb, nos dec\u00eda en su casa el historiador Guevorg Yazedjian. Como \u00e9l, muchos de los miembros de la di\u00e1spora que hemos entrevistado temen que la pinza entre los procesos migratorios y la vida globalizada corten las ra\u00edces de una cultura milenaria que siempre ha sido faro y escudo ante todo tipo de peligros. Tambi\u00e9n del genocidio. <\/p>\n<p> Resulta dif\u00edcil hablar con un m\u00ednimo de autoridad, m\u00e1s a\u00fan desde esta distancia simplificadora, pero parecer\u00eda que sobre el pa\u00eds planean dos Armenias. Una, que carga y combate el pesado peso de un presente que se muestra arisco y torpe; la otra, que toma impulso desde el pasado para hacer de la memoria no s\u00f3lo un imperativo identitario, sino tambi\u00e9n un reclamo de justicia. A ojos de esta segunda Armenia, sostenida en gran medida por las familias de los supervivientes expulsados del pa\u00eds ahora hace cien a\u00f1os, el reconocimiento internacional del genocidio no se concibe s\u00f3lo como una exigencia de car\u00e1cter \u00e9tico sino tambi\u00e9n como una oportunidad de progreso, pues admitir su existencia abrir\u00eda la v\u00eda legal al retorno de las propiedades que los verdugos arrancaron de cuajo con la masacre de 1915. Con esta idea, hace a\u00f1os que decenas de abogados y abogadas armenias por todo el mundo recogen la documentaci\u00f3n necesaria para hacer renacer la justicia. S\u00f3lo as\u00ed, dicen, se podr\u00e1 hacer del pa\u00eds una tierra m\u00e1s pr\u00f3spera y democr\u00e1tica. La tierra donde la flor debe pervivir. <\/p>\n<p class=\"foto first-reference\"> \tFotografia\t\t: Jordi de Miguel Capell \/\t\t<em>&#8211; Cartel recordando la masacre en Armenia &#8211;<\/em> <\/p>\n<p class=\"gencat\">\u00a9 Generalitat de Catalunya<\/p>\n","protected":false},"featured_media":6339,"menu_order":8,"template":"","categories":[8],"class_list":["post-6300","article","type-article","status-publish","has-post-thumbnail","hentry","category-tribuna"],"acf":[],"yoast_head":"<!-- This site is optimized with the Yoast SEO plugin v25.6 - https:\/\/yoast.com\/wordpress\/plugins\/seo\/ -->\n<title>A 100 a\u00f1os del genocidio: Armenia en la encrucijada - Revista Por la Paz<\/title>\n<meta name=\"robots\" content=\"index, follow, max-snippet:-1, max-image-preview:large, max-video-preview:-1\" \/>\n<link rel=\"canonical\" href=\"https:\/\/www.icip.cat\/perlapau\/es\/articulo\/a-100-anos-del-genocidio-armenia-en-la-encrucijada\/\" \/>\n<meta property=\"og:locale\" content=\"es_ES\" \/>\n<meta property=\"og:type\" content=\"article\" \/>\n<meta property=\"og:title\" content=\"A 100 a\u00f1os del genocidio: Armenia en la encrucijada - Revista Por la Paz\" \/>\n<meta property=\"og:description\" content=\"El primero 1, una espada con el hilo afilado; el 9, una soga atragantada; el otro 1, un fusil apuntando al cielo; el 5, un hacha sobre un sable otomano: 1915. Es abril en Erevan y se espera encontrar todo tipo de carteles recordando la masacre, pero ninguno de esta crudeza. Cae la primera anotaci\u00f3n [&hellip;]\" \/>\n<meta property=\"og:url\" content=\"https:\/\/www.icip.cat\/perlapau\/es\/articulo\/a-100-anos-del-genocidio-armenia-en-la-encrucijada\/\" \/>\n<meta property=\"og:site_name\" content=\"Revista Por la Paz\" \/>\n<meta property=\"og:image\" content=\"https:\/\/www.icip.cat\/perlapau\/wp-content\/uploads\/2022\/04\/tribuna_1_2560-5-518x720.jpg\" \/>\n\t<meta property=\"og:image:width\" content=\"518\" \/>\n\t<meta property=\"og:image:height\" content=\"720\" \/>\n\t<meta property=\"og:image:type\" content=\"image\/jpeg\" \/>\n<meta name=\"twitter:card\" content=\"summary_large_image\" \/>\n<meta name=\"twitter:label1\" content=\"Tiempo de lectura\" \/>\n\t<meta name=\"twitter:data1\" content=\"6 minutos\" \/>\n<script type=\"application\/ld+json\" class=\"yoast-schema-graph\">{\"@context\":\"https:\/\/schema.org\",\"@graph\":[{\"@type\":\"WebPage\",\"@id\":\"https:\/\/www.icip.cat\/perlapau\/es\/articulo\/a-100-anos-del-genocidio-armenia-en-la-encrucijada\/\",\"url\":\"https:\/\/www.icip.cat\/perlapau\/es\/articulo\/a-100-anos-del-genocidio-armenia-en-la-encrucijada\/\",\"name\":\"A 100 a\u00f1os del genocidio: Armenia en la encrucijada - Revista Por la Paz\",\"isPartOf\":{\"@id\":\"https:\/\/www.icip.cat\/perlapau\/#website\"},\"primaryImageOfPage\":{\"@id\":\"https:\/\/www.icip.cat\/perlapau\/es\/articulo\/a-100-anos-del-genocidio-armenia-en-la-encrucijada\/#primaryimage\"},\"image\":{\"@id\":\"https:\/\/www.icip.cat\/perlapau\/es\/articulo\/a-100-anos-del-genocidio-armenia-en-la-encrucijada\/#primaryimage\"},\"thumbnailUrl\":\"https:\/\/www.icip.cat\/perlapau\/wp-content\/uploads\/2022\/04\/tribuna_1_2560-5.jpg\",\"datePublished\":\"2022-04-07T10:59:22+00:00\",\"inLanguage\":\"es\",\"potentialAction\":[{\"@type\":\"ReadAction\",\"target\":[\"https:\/\/www.icip.cat\/perlapau\/es\/articulo\/a-100-anos-del-genocidio-armenia-en-la-encrucijada\/\"]}]},{\"@type\":\"ImageObject\",\"inLanguage\":\"es\",\"@id\":\"https:\/\/www.icip.cat\/perlapau\/es\/articulo\/a-100-anos-del-genocidio-armenia-en-la-encrucijada\/#primaryimage\",\"url\":\"https:\/\/www.icip.cat\/perlapau\/wp-content\/uploads\/2022\/04\/tribuna_1_2560-5.jpg\",\"contentUrl\":\"https:\/\/www.icip.cat\/perlapau\/wp-content\/uploads\/2022\/04\/tribuna_1_2560-5.jpg\",\"width\":1152,\"height\":1600},{\"@type\":\"WebSite\",\"@id\":\"https:\/\/www.icip.cat\/perlapau\/#website\",\"url\":\"https:\/\/www.icip.cat\/perlapau\/\",\"name\":\"Revista Por la Paz\",\"description\":\"La revista del Instituto Catal\u00e1n Internacional para la Paz\",\"publisher\":{\"@id\":\"https:\/\/www.icip.cat\/perlapau\/#organization\"},\"potentialAction\":[{\"@type\":\"SearchAction\",\"target\":{\"@type\":\"EntryPoint\",\"urlTemplate\":\"https:\/\/www.icip.cat\/perlapau\/?s={search_term_string}\"},\"query-input\":{\"@type\":\"PropertyValueSpecification\",\"valueRequired\":true,\"valueName\":\"search_term_string\"}}],\"inLanguage\":\"es\"},{\"@type\":\"Organization\",\"@id\":\"https:\/\/www.icip.cat\/perlapau\/#organization\",\"name\":\"Revista Por la Paz\",\"url\":\"https:\/\/www.icip.cat\/perlapau\/\",\"logo\":{\"@type\":\"ImageObject\",\"inLanguage\":\"es\",\"@id\":\"https:\/\/www.icip.cat\/perlapau\/#\/schema\/logo\/image\/\",\"url\":\"https:\/\/www.icip.cat\/perlapau\/wp-content\/uploads\/2023\/04\/ICIP_logo.jpg\",\"contentUrl\":\"https:\/\/www.icip.cat\/perlapau\/wp-content\/uploads\/2023\/04\/ICIP_logo.jpg\",\"width\":1025,\"height\":1024,\"caption\":\"Revista Por la Paz\"},\"image\":{\"@id\":\"https:\/\/www.icip.cat\/perlapau\/#\/schema\/logo\/image\/\"}}]}<\/script>\n<!-- \/ Yoast SEO plugin. -->","yoast_head_json":{"title":"A 100 a\u00f1os del genocidio: Armenia en la encrucijada - Revista Por la Paz","robots":{"index":"index","follow":"follow","max-snippet":"max-snippet:-1","max-image-preview":"max-image-preview:large","max-video-preview":"max-video-preview:-1"},"canonical":"https:\/\/www.icip.cat\/perlapau\/es\/articulo\/a-100-anos-del-genocidio-armenia-en-la-encrucijada\/","og_locale":"es_ES","og_type":"article","og_title":"A 100 a\u00f1os del genocidio: Armenia en la encrucijada - Revista Por la Paz","og_description":"El primero 1, una espada con el hilo afilado; el 9, una soga atragantada; el otro 1, un fusil apuntando al cielo; el 5, un hacha sobre un sable otomano: 1915. Es abril en Erevan y se espera encontrar todo tipo de carteles recordando la masacre, pero ninguno de esta crudeza. Cae la primera anotaci\u00f3n [&hellip;]","og_url":"https:\/\/www.icip.cat\/perlapau\/es\/articulo\/a-100-anos-del-genocidio-armenia-en-la-encrucijada\/","og_site_name":"Revista Por la Paz","og_image":[{"width":518,"height":720,"url":"https:\/\/www.icip.cat\/perlapau\/wp-content\/uploads\/2022\/04\/tribuna_1_2560-5-518x720.jpg","type":"image\/jpeg"}],"twitter_card":"summary_large_image","twitter_misc":{"Tiempo de lectura":"6 minutos"},"schema":{"@context":"https:\/\/schema.org","@graph":[{"@type":"WebPage","@id":"https:\/\/www.icip.cat\/perlapau\/es\/articulo\/a-100-anos-del-genocidio-armenia-en-la-encrucijada\/","url":"https:\/\/www.icip.cat\/perlapau\/es\/articulo\/a-100-anos-del-genocidio-armenia-en-la-encrucijada\/","name":"A 100 a\u00f1os del genocidio: Armenia en la encrucijada - Revista Por la Paz","isPartOf":{"@id":"https:\/\/www.icip.cat\/perlapau\/#website"},"primaryImageOfPage":{"@id":"https:\/\/www.icip.cat\/perlapau\/es\/articulo\/a-100-anos-del-genocidio-armenia-en-la-encrucijada\/#primaryimage"},"image":{"@id":"https:\/\/www.icip.cat\/perlapau\/es\/articulo\/a-100-anos-del-genocidio-armenia-en-la-encrucijada\/#primaryimage"},"thumbnailUrl":"https:\/\/www.icip.cat\/perlapau\/wp-content\/uploads\/2022\/04\/tribuna_1_2560-5.jpg","datePublished":"2022-04-07T10:59:22+00:00","inLanguage":"es","potentialAction":[{"@type":"ReadAction","target":["https:\/\/www.icip.cat\/perlapau\/es\/articulo\/a-100-anos-del-genocidio-armenia-en-la-encrucijada\/"]}]},{"@type":"ImageObject","inLanguage":"es","@id":"https:\/\/www.icip.cat\/perlapau\/es\/articulo\/a-100-anos-del-genocidio-armenia-en-la-encrucijada\/#primaryimage","url":"https:\/\/www.icip.cat\/perlapau\/wp-content\/uploads\/2022\/04\/tribuna_1_2560-5.jpg","contentUrl":"https:\/\/www.icip.cat\/perlapau\/wp-content\/uploads\/2022\/04\/tribuna_1_2560-5.jpg","width":1152,"height":1600},{"@type":"WebSite","@id":"https:\/\/www.icip.cat\/perlapau\/#website","url":"https:\/\/www.icip.cat\/perlapau\/","name":"Revista Por la Paz","description":"La revista del Instituto Catal\u00e1n Internacional para la Paz","publisher":{"@id":"https:\/\/www.icip.cat\/perlapau\/#organization"},"potentialAction":[{"@type":"SearchAction","target":{"@type":"EntryPoint","urlTemplate":"https:\/\/www.icip.cat\/perlapau\/?s={search_term_string}"},"query-input":{"@type":"PropertyValueSpecification","valueRequired":true,"valueName":"search_term_string"}}],"inLanguage":"es"},{"@type":"Organization","@id":"https:\/\/www.icip.cat\/perlapau\/#organization","name":"Revista Por la Paz","url":"https:\/\/www.icip.cat\/perlapau\/","logo":{"@type":"ImageObject","inLanguage":"es","@id":"https:\/\/www.icip.cat\/perlapau\/#\/schema\/logo\/image\/","url":"https:\/\/www.icip.cat\/perlapau\/wp-content\/uploads\/2023\/04\/ICIP_logo.jpg","contentUrl":"https:\/\/www.icip.cat\/perlapau\/wp-content\/uploads\/2023\/04\/ICIP_logo.jpg","width":1025,"height":1024,"caption":"Revista Por la Paz"},"image":{"@id":"https:\/\/www.icip.cat\/perlapau\/#\/schema\/logo\/image\/"}}]}},"_links":{"self":[{"href":"https:\/\/www.icip.cat\/perlapau\/es\/wp-json\/wp\/v2\/article\/6300","targetHints":{"allow":["GET"]}}],"collection":[{"href":"https:\/\/www.icip.cat\/perlapau\/es\/wp-json\/wp\/v2\/article"}],"about":[{"href":"https:\/\/www.icip.cat\/perlapau\/es\/wp-json\/wp\/v2\/types\/article"}],"wp:featuredmedia":[{"embeddable":true,"href":"https:\/\/www.icip.cat\/perlapau\/es\/wp-json\/wp\/v2\/media\/6339"}],"wp:attachment":[{"href":"https:\/\/www.icip.cat\/perlapau\/es\/wp-json\/wp\/v2\/media?parent=6300"}],"wp:term":[{"taxonomy":"category","embeddable":true,"href":"https:\/\/www.icip.cat\/perlapau\/es\/wp-json\/wp\/v2\/categories?post=6300"}],"curies":[{"name":"wp","href":"https:\/\/api.w.org\/{rel}","templated":true}]}}