{"id":6301,"date":"2022-04-07T10:59:22","date_gmt":"2022-04-07T10:59:22","guid":{"rendered":"https:\/\/www.icip.cat\/perlapau\/issue\/%issue_post%\/article\/un-golpe-audaz\/"},"modified":"2022-04-07T10:59:22","modified_gmt":"2022-04-07T10:59:22","slug":"un-golpe-audaz","status":"publish","type":"article","link":"https:\/\/www.icip.cat\/perlapau\/es\/articulo\/un-golpe-audaz\/","title":{"rendered":"Un golpe audaz"},"content":{"rendered":"\n<p>                <span id=\"square\"><\/span>                <span id=\"first-word\"> Pronto <\/span>har\u00e1 30 a\u00f1os de la \u00faltima y probablemente la \u00fanica vez que alguien nos pregunt\u00f3 nuestra opini\u00f3n sobre qu\u00e9 pol\u00edtica exterior ten\u00edamos que tener como Estado. El 12 de marzo de 1986 el Gobierno del entonces presidente Felipe Gonz\u00e1lez, atendiendo a la promesa electoral de la campa\u00f1a con la que por primera vez hab\u00eda llegado al poder el partido socialista, convocaba un refer\u00e9ndum para decidir la continuidad de Espa\u00f1a dentro de la alianza atl\u00e1ntica. Probablemente conoc\u00e9is la historia porque la vivisteis directamente o la hab\u00e9is o\u00eddo durante \u00e9stas casi tres d\u00e9cadas: el &#8216;s\u00ed&#8217; gan\u00f3 por un amplio margen de cerca de trece puntos, mientras que el &#8216;no&#8217; s\u00f3lo se impuso en Canarias, Navarra, Pa\u00eds Vasco y Catalu\u00f1a.            <\/p>\n<p> Los condicionantes que intentaban suavizar el viraje de los socialistas desde aqu\u00e9l \u00abOTAN, de entrada no\u00bb en la campa\u00f1a de las generales del 82, hasta aqu\u00e9l \u00abEn inter\u00e9s de Espa\u00f1a, vota s\u00ed\u00bb del 86, promet\u00edan que nunca se entrar\u00eda en la estructura militar de la alianza, que se reducir\u00edan las bases norteamericanas en territorio nacional y que Espa\u00f1a no dar\u00eda cobijo ni dejar\u00eda pasar por su territorio ning\u00fan arma nuclear. A\u00f1os despu\u00e9s, el gobierno del presidente Aznar -a pesar de la inexplicable abstenci\u00f3n de Alianza Popular aquel mes de marzo- culmin\u00f3 la entrada en la estructura militar. La adhesi\u00f3n tambi\u00e9n se enmend\u00f3, permitiendo a los Estados Unidos, previa autorizaci\u00f3n de Espa\u00f1a, introducir armas nucleares, y el apoyo a las bases norteamericanas ha estado presente hasta los \u00faltimos d\u00edas del \u00faltimo gobierno socialista: recordad la entrega, llaves en mano, de la base de Rota en el 2012 para ser la sede del escudo antimisiles, de un Zapatero m\u00e1s arrepentido que nunca por no haberse levantado de la silla ante el desfile de las tropas norteamericanas. Suerte que hab\u00eda la excusa de la crisis y la oportunidad de crear ocupaci\u00f3n con la llegada de Mr. Marshall a C\u00e1diz. <\/p>\n<p> El propio Gonz\u00e1lez lleg\u00f3 al chantaje con su electorado amenazando que dimitir\u00eda si no sal\u00eda el \u00abs\u00ed\u00bb, cosa que manipulaba descaradamente el car\u00e1cter de una consulta que, a\u00f1os despu\u00e9s, \u00e9l mismo describir\u00eda como uno de los momentos m\u00e1s duros de su carrera pol\u00edtica, arrepinti\u00e9ndose de haberla convocado: \u00abA los ciudadanos no se les tiene que consultar si quieren o no estar en un pacto militar, eso se tiene que llevar en los programas y se decide en las elecciones\u00bb. Fin de la cita. El estadista ha aprendido la lecci\u00f3n y as\u00ed la transmitir\u00e1 cuando tenga ocasi\u00f3n de hacer conferencias y ocupar asientos en los consejos de direcci\u00f3n de mayor prestigio: a la ciudadan\u00eda se le tiene que preguntar por cosas banales, la democracia se vende en paquetes al por mayor, no es para venderla al detalle. O me compras todo el programa o nada. <\/p>\n<p>            <cite class=\"cita-left\">                                Catalu\u00f1a intenta proyectarse al exterior desplegando una incipiente diplomacia internacional m\u00e1s voluntariosa que otra cosa            <\/cite>\t\t\t<\/p>\n<p> Recuerdo caras de resignaci\u00f3n en casa, discusiones durante la campa\u00f1a y probablemente la primera rebeli\u00f3n pol\u00edtica abierta ante el televisor familiar, ideales contra la <em>real politik<\/em>. La democracia seria era eso y daba de s\u00ed lo que daba, el refer\u00e9ndum pod\u00eda haber costado un destrozo de repercusiones incalculables en el equilibrio internacional, el d\u00eda siguiente de haber entrado a la entonces Comunidad Europea y justo antes de que se abriera el grifo de las ayudas europeas y el fin de la autarqu\u00eda ib\u00e9rica. Espa\u00f1a hab\u00eda llegado a su lugar en el mundo, que no era ning\u00fan otro que estar del lado de Occidente, especialmente en un momento en el que crec\u00eda la tensi\u00f3n entre bloques, justo antes del colapso del Este. Me puedo imaginar las llamadas de los servicios secretos, haciendo apuestas sobre cu\u00e1nto durar\u00eda aquel derbi, y recuerdo el peligro nuclear, el despliegue de los Pershing y los Cruise en la Alemania del 83 en cada telediario. Con diez o doce a\u00f1os eso impacta; si ahora la juventud tiene pesadillas con el Estado Isl\u00e1mico, entonces el fin de nuestros d\u00edas ten\u00eda forma de bot\u00f3n rojo. <\/p>\n<p> Nunca m\u00e1s nos han preguntado c\u00f3mo queremos relacionarnos con el mundo. Efectivamente, s\u00ed, despu\u00e9s perpetraron un refer\u00e9ndum con motivo de la Constituci\u00f3n Europea que registr\u00f3 veinte puntos m\u00e1s de abstenci\u00f3n que aqu\u00e9l del 86, y que tambi\u00e9n dej\u00f3 constancia de hasta d\u00f3nde llega la democracia seria, cuando el proceso qued\u00f3 anulado ante la negativa de franceses y holandeses. A ra\u00edz del esfuerzo de aquella campa\u00f1a entre las filas antimilitaristas de la sociedad civil y de los partidos que se opusieron francamente a la entrada a la OTAN, coordinada por Antonio Gala, se reestructur\u00f3 el espectro de la izquierda. A\u00fan m\u00e1s importante para m\u00ed es que probablemente fue el punto final, el \u00faltimo acto de la Transici\u00f3n. Mucha gente as\u00ed lo entendi\u00f3 y aquella frustraci\u00f3n se canaliz\u00f3 en forma de mayor solidaridad internacional, que se convirti\u00f3 en una suerte de v\u00e1lvula de escape, de continuar haciendo trabajo y transformaci\u00f3n all\u00ed donde hab\u00eda recurrido. <\/p>\n<p>            <cite class=\"cita-right\">                                \u00bfPor qu\u00e9 no hacemos una acci\u00f3n exterior radicalmente diferente? \u00bfPor qu\u00e9 no tenemos delegaciones de paz, con la misma consideraci\u00f3n y presupuesto que las oficinas comerciales?            <\/cite>\t\t\t<\/p>\n<p> \u00bfA qu\u00e9 viene todo eso, m\u00e1s all\u00e1 del aniversario? Treinta a\u00f1os despu\u00e9s hay quien se propone construir un nuevo pa\u00eds, cambiar el futuro, constituir uno nuevo presente, llamadlo c\u00f3mo quer\u00e1is. Tener o no tener un ej\u00e9rcito y como tendr\u00eda que ser \u00e9ste en un hipot\u00e9tico Estado catal\u00e1n es una cuesti\u00f3n m\u00e1s dentro de las discusiones del movimiento independentista, cosa que cuando menos revela que el debate est\u00e1 conectado con las preguntas centrales que dan forma a un pa\u00eds. Bien, hablemos. Un amigo de ERC me confesaba que la cuesti\u00f3n no es f\u00e1cil, ni es cosa de todo o nada: \u00ab\u00bfNo ser\u00eda hip\u00f3crita dejar que el resto de pa\u00edses se encargaran de la defensa de un espacio com\u00fan? \u00bfNo ser\u00eda absurdo pagarlos para defendernos y as\u00ed poder decir que no tenemos ej\u00e9rcito? \u00bb <\/p>\n<p> Catalu\u00f1a intenta proyectarse al exterior a trav\u00e9s de una ley, recurrida al Constitucional, desplegando una incipiente diplomacia internacional, de momento m\u00e1s voluntariosa que otra cosa. Creo, y eso me preocupa seriamente, que da la espalda a todo aquel movimiento de desafectos al r\u00e9gimen de la Transici\u00f3n, que impugn\u00f3 el <em>statu quo<\/em> surgido de la consulta de marzo del 86 y que se incorpor\u00f3 a las filas de los que, desde antes de la muerte del dictador, ya trabajaban en la dimensi\u00f3n internacional, con otros prop\u00f3sitos diferentes a los de las almidonadas embajadas de ultramar. Prefiere hacerse fotos con catalanes y catalanas medi\u00e1ticas y pedir el apoyo de la emigraci\u00f3n econ\u00f3mica est\u00e9n donde est\u00e9n, en sus horas libres, antes de que apoyar con sinceridad el trabajo y los objetivos de la sociedad civil por todo el mundo. \u00a1Catalanes por el mundo! \u00a1Ayudadnos a construir la Marca Catalu\u00f1a y a vender razones, fuets y estatuillas de la Sagrada Familia! Hace muchos meses hablaba con el anterior responsable de la Agencia Catalana de Cooperaci\u00f3n al Desarrollo, quien apelaba al patriotismo y apelaba a las ONG a defender el buen nombre de Catalu\u00f1a. \u00abSi Catalu\u00f1a tiene que ser conocida como los pa\u00edses n\u00f3rdicos lo son en el exterior, por su implicaci\u00f3n en la defensa del derechos humanos, la justicia o la paz, me hago patriota ahora mismo\u00bb, le lanc\u00e9. <\/p>\n<p> \u00bfPor qu\u00e9 no hacemos una acci\u00f3n exterior radicalmente diferente? \u00bfPor qu\u00e9 no tenemos delegaciones de paz, con la misma consideraci\u00f3n y presupuesto que las oficinas comerciales? \u00bfPor qu\u00e9 no explicamos nuestras ansias de quemar todas las armas de cualquier calibre ahora mismo, aparte de lo que est\u00e1 pasando aqu\u00ed? \u00bfPor qu\u00e9 no demostramos que tenemos nuevas ideas y sabemos llevarlas a cabo, con la d\u00e9cima parte de los recursos, para conseguir la estabilidad y la seguridad que nunca conseguir\u00e1n todos los ej\u00e9rcitos del mundo? La verdad es que parece que s\u00f3lo sabemos responder de la misma manera que el resto de pa\u00edses, que no hay nada de nuevo en la propuesta catalana de cara el exterior. Quiz\u00e1s es simplemente la lecci\u00f3n bien aprendida de Gonz\u00e1lez (en estas cosas mejor no hacer experimentos ni hacer demasiadas preguntas) o el rumbo de una Transici\u00f3n (nacional) que puede dejar las cosas en un punto diferente pero equivalente al actual, hablando de la acci\u00f3n exterior. \u00bfHace falta otro pa\u00eds en el tablero internacional de aqu\u00e9llos que se dan prisa en ganar poltronas en el Consejo de Seguridad en Nueva York y que despu\u00e9s no quieren aceptar mil quinientos damnificados anuales, provenientes de todas las guerras que incendian el continente africano? <\/p>\n<p> Y no se trata s\u00f3lo de recursos econ\u00f3micos, no se pide lo que no se tiene, es simplemente la voluntad de hacerlo y de sumar en la buena direcci\u00f3n. Hay toda una red de municipios catalanes que, de acuerdo a sus reducidas posibilidades, trabaja como &#8216;Ciudades Constructoras de Paz&#8217;. \u00bfOs imagin\u00e1is la potencia que tendr\u00eda que adem\u00e1s de Granollers o Sant Boi, tuvi\u00e9ramos todo un pa\u00eds entero, Constructor de Paz? <\/p>\n<p> Treinta a\u00f1os despu\u00e9s volvemos a tener las mismas preguntas y desaf\u00edos sobre la mesa, tres d\u00e9cadas despu\u00e9s el juicio puede volver a votar que no, eso no toca. Quiz\u00e1s s\u00f3lo para tener un Estado deliberadamente y manifiestamente implicado en los procesos de paz del mundo, empezando por el Mediterr\u00e1neo, valdr\u00eda la pena verlo nacer. \u00bfEstamos preparados para un golpe audaz? <\/p>\n<p class=\"foto first-reference\"> <a href=\"https:\/\/www.flickr.com\/photos\/ariet_girona\/15579463328\/in\/photolist-pJL12j-pJEG9V-q269rX-q269SM-q1VAqg-pJGPEG-p5iGM3-q1VB76-q26agH-pJJ94x-q2ea4j-pJL3jq-q1VBre-pJL3mE-q1VBcX-pJL2WS-q2eaiC-pJL32w-p5iJij-q2e9Bs-q2eaqw-pJGRxj-p5mvyp-p5mxZg-p5iJe1-q1VBvc-pJEJmv-p5mxNV-pYZFHu-q268Z4-pJJacz-q1VBJP-p5mxj8-pJJ9QH-q2e9Aq-p5myfX-pJL21d-q2e96s-p5iH3J-pfP5RQ-pccGZy-prEmqL-pcch8P-ptGr1R-pccHoQ-pcch2r-ptGrki-q1VAgZ-p5iHb9-pKh4xr\/\" target=\"_blank\" rel=\"noopener\">\tFotografia\t<\/a>\t: Ariet \/\t<a href=\"https:\/\/creativecommons.org\/licenses\/by-nc-sa\/2.0\/\" target=\"_blank\" rel=\"noopener\">\tCC\t<\/a>\t\/ Desaturada.<\/p>\n<p class=\"gencat\">\u00a9 Generalitat de Catalunya<\/p>\n","protected":false},"featured_media":6342,"menu_order":9,"template":"","categories":[8],"class_list":["post-6301","article","type-article","status-publish","has-post-thumbnail","hentry","category-tribuna"],"acf":[],"yoast_head":"<!-- This site is optimized with the Yoast SEO plugin v25.6 - https:\/\/yoast.com\/wordpress\/plugins\/seo\/ -->\n<title>Un golpe audaz - Revista Por la Paz<\/title>\n<meta name=\"robots\" content=\"index, follow, max-snippet:-1, max-image-preview:large, max-video-preview:-1\" \/>\n<link rel=\"canonical\" href=\"https:\/\/www.icip.cat\/perlapau\/es\/articulo\/un-golpe-audaz\/\" \/>\n<meta property=\"og:locale\" content=\"es_ES\" \/>\n<meta property=\"og:type\" content=\"article\" \/>\n<meta property=\"og:title\" content=\"Un golpe audaz - Revista Por la Paz\" \/>\n<meta property=\"og:description\" content=\"Pronto har\u00e1 30 a\u00f1os de la \u00faltima y probablemente la \u00fanica vez que alguien nos pregunt\u00f3 nuestra opini\u00f3n sobre qu\u00e9 pol\u00edtica exterior ten\u00edamos que tener como Estado. El 12 de marzo de 1986 el Gobierno del entonces presidente Felipe Gonz\u00e1lez, atendiendo a la promesa electoral de la campa\u00f1a con la que por primera vez hab\u00eda [&hellip;]\" \/>\n<meta property=\"og:url\" content=\"https:\/\/www.icip.cat\/perlapau\/es\/articulo\/un-golpe-audaz\/\" \/>\n<meta property=\"og:site_name\" content=\"Revista Por la Paz\" \/>\n<meta property=\"og:image\" content=\"https:\/\/www.icip.cat\/perlapau\/wp-content\/uploads\/2022\/04\/tribuna_2_2560-5-518x720.jpg\" \/>\n\t<meta property=\"og:image:width\" content=\"518\" \/>\n\t<meta property=\"og:image:height\" content=\"720\" \/>\n\t<meta property=\"og:image:type\" content=\"image\/jpeg\" \/>\n<meta name=\"twitter:card\" content=\"summary_large_image\" \/>\n<meta name=\"twitter:label1\" content=\"Tiempo de lectura\" \/>\n\t<meta name=\"twitter:data1\" content=\"8 minutos\" \/>\n<script type=\"application\/ld+json\" class=\"yoast-schema-graph\">{\"@context\":\"https:\/\/schema.org\",\"@graph\":[{\"@type\":\"WebPage\",\"@id\":\"https:\/\/www.icip.cat\/perlapau\/es\/articulo\/un-golpe-audaz\/\",\"url\":\"https:\/\/www.icip.cat\/perlapau\/es\/articulo\/un-golpe-audaz\/\",\"name\":\"Un golpe audaz - Revista Por la Paz\",\"isPartOf\":{\"@id\":\"https:\/\/www.icip.cat\/perlapau\/#website\"},\"primaryImageOfPage\":{\"@id\":\"https:\/\/www.icip.cat\/perlapau\/es\/articulo\/un-golpe-audaz\/#primaryimage\"},\"image\":{\"@id\":\"https:\/\/www.icip.cat\/perlapau\/es\/articulo\/un-golpe-audaz\/#primaryimage\"},\"thumbnailUrl\":\"https:\/\/www.icip.cat\/perlapau\/wp-content\/uploads\/2022\/04\/tribuna_2_2560-5.jpg\",\"datePublished\":\"2022-04-07T10:59:22+00:00\",\"inLanguage\":\"es\",\"potentialAction\":[{\"@type\":\"ReadAction\",\"target\":[\"https:\/\/www.icip.cat\/perlapau\/es\/articulo\/un-golpe-audaz\/\"]}]},{\"@type\":\"ImageObject\",\"inLanguage\":\"es\",\"@id\":\"https:\/\/www.icip.cat\/perlapau\/es\/articulo\/un-golpe-audaz\/#primaryimage\",\"url\":\"https:\/\/www.icip.cat\/perlapau\/wp-content\/uploads\/2022\/04\/tribuna_2_2560-5.jpg\",\"contentUrl\":\"https:\/\/www.icip.cat\/perlapau\/wp-content\/uploads\/2022\/04\/tribuna_2_2560-5.jpg\",\"width\":1152,\"height\":1600},{\"@type\":\"WebSite\",\"@id\":\"https:\/\/www.icip.cat\/perlapau\/#website\",\"url\":\"https:\/\/www.icip.cat\/perlapau\/\",\"name\":\"Revista Por la Paz\",\"description\":\"La revista del Instituto Catal\u00e1n Internacional para la Paz\",\"publisher\":{\"@id\":\"https:\/\/www.icip.cat\/perlapau\/#organization\"},\"potentialAction\":[{\"@type\":\"SearchAction\",\"target\":{\"@type\":\"EntryPoint\",\"urlTemplate\":\"https:\/\/www.icip.cat\/perlapau\/?s={search_term_string}\"},\"query-input\":{\"@type\":\"PropertyValueSpecification\",\"valueRequired\":true,\"valueName\":\"search_term_string\"}}],\"inLanguage\":\"es\"},{\"@type\":\"Organization\",\"@id\":\"https:\/\/www.icip.cat\/perlapau\/#organization\",\"name\":\"Revista Por la Paz\",\"url\":\"https:\/\/www.icip.cat\/perlapau\/\",\"logo\":{\"@type\":\"ImageObject\",\"inLanguage\":\"es\",\"@id\":\"https:\/\/www.icip.cat\/perlapau\/#\/schema\/logo\/image\/\",\"url\":\"https:\/\/www.icip.cat\/perlapau\/wp-content\/uploads\/2023\/04\/ICIP_logo.jpg\",\"contentUrl\":\"https:\/\/www.icip.cat\/perlapau\/wp-content\/uploads\/2023\/04\/ICIP_logo.jpg\",\"width\":1025,\"height\":1024,\"caption\":\"Revista Por la Paz\"},\"image\":{\"@id\":\"https:\/\/www.icip.cat\/perlapau\/#\/schema\/logo\/image\/\"}}]}<\/script>\n<!-- \/ Yoast SEO plugin. -->","yoast_head_json":{"title":"Un golpe audaz - Revista Por la Paz","robots":{"index":"index","follow":"follow","max-snippet":"max-snippet:-1","max-image-preview":"max-image-preview:large","max-video-preview":"max-video-preview:-1"},"canonical":"https:\/\/www.icip.cat\/perlapau\/es\/articulo\/un-golpe-audaz\/","og_locale":"es_ES","og_type":"article","og_title":"Un golpe audaz - Revista Por la Paz","og_description":"Pronto har\u00e1 30 a\u00f1os de la \u00faltima y probablemente la \u00fanica vez que alguien nos pregunt\u00f3 nuestra opini\u00f3n sobre qu\u00e9 pol\u00edtica exterior ten\u00edamos que tener como Estado. El 12 de marzo de 1986 el Gobierno del entonces presidente Felipe Gonz\u00e1lez, atendiendo a la promesa electoral de la campa\u00f1a con la que por primera vez hab\u00eda [&hellip;]","og_url":"https:\/\/www.icip.cat\/perlapau\/es\/articulo\/un-golpe-audaz\/","og_site_name":"Revista Por la Paz","og_image":[{"width":518,"height":720,"url":"https:\/\/www.icip.cat\/perlapau\/wp-content\/uploads\/2022\/04\/tribuna_2_2560-5-518x720.jpg","type":"image\/jpeg"}],"twitter_card":"summary_large_image","twitter_misc":{"Tiempo de lectura":"8 minutos"},"schema":{"@context":"https:\/\/schema.org","@graph":[{"@type":"WebPage","@id":"https:\/\/www.icip.cat\/perlapau\/es\/articulo\/un-golpe-audaz\/","url":"https:\/\/www.icip.cat\/perlapau\/es\/articulo\/un-golpe-audaz\/","name":"Un golpe audaz - Revista Por la Paz","isPartOf":{"@id":"https:\/\/www.icip.cat\/perlapau\/#website"},"primaryImageOfPage":{"@id":"https:\/\/www.icip.cat\/perlapau\/es\/articulo\/un-golpe-audaz\/#primaryimage"},"image":{"@id":"https:\/\/www.icip.cat\/perlapau\/es\/articulo\/un-golpe-audaz\/#primaryimage"},"thumbnailUrl":"https:\/\/www.icip.cat\/perlapau\/wp-content\/uploads\/2022\/04\/tribuna_2_2560-5.jpg","datePublished":"2022-04-07T10:59:22+00:00","inLanguage":"es","potentialAction":[{"@type":"ReadAction","target":["https:\/\/www.icip.cat\/perlapau\/es\/articulo\/un-golpe-audaz\/"]}]},{"@type":"ImageObject","inLanguage":"es","@id":"https:\/\/www.icip.cat\/perlapau\/es\/articulo\/un-golpe-audaz\/#primaryimage","url":"https:\/\/www.icip.cat\/perlapau\/wp-content\/uploads\/2022\/04\/tribuna_2_2560-5.jpg","contentUrl":"https:\/\/www.icip.cat\/perlapau\/wp-content\/uploads\/2022\/04\/tribuna_2_2560-5.jpg","width":1152,"height":1600},{"@type":"WebSite","@id":"https:\/\/www.icip.cat\/perlapau\/#website","url":"https:\/\/www.icip.cat\/perlapau\/","name":"Revista Por la Paz","description":"La revista del Instituto Catal\u00e1n Internacional para la Paz","publisher":{"@id":"https:\/\/www.icip.cat\/perlapau\/#organization"},"potentialAction":[{"@type":"SearchAction","target":{"@type":"EntryPoint","urlTemplate":"https:\/\/www.icip.cat\/perlapau\/?s={search_term_string}"},"query-input":{"@type":"PropertyValueSpecification","valueRequired":true,"valueName":"search_term_string"}}],"inLanguage":"es"},{"@type":"Organization","@id":"https:\/\/www.icip.cat\/perlapau\/#organization","name":"Revista Por la Paz","url":"https:\/\/www.icip.cat\/perlapau\/","logo":{"@type":"ImageObject","inLanguage":"es","@id":"https:\/\/www.icip.cat\/perlapau\/#\/schema\/logo\/image\/","url":"https:\/\/www.icip.cat\/perlapau\/wp-content\/uploads\/2023\/04\/ICIP_logo.jpg","contentUrl":"https:\/\/www.icip.cat\/perlapau\/wp-content\/uploads\/2023\/04\/ICIP_logo.jpg","width":1025,"height":1024,"caption":"Revista Por la Paz"},"image":{"@id":"https:\/\/www.icip.cat\/perlapau\/#\/schema\/logo\/image\/"}}]}},"_links":{"self":[{"href":"https:\/\/www.icip.cat\/perlapau\/es\/wp-json\/wp\/v2\/article\/6301","targetHints":{"allow":["GET"]}}],"collection":[{"href":"https:\/\/www.icip.cat\/perlapau\/es\/wp-json\/wp\/v2\/article"}],"about":[{"href":"https:\/\/www.icip.cat\/perlapau\/es\/wp-json\/wp\/v2\/types\/article"}],"wp:featuredmedia":[{"embeddable":true,"href":"https:\/\/www.icip.cat\/perlapau\/es\/wp-json\/wp\/v2\/media\/6342"}],"wp:attachment":[{"href":"https:\/\/www.icip.cat\/perlapau\/es\/wp-json\/wp\/v2\/media?parent=6301"}],"wp:term":[{"taxonomy":"category","embeddable":true,"href":"https:\/\/www.icip.cat\/perlapau\/es\/wp-json\/wp\/v2\/categories?post=6301"}],"curies":[{"name":"wp","href":"https:\/\/api.w.org\/{rel}","templated":true}]}}