{"id":6360,"date":"2022-04-07T10:59:36","date_gmt":"2022-04-07T10:59:36","guid":{"rendered":"https:\/\/www.icip.cat\/perlapau\/issue\/%issue_post%\/article\/lejos-aun-de-una-habitacion-propia\/"},"modified":"2022-04-07T10:59:36","modified_gmt":"2022-04-07T10:59:36","slug":"lejos-aun-de-una-habitacion-propia","status":"publish","type":"article","link":"https:\/\/www.icip.cat\/perlapau\/es\/articulo\/lejos-aun-de-una-habitacion-propia\/","title":{"rendered":"Lejos a\u00fan de una habitaci\u00f3n propia"},"content":{"rendered":"\n<p>                <span id=\"square\"><\/span>                <span id=\"first-word\"> Virginia Woolf<\/span>, en <em>Una habitaci\u00f3n propia<\/em>, analiza las dificultades de una mujer para hacer carrera literaria y afirma que \u201cuna mujer debe tener dinero y una habitaci\u00f3n propia si quiere escribir ficci\u00f3n\u201d. D\u00e9cadas m\u00e1s tarde, y en un contexto bien distinto, podemos afirmar algo semejante de la Resoluci\u00f3n 1325 sobre Mujeres, Paz y Seguridad del Consejo de Seguridad de la ONU: la resoluci\u00f3n reconoci\u00f3 la necesidad de crear esta <em>habitaci\u00f3n propia<\/em>, a nivel internacional y tambi\u00e9n de cada estado; se ha trabajado mucho en ello, como ilustran varios informes<a href=\"editorial\/editorial\/#ref\"><sup>1<\/sup><\/a>, pero hoy en d\u00eda todav\u00eda no existe plenamente habitaci\u00f3n, no es propia, ni est\u00e1 bien comunicada con el resto de c\u00e1maras de la sociedad internacional. Y tampoco hay dinero suficiente para  garantizar que dentro de quince a\u00f1os conmemoremos una situaci\u00f3n mucho m\u00e1s exitosa. <\/p>\n<p> Dicho de otra manera, el balance de los quince a\u00f1os de la Resoluci\u00f3n 1325 es a la vez esperanzador  y decepcionante, como aquella evaluaci\u00f3n escolar que dice a los padres sobre un ni\u00f1o: \u201cpercibimos mejoras y progreso pero todav\u00eda hace falta mucho esfuerzo\u201d. El esfuerzo reclama a menudo, para tener \u00e9xito, cambiar ligeramente el enfoque. Y \u00e9sta es la idea que quiero transmitir en los p\u00e1rrafos siguientes. El contexto de creaci\u00f3n se ha modificado: hay que hacer una lectura m\u00e1s profunda de la resoluci\u00f3n y poner \u00e9nfasis, de forma desigual, tanto en el sentido entero del texto como en sus cuatro pilares (participaci\u00f3n, protecci\u00f3n, prevenci\u00f3n, ayuda y reconstrucci\u00f3n). Y cambiar el enfoque, aplicando perspectivas diferenciales y asegur\u00e1ndose de que las ra\u00edces, las causas estructurales son tratadas. <\/p>\n<p> Empezaremos recordando algunas cuestiones contextuales. El pacto fundacional de la ONU otorga competencias \u2013y composiciones- distintas a los seis \u00f3rganos principales que emanan de la Carta, entre los cuales el Consejo de Seguridad. El Consejo tiene la responsabilidad primaria de mantener la paz y la seguridad internacional y esto le da facultades para muchas actuaciones (cap\u00edtulos V, VI, VII, VIII y XII de la Carta). Adem\u00e1s, el art\u00edculo 25 de la Carta establece la obligatoriedad de los estados miembros de cumplir con sus resoluciones. Hay que tener en cuenta tambi\u00e9n que la Resoluci\u00f3n 1325 surgi\u00f3 en la segunda d\u00e9cada de la postguerra fr\u00eda, en un contexto dominado por el enfoque de la seguridad humana (centrada en los da\u00f1os a las personas y comunidades), los cambios en la naturaleza y ubicaci\u00f3n de los conflictos armados, el consenso de la paz liberal y los debates sobre injerencia humanitaria y responsabilidad de proteger, particularmente a los civiles y a grupos especialmente vulnerables. Concretamente, la resoluci\u00f3n hace referencia a dos resoluciones de 1999 (1261 y 1265) y dos de 2000 (1296 y 1314), dedicadas a la infancia, los conflictos armados y la protecci\u00f3n de los civiles que fueron promovidas por pa\u00edses tan diferentes como Namibia, Holanda, Bangladesh y Canad\u00e1. <\/p>\n<p>                <cite class=\"cita-center\">                                                            La inclusi\u00f3n activa y plena de las mujeres en las tareas de construcci\u00f3n de la seguridad humana constituye una aportaci\u00f3n positiva, necesaria e imprescindible                <\/cite>\t\t\t\t<\/p>\n<p> La importancia de la Resoluci\u00f3n 1325 es, pues, alta, como ya mostraron las conclusiones de la conferencia internacional celebrada en Washington, en noviembre de 2o10: diez a\u00f1os despu\u00e9s de su aprobaci\u00f3n se apreciaban cambios en la forma de abordar los temas de paz y seguridad, cambios perceptibles en el derecho internacional,  el empoderamiento de las mujeres, la planificaci\u00f3n y ejecuci\u00f3n de las tareas militares y la concepci\u00f3n de la seguridad mundial. <\/p>\n<p> Y la mejor manera de percibir estos cambios es leer la resoluci\u00f3n prestando atenci\u00f3n a las cuestiones subyacentes, a su estructura. Al hacerlo se percibe que hombres y mujeres experimentan la seguridad de forma diferente y, por lo tanto, la exclusi\u00f3n o insuficiente inclusi\u00f3n de las diferentes perspectivas tiene un impacto negativo. Si no se tiene en cuenta el enfoque diferencial \u2013propio de los an\u00e1lisis basados en la perspectiva de g\u00e9nero- se excluye la visi\u00f3n y participaci\u00f3n de las mujeres en los procesos vinculados a la paz y la seguridad. El resultado, como han demostrado varios informes en los \u00faltimos a\u00f1os, es claro: se debilitan las negociaciones y acuerdos de paz, las estrategias de reconstrucci\u00f3n, construcci\u00f3n de paz y desarrollo y, tambi\u00e9n, las econom\u00edas nacionales. La inclusi\u00f3n de la perspectiva y los enfoques de las mujeres, con sus experiencias y prioridades diferentes, muestra mayor sostenibilidad de los procesos de construcci\u00f3n de paz. Disponemos tambi\u00e9n de evidencia emp\u00edrica, basada en casos concretos, del impacto negativo (exclusi\u00f3n) y el positivo (inclusi\u00f3n). <em>Habitaci\u00f3n propia<\/em> y dinero, siguiendo con Woolf, se muestran exitosos, aunque ni los recursos ni los enfoques diferenciales y diferenciados son en ning\u00fan lugar una plena realidad.  <\/p>\n<p>                <cite class=\"cita-left\">                                        Es preciso un cambio de enfoque sobre los cuatro pilares de la 1325: participaci\u00f3n, protecci\u00f3n, prevenci\u00f3n y reconstrucci\u00f3n                <\/cite>                <\/p>\n<p> Por lo tanto, a mi parecer, la principal conclusi\u00f3n de la Resoluci\u00f3n 1325, quince a\u00f1os despu\u00e9s, es que la inclusi\u00f3n activa y plena de las mujeres en las tareas de construcci\u00f3n de la seguridad humana constituye una aportaci\u00f3n positiva, necesaria e imprescindible. Para afrontar, sin embargo, los pr\u00f3ximos quince a\u00f1os, es preciso un cambio de enfoque, centrado en dos aspectos. Primero, recuperar la unidad y el trabajo coordinado, tanto de organizaciones feministas y del movimiento de mujeres y hombres pacifistas como con centros de pensamiento y gobiernos nacionales \u2013nadie puede apropiarse de la resoluci\u00f3n, lo que permitir\u00e1 poner \u00e9nfasis en las demandas de cumplimiento concretas en cada pa\u00eds-. Y segundo, trabajar de forma distinta los cuatro pilares que la conforman: a) participaci\u00f3n en todos los niveles de toma de decisiones (local y de organismos intergubernamentales); b) protecci\u00f3n, tanto de mujeres adultas como de ni\u00f1as y adolescentes, de la violencia sexual y abusos diversos, demasiado habituales en guerras, campamentos de refugiados e incluso en operaciones de paz autorizadas por Naciones Unidas (hay que pedir planes de choque y medidas muy severas); c) prevenci\u00f3n, con un enfoque multinivel (prevenci\u00f3n de conductas violentas, persecuci\u00f3n de las violaciones del derecho nacional, refuerzo del derecho de las mujeres en el derecho nacional y apoyo expl\u00edcito a la presencia relevante de mujeres en procesos de paz y de reconstrucci\u00f3n); y d) adopci\u00f3n de medidas de apoyo humanitario y de reconstrucci\u00f3n en las crisis, un tema central en un momento en el que el sistema humanitario se enfrenta a la peor crisis desde 1945. <\/p>\n<p> Todo ello me permite concluir, recordando a Alva Myrdal y su tarea como diplom\u00e1tica y activista pacifista y feminista (premiada con el Nobel de la Paz), la necesidad de no olvidar la radicalidad de la Resoluci\u00f3n 1325:  la perentoriedad de ir a las ra\u00edces, de deslegitimar los enfoques no inclusivos. <\/p>\n<p id=\"ref\" class=\"referencia first-reference last-reference\"> 1. El m\u00e1s reciente es el informe <a href=\"http:\/\/wps.unwomen.org\/~\/media\/files\/un%20women\/wps\/highlights\/unw-global-study-1325-2015.pdf\" target=\"_blank\" rel=\"noopener\"><em>Preventing conflict, transforming justice, securing the Peace. A Global Study on the Implementation of United Nations Security Council resolution 1325<\/em><\/a>, impulsado por ONU Mujeres y presentado el pasado mes de octubre ante el Consejo de Seguridad de la ONU. <\/p>\n<p class=\"foto\"> <a href=\"https:\/\/www.flickr.com\/photos\/sustainus\/5476819489\/\" target=\"_blank\" rel=\"noopener\">\tFotografia\t<\/a>\t: SustainUS \t<\/p>\n<p class=\"gencat\">\u00a9 Generalitat de Catalunya<\/p>\n","protected":false},"featured_media":6381,"menu_order":0,"template":"","categories":[4],"class_list":["post-6360","article","type-article","status-publish","has-post-thumbnail","hentry","category-introduccio"],"acf":[],"yoast_head":"<!-- This site is optimized with the Yoast SEO plugin v25.6 - https:\/\/yoast.com\/wordpress\/plugins\/seo\/ -->\n<title>Lejos a\u00fan de una habitaci\u00f3n propia - Revista Por la Paz<\/title>\n<meta name=\"robots\" content=\"index, follow, max-snippet:-1, max-image-preview:large, max-video-preview:-1\" \/>\n<link rel=\"canonical\" href=\"https:\/\/www.icip.cat\/perlapau\/es\/articulo\/lejos-aun-de-una-habitacion-propia\/\" \/>\n<meta property=\"og:locale\" content=\"es_ES\" \/>\n<meta property=\"og:type\" content=\"article\" \/>\n<meta property=\"og:title\" content=\"Lejos a\u00fan de una habitaci\u00f3n propia - Revista Por la Paz\" \/>\n<meta property=\"og:description\" content=\"Virginia Woolf, en Una habitaci\u00f3n propia, analiza las dificultades de una mujer para hacer carrera literaria y afirma que \u201cuna mujer debe tener dinero y una habitaci\u00f3n propia si quiere escribir ficci\u00f3n\u201d. D\u00e9cadas m\u00e1s tarde, y en un contexto bien distinto, podemos afirmar algo semejante de la Resoluci\u00f3n 1325 sobre Mujeres, Paz y Seguridad del [&hellip;]\" \/>\n<meta property=\"og:url\" content=\"https:\/\/www.icip.cat\/perlapau\/es\/articulo\/lejos-aun-de-una-habitacion-propia\/\" \/>\n<meta property=\"og:site_name\" content=\"Revista Por la Paz\" \/>\n<meta property=\"og:image\" content=\"https:\/\/www.icip.cat\/perlapau\/wp-content\/uploads\/2022\/04\/editorial_2560-6-518x720.jpg\" \/>\n\t<meta property=\"og:image:width\" content=\"518\" \/>\n\t<meta property=\"og:image:height\" content=\"720\" \/>\n\t<meta property=\"og:image:type\" content=\"image\/jpeg\" \/>\n<meta name=\"twitter:card\" content=\"summary_large_image\" \/>\n<meta name=\"twitter:label1\" content=\"Tiempo de lectura\" \/>\n\t<meta name=\"twitter:data1\" content=\"6 minutos\" \/>\n<script type=\"application\/ld+json\" class=\"yoast-schema-graph\">{\"@context\":\"https:\/\/schema.org\",\"@graph\":[{\"@type\":\"WebPage\",\"@id\":\"https:\/\/www.icip.cat\/perlapau\/es\/articulo\/lejos-aun-de-una-habitacion-propia\/\",\"url\":\"https:\/\/www.icip.cat\/perlapau\/es\/articulo\/lejos-aun-de-una-habitacion-propia\/\",\"name\":\"Lejos a\u00fan de una habitaci\u00f3n propia - Revista Por la Paz\",\"isPartOf\":{\"@id\":\"https:\/\/www.icip.cat\/perlapau\/#website\"},\"primaryImageOfPage\":{\"@id\":\"https:\/\/www.icip.cat\/perlapau\/es\/articulo\/lejos-aun-de-una-habitacion-propia\/#primaryimage\"},\"image\":{\"@id\":\"https:\/\/www.icip.cat\/perlapau\/es\/articulo\/lejos-aun-de-una-habitacion-propia\/#primaryimage\"},\"thumbnailUrl\":\"https:\/\/www.icip.cat\/perlapau\/wp-content\/uploads\/2022\/04\/editorial_2560-6.jpg\",\"datePublished\":\"2022-04-07T10:59:36+00:00\",\"inLanguage\":\"es\",\"potentialAction\":[{\"@type\":\"ReadAction\",\"target\":[\"https:\/\/www.icip.cat\/perlapau\/es\/articulo\/lejos-aun-de-una-habitacion-propia\/\"]}]},{\"@type\":\"ImageObject\",\"inLanguage\":\"es\",\"@id\":\"https:\/\/www.icip.cat\/perlapau\/es\/articulo\/lejos-aun-de-una-habitacion-propia\/#primaryimage\",\"url\":\"https:\/\/www.icip.cat\/perlapau\/wp-content\/uploads\/2022\/04\/editorial_2560-6.jpg\",\"contentUrl\":\"https:\/\/www.icip.cat\/perlapau\/wp-content\/uploads\/2022\/04\/editorial_2560-6.jpg\",\"width\":1152,\"height\":1600},{\"@type\":\"WebSite\",\"@id\":\"https:\/\/www.icip.cat\/perlapau\/#website\",\"url\":\"https:\/\/www.icip.cat\/perlapau\/\",\"name\":\"Revista Por la Paz\",\"description\":\"La revista del Instituto Catal\u00e1n Internacional para la Paz\",\"publisher\":{\"@id\":\"https:\/\/www.icip.cat\/perlapau\/#organization\"},\"potentialAction\":[{\"@type\":\"SearchAction\",\"target\":{\"@type\":\"EntryPoint\",\"urlTemplate\":\"https:\/\/www.icip.cat\/perlapau\/?s={search_term_string}\"},\"query-input\":{\"@type\":\"PropertyValueSpecification\",\"valueRequired\":true,\"valueName\":\"search_term_string\"}}],\"inLanguage\":\"es\"},{\"@type\":\"Organization\",\"@id\":\"https:\/\/www.icip.cat\/perlapau\/#organization\",\"name\":\"Revista Por la Paz\",\"url\":\"https:\/\/www.icip.cat\/perlapau\/\",\"logo\":{\"@type\":\"ImageObject\",\"inLanguage\":\"es\",\"@id\":\"https:\/\/www.icip.cat\/perlapau\/#\/schema\/logo\/image\/\",\"url\":\"https:\/\/www.icip.cat\/perlapau\/wp-content\/uploads\/2023\/04\/ICIP_logo.jpg\",\"contentUrl\":\"https:\/\/www.icip.cat\/perlapau\/wp-content\/uploads\/2023\/04\/ICIP_logo.jpg\",\"width\":1025,\"height\":1024,\"caption\":\"Revista Por la Paz\"},\"image\":{\"@id\":\"https:\/\/www.icip.cat\/perlapau\/#\/schema\/logo\/image\/\"}}]}<\/script>\n<!-- \/ Yoast SEO plugin. -->","yoast_head_json":{"title":"Lejos a\u00fan de una habitaci\u00f3n propia - Revista Por la Paz","robots":{"index":"index","follow":"follow","max-snippet":"max-snippet:-1","max-image-preview":"max-image-preview:large","max-video-preview":"max-video-preview:-1"},"canonical":"https:\/\/www.icip.cat\/perlapau\/es\/articulo\/lejos-aun-de-una-habitacion-propia\/","og_locale":"es_ES","og_type":"article","og_title":"Lejos a\u00fan de una habitaci\u00f3n propia - Revista Por la Paz","og_description":"Virginia Woolf, en Una habitaci\u00f3n propia, analiza las dificultades de una mujer para hacer carrera literaria y afirma que \u201cuna mujer debe tener dinero y una habitaci\u00f3n propia si quiere escribir ficci\u00f3n\u201d. D\u00e9cadas m\u00e1s tarde, y en un contexto bien distinto, podemos afirmar algo semejante de la Resoluci\u00f3n 1325 sobre Mujeres, Paz y Seguridad del [&hellip;]","og_url":"https:\/\/www.icip.cat\/perlapau\/es\/articulo\/lejos-aun-de-una-habitacion-propia\/","og_site_name":"Revista Por la Paz","og_image":[{"width":518,"height":720,"url":"https:\/\/www.icip.cat\/perlapau\/wp-content\/uploads\/2022\/04\/editorial_2560-6-518x720.jpg","type":"image\/jpeg"}],"twitter_card":"summary_large_image","twitter_misc":{"Tiempo de lectura":"6 minutos"},"schema":{"@context":"https:\/\/schema.org","@graph":[{"@type":"WebPage","@id":"https:\/\/www.icip.cat\/perlapau\/es\/articulo\/lejos-aun-de-una-habitacion-propia\/","url":"https:\/\/www.icip.cat\/perlapau\/es\/articulo\/lejos-aun-de-una-habitacion-propia\/","name":"Lejos a\u00fan de una habitaci\u00f3n propia - Revista Por la Paz","isPartOf":{"@id":"https:\/\/www.icip.cat\/perlapau\/#website"},"primaryImageOfPage":{"@id":"https:\/\/www.icip.cat\/perlapau\/es\/articulo\/lejos-aun-de-una-habitacion-propia\/#primaryimage"},"image":{"@id":"https:\/\/www.icip.cat\/perlapau\/es\/articulo\/lejos-aun-de-una-habitacion-propia\/#primaryimage"},"thumbnailUrl":"https:\/\/www.icip.cat\/perlapau\/wp-content\/uploads\/2022\/04\/editorial_2560-6.jpg","datePublished":"2022-04-07T10:59:36+00:00","inLanguage":"es","potentialAction":[{"@type":"ReadAction","target":["https:\/\/www.icip.cat\/perlapau\/es\/articulo\/lejos-aun-de-una-habitacion-propia\/"]}]},{"@type":"ImageObject","inLanguage":"es","@id":"https:\/\/www.icip.cat\/perlapau\/es\/articulo\/lejos-aun-de-una-habitacion-propia\/#primaryimage","url":"https:\/\/www.icip.cat\/perlapau\/wp-content\/uploads\/2022\/04\/editorial_2560-6.jpg","contentUrl":"https:\/\/www.icip.cat\/perlapau\/wp-content\/uploads\/2022\/04\/editorial_2560-6.jpg","width":1152,"height":1600},{"@type":"WebSite","@id":"https:\/\/www.icip.cat\/perlapau\/#website","url":"https:\/\/www.icip.cat\/perlapau\/","name":"Revista Por la Paz","description":"La revista del Instituto Catal\u00e1n Internacional para la Paz","publisher":{"@id":"https:\/\/www.icip.cat\/perlapau\/#organization"},"potentialAction":[{"@type":"SearchAction","target":{"@type":"EntryPoint","urlTemplate":"https:\/\/www.icip.cat\/perlapau\/?s={search_term_string}"},"query-input":{"@type":"PropertyValueSpecification","valueRequired":true,"valueName":"search_term_string"}}],"inLanguage":"es"},{"@type":"Organization","@id":"https:\/\/www.icip.cat\/perlapau\/#organization","name":"Revista Por la Paz","url":"https:\/\/www.icip.cat\/perlapau\/","logo":{"@type":"ImageObject","inLanguage":"es","@id":"https:\/\/www.icip.cat\/perlapau\/#\/schema\/logo\/image\/","url":"https:\/\/www.icip.cat\/perlapau\/wp-content\/uploads\/2023\/04\/ICIP_logo.jpg","contentUrl":"https:\/\/www.icip.cat\/perlapau\/wp-content\/uploads\/2023\/04\/ICIP_logo.jpg","width":1025,"height":1024,"caption":"Revista Por la Paz"},"image":{"@id":"https:\/\/www.icip.cat\/perlapau\/#\/schema\/logo\/image\/"}}]}},"_links":{"self":[{"href":"https:\/\/www.icip.cat\/perlapau\/es\/wp-json\/wp\/v2\/article\/6360","targetHints":{"allow":["GET"]}}],"collection":[{"href":"https:\/\/www.icip.cat\/perlapau\/es\/wp-json\/wp\/v2\/article"}],"about":[{"href":"https:\/\/www.icip.cat\/perlapau\/es\/wp-json\/wp\/v2\/types\/article"}],"wp:featuredmedia":[{"embeddable":true,"href":"https:\/\/www.icip.cat\/perlapau\/es\/wp-json\/wp\/v2\/media\/6381"}],"wp:attachment":[{"href":"https:\/\/www.icip.cat\/perlapau\/es\/wp-json\/wp\/v2\/media?parent=6360"}],"wp:term":[{"taxonomy":"category","embeddable":true,"href":"https:\/\/www.icip.cat\/perlapau\/es\/wp-json\/wp\/v2\/categories?post=6360"}],"curies":[{"name":"wp","href":"https:\/\/api.w.org\/{rel}","templated":true}]}}