{"id":6364,"date":"2022-04-07T10:59:37","date_gmt":"2022-04-07T10:59:37","guid":{"rendered":"https:\/\/www.icip.cat\/perlapau\/issue\/%issue_post%\/article\/el-aumento-del-militarismo-un-desafio-crucial-para-la-justicia-de-genero-y-la-paz\/"},"modified":"2022-04-07T10:59:37","modified_gmt":"2022-04-07T10:59:37","slug":"el-aumento-del-militarismo-un-desafio-crucial-para-la-justicia-de-genero-y-la-paz","status":"publish","type":"article","link":"https:\/\/www.icip.cat\/perlapau\/es\/articulo\/el-aumento-del-militarismo-un-desafio-crucial-para-la-justicia-de-genero-y-la-paz\/","title":{"rendered":"El aumento del militarismo: un desaf\u00edo crucial para la justicia de g\u00e9nero y la paz"},"content":{"rendered":"\n<p>                <span id=\"square\"><\/span>                <span id=\"first-word\">Del 11 al 13 de enero<\/span> de 2014, 50 mujeres sirias concibieron un plan de paz para acabar con el conflicto en Siria. En cambio, ninguno de los hombres que participaron en las negociaciones oficiales de paz consigui\u00f3 elaborar un plan parecido. Sin embargo, en la conferencia de paz de Ginebra II, fueron los hombres con armas \u2014y no las mujeres l\u00edderes por la paz\u2014 quienes dispusieron de acceso, hoteles y lugares de reuni\u00f3n y quienes gozaron de reconocimiento pol\u00edtico y medi\u00e1tico. Y fueron esos hombres con sus armas los que fracasaron.            <\/p>\n<p> Casi dos a\u00f1os despu\u00e9s, m\u00e1s de 220.000 sirios han muerto, m\u00e1s de la mitad de los habitantes del pa\u00eds est\u00e1n desplazados de sus hogares y la situaci\u00f3n siria se considera ya la peor crisis humanitaria de nuestros tiempos. \u00bfC\u00f3mo podemos, en el marco de la agenda de Mujeres, Paz y Seguridad, actuar para hacer frente a la situaci\u00f3n y exigir a la comunidad internacional que cumpla sus compromisos? El caso sirio muestra las oportunidades para el cambio transformador que presentan las voces de las mujeres progresistas y tambi\u00e9n las dificultades, tanto las de siempre como las nuevas, para lograr, de manera efectiva, la participaci\u00f3n y la protecci\u00f3n de las mujeres, as\u00ed como el respeto de sus derechos en todo el espectro del conflicto<\/p>\n<p> <b>Identificaci\u00f3n de oportunidades y obst\u00e1culos<\/b> <\/p>\n<p> En los \u00faltimos 15 a\u00f1os, la agenda de Mujeres, Paz y Seguridad ha logrado avances sustanciales. Actualmente, existe un marco normativo reconocido sobre Mujeres, Paz y Seguridad, con siete<a href=\"articles_centrals\/article_central_3\/#ref\"><sup>1<\/sup><\/a> resoluciones del Consejo de Seguridad relativas a Mujeres, Paz y Seguridad (RCSNU 1325 (2000), 1820 (2008), 1888 (2009), 1960 (2010), 2106 (2013) y 2122 (2013)). Adem\u00e1s, se est\u00e1n volviendo a crear instituciones, no s\u00f3lo normas. Las misiones de las Naciones Unidas disponen, actualmente, de personal espec\u00edfico dedicado a temas de Mujeres, Paz y Seguridad. ONU Mujeres es hoy una entidad de g\u00e9nero consolidada y, en 2014, 9 de las 17 misiones de mantenimiento de la paz tuvieron asesores de g\u00e9nero. En 2013, Mary Robinson se convirti\u00f3 en la primera mujer mediador principal como enviada especial para la Regi\u00f3n de los Grandes Lagos, en \u00c1frica. <\/p>\n<p> Sin embargo, a\u00fan no hemos creado el mundo de paz y justicia de g\u00e9nero que hab\u00edamos imaginado. Los viejos desaf\u00edos siguen estando ah\u00ed: \u00bfc\u00f3mo podemos ir m\u00e1s all\u00e1 de los papeles y pasar de compromisos a logros? \u00bfC\u00f3mo podemos ir m\u00e1s all\u00e1 de los avances graduales en un mundo en el que los derechos de las mujeres son siempre vistos como secundarios respecto a las prioridades de los hombres y la seguridad militar? \u00bfC\u00f3mo podemos superar los obst\u00e1culos principales, entre los que est\u00e1n la falta de voluntad pol\u00edtica y de una sistematizaci\u00f3n ad hoc y una financiaci\u00f3n voluntaria y m\u00edsera? <\/p>\n<p> El obst\u00e1culo m\u00e1s peligroso es que el militarismo se est\u00e1 extendiendo. El terrorismo y la lucha contra el extremismo violento est\u00e1n dando nuevas justificaciones para las respuestas militares al conflicto. Proporcionan un nuevo pretexto para priorizar la inversi\u00f3n en econom\u00edas de guerra sobre econom\u00edas de paz. Las nuevas formas de espacios militarizados justifican el bombardeo de ciudades en nombre de la lucha contra las amenazas terroristas. Por otro lado, no conseguimos hacer lo necesario para exigir una soluci\u00f3n pol\u00edtica al conflicto y a la crisis humanitaria en Siria, al tiempo que vemos que el espacio pol\u00edtico de los actores civiles \u2014esenciales en la promoci\u00f3n de la paz y de la justicia de g\u00e9nero y en la eliminaci\u00f3n de la violencia en sus diversas formas\u2014 es, cada d\u00eda, m\u00e1s restringido. <\/p>\n<p>            <cite class=\"cita-center\">                                                El terrorismo y la lucha contra el extremismo violento dan nuevas justificaciones para las respuestas militares al conflicto y para priorizar las econom\u00edas de guerra sobre las econom\u00edas de paz            <\/cite>            <\/p>\n<p> <b>A partir de aqu\u00ed, \u00bfhacia d\u00f3nde vamos?<\/b> <\/p>\n<p> \u00bfCu\u00e1ndo iremos m\u00e1s all\u00e1 de la narrativa medieval de los h\u00e9roes masculinos y las v\u00edctimas femeninas, para tomar decisiones basadas en hechos y no en estereotipos? \u00bfCu\u00e1ndo crearemos una nueva normalidad que impulse los derechos y la voz de las mujeres y que priorice las inversiones globales a largo plazo en comunidades justas y resistentes por encima de los \u201carreglos r\u00e1pidos\u201d que fracasan una y otra vez? <\/p>\n<p> Las respuestas militares reactivas al terrorismo y al extremismo violento asumen que los retos que plantea la seguridad, tanto los viejos como los nuevos, no tienen nada que ver con el g\u00e9nero. Lo que hacen estas respuestas es reafirmar un statu quo patriarcal que ha fracasado. Para avanzar es imprescindible hacer frente a los principales obst\u00e1culos relativos a la voluntad pol\u00edtica, los mecanismos operativos y la financiaci\u00f3n:  <\/p>\n<p> 1. Voluntad pol\u00edtica <\/p>\n<p> Ante todo, progresar requiere dejar de considerar los derechos de las mujeres como algo secundario y priorizar la igualdad de g\u00e9nero como tema de importancia fundamental. Ello significa que la participaci\u00f3n y los derechos de las mujeres deben dejar de ser una cuesti\u00f3n que dependa de las preferencias personales para ser de obligado cumplimiento.  <\/p>\n<p> Hasta ahora, no ha sido as\u00ed. En el caso de Siria, ello se hizo particularmente patente con el anterior enviado especial, Lakhdar Brahimi. Brahimi respondi\u00f3 con pura palabrer\u00eda a la participaci\u00f3n y los derechos de las mujeres cuando le fue presentada la propuesta de paz elaborada por un grupo de mujeres sirias en 2014. De hecho, sali\u00f3 literalmente de la sala sin ni siquiera dar una excusa durante una reuni\u00f3n de alto nivel en Ginebra orientada a amplificar las voces de las mujeres sirias y a asegurar su inclusi\u00f3n en la planificaci\u00f3n de los procesos de paz. \u00a1No precisamente una garant\u00eda para la inclusi\u00f3n pol\u00edtica de las mujeres! <\/p>\n<p> Y este tema no solo afecta a los hombres de Oriente Medio. En Nueva York, nos encontramos con el mismo patr\u00f3n: tras meses de preparaciones, en septiembre de 2015, Espa\u00f1a cambi\u00f3 el 15\u00ba debate anual sobre Mujeres, Paz y Seguridad del 22 de octubre \u2014fecha prevista originalmente\u2014 al 13, es decir, 10 d\u00edas antes de lo planificado. Se dio prioridad a la presencia del presidente del Gobierno, Mariano Rajoy, sobre las voces de mujeres de todo el mundo que han sido claves en la creaci\u00f3n de la agenda de Mujeres, Paz y Seguridad y siguen siendo claves en su implementaci\u00f3n en las comunidades locales. \u00bfPuede haber un mejor ejemplo de sistema patriarcal en acci\u00f3n? <\/p>\n<p>            <cite class=\"cita-left\">                                La participaci\u00f3n y los derechos de las mujeres deben dejar de ser una cuesti\u00f3n que dependa de las preferencias personales para ser de obligado cumplimiento            <\/cite>            <\/p>\n<p> Ning\u00fan hombre deber\u00eda poder situar sus preferencias personales por delante de la participaci\u00f3n y los derechos de las mujeres. Pero conseguir que esto deje de ser lo usual requiere cambios en los procesos institucionales que dejen atr\u00e1s las anteojeras militarizadas y se orienten hacia sistemas de aprendizaje creativos y flexibles que sistem\u00e1ticamente empujen hacia procesos y resultados de equidad de g\u00e9nero, tanto a nivel personal como internacional. <\/p>\n<p> 2. Mecanismos operativos <\/p>\n<p> Si bien se han registrado avances en cuanto a compromisos, no ha sido as\u00ed en su traducci\u00f3n pr\u00e1ctica, a menudo debido a su falta de integraci\u00f3n en procesos sistem\u00e1ticos. Por ejemplo, cuando las mujeres sirias pidieron, hace a\u00f1os, ser incluidas en la mesa de paz, ello sembr\u00f3 confusi\u00f3n en el sistema ya que esta posibilidad ni siquiera hab\u00eda sido contemplada. Incluso las cuestiones obvias en relaci\u00f3n con las modalidades de participaci\u00f3n estaban sin explorar. \u00bfSignifica \u201cmujeres en la mesa\u201d que se a\u00f1ada, simb\u00f3licamente, un par de mujeres a cada una de las partes militarizadas? \u00bfSignifica crear un grupo de mujeres separado de las principales partes en conflicto, como en el caso de Irlanda? \u00bfSignifica crear un cuerpo consultivo para la sociedad civil liderada por mujeres? \u00bfSignifica tener expertos en materia de g\u00e9nero que contribuyan con sus aportaciones a los libros blancos de la mediaci\u00f3n? Y, \u00bfd\u00f3nde deber\u00edan estar dichas mujeres? \u00bfEn la mesa? \u00bfEntre el p\u00fablico? \u00bfEn una sala separada? \u00bfEn un edificio separado? \u00bfEn una ciudad separada? El hecho de no tener mecanismos est\u00e1ndar pero flexibles para trabajar y priorizar estas opciones de tal manera que se d\u00e9 prioridad a la participaci\u00f3n y los derechos de las mujeres constituye otra forma m\u00e1s de inercia que dificulta dejar atr\u00e1s las soluciones militarizadas e ir hacia el cambio equitativo en t\u00e9rminos de g\u00e9nero. <\/p>\n<p> Para avanzar es preciso crear mecanismos alternativos equitativos en t\u00e9rminos de g\u00e9nero y procedimientos operativos est\u00e1ndar que apoyen la igualdad de g\u00e9nero y acaben con los modelos desfasados y fracasados basados en \u201cque todo siga como hasta ahora\u201d, que asumen como operativa la idea de la seguridad militar como equivalente a paz. <\/p>\n<p> 3. Financiaci\u00f3n <\/p>\n<p> La implementaci\u00f3n de los compromisos relativos a Mujeres, Paz y Seguridad se ve tambi\u00e9n dificultada por el rid\u00edculo nivel de financiaci\u00f3n destinado a la realizaci\u00f3n de esta agenda. Mientras que, en t\u00e9rminos globales, invertimos 1,7 billones de d\u00f3lares en ej\u00e9rcitos y armas, nunca parece haber dinero para los derechos de las mujeres o para la paz. Recientemente, como parte del esfuerzo realizado para reforzar los compromisos de los Estados miembros en la implementaci\u00f3n de la agenda de Mujeres, Paz y Seguridad, ONU Mujeres llam\u00f3 la atenci\u00f3n sobre el hecho de que solo el 2 por ciento de la ayuda dedicada a tratar cuestiones de paz y seguridad se destina a la igualdad de g\u00e9nero. \u00a1El 2 por ciento! Entonces, pusieron en marcha una campa\u00f1a para aumentar esta cifra y cumplir el Marco de Resultados Estrat\u00e9gicos de la ONU en Mujeres, Paz y Seguridad, cuyo objetivo para 2014 era dedicar el 15 por ciento de la financiaci\u00f3n a la igualdad de g\u00e9nero.  <\/p>\n<p> Ambos se encuentran, ciertamente, muy lejos del 50 por ciento que parece, como m\u00ednimo, defendible bajo la Convenci\u00f3n sobre la eliminaci\u00f3n de todas las formas de discriminaci\u00f3n contra la mujer de 1979 (CEDAW, por sus siglas en ingl\u00e9s). Ahora bien, incluso un peque\u00f1o aumento ayudar\u00eda: un simple 1 por ciento del comercio global de armas (8.800 millones de d\u00f3lares) garantizar\u00eda la educaci\u00f3n p\u00fablica universal para ni\u00f1as y ni\u00f1os. Adem\u00e1s de incrementar las cifras, hemos de cambiar nuestras prioridades de inversi\u00f3n: los estudiosos han demostrado recientemente que los movimientos feministas son el indicador n\u00famero uno en relaci\u00f3n con la disminuci\u00f3n de la violencia contra las mujeres. \u00bfAd\u00f3nde nos lleva esto? Hemos de invertir en movimientos feministas para prevenir la violencia y conseguir la paz.  <\/p>\n<p>            <cite class=\"cita-right\">                                La implementaci\u00f3n de los compromisos relativos a Mujeres, Paz y Seguridad se ve tambi\u00e9n dificultada por el rid\u00edculo nivel de financiaci\u00f3n destinado a esta agenda            <\/cite>            <\/p>\n<p> <b>Pr\u00f3ximos pasos<\/b> <\/p>\n<p> Tras la elaboraci\u00f3n de un plan de paz, algunas de las mismas mujeres se reunieron con el Consejo de Seguridad en una sesi\u00f3n celebrada con arreglo a la f\u00f3rmula Arria el 17 de enero de 2015. Una de las participantes hizo una s\u00faplica apasionada: \u00abNo dejen estas resoluciones en un caj\u00f3n. Son sus resoluciones, no nuestras resoluciones\u00bb. <\/p>\n<p id=\"ref\" class=\"referencia first-reference last-reference\"> 1.\tEste articulo ha sido escrito con anterioridad a la aprobaci\u00f3n de la Resoluci\u00f3n 2242 de las Naciones Unidas, de manera que actualmente son ocho las resoluciones tem\u00e1ticas sobre Mujeres, Paz y Seguridad. <\/p>\n<p class=\"foto\"> <a href=\"https:\/\/www.flickr.com\/photos\/unamid-photo\/8046317608\/in\/photostream\/\" target=\"_blank\" rel=\"noopener\">\tFotografia\t<\/a>\t: UNAMID\t <\/p>\n<p class=\"gencat\">\u00a9 Generalitat de Catalunya<\/p>\n","protected":false},"featured_media":6393,"menu_order":4,"template":"","categories":[6],"class_list":["post-6364","article","type-article","status-publish","has-post-thumbnail","hentry","category-articles-centrals"],"acf":[],"yoast_head":"<!-- This site is optimized with the Yoast SEO plugin v25.6 - https:\/\/yoast.com\/wordpress\/plugins\/seo\/ -->\n<title>El aumento del militarismo: un desaf\u00edo crucial para la justicia de g\u00e9nero y la paz - Revista Por la Paz<\/title>\n<meta name=\"robots\" content=\"index, follow, max-snippet:-1, max-image-preview:large, max-video-preview:-1\" \/>\n<link rel=\"canonical\" href=\"https:\/\/www.icip.cat\/perlapau\/es\/articulo\/el-aumento-del-militarismo-un-desafio-crucial-para-la-justicia-de-genero-y-la-paz\/\" \/>\n<meta property=\"og:locale\" content=\"es_ES\" \/>\n<meta property=\"og:type\" content=\"article\" \/>\n<meta property=\"og:title\" content=\"El aumento del militarismo: un desaf\u00edo crucial para la justicia de g\u00e9nero y la paz - Revista Por la Paz\" \/>\n<meta property=\"og:description\" content=\"Del 11 al 13 de enero de 2014, 50 mujeres sirias concibieron un plan de paz para acabar con el conflicto en Siria. En cambio, ninguno de los hombres que participaron en las negociaciones oficiales de paz consigui\u00f3 elaborar un plan parecido. Sin embargo, en la conferencia de paz de Ginebra II, fueron los hombres [&hellip;]\" \/>\n<meta property=\"og:url\" content=\"https:\/\/www.icip.cat\/perlapau\/es\/articulo\/el-aumento-del-militarismo-un-desafio-crucial-para-la-justicia-de-genero-y-la-paz\/\" \/>\n<meta property=\"og:site_name\" content=\"Revista Por la Paz\" \/>\n<meta property=\"og:image\" content=\"https:\/\/www.icip.cat\/perlapau\/wp-content\/uploads\/2022\/04\/article_central_3_2560-6-518x720.jpg\" \/>\n\t<meta property=\"og:image:width\" content=\"518\" \/>\n\t<meta property=\"og:image:height\" content=\"720\" \/>\n\t<meta property=\"og:image:type\" content=\"image\/jpeg\" \/>\n<meta name=\"twitter:card\" content=\"summary_large_image\" \/>\n<meta name=\"twitter:label1\" content=\"Tiempo de lectura\" \/>\n\t<meta name=\"twitter:data1\" content=\"10 minutos\" \/>\n<script type=\"application\/ld+json\" class=\"yoast-schema-graph\">{\"@context\":\"https:\/\/schema.org\",\"@graph\":[{\"@type\":\"WebPage\",\"@id\":\"https:\/\/www.icip.cat\/perlapau\/es\/articulo\/el-aumento-del-militarismo-un-desafio-crucial-para-la-justicia-de-genero-y-la-paz\/\",\"url\":\"https:\/\/www.icip.cat\/perlapau\/es\/articulo\/el-aumento-del-militarismo-un-desafio-crucial-para-la-justicia-de-genero-y-la-paz\/\",\"name\":\"El aumento del militarismo: un desaf\u00edo crucial para la justicia de g\u00e9nero y la paz - Revista Por la Paz\",\"isPartOf\":{\"@id\":\"https:\/\/www.icip.cat\/perlapau\/#website\"},\"primaryImageOfPage\":{\"@id\":\"https:\/\/www.icip.cat\/perlapau\/es\/articulo\/el-aumento-del-militarismo-un-desafio-crucial-para-la-justicia-de-genero-y-la-paz\/#primaryimage\"},\"image\":{\"@id\":\"https:\/\/www.icip.cat\/perlapau\/es\/articulo\/el-aumento-del-militarismo-un-desafio-crucial-para-la-justicia-de-genero-y-la-paz\/#primaryimage\"},\"thumbnailUrl\":\"https:\/\/www.icip.cat\/perlapau\/wp-content\/uploads\/2022\/04\/article_central_3_2560-6.jpg\",\"datePublished\":\"2022-04-07T10:59:37+00:00\",\"inLanguage\":\"es\",\"potentialAction\":[{\"@type\":\"ReadAction\",\"target\":[\"https:\/\/www.icip.cat\/perlapau\/es\/articulo\/el-aumento-del-militarismo-un-desafio-crucial-para-la-justicia-de-genero-y-la-paz\/\"]}]},{\"@type\":\"ImageObject\",\"inLanguage\":\"es\",\"@id\":\"https:\/\/www.icip.cat\/perlapau\/es\/articulo\/el-aumento-del-militarismo-un-desafio-crucial-para-la-justicia-de-genero-y-la-paz\/#primaryimage\",\"url\":\"https:\/\/www.icip.cat\/perlapau\/wp-content\/uploads\/2022\/04\/article_central_3_2560-6.jpg\",\"contentUrl\":\"https:\/\/www.icip.cat\/perlapau\/wp-content\/uploads\/2022\/04\/article_central_3_2560-6.jpg\",\"width\":1152,\"height\":1600},{\"@type\":\"WebSite\",\"@id\":\"https:\/\/www.icip.cat\/perlapau\/#website\",\"url\":\"https:\/\/www.icip.cat\/perlapau\/\",\"name\":\"Revista Por la Paz\",\"description\":\"La revista del Instituto Catal\u00e1n Internacional para la Paz\",\"publisher\":{\"@id\":\"https:\/\/www.icip.cat\/perlapau\/#organization\"},\"potentialAction\":[{\"@type\":\"SearchAction\",\"target\":{\"@type\":\"EntryPoint\",\"urlTemplate\":\"https:\/\/www.icip.cat\/perlapau\/?s={search_term_string}\"},\"query-input\":{\"@type\":\"PropertyValueSpecification\",\"valueRequired\":true,\"valueName\":\"search_term_string\"}}],\"inLanguage\":\"es\"},{\"@type\":\"Organization\",\"@id\":\"https:\/\/www.icip.cat\/perlapau\/#organization\",\"name\":\"Revista Por la Paz\",\"url\":\"https:\/\/www.icip.cat\/perlapau\/\",\"logo\":{\"@type\":\"ImageObject\",\"inLanguage\":\"es\",\"@id\":\"https:\/\/www.icip.cat\/perlapau\/#\/schema\/logo\/image\/\",\"url\":\"https:\/\/www.icip.cat\/perlapau\/wp-content\/uploads\/2023\/04\/ICIP_logo.jpg\",\"contentUrl\":\"https:\/\/www.icip.cat\/perlapau\/wp-content\/uploads\/2023\/04\/ICIP_logo.jpg\",\"width\":1025,\"height\":1024,\"caption\":\"Revista Por la Paz\"},\"image\":{\"@id\":\"https:\/\/www.icip.cat\/perlapau\/#\/schema\/logo\/image\/\"}}]}<\/script>\n<!-- \/ Yoast SEO plugin. -->","yoast_head_json":{"title":"El aumento del militarismo: un desaf\u00edo crucial para la justicia de g\u00e9nero y la paz - Revista Por la Paz","robots":{"index":"index","follow":"follow","max-snippet":"max-snippet:-1","max-image-preview":"max-image-preview:large","max-video-preview":"max-video-preview:-1"},"canonical":"https:\/\/www.icip.cat\/perlapau\/es\/articulo\/el-aumento-del-militarismo-un-desafio-crucial-para-la-justicia-de-genero-y-la-paz\/","og_locale":"es_ES","og_type":"article","og_title":"El aumento del militarismo: un desaf\u00edo crucial para la justicia de g\u00e9nero y la paz - Revista Por la Paz","og_description":"Del 11 al 13 de enero de 2014, 50 mujeres sirias concibieron un plan de paz para acabar con el conflicto en Siria. En cambio, ninguno de los hombres que participaron en las negociaciones oficiales de paz consigui\u00f3 elaborar un plan parecido. Sin embargo, en la conferencia de paz de Ginebra II, fueron los hombres [&hellip;]","og_url":"https:\/\/www.icip.cat\/perlapau\/es\/articulo\/el-aumento-del-militarismo-un-desafio-crucial-para-la-justicia-de-genero-y-la-paz\/","og_site_name":"Revista Por la Paz","og_image":[{"width":518,"height":720,"url":"https:\/\/www.icip.cat\/perlapau\/wp-content\/uploads\/2022\/04\/article_central_3_2560-6-518x720.jpg","type":"image\/jpeg"}],"twitter_card":"summary_large_image","twitter_misc":{"Tiempo de lectura":"10 minutos"},"schema":{"@context":"https:\/\/schema.org","@graph":[{"@type":"WebPage","@id":"https:\/\/www.icip.cat\/perlapau\/es\/articulo\/el-aumento-del-militarismo-un-desafio-crucial-para-la-justicia-de-genero-y-la-paz\/","url":"https:\/\/www.icip.cat\/perlapau\/es\/articulo\/el-aumento-del-militarismo-un-desafio-crucial-para-la-justicia-de-genero-y-la-paz\/","name":"El aumento del militarismo: un desaf\u00edo crucial para la justicia de g\u00e9nero y la paz - Revista Por la Paz","isPartOf":{"@id":"https:\/\/www.icip.cat\/perlapau\/#website"},"primaryImageOfPage":{"@id":"https:\/\/www.icip.cat\/perlapau\/es\/articulo\/el-aumento-del-militarismo-un-desafio-crucial-para-la-justicia-de-genero-y-la-paz\/#primaryimage"},"image":{"@id":"https:\/\/www.icip.cat\/perlapau\/es\/articulo\/el-aumento-del-militarismo-un-desafio-crucial-para-la-justicia-de-genero-y-la-paz\/#primaryimage"},"thumbnailUrl":"https:\/\/www.icip.cat\/perlapau\/wp-content\/uploads\/2022\/04\/article_central_3_2560-6.jpg","datePublished":"2022-04-07T10:59:37+00:00","inLanguage":"es","potentialAction":[{"@type":"ReadAction","target":["https:\/\/www.icip.cat\/perlapau\/es\/articulo\/el-aumento-del-militarismo-un-desafio-crucial-para-la-justicia-de-genero-y-la-paz\/"]}]},{"@type":"ImageObject","inLanguage":"es","@id":"https:\/\/www.icip.cat\/perlapau\/es\/articulo\/el-aumento-del-militarismo-un-desafio-crucial-para-la-justicia-de-genero-y-la-paz\/#primaryimage","url":"https:\/\/www.icip.cat\/perlapau\/wp-content\/uploads\/2022\/04\/article_central_3_2560-6.jpg","contentUrl":"https:\/\/www.icip.cat\/perlapau\/wp-content\/uploads\/2022\/04\/article_central_3_2560-6.jpg","width":1152,"height":1600},{"@type":"WebSite","@id":"https:\/\/www.icip.cat\/perlapau\/#website","url":"https:\/\/www.icip.cat\/perlapau\/","name":"Revista Por la Paz","description":"La revista del Instituto Catal\u00e1n Internacional para la Paz","publisher":{"@id":"https:\/\/www.icip.cat\/perlapau\/#organization"},"potentialAction":[{"@type":"SearchAction","target":{"@type":"EntryPoint","urlTemplate":"https:\/\/www.icip.cat\/perlapau\/?s={search_term_string}"},"query-input":{"@type":"PropertyValueSpecification","valueRequired":true,"valueName":"search_term_string"}}],"inLanguage":"es"},{"@type":"Organization","@id":"https:\/\/www.icip.cat\/perlapau\/#organization","name":"Revista Por la Paz","url":"https:\/\/www.icip.cat\/perlapau\/","logo":{"@type":"ImageObject","inLanguage":"es","@id":"https:\/\/www.icip.cat\/perlapau\/#\/schema\/logo\/image\/","url":"https:\/\/www.icip.cat\/perlapau\/wp-content\/uploads\/2023\/04\/ICIP_logo.jpg","contentUrl":"https:\/\/www.icip.cat\/perlapau\/wp-content\/uploads\/2023\/04\/ICIP_logo.jpg","width":1025,"height":1024,"caption":"Revista Por la Paz"},"image":{"@id":"https:\/\/www.icip.cat\/perlapau\/#\/schema\/logo\/image\/"}}]}},"_links":{"self":[{"href":"https:\/\/www.icip.cat\/perlapau\/es\/wp-json\/wp\/v2\/article\/6364","targetHints":{"allow":["GET"]}}],"collection":[{"href":"https:\/\/www.icip.cat\/perlapau\/es\/wp-json\/wp\/v2\/article"}],"about":[{"href":"https:\/\/www.icip.cat\/perlapau\/es\/wp-json\/wp\/v2\/types\/article"}],"wp:featuredmedia":[{"embeddable":true,"href":"https:\/\/www.icip.cat\/perlapau\/es\/wp-json\/wp\/v2\/media\/6393"}],"wp:attachment":[{"href":"https:\/\/www.icip.cat\/perlapau\/es\/wp-json\/wp\/v2\/media?parent=6364"}],"wp:term":[{"taxonomy":"category","embeddable":true,"href":"https:\/\/www.icip.cat\/perlapau\/es\/wp-json\/wp\/v2\/categories?post=6364"}],"curies":[{"name":"wp","href":"https:\/\/api.w.org\/{rel}","templated":true}]}}