{"id":6631,"date":"2022-04-07T11:19:38","date_gmt":"2022-04-07T11:19:38","guid":{"rendered":"https:\/\/www.icip.cat\/perlapau\/issue\/%issue_post%\/article\/essam-daod-cofundador-de-humanity-crew-2\/"},"modified":"2023-05-10T09:53:15","modified_gmt":"2023-05-10T09:53:15","slug":"essam-daod-cofundador-de-humanity-crew-2","status":"publish","type":"article","link":"https:\/\/www.icip.cat\/perlapau\/es\/articulo\/essam-daod-cofundador-de-humanity-crew-2\/","title":{"rendered":"Entrevista con Essam Daod, cofundador de Humanity Crew"},"content":{"rendered":"<p><span id=\"square\"><\/span>                <span id=\"first-word\">Essam Daod, <em>cofundador de Humanity Crew<\/em><\/span><\/p>\n<p><em>En septiembre de 2015 Essam Daod dej\u00f3 su trabajo como m\u00e9dico en Palestina y se march\u00f3, con su mujer Maria, a Lesbos (Grecia) para participar en una misi\u00f3n humanitaria de ayuda a los refugiados. Dos meses m\u00e1s tarde, los dos fundaban la ONG Humanity Crew, especializada en atenci\u00f3n psicol\u00f3gica a las personas que llegan cada d\u00eda a las costas griegas huyendo de la violencia. En esta entrevista, nos explica c\u00f3mo vive el d\u00eda a d\u00eda al lado de las personas refugiadas, las enormes dificultades con que se encuentra pero tambi\u00e9n la gran satisfacci\u00f3n que le genera poder ayudar a los que m\u00e1s lo necesitan.<\/em><\/p>\n<p><b>Cuando llegasteis a Grecia en misi\u00f3n humanitaria hace un a\u00f1o, \u00bfesperabais encontraros la dram\u00e1tica situaci\u00f3n que afecta al Mediterr\u00e1neo?<\/b><\/p>\n<p>En absoluto. Cuando llegamos, en septiembre\/octubre del a\u00f1o pasado, nadie sab\u00eda cu\u00e1l era realmente la situaci\u00f3n, no conoc\u00edamos el alcance de la crisis y el impacto fue muy grande. Entre 7.000 y 8.000 refugiados llegaban cada d\u00eda en unas 120 embarcaciones y nos pareci\u00f3 incre\u00edble que nadie hablara de ello. A\u00fan no hab\u00eda ninguna gran organizaci\u00f3n, solo voluntarios individuales y organizaciones peque\u00f1as, como Proactiva Open Arms, lo que para m\u00ed fue muy desconcertante.<\/p>\n<p><b>Ahora, un a\u00f1o despu\u00e9s, \u00bfc\u00f3mo ha cambiado la situaci\u00f3n y vuestro trabajo? <\/b><\/p>\n<p>Ambas cosas han cambiado completamente. A partir del naufragio en que se ahogaron casi 400 refugiados, en octubre de 2015, la cobertura de los medios de comunicaci\u00f3n aument\u00f3. Por otra parte, el a\u00f1o pasado llegaban unos 8.000 refugiados al d\u00eda, pero en dos o tres d\u00edas ya estaban fuera de Grecia y una semana m\u00e1s tarde ya hab\u00edan llegado a Alemania. Grecia era una zona de tr\u00e1nsito. Hoy llegan menos refugiados, pero el problema es que la frontera est\u00e1 cerrada, por lo que quedan bloqueados en Grecia. Hay entre 80.000 y 90.000 refugiados en Grecia y no hay ninguna soluci\u00f3n para ellos. Y nuestro trabajo tambi\u00e9n ha cambiado: hemos pasado del rescate y la ayuda de emergencia a las acciones de apoyo. Actualmente nos encontramos con un tipo de sufrimiento diferente, la gente est\u00e1 muy desesperada. El a\u00f1o pasado ten\u00edan esperanza porque sab\u00edan que pod\u00edan llegar a Alemania pero ahora contin\u00faan huyendo de la guerra y escapando de Siria y de Turqu\u00eda pese a que saben que las fronteras est\u00e1n cerradas. Adem\u00e1s, desde que llegar a Grecia resulta m\u00e1s dif\u00edcil, tratan de alcanzar otras costas, como las de Libia o Egipto y, desde all\u00ed, cruzar a Italia o Espa\u00f1a, pero el viaje es a\u00fan m\u00e1s peligroso. Hay que cruzar muchos kil\u00f3metros de mar, \u00a1el Mediterr\u00e1neo es un mar enorme!<\/p>\n<p><b>Vuestra organizaci\u00f3n, Humanity Crew, pone \u00e9nfasis en la importancia del acompa\u00f1amiento y el apoyo psicol\u00f3gico para los refugiados. \u00bfQu\u00e9 os hizo centraros en este tipo de apoyo?<\/b><\/p>\n<p>Proporcionamos apoyo psicol\u00f3gico y nuestro equipo est\u00e1 formado por psiquiatras, psic\u00f3logos, maestros, arteterapeutas, logopedas, etc. Tenemos programas de formaci\u00f3n y nos centramos en la atenci\u00f3n mental, psicol\u00f3gica y emocional. Yo soy cirujano y, al principio, utilizaba mis conocimientos de cirug\u00eda como m\u00e9dico de urgencias. Sin embargo, m\u00e1s adelante, me di cuenta de que todo el mundo se centraba en lo mismo: todo el dinero, recursos y voluntarios se dedicaban a la asistencia m\u00e9dica de emergencia, todos los esfuerzos se pon\u00edan en el cuerpo y nadie se ocupaba de la parte mental. Son beb\u00e9s y adultos que llegan desde zonas en guerra, \u00a1no somos robots!. Todo el mundo dec\u00eda \u201c\u00bfQuieres una manta? \u00bfQuieres un pl\u00e1tano? \u00bfQuieres agua?\u00bb. Esas personas no quieren mantas o pl\u00e1tanos. Muchos voluntarios carecen de las competencias para poder facilitar primeros auxilios psicol\u00f3gicos; ellos mismos est\u00e1n muy asustados, ya que para ellos la situaci\u00f3n tambi\u00e9n es muy traum\u00e1tica. Ver llegar una gran embarcaci\u00f3n con beb\u00e9s y mujeres llorando a las 4 de la madrugada no es algo a lo que uno est\u00e9 acostumbrado. Los voluntarios no tienen las habilidades necesarias para calmarlos y les resulta m\u00e1s f\u00e1cil proporcionarles asistencia m\u00e9dica, confort f\u00edsico, dinero o comida. Por eso nadie les facilita primeros auxilios psicol\u00f3gicos.<\/p>\n<p><cite class=\"cita-center\">                                                Es m\u00e1s f\u00e1cil proporcionar asistencia m\u00e9dica, dinero y comida, pero estas personas no quieren mantas o pl\u00e1tanos            <\/cite><\/p>\n<p><b>Estos procesos requieren tiempo. \u00bfC\u00f3mo pod\u00e9is proporcionar este tipo de tratamientos en una situaci\u00f3n en que los refugiados est\u00e1n en tr\u00e1nsito hacia un destino incierto? \u00bfLa falta de recursos y medios puede hacer peligrar el trabajo que llev\u00e1is a cabo?<\/b><\/p>\n<p>Sabemos que no podemos proporcionar un tratamiento a alguien que est\u00e1 en tr\u00e1nsito, que quiz\u00e1 marchar\u00e1 al d\u00eda siguiente y tambi\u00e9n es dif\u00edcil para ellos abrirse y hablar sobre sus temores. Por eso tenemos un plan de trabajo llamado \u201cPlan de las 4 etapas\u201d, que yo mismo elabor\u00e9. La primera etapa es cuando acaban de llegar a la playa: est\u00e1n asustados, as\u00ed que les proporcionamos los primeros auxilios psicol\u00f3gicos. En estos casos est\u00e1 prohibido realizar tratamientos de ning\u00fan tipo. Les decimos que se trata de una situaci\u00f3n de tr\u00e1nsito y les ayudamos a sentirse seguros. La segunda etapa tiene lugar cuando est\u00e1n en los campos, donde hacemos intervenci\u00f3n de crisis. Se trata de tratamientos m\u00e1s largos, centrados en crisis espec\u00edficas. Por ejemplo para las personas que han perdido a un ser querido, a un hijo\u2026 o que tienen problemas con la violencia. Nos centramos en esos casos, nada m\u00e1s. El tercer paso es el tratamiento de apoyo. Lo hacemos v\u00eda skype y tel\u00e9fono y una vez que se han marchado continuamos prest\u00e1ndoles apoyo a distancia y a trav\u00e9s de las redes sociales. Mantenemos el contacto para que sepan que estamos ah\u00ed, pero no realizamos ning\u00fan tratamiento. El cuarto paso se lleva a cabo en el lugar de destino. All\u00ed s\u00ed que les proporcionamos un tratamiento, puesto que sabemos que permanecer\u00e1n durante alg\u00fan tiempo. Lo hacemos nosotros mismos v\u00eda skype o bien contactamos con otras organizaciones en esos pa\u00edses. Les ayudamos y les prestamos apoyo.<\/p>\n<p><b>\u00bfQu\u00e9 tipo de relaci\u00f3n establec\u00e9is con estas personas? \u00bfHay el riesgo de crear v\u00ednculos muy fuertes?<\/b><\/p>\n<p>Somos profesionales y tratamos a estas personas como tratamos a nuestros pacientes en nuestro pa\u00eds, es decir, como seres humanos. Somos lo suficientemente profesionales para que ello no nos cree dificultades emocionales; sabemos que debemos permanecer neutrales y no involucrarnos demasiado emocionalmente.<\/p>\n<p><cite class=\"cita-center\">                                                Desgraciadamente hay una lucha enorme entre las ONG en Grecia porque hay mucho dinero en juego; no hay en absoluto coordinaci\u00f3n            <\/cite><\/p>\n<p><b>\u00bfC\u00f3mo te han cambiado estas experiencias?<\/b><\/p>\n<p>\u00bfC\u00f3mo me han cambiado? [\u2026] \u00a1No soy en absoluto la misma persona que antes! Ni mi mujer ni yo. Ni siquiera s\u00e9 c\u00f3mo explicarlo\u2026 Creo que lo m\u00e1s importante es que, por primera vez en mi vida, he llegado a entender el verdadero significado de sentirse feliz y triste. He llorado y re\u00eddo al mismo tiempo. Me he sentido muy triste cuando he perdido a alguien en la playa, pero, en ese mismo momento me sent\u00eda feliz porque acababa de entender lo fuerte que puede ser la tristeza, cu\u00e1n real&#8230; Cuando est\u00e1bamos en casa, en nuestro pa\u00eds [Palestina], estas emociones no eran reales. La idea de felicidad que ten\u00edamos all\u00ed, tener dinero o \u00e9xito, no es real. El dinero e incluso el \u00e9xito y los reconocimientos que ten\u00eda en mi pa\u00eds, como parte de este mundo capitalista, no hac\u00edan que me sintiera tan feliz, estaba persiguiendo algo que es falso. Aqu\u00ed las emociones son tan reales que he conectado conmigo mismo por primera vez a trav\u00e9s de las cosas peque\u00f1as. Estar en contacto con estas personas, esperar a que lleguen los refugiados desesperados para poder ayudarles. Es tan real&#8230;<\/p>\n<p><b>Humanity Crew es una peque\u00f1a ONG si la comparamos con otros macroproyectos humanitarios. \u00bfHay suficiente coordinaci\u00f3n entre las diferentes ONG que trabaj\u00e1is con refugiados en el Mediterr\u00e1neo? <\/b><\/p>\n<p>\u00a1No hay en absoluto coordinaci\u00f3n! A la gente no le gusta que se hable de ello, pero todo es una cuesti\u00f3n de dinero. Desgraciadamente, hoy en d\u00eda hay una lucha enorme entre las ONG en Grecia, realmente enorme. Ello ocurre porque ahora llegan una o dos embarcaciones cada semana y hay 20 organizaciones diferentes que tratan de rescatarlas y ayudar, porque est\u00e1n los medios de comunicaci\u00f3n y porque hay mucho dinero en juego. Las organizaciones reciben dinero para prestar apoyo m\u00e9dico, social y psicol\u00f3gico, y por eso quieren tener el monopolio sobre el terreno. No desean establecer ning\u00fan tipo de colaboraci\u00f3n con otras organizaciones para no perder esos fondos. Nadie lo dice ni lo reconoce, pero permanecen en un lugar en que no se las necesita porque los donantes de fondos les dicen que se queden. Esta es la raz\u00f3n por la que no confiamos en grandes fondos, no queremos depender de ellos. Nosotros \u2013Humanity Crew- somos muy peque\u00f1os, pero somos la ONG con una respuesta m\u00e1s r\u00e1pida. Fuimos los primeros a trasladarnos a Sal\u00f3nica porque entendimos la situaci\u00f3n.<\/p>\n<p><b>\u00bfQu\u00e9 opinas sobre c\u00f3mo la Uni\u00f3n Europea est\u00e1 abordando la crisis de refugiados?<\/b><\/p>\n<p>Deber\u00edamos diferenciar entre los Gobiernos de la Uni\u00f3n y la gente. Lo que est\u00e1n haciendo las autoridades es inhumano. Por un lado, la UE ha firmado el derecho de asilo para los refugiados de guerra, y por otro lado, paga 6.000 millones de euros a un pa\u00eds de fuera de la UE, Turqu\u00eda, para que impida que estas personas \u2014para las cuales firmaron su derecho a venir\u2014 crucen la frontera. Pod\u00edan haber dado 3.000 millones a Espa\u00f1a y 3.000 millones a Grecia, pero no. Sin embargo, la gente es diferente. Vemos a todas estas personas cuidando a los beb\u00e9s y a las familias, lav\u00e1ndolos, d\u00e1ndoles ropa, comida y un lugar para dormir&#8230; Esto tambi\u00e9n es Europa.<\/p>\n<p><cite class=\"cita-center\">                                                Lo que est\u00e1n haciendo las autoridades europeas es inhumano, pero hay que diferenciar entre los gobiernos de la UE y la gente            <\/cite><\/p>\n<p><b>\u00bfCrees que la sociedad civil europea est\u00e1 haciendo suficiente para presionar a sus Gobiernos para que act\u00faen?<\/b><\/p>\n<p>No es f\u00e1cil presionar a los Gobiernos. Est\u00e1n bien conectados entre s\u00ed y sus pol\u00edticas dificultan que la gente salga a defender sus derechos. Cuando terminas de trabajar tarde y ganas 300 euros a la semana en Grecia o no tienes trabajo, no tienes tiempo para ir a luchar por otros. Es el capitalismo. Tengo que pagar mi casa, devolver mis pr\u00e9stamos al banco, etc.<\/p>\n<p><b>\u00bfC\u00f3mo ves el futuro? \u00bfTienes esperanzas de que se produzca alg\u00fan cambio importante?<\/b><\/p>\n<p>Antes de conocer todo esto, hace un a\u00f1o, no ten\u00eda ninguna esperanza. Dej\u00e9 de creer en la humanidad. Ahora, sin embargo, despu\u00e9s de haber visto todo este sufrimiento y muerte, tengo esperanza, porque he conocido a gente que hace que crea en el ser humano y que vuelva a creer que las cosas pueden cambiar (como \u00d3scar Camps de Proactiva, Peter Bocca de HRW, Dani, Nico\u2026). Sencillamente tenemos que saber cu\u00e1les son las cosas que nos hacen humanos y tratar de ser diferentes. Por esta raz\u00f3n, la participaci\u00f3n al programa <a target=\"_blank\" href=\"https:\/\/ciutatsdefensoresdretshumans.wordpress.com\/\" rel=\"noopener\">Ciutats Defensores dels Drets Humans<\/a> el mes pasado, en Barcelona, fue como un sue\u00f1o para m\u00ed, porque tuve la posibilidad de hablar sobre la crisis de los refugiados con pol\u00edticos, pero tambi\u00e9n con ni\u00f1os y adolescentes. Debemos trabajar con ellos, con las generaciones j\u00f3venes, para hacer que las cosas cambien. No es una cuesti\u00f3n de dinero ni de pol\u00edtica, sino de esos ni\u00f1os. Los cambios no son r\u00e1pidos, requieren tiempo.<\/p>\n<p class=\"referencia first-reference\">Photography\t\t: \u00a9Maciek Musialek<br \/>\nFotograf\u00eda tomada a la costa norte de la isla griega de Lesbos, en la peque\u00f1a localidad de Skala Skamias.<\/p>\n<p class=\"gencat\">\u00a9 Generalitat de Catalunya<\/p>\n","protected":false},"featured_media":0,"menu_order":10,"template":"","categories":[5,28],"class_list":["post-6631","article","type-article","status-publish","hentry","category-entrevista","category-entrevista-es"],"acf":[],"yoast_head":"<!-- This site is optimized with the Yoast SEO plugin v25.6 - https:\/\/yoast.com\/wordpress\/plugins\/seo\/ -->\n<title>Entrevista con Essam Daod, cofundador de Humanity Crew - Revista Por la Paz<\/title>\n<meta name=\"robots\" content=\"index, follow, max-snippet:-1, max-image-preview:large, max-video-preview:-1\" \/>\n<link rel=\"canonical\" href=\"https:\/\/www.icip.cat\/perlapau\/es\/articulo\/essam-daod-cofundador-de-humanity-crew-2\/\" \/>\n<meta property=\"og:locale\" content=\"es_ES\" \/>\n<meta property=\"og:type\" content=\"article\" \/>\n<meta property=\"og:title\" content=\"Entrevista con Essam Daod, cofundador de Humanity Crew - Revista Por la Paz\" \/>\n<meta property=\"og:description\" content=\"Essam Daod, cofundador de Humanity Crew En septiembre de 2015 Essam Daod dej\u00f3 su trabajo como m\u00e9dico en Palestina y se march\u00f3, con su mujer Maria, a Lesbos (Grecia) para participar en una misi\u00f3n humanitaria de ayuda a los refugiados. Dos meses m\u00e1s tarde, los dos fundaban la ONG Humanity Crew, especializada en atenci\u00f3n psicol\u00f3gica [&hellip;]\" \/>\n<meta property=\"og:url\" content=\"https:\/\/www.icip.cat\/perlapau\/es\/articulo\/essam-daod-cofundador-de-humanity-crew-2\/\" \/>\n<meta property=\"og:site_name\" content=\"Revista Por la Paz\" \/>\n<meta property=\"article:modified_time\" content=\"2023-05-10T09:53:15+00:00\" \/>\n<meta name=\"twitter:card\" content=\"summary_large_image\" \/>\n<meta name=\"twitter:label1\" content=\"Tiempo de lectura\" \/>\n\t<meta name=\"twitter:data1\" content=\"11 minutos\" \/>\n<script type=\"application\/ld+json\" class=\"yoast-schema-graph\">{\"@context\":\"https:\/\/schema.org\",\"@graph\":[{\"@type\":\"WebPage\",\"@id\":\"https:\/\/www.icip.cat\/perlapau\/es\/articulo\/essam-daod-cofundador-de-humanity-crew-2\/\",\"url\":\"https:\/\/www.icip.cat\/perlapau\/es\/articulo\/essam-daod-cofundador-de-humanity-crew-2\/\",\"name\":\"Entrevista con Essam Daod, cofundador de Humanity Crew - Revista Por la Paz\",\"isPartOf\":{\"@id\":\"https:\/\/www.icip.cat\/perlapau\/#website\"},\"datePublished\":\"2022-04-07T11:19:38+00:00\",\"dateModified\":\"2023-05-10T09:53:15+00:00\",\"inLanguage\":\"es\",\"potentialAction\":[{\"@type\":\"ReadAction\",\"target\":[\"https:\/\/www.icip.cat\/perlapau\/es\/articulo\/essam-daod-cofundador-de-humanity-crew-2\/\"]}]},{\"@type\":\"WebSite\",\"@id\":\"https:\/\/www.icip.cat\/perlapau\/#website\",\"url\":\"https:\/\/www.icip.cat\/perlapau\/\",\"name\":\"Revista Por la Paz\",\"description\":\"La revista del Instituto Catal\u00e1n Internacional para la Paz\",\"publisher\":{\"@id\":\"https:\/\/www.icip.cat\/perlapau\/#organization\"},\"potentialAction\":[{\"@type\":\"SearchAction\",\"target\":{\"@type\":\"EntryPoint\",\"urlTemplate\":\"https:\/\/www.icip.cat\/perlapau\/?s={search_term_string}\"},\"query-input\":{\"@type\":\"PropertyValueSpecification\",\"valueRequired\":true,\"valueName\":\"search_term_string\"}}],\"inLanguage\":\"es\"},{\"@type\":\"Organization\",\"@id\":\"https:\/\/www.icip.cat\/perlapau\/#organization\",\"name\":\"Revista Por la Paz\",\"url\":\"https:\/\/www.icip.cat\/perlapau\/\",\"logo\":{\"@type\":\"ImageObject\",\"inLanguage\":\"es\",\"@id\":\"https:\/\/www.icip.cat\/perlapau\/#\/schema\/logo\/image\/\",\"url\":\"https:\/\/www.icip.cat\/perlapau\/wp-content\/uploads\/2023\/04\/ICIP_logo.jpg\",\"contentUrl\":\"https:\/\/www.icip.cat\/perlapau\/wp-content\/uploads\/2023\/04\/ICIP_logo.jpg\",\"width\":1025,\"height\":1024,\"caption\":\"Revista Por la Paz\"},\"image\":{\"@id\":\"https:\/\/www.icip.cat\/perlapau\/#\/schema\/logo\/image\/\"}}]}<\/script>\n<!-- \/ Yoast SEO plugin. -->","yoast_head_json":{"title":"Entrevista con Essam Daod, cofundador de Humanity Crew - Revista Por la Paz","robots":{"index":"index","follow":"follow","max-snippet":"max-snippet:-1","max-image-preview":"max-image-preview:large","max-video-preview":"max-video-preview:-1"},"canonical":"https:\/\/www.icip.cat\/perlapau\/es\/articulo\/essam-daod-cofundador-de-humanity-crew-2\/","og_locale":"es_ES","og_type":"article","og_title":"Entrevista con Essam Daod, cofundador de Humanity Crew - Revista Por la Paz","og_description":"Essam Daod, cofundador de Humanity Crew En septiembre de 2015 Essam Daod dej\u00f3 su trabajo como m\u00e9dico en Palestina y se march\u00f3, con su mujer Maria, a Lesbos (Grecia) para participar en una misi\u00f3n humanitaria de ayuda a los refugiados. Dos meses m\u00e1s tarde, los dos fundaban la ONG Humanity Crew, especializada en atenci\u00f3n psicol\u00f3gica [&hellip;]","og_url":"https:\/\/www.icip.cat\/perlapau\/es\/articulo\/essam-daod-cofundador-de-humanity-crew-2\/","og_site_name":"Revista Por la Paz","article_modified_time":"2023-05-10T09:53:15+00:00","twitter_card":"summary_large_image","twitter_misc":{"Tiempo de lectura":"11 minutos"},"schema":{"@context":"https:\/\/schema.org","@graph":[{"@type":"WebPage","@id":"https:\/\/www.icip.cat\/perlapau\/es\/articulo\/essam-daod-cofundador-de-humanity-crew-2\/","url":"https:\/\/www.icip.cat\/perlapau\/es\/articulo\/essam-daod-cofundador-de-humanity-crew-2\/","name":"Entrevista con Essam Daod, cofundador de Humanity Crew - Revista Por la Paz","isPartOf":{"@id":"https:\/\/www.icip.cat\/perlapau\/#website"},"datePublished":"2022-04-07T11:19:38+00:00","dateModified":"2023-05-10T09:53:15+00:00","inLanguage":"es","potentialAction":[{"@type":"ReadAction","target":["https:\/\/www.icip.cat\/perlapau\/es\/articulo\/essam-daod-cofundador-de-humanity-crew-2\/"]}]},{"@type":"WebSite","@id":"https:\/\/www.icip.cat\/perlapau\/#website","url":"https:\/\/www.icip.cat\/perlapau\/","name":"Revista Por la Paz","description":"La revista del Instituto Catal\u00e1n Internacional para la Paz","publisher":{"@id":"https:\/\/www.icip.cat\/perlapau\/#organization"},"potentialAction":[{"@type":"SearchAction","target":{"@type":"EntryPoint","urlTemplate":"https:\/\/www.icip.cat\/perlapau\/?s={search_term_string}"},"query-input":{"@type":"PropertyValueSpecification","valueRequired":true,"valueName":"search_term_string"}}],"inLanguage":"es"},{"@type":"Organization","@id":"https:\/\/www.icip.cat\/perlapau\/#organization","name":"Revista Por la Paz","url":"https:\/\/www.icip.cat\/perlapau\/","logo":{"@type":"ImageObject","inLanguage":"es","@id":"https:\/\/www.icip.cat\/perlapau\/#\/schema\/logo\/image\/","url":"https:\/\/www.icip.cat\/perlapau\/wp-content\/uploads\/2023\/04\/ICIP_logo.jpg","contentUrl":"https:\/\/www.icip.cat\/perlapau\/wp-content\/uploads\/2023\/04\/ICIP_logo.jpg","width":1025,"height":1024,"caption":"Revista Por la Paz"},"image":{"@id":"https:\/\/www.icip.cat\/perlapau\/#\/schema\/logo\/image\/"}}]}},"_links":{"self":[{"href":"https:\/\/www.icip.cat\/perlapau\/es\/wp-json\/wp\/v2\/article\/6631","targetHints":{"allow":["GET"]}}],"collection":[{"href":"https:\/\/www.icip.cat\/perlapau\/es\/wp-json\/wp\/v2\/article"}],"about":[{"href":"https:\/\/www.icip.cat\/perlapau\/es\/wp-json\/wp\/v2\/types\/article"}],"wp:attachment":[{"href":"https:\/\/www.icip.cat\/perlapau\/es\/wp-json\/wp\/v2\/media?parent=6631"}],"wp:term":[{"taxonomy":"category","embeddable":true,"href":"https:\/\/www.icip.cat\/perlapau\/es\/wp-json\/wp\/v2\/categories?post=6631"}],"curies":[{"name":"wp","href":"https:\/\/api.w.org\/{rel}","templated":true}]}}