{"id":6635,"date":"2022-04-07T11:19:39","date_gmt":"2022-04-07T11:19:39","guid":{"rendered":"https:\/\/www.icip.cat\/perlapau\/issue\/%issue_post%\/article\/movilizaciones-ciudadanas-por-toda-europa\/"},"modified":"2024-03-26T13:21:53","modified_gmt":"2024-03-26T13:21:53","slug":"movilizaciones-ciudadanas-por-toda-europa","status":"publish","type":"article","link":"https:\/\/www.icip.cat\/perlapau\/es\/articulo\/movilizaciones-ciudadanas-por-toda-europa\/","title":{"rendered":"Movilizaciones ciudadanas por toda Europa"},"content":{"rendered":"<p><span id=\"square\"><\/span> <span id=\"first-word\">La gesti\u00f3n del fen\u00f3meno migratorio<\/span> en las fronteras y en el interior de la Uni\u00f3n Europea (UE) se est\u00e1 realizando bajo el paraguas de la Agenda Europea de Migraci\u00f3n <a href=\"articles_centrals\/article_central_4\/#ref\"><sup>1<\/sup><\/a>. Las cr\u00edticas de diferentes organizaciones de la sociedad civil coinciden en la visi\u00f3n tanto de la Agenda como de la gesti\u00f3n de la crisis: el enfoque securitario, centrado especialmente en la lucha contra la migraci\u00f3n irregular y el refuerzo de las fronteras exteriores, no resuelve la situaci\u00f3n y no es compatible con un enfoque de derechos humanos, hecho que pone claramente de manifiesto la contradicci\u00f3n entre \u00abla Europa de los Derechos\u00bb y \u00abla Europa Fortaleza\u00bb.<\/p>\n<p>Cuestiones como el reconocimiento de estas contradicciones a nivel de la UE y los estados miembros, la falta de coherencia entre los discursos y las pol\u00edticas existentes o la percepci\u00f3n que, si bien las muertes del Mediterr\u00e1neo son evitables hace a\u00f1os que aumentan exponencialmente <a href=\"articles_centrals\/article_central_4\/#ref\"><sup>2<\/sup><\/a>, han generado m\u00faltiples expresiones de protesta y denuncia hacia la gesti\u00f3n europea, y de movilizaci\u00f3n ciudadana y de solidaridad hacia las personas migrantes y refugiadas que viven las consecuencias del r\u00e9gimen fronterizo europeo.<\/p>\n<p>Con el presente art\u00edculo, queremos mencionar algunas de estas expresiones de solidaridad, sin pretender ser exhaustivas, ya que nos encontramos ante una multiplicidad de redes y de acciones, diversas con respecto a su antig\u00fcedad, continuidad, objetivos y motivaciones, medios utilizados, o dimensi\u00f3n (local, estatal, transnacional&#8230;). Nos parece importante empezar se\u00f1alando que son las personas migrantes y refugiadas las que ponen sus propios cuerpos y vidas en juego por la libertad de circulaci\u00f3n y la lucha por sus derechos. Son ellas las primeras en organizarse y ejercer la solidaridad en origen, tr\u00e1fico y destino, prueba de que son agentes activos y emprendedores y no meros objetos o n\u00fameros.<\/p>\n<p><cite class=\"cita-center\"> Las demandas de muchas entidades van desde los enfoques m\u00e1s humanitarios hasta los m\u00e1s pol\u00edticos, como la exigencia de acabar con la guerra a los migrantes o la reclamaci\u00f3n de v\u00edas seguras y legales <\/cite><\/p>\n<p>Tambi\u00e9n hay que decir que el apoyo no es algo nuevo, ni tampoco exclusivo de la sociedad civil europea: <a href=\"https:\/\/afrique-europe-interact.net\/\" target=\"_blank\" rel=\"noopener\">Afrique Europe Interact<\/a>, <a href=\"http:\/\/www.boats4people.org\/index.php\/en\/\" target=\"_blank\" rel=\"noopener\">Boats for People<\/a>, <a href=\"http:\/\/www.borderline-europe.de\/\" target=\"_blank\" rel=\"noopener\">Borderline Europe<\/a>, <a href=\"https:\/\/caminandofronteras.wordpress.com\/\" target=\"_blank\" rel=\"noopener\">Caminando Fronteras<\/a> <a href=\"articles_centrals\/article_central_4\/#ref\"><sup>3<\/sup><\/a>, <a href=\"https:\/\/beatingborders.wordpress.com\/\" target=\"_blank\" rel=\"noopener\">No Borders Morocco<\/a>, <a href=\"http:\/\/www.voixdesmigrants.com\/\" target=\"_blank\" rel=\"noopener\">Voix des migrants<\/a>, <a href=\"http:\/\/watchthemed.net\/\" target=\"_blank\" rel=\"noopener\">Watch The Med<\/a> o <a href=\"http:\/\/www.w2eu.info\/\" target=\"_blank\" rel=\"noopener\">Welcome to Europe<\/a> son plataformas y campa\u00f1as que unen a activistas de or\u00edgenes diversos y que hace a\u00f1os que dan apoyo a personas migrantes en tr\u00e1fico, reivindicando sus derechos y denunciando el r\u00e9gimen de fronteras europeo. Se caracterizan por un importante trabajo en red, cada una desde su especificidad. Por ejemplo, la asociaci\u00f3n Caminando Fronteras nace en 2002 en Marruecos para dar apoyo a inmigrantes subsaharianos en tr\u00e1nsito hacia Europa; Welcome to Europe proporciona contactos y asesoramiento a los refugiados y los migrantes en el camino <em>hacia a<\/em> y a trav\u00e9s <em>de<\/em> diferentes pa\u00edses europeos; y Watch The Med es una plataforma de mapeo online para hacer seguimiento de las muertes y las violaciones de los derechos de los migrantes en las fronteras mar\u00edtimas de la UE.<\/p>\n<p>Es interesante como el apoyo durante la traves\u00eda por mar se ha enfocado desde diferentes perspectivas. Por ejemplo, <a href=\"https:\/\/alarmphone.org\/en\/\" target=\"_blank\" rel=\"noopener\">\u201cWatch The Med Alarm Phone\u201d<\/a> es una l\u00ednea telef\u00f3nica de alarma, creada a partir de los grandes naufragios de octubre de 2013 <a href=\"articles_centrals\/article_central_4\/#ref\"><sup>4<\/sup><\/a>, autogestionada por la sociedad civil de las dos orillas del Mediterr\u00e1neo, y que funciona sin interrupciones para dar apoyo al rescate de personas refugiadas y migrantes en peligro durante la traves\u00eda por mar.<\/p>\n<p>Otras organizaciones, ante la clara insuficiencia de recursos que la UE destina al rescate de las personas que intentan cruzar el Mediterr\u00e1neo, han hecho operaciones de rescate mar\u00edtimo con barcos propios: <a href=\"https:\/\/mediterraneo.msf.es\/\" target=\"_blank\" rel=\"noopener\">M\u00e9dicos Sin Fronteras<\/a>, <a href=\"https:\/\/www.proactivaopenarms.org\/es\" target=\"_blank\" rel=\"noopener\">ProActiva Open Arms<\/a> <a href=\"articles_centrals\/article_central_4\/#ref\"><sup>5<\/sup><\/a>, <a href=\"https:\/\/www.savethechildren.es\/emergencias\/barco-de-rescate\" target=\"_blank\" rel=\"noopener\">Save the Children<\/a>, <a href=\"http:\/\/sea-watch.org\/\" target=\"_blank\" rel=\"noopener\">Sea Watch<\/a> o <a href=\"http:\/\/sosmediterranee.org\/\" target=\"_blank\" rel=\"noopener\">Sos Mediterran\u00e9e<\/a> son algunas de ellas. Sus demandas hacia Europa son diferentes y van desde enfoques m\u00e1s humanitarios, centrados en la necesidad de organizar misiones de b\u00fasqueda y rescate a gran escala, hasta los m\u00e1s pol\u00edticos, como la exigencia de acabar con la guerra a los migrantes o la reclamaci\u00f3n de v\u00edas seguras y legales.<\/p>\n<p><cite class=\"cita-center\"> Son numerosas las campa\u00f1as y acciones de denuncia en relaci\u00f3n con la retenci\u00f3n, detenci\u00f3n y espera a la deportaci\u00f3n de personas migrantes y refugiadas, en campos o en centros de internamiento <\/cite><\/p>\n<p>Esta demanda de v\u00edas seguras y legales, como alternativa al actual r\u00e9gimen fronterizo europeo, cuenta con un amplio apoyo, expresado desde grupos muy diferentes, como las plataformas europeas <a href=\"https:\/\/volonteurope.eu\/\" target=\"_blank\" rel=\"noopener\">Volonteurope<\/a> <a href=\"articles_centrals\/article_central_4\/#ref\"><sup>6<\/sup><\/a> o la plataforma de ONG de segundo nivel CONCORD <a href=\"articles_centrals\/article_central_4\/#ref\"><sup>7<\/sup><\/a>; organizaciones como Amnist\u00eda Internacional <a href=\"articles_centrals\/article_central_4\/#ref\"><sup>8<\/sup><\/a> o, en el \u00e1mbito catal\u00e1n, la red <a href=\"https:\/\/stopmaremortum.org\/manifest\/\" target=\"_blank\" rel=\"noopener\">Stop Mare Mortum<\/a> que, como se indica en su manifiesto, pide medidas como la ampliaci\u00f3n del concepto de persona refugiada, para que incluya tambi\u00e9n a todas aquellas personas en situaci\u00f3n de vulnerabilidad econ\u00f3mica y social. Tambi\u00e9n exige el fin de la externalizaci\u00f3n de fronteras a pa\u00edses terceros y del comercio de armas, y el cierre de la Agencia Europea para la Gesti\u00f3n de la Cooperaci\u00f3n Operativa en las Fronteras Exteriores, FRONTEX.<\/p>\n<p>Otra cr\u00edtica que se hace al r\u00e9gimen de fronteras tiene que ver con el momento de la llegada o la mal llamada \u201cacogida\u201d. Son numerosas las campa\u00f1as y acciones de denuncia en relaci\u00f3n con la retenci\u00f3n, detenci\u00f3n y espera a la deportaci\u00f3n de personas migrantes y refugiadas, en campos o en centros de internamiento. La red de asociaciones africanas, europeas, magreb\u00edes y de Oriente Medio <a href=\"http:\/\/www.migreurop.org\/?lang=es\" target=\"_blank\" rel=\"noopener\">Migreurop<\/a>, por ejemplo, plantea desde una perspectiva global, con la campa\u00f1a <a href=\"http:\/\/closethecamps.org\/\" target=\"_blank\" rel=\"noopener\">\u201cClose the camps\u201d<\/a>, una cartograf\u00eda sobre los campos de reclusi\u00f3n de extranjeros en Europa con la que pretende dar visibilidad a las condiciones de reclusi\u00f3n y los abusos y violaciones de derechos que se generan en estos centros, y con la que pide su cierre definitivo. En la misma direcci\u00f3n, en Catalu\u00f1a tenemos la campa\u00f1a <a href=\"http:\/\/www.tanquemelscie.cat\/\" target=\"_blank\" rel=\"noopener\">\u201cTanquem els CIE\u201d<\/a> que conjuntamente con <a href=\"http:\/\/www.sosracisme.org\/\" target=\"_blank\" rel=\"noopener\">SOS Racismo<\/a> <a href=\"articles_centrals\/article_central_4\/#ref\"><sup>9<\/sup><\/a> y con <a href=\"http:\/\/www.migrastudium.org\/php\/index.php\" target=\"_blank\" rel=\"noopener\">Migra Studium<\/a> <a href=\"articles_centrals\/article_central_4\/#ref\"><sup>10<\/sup><\/a>, forma parte de <a href=\"http:\/\/tancaremelcie.cat\/\" target=\"_blank\" rel=\"noopener\">\u201cTancarem el CIE\u201d<\/a> y trabaja en red con la campa\u00f1a <a href=\"https:\/\/ciesno.wordpress.com\/\" target=\"_blank\" rel=\"noopener\">\u201cCIEs NO\u201d<\/a>.<\/p>\n<p>Con respecto a la situaci\u00f3n de retenci\u00f3n en las islas y en la pen\u00ednsula griega, se han articulado numerosas iniciativas desde \u00e1mbitos muy diversos. Por ejemplo, Payasos en Rebeld\u00eda, con su campa\u00f1a <a href=\"http:\/\/pallasosenrebeldia.org\/acciones-contra-muros-risascontramuros\" target=\"_blank\" rel=\"noopener\">\u201c#RisascontraMuros\u201d<\/a>, denunciaba hace meses la situaci\u00f3n en el campamento de Idomeni. Stop Mare Mortum, por su parte, colabora con un grupo de abogadas con el fin de ofrecer asistencia jur\u00eddica a personas que est\u00e1n detenidas o bloqueadas en Grecia sin poder pedir asilo ni entrar en los procesos de reubicaci\u00f3n que se proponen en el acuerdo UE-Turqu\u00eda. Por su parte, la ONG griega <a href=\"http:\/\/www.actionaid.gr\/\" target=\"_blank\" rel=\"noopener\">ActionAid Hellas<\/a> ha realizado durante meses una investigaci\u00f3n en los llamados \u201ccampos de refugiados\u201d de Lesvos, Schisto y Skaramaga, que muestra c\u00f3mo la UE y Grecia est\u00e1n faltando a sus obligaciones de proteger y promover los derechos humanos y los derechos de los refugiados de las personas que llegan a Grecia <a href=\"articles_centrals\/article_central_4\/#ref\"><sup>11<\/sup><\/a>.<\/p>\n<p><cite class=\"cita-center\"> La voluntad de la ciudadan\u00eda para conocer al otro, profundizar en las causas, compartir vivencias y encontrar soluciones va mucho m\u00e1s all\u00e1 de la pol\u00edtica inactiva para hacer frente a un mundo en transformaci\u00f3n <\/cite><\/p>\n<p>Finalmente, hay que recordar que las acciones de autoorganizaci\u00f3n, solidaridad y movilizaci\u00f3n van m\u00e1s all\u00e1 de los desplazamientos: tienen lugar cada d\u00eda en nuestras ciudades de la mano de muchos colectivos, organizaciones y redes. En este sentido nos parece especialmente relevante la tarea de los grupos que trabajan con las personas en mayor situaci\u00f3n de vulnerabilidad, como los numerosos solicitantes de asilo que viven durante a\u00f1os en un limbo jur\u00eddico mientras esperan la resoluci\u00f3n de sus demandas por parte del Estado espa\u00f1ol; las personas en situaci\u00f3n administrativa irregular<a href=\"articles_centrals\/article_central_4\/#ref\"><sup>12<\/sup><\/a>, mal identificadas como simplemente migrantes econ\u00f3micos; o de otras personas excluidas del sistema sobre las qu\u00e9 impacta de manera terrible la pol\u00edtica migratoria de la UE y de los estados miembros.<\/p>\n<p>Han quedado muchas iniciativas por presentar y sobre las cuales profundizar pero no queremos acabar este art\u00edculo sin mencionar experiencias provenientes del \u00e1mbito musical, como el proyecto \u201cRefugees for Refugees: la musique de l\u2019exil\u201d <a href=\"articles_centrals\/article_central_4\/#ref\"><sup>13<\/sup><\/a>, de la asociaci\u00f3n belga Muziekpublique, y del \u00e1mbito audiovisual, como la <a href=\"http:\/\/www.cinemigrante.org\/archives\/4740\" target=\"_blank\" rel=\"noopener\">Muestra Internacional de CineMigrante de Barcelona<\/a> o la <a href=\"https:\/\/mostracinearab.wordpress.com\/\" target=\"_blank\" rel=\"noopener\">Mostra de Cine \u00c0rab i del Mediterrani<\/a> -este a\u00f1o centrada en el eje de las migraciones- que buscan crear espacios de di\u00e1logo intercultural, romper estereotipos y promover los derechos humanos.<\/p>\n<p>Cine, m\u00fasica, encuentros, di\u00e1logos y acciones solidarias que demuestran que la voluntad de la ciudadan\u00eda para conocer al otro, profundizar en las causas, compartir vivencias y encontrar soluciones va mucho m\u00e1s all\u00e1 de una pol\u00edtica inactiva y con una evidente falta de voluntad para hacer frente a un mundo en transformaci\u00f3n, donde las personas tienen la capacidad de levantar, a nivel colectivo e individual, su propia voz.<\/p>\n<p id=\"ref\" class=\"referencia first-reference\">1. Comunicaci\u00f3n de la Comisi\u00f3n Europea sobre la Agenda Europea de Migraci\u00f3n del 13\/05\/2015.<\/p>\n<p id=\"ref\" class=\"referencia second-reference\">2. El 11 de noviembre, el <a href=\"https:\/\/missingmigrants.iom.int\/mediterranean-migrant-arrivals-reach-340778-deaths-sea-4271\" target=\"_blank\" rel=\"noopener\">registro<\/a> de muertos estimados en el Mediterr\u00e1neo durante el 2016 era de 4.271 personas, 773 m\u00e1s que en 2015.<\/p>\n<p id=\"ref\" class=\"referencia second-reference\">3. La asociaci\u00f3n Caminando Fronteras estrenaba a principios de 2016 el documental <a href=\"https:\/\/vimeo.com\/154265793\" target=\"_blank\" rel=\"noopener\"><em>Tarajal, transformar el dolor en justicia<\/em><\/a>, sobre las reacciones de las familias de las 15 personas muertas a la playa de Tarajal (Ceuta) el 6 de febrero de 2014. Los hechos de Tarajal tambi\u00e9n han sido objeto de otro documental, <a href=\"http:\/\/metromuster.cat\/project\/tarajal-desmontando-la-impunidad-en-la-frontera-sur\/\" target=\"_blank\" rel=\"noopener\"><em>Tarajal: Desmuntant la impunitat a la frontera sud<\/em><\/a>, una coproducci\u00f3n de Metromuster con el Observatorio DESC.<\/p>\n<p id=\"ref\" class=\"referencia second-reference\">4. El 3 de octubre de 2013 m\u00e1s de 350 personas murieron ahogadas cerca de la costa de Lampedusa, en Italia. Ocho d\u00edas despu\u00e9s, el 11 de octubre, se produc\u00eda un nuevo naufragio cerca de la misma isla, en el que se calcula que murieron unas 200 personas, seg\u00fan la plataforma <a href=\"http:\/\/www.watchthemed.net\/media\/uploads\/page\/12\/Alarmphone-11.10.2013-english.pdf\" target=\"_blank\" rel=\"noopener\">Watch the Med<\/a>.<\/p>\n<p id=\"ref\" class=\"referencia second-reference\">5. La acci\u00f3n de ProActiva Open Arms con su barco Astral ha sido asunto de un programa de <em>Salvados<\/em>, en la Sexta, y por primera vez la cuesti\u00f3n de los refugiados fue <em>prime time<\/em> en la televisi\u00f3n estatal.<\/p>\n<p id=\"ref\" class=\"referencia second-reference\">6.\u00a0<a href=\"https:\/\/volonteurope.eu\/volonteurope-reacts-to-the-european-migration-agenda\/\" target=\"_blank\" rel=\"noopener\">Respuesta<\/a> de Volonteurope a la Agenda Europea de Migraci\u00f3n (14\/05\/2015).<\/p>\n<p id=\"ref\" class=\"referencia second-reference\">7. Comunicado de CONCORD <a href=\"https:\/\/concordeurope.org\/2016\/03\/22\/migration-development-human-rights-need-eu-policy-coherence\/\" target=\"_blank\" rel=\"noopener\">\u201cMigration for Development and Human Rights\u201d<\/a> (22\/03\/2016).<\/p>\n<p id=\"ref\" class=\"referencia second-reference\">8. Web de la campa\u00f1a <a href=\"https:\/\/www.es.amnesty.org\/en-que-estamos\/campanas\/yoacojo\/\" target=\"_blank\" rel=\"noopener\">\u201cYo acojo\u201d<\/a> de Amnist\u00eda Internacional donde se puede ver el v\u00eddeo \u201c\u00bfY si fueras t\u00fa\u201d?<\/p>\n<p id=\"ref\" class=\"referencia second-reference\">9. SOS Racismo es uno de los miembros de la red internacional Migreurop.<\/p>\n<p id=\"ref\" class=\"referencia second-reference\">10. Migra Studium es miembro del Servicio Jesuita a Migrantes, que recientemente ha publicado el informe anual sobre los CIEs en Espa\u00f1a <a href=\"http:\/\/www.sjme.org\/sjme\/item\/815-2016-09-18-07-03-41\" target=\"_blank\" rel=\"noopener\">\u201cVulnerables vulnerabilizados. Informe anual SJM sobre los Centros de Internamiento de Extranjeros en Espa\u00f1a 2015<\/a>\u201d.<\/p>\n<p id=\"ref\" class=\"referencia second-reference\">11. Action Aid Hellas traducir\u00e1 pr\u00f3ximamente el <a href=\"http:\/\/www.actionaid.gr\/media\/1367115\/Relocation_Report_AA_GR_FINAL_spreads.pdf\" target=\"_blank\" rel=\"noopener\">informe<\/a> \u201cLos retos de los programas de reunificaci\u00f3n familiar y de reasentamiento para los refugiados que llegan a Grecia\u201d, actualmente s\u00f3lo disponible en griego.<\/p>\n<p id=\"ref\" class=\"referencia second-reference\">12. Por ejemplo, el grupo de personas que componen <a href=\"https:\/\/espaciodelinmigrante.wordpress.com\/\" target=\"_blank\" rel=\"noopener\">el Espacio del Inmigrante<\/a> proporcionan, entre otros, servicios gratuitos de consulta m\u00e9dica y asesor\u00eda legal y administrativa a personas en situaci\u00f3n administrativa irregular.<\/p>\n<p id=\"ref\" class=\"referencia second-reference\">13. Muziekpublique ha reunido a una veintena de virtuosos refugiados procedentes de Siria, Irak, Afganist\u00e1n, Pakist\u00e1n o el T\u00edbet que se han establecido en B\u00e9lgica para grabar un <a href=\"http:\/\/www.muziekpublique.be\/nouvelles\/cd-label\/refugees-for-refugees-303\/?lang=fr\" target=\"_blank\" rel=\"noopener\">disco<\/a>. Un hilo com\u00fan los une: todos ellos son estrellas en sus pa\u00edses. Algunos han visto su situaci\u00f3n regularizada, otros todav\u00eda no saben si podr\u00e1n quedarse.<\/p>\n<p class=\"foto\">Photography: Manifestaci\u00f3n en Barcelona con el lema \u201cVies segures\u201d el 27 de febrero de 2016. Autor: Antonio Criado<\/p>\n<p class=\"gencat\">\u00a9 Generalitat de Catalunya<\/p>\n","protected":false},"featured_media":6663,"menu_order":5,"template":"","categories":[6,30],"class_list":["post-6635","article","type-article","status-publish","has-post-thumbnail","hentry","category-articles-centrals","category-articulos-centrales"],"acf":[],"yoast_head":"<!-- This site is optimized with the Yoast SEO plugin v25.6 - https:\/\/yoast.com\/wordpress\/plugins\/seo\/ -->\n<title>Movilizaciones ciudadanas por toda Europa - Revista Por la Paz<\/title>\n<meta name=\"robots\" content=\"index, follow, max-snippet:-1, max-image-preview:large, max-video-preview:-1\" \/>\n<link rel=\"canonical\" href=\"https:\/\/www.icip.cat\/perlapau\/es\/articulo\/movilizaciones-ciudadanas-por-toda-europa\/\" \/>\n<meta property=\"og:locale\" content=\"es_ES\" \/>\n<meta property=\"og:type\" content=\"article\" \/>\n<meta property=\"og:title\" content=\"Movilizaciones ciudadanas por toda Europa - Revista Por la Paz\" \/>\n<meta property=\"og:description\" content=\"La gesti\u00f3n del fen\u00f3meno migratorio en las fronteras y en el interior de la Uni\u00f3n Europea (UE) se est\u00e1 realizando bajo el paraguas de la Agenda Europea de Migraci\u00f3n 1. Las cr\u00edticas de diferentes organizaciones de la sociedad civil coinciden en la visi\u00f3n tanto de la Agenda como de la gesti\u00f3n de la crisis: el [&hellip;]\" \/>\n<meta property=\"og:url\" content=\"https:\/\/www.icip.cat\/perlapau\/es\/articulo\/movilizaciones-ciudadanas-por-toda-europa\/\" \/>\n<meta property=\"og:site_name\" content=\"Revista Por la Paz\" \/>\n<meta property=\"article:modified_time\" content=\"2024-03-26T13:21:53+00:00\" \/>\n<meta property=\"og:image\" content=\"https:\/\/www.icip.cat\/perlapau\/wp-content\/uploads\/2022\/04\/article_central_4_2560-10-518x720.jpg\" \/>\n\t<meta property=\"og:image:width\" content=\"518\" \/>\n\t<meta property=\"og:image:height\" content=\"720\" \/>\n\t<meta property=\"og:image:type\" content=\"image\/jpeg\" \/>\n<meta name=\"twitter:card\" content=\"summary_large_image\" \/>\n<meta name=\"twitter:label1\" content=\"Tiempo de lectura\" \/>\n\t<meta name=\"twitter:data1\" content=\"11 minutos\" \/>\n<script type=\"application\/ld+json\" class=\"yoast-schema-graph\">{\"@context\":\"https:\/\/schema.org\",\"@graph\":[{\"@type\":\"WebPage\",\"@id\":\"https:\/\/www.icip.cat\/perlapau\/es\/articulo\/movilizaciones-ciudadanas-por-toda-europa\/\",\"url\":\"https:\/\/www.icip.cat\/perlapau\/es\/articulo\/movilizaciones-ciudadanas-por-toda-europa\/\",\"name\":\"Movilizaciones ciudadanas por toda Europa - Revista Por la Paz\",\"isPartOf\":{\"@id\":\"https:\/\/www.icip.cat\/perlapau\/#website\"},\"primaryImageOfPage\":{\"@id\":\"https:\/\/www.icip.cat\/perlapau\/es\/articulo\/movilizaciones-ciudadanas-por-toda-europa\/#primaryimage\"},\"image\":{\"@id\":\"https:\/\/www.icip.cat\/perlapau\/es\/articulo\/movilizaciones-ciudadanas-por-toda-europa\/#primaryimage\"},\"thumbnailUrl\":\"https:\/\/www.icip.cat\/perlapau\/wp-content\/uploads\/2022\/04\/article_central_4_2560-10.jpg\",\"datePublished\":\"2022-04-07T11:19:39+00:00\",\"dateModified\":\"2024-03-26T13:21:53+00:00\",\"inLanguage\":\"es\",\"potentialAction\":[{\"@type\":\"ReadAction\",\"target\":[\"https:\/\/www.icip.cat\/perlapau\/es\/articulo\/movilizaciones-ciudadanas-por-toda-europa\/\"]}]},{\"@type\":\"ImageObject\",\"inLanguage\":\"es\",\"@id\":\"https:\/\/www.icip.cat\/perlapau\/es\/articulo\/movilizaciones-ciudadanas-por-toda-europa\/#primaryimage\",\"url\":\"https:\/\/www.icip.cat\/perlapau\/wp-content\/uploads\/2022\/04\/article_central_4_2560-10.jpg\",\"contentUrl\":\"https:\/\/www.icip.cat\/perlapau\/wp-content\/uploads\/2022\/04\/article_central_4_2560-10.jpg\",\"width\":1152,\"height\":1600},{\"@type\":\"WebSite\",\"@id\":\"https:\/\/www.icip.cat\/perlapau\/#website\",\"url\":\"https:\/\/www.icip.cat\/perlapau\/\",\"name\":\"Revista Por la Paz\",\"description\":\"La revista del Instituto Catal\u00e1n Internacional para la Paz\",\"publisher\":{\"@id\":\"https:\/\/www.icip.cat\/perlapau\/#organization\"},\"potentialAction\":[{\"@type\":\"SearchAction\",\"target\":{\"@type\":\"EntryPoint\",\"urlTemplate\":\"https:\/\/www.icip.cat\/perlapau\/?s={search_term_string}\"},\"query-input\":{\"@type\":\"PropertyValueSpecification\",\"valueRequired\":true,\"valueName\":\"search_term_string\"}}],\"inLanguage\":\"es\"},{\"@type\":\"Organization\",\"@id\":\"https:\/\/www.icip.cat\/perlapau\/#organization\",\"name\":\"Revista Por la Paz\",\"url\":\"https:\/\/www.icip.cat\/perlapau\/\",\"logo\":{\"@type\":\"ImageObject\",\"inLanguage\":\"es\",\"@id\":\"https:\/\/www.icip.cat\/perlapau\/#\/schema\/logo\/image\/\",\"url\":\"https:\/\/www.icip.cat\/perlapau\/wp-content\/uploads\/2023\/04\/ICIP_logo.jpg\",\"contentUrl\":\"https:\/\/www.icip.cat\/perlapau\/wp-content\/uploads\/2023\/04\/ICIP_logo.jpg\",\"width\":1025,\"height\":1024,\"caption\":\"Revista Por la Paz\"},\"image\":{\"@id\":\"https:\/\/www.icip.cat\/perlapau\/#\/schema\/logo\/image\/\"}}]}<\/script>\n<!-- \/ Yoast SEO plugin. -->","yoast_head_json":{"title":"Movilizaciones ciudadanas por toda Europa - Revista Por la Paz","robots":{"index":"index","follow":"follow","max-snippet":"max-snippet:-1","max-image-preview":"max-image-preview:large","max-video-preview":"max-video-preview:-1"},"canonical":"https:\/\/www.icip.cat\/perlapau\/es\/articulo\/movilizaciones-ciudadanas-por-toda-europa\/","og_locale":"es_ES","og_type":"article","og_title":"Movilizaciones ciudadanas por toda Europa - Revista Por la Paz","og_description":"La gesti\u00f3n del fen\u00f3meno migratorio en las fronteras y en el interior de la Uni\u00f3n Europea (UE) se est\u00e1 realizando bajo el paraguas de la Agenda Europea de Migraci\u00f3n 1. Las cr\u00edticas de diferentes organizaciones de la sociedad civil coinciden en la visi\u00f3n tanto de la Agenda como de la gesti\u00f3n de la crisis: el [&hellip;]","og_url":"https:\/\/www.icip.cat\/perlapau\/es\/articulo\/movilizaciones-ciudadanas-por-toda-europa\/","og_site_name":"Revista Por la Paz","article_modified_time":"2024-03-26T13:21:53+00:00","og_image":[{"width":518,"height":720,"url":"https:\/\/www.icip.cat\/perlapau\/wp-content\/uploads\/2022\/04\/article_central_4_2560-10-518x720.jpg","type":"image\/jpeg"}],"twitter_card":"summary_large_image","twitter_misc":{"Tiempo de lectura":"11 minutos"},"schema":{"@context":"https:\/\/schema.org","@graph":[{"@type":"WebPage","@id":"https:\/\/www.icip.cat\/perlapau\/es\/articulo\/movilizaciones-ciudadanas-por-toda-europa\/","url":"https:\/\/www.icip.cat\/perlapau\/es\/articulo\/movilizaciones-ciudadanas-por-toda-europa\/","name":"Movilizaciones ciudadanas por toda Europa - Revista Por la Paz","isPartOf":{"@id":"https:\/\/www.icip.cat\/perlapau\/#website"},"primaryImageOfPage":{"@id":"https:\/\/www.icip.cat\/perlapau\/es\/articulo\/movilizaciones-ciudadanas-por-toda-europa\/#primaryimage"},"image":{"@id":"https:\/\/www.icip.cat\/perlapau\/es\/articulo\/movilizaciones-ciudadanas-por-toda-europa\/#primaryimage"},"thumbnailUrl":"https:\/\/www.icip.cat\/perlapau\/wp-content\/uploads\/2022\/04\/article_central_4_2560-10.jpg","datePublished":"2022-04-07T11:19:39+00:00","dateModified":"2024-03-26T13:21:53+00:00","inLanguage":"es","potentialAction":[{"@type":"ReadAction","target":["https:\/\/www.icip.cat\/perlapau\/es\/articulo\/movilizaciones-ciudadanas-por-toda-europa\/"]}]},{"@type":"ImageObject","inLanguage":"es","@id":"https:\/\/www.icip.cat\/perlapau\/es\/articulo\/movilizaciones-ciudadanas-por-toda-europa\/#primaryimage","url":"https:\/\/www.icip.cat\/perlapau\/wp-content\/uploads\/2022\/04\/article_central_4_2560-10.jpg","contentUrl":"https:\/\/www.icip.cat\/perlapau\/wp-content\/uploads\/2022\/04\/article_central_4_2560-10.jpg","width":1152,"height":1600},{"@type":"WebSite","@id":"https:\/\/www.icip.cat\/perlapau\/#website","url":"https:\/\/www.icip.cat\/perlapau\/","name":"Revista Por la Paz","description":"La revista del Instituto Catal\u00e1n Internacional para la Paz","publisher":{"@id":"https:\/\/www.icip.cat\/perlapau\/#organization"},"potentialAction":[{"@type":"SearchAction","target":{"@type":"EntryPoint","urlTemplate":"https:\/\/www.icip.cat\/perlapau\/?s={search_term_string}"},"query-input":{"@type":"PropertyValueSpecification","valueRequired":true,"valueName":"search_term_string"}}],"inLanguage":"es"},{"@type":"Organization","@id":"https:\/\/www.icip.cat\/perlapau\/#organization","name":"Revista Por la Paz","url":"https:\/\/www.icip.cat\/perlapau\/","logo":{"@type":"ImageObject","inLanguage":"es","@id":"https:\/\/www.icip.cat\/perlapau\/#\/schema\/logo\/image\/","url":"https:\/\/www.icip.cat\/perlapau\/wp-content\/uploads\/2023\/04\/ICIP_logo.jpg","contentUrl":"https:\/\/www.icip.cat\/perlapau\/wp-content\/uploads\/2023\/04\/ICIP_logo.jpg","width":1025,"height":1024,"caption":"Revista Por la Paz"},"image":{"@id":"https:\/\/www.icip.cat\/perlapau\/#\/schema\/logo\/image\/"}}]}},"_links":{"self":[{"href":"https:\/\/www.icip.cat\/perlapau\/es\/wp-json\/wp\/v2\/article\/6635","targetHints":{"allow":["GET"]}}],"collection":[{"href":"https:\/\/www.icip.cat\/perlapau\/es\/wp-json\/wp\/v2\/article"}],"about":[{"href":"https:\/\/www.icip.cat\/perlapau\/es\/wp-json\/wp\/v2\/types\/article"}],"wp:featuredmedia":[{"embeddable":true,"href":"https:\/\/www.icip.cat\/perlapau\/es\/wp-json\/wp\/v2\/media\/6663"}],"wp:attachment":[{"href":"https:\/\/www.icip.cat\/perlapau\/es\/wp-json\/wp\/v2\/media?parent=6635"}],"wp:term":[{"taxonomy":"category","embeddable":true,"href":"https:\/\/www.icip.cat\/perlapau\/es\/wp-json\/wp\/v2\/categories?post=6635"}],"curies":[{"name":"wp","href":"https:\/\/api.w.org\/{rel}","templated":true}]}}