{"id":6636,"date":"2022-04-07T11:19:41","date_gmt":"2022-04-07T11:19:41","guid":{"rendered":"https:\/\/www.icip.cat\/perlapau\/issue\/%issue_post%\/article\/romper-topicos-recuperar-relatos-comunes\/"},"modified":"2022-04-07T11:19:41","modified_gmt":"2022-04-07T11:19:41","slug":"romper-topicos-recuperar-relatos-comunes","status":"publish","type":"article","link":"https:\/\/www.icip.cat\/perlapau\/es\/articulo\/romper-topicos-recuperar-relatos-comunes\/","title":{"rendered":"Romper t\u00f3picos, recuperar relatos comunes"},"content":{"rendered":"\n<p>\t           <span id=\"square\"><\/span>                <span id=\"first-word\">El desplazamiento forzado no es un fen\u00f3meno nuevo.<\/span> Pero diversos factores invitan a reflexionar, ahora muy especialmente, sobre c\u00f3mo gestionar la acogida de las personas desplazadas, a nivel pr\u00e1ctico y con respecto a la percepci\u00f3n social. Algunos de estos factores son: la magnitud de este drama humano \u2013con la cifra de personas refugiadas y desplazadas m\u00e1s alta de la historia, superior a los 65 millones en todo el mundo <a href=\"articles_centrals\/article_central_5\/#ref\"><sup>1<\/sup><\/a>; la mediatizaci\u00f3n de la llegada \u2013que lleva a creer distorsionadamente que Europa acoge una proporci\u00f3n elevada de personas refugiadas\u2013 y a\u00fan m\u00e1s importante, las derivas xen\u00f3fobas que se observan en algunos pa\u00edses europeos. \u00bfC\u00f3mo prevenir la radicalizaci\u00f3n de los sectores xen\u00f3fobos europeos? \u00bfC\u00f3mo fomentar la empat\u00eda hacia las personas refugiadas?            <\/p>\n<p> La respuesta que parece m\u00e1s inmediata, con el fin de reducir las derivas xen\u00f3fobas y de aumentar la empat\u00eda hacia las personas refugiadas, es la de conectar con sus historias de vida, personales y colectivas: entender los motivos que han hecho que Ashanti, Yasir, Ayana o Dakari hayan tenido que huir de su casa, y reconocer las situaciones de persecuci\u00f3n o de violencia estructural. Humanizar a estas personas, saber sus nombres, conocer detalles de sus vidas antes de tener que huir, entender que son personas luchadoras y con ganas de vivir aut\u00f3nomamente en situaciones mejores pueden ser formas de promover la empat\u00eda. Muchas entidades de acogida de personas refugiadas <a href=\"articles_centrals\/article_central_5\/#ref\"><sup>2<\/sup><\/a> ofrecen la posibilidad de invitar a personas refugiadas (en escuelas, centros c\u00edvicos, etc.) para conocer testimonios de primera mano. Las valoraciones del profesorado suelen destacar el gran inter\u00e9s que despiertan en el alumnado, tanto para conocer la historia de vida de las personas invitadas, como para denunciar las condiciones que hay en sus pa\u00edses y que les obligaron a huir. <\/p>\n<p> Adem\u00e1s de conocer estas experiencias, ya de por s\u00ed aterradoras, hay iniciativas que buscan resaltar coincidencias con estas historias de vida personales y colectivas, como la experiencia de haber vivido la guerra (civil), el exilio, o los campos de refugiados. Exposiciones como \u201cArte y compromiso, respuestas a la guerra civil\u201d del MNAC o el mismo Museo de la Memoria y del Exilio (MUME) de La Jonquera hacen sentir como la historia local interpela los relatos actuales de desplazamiento forzado de todo el mundo. No hay que ir demasiado lejos para que las im\u00e1genes de huida hacia Francia durante la Guerra Civil Espa\u00f1ola remitan en im\u00e1genes m\u00e1s recientes de personas desplazadas por los Balcanes. Tambi\u00e9n saltan a la vista las similitudes entre los campos (de concentraci\u00f3n) de refugiados al sur de Francia de los a\u00f1os \u201830-\u201840 y las im\u00e1genes actuales de Idomeni, de la \u201cjungla\u201d de Calais o de los Centros de Internamiento de Extranjeros <a href=\"articles_centrals\/article_central_5\/#ref\"><sup>3<\/sup><\/a>. Adem\u00e1s de conocer las duras historias personales de la gente que se ha visto forzada a huir, reconocer que esta experiencia es muy pr\u00f3xima, ayuda, sin duda a crear empat\u00eda con el problema. <\/p>\n<p>            <cite class=\"cita-center\">                                                Para reducir las derivas xen\u00f3fobas y aumentar la empat\u00eda hacia los refugiados hay que entender los motivos por los cuales han huido de sus casas            <\/cite>\t\t\t<\/p>\n<p> Pero m\u00e1s all\u00e1 de estas respuestas obvias, hay que tener en cuenta que los procesos de deshumanizaci\u00f3n del \u201cotro\u201d est\u00e1n estrechamente ligados al sentimiento de amenaza. Ver \u201cel otro\u201d de una forma que obvia sus sentimientos, que minimiza su sufrimiento, o que los supedita a un supuesto bien general \u201cde los nuestros\u201d, es a menudo consecuencia de un proceso de deshumanizaci\u00f3n progresivo que parte del sentimiento que algunas necesidades b\u00e1sicas (identitarias, de bienestar, de integridad f\u00edsica, etc.) est\u00e1n amenazadas. \u00bfCu\u00e1les pueden ser estas necesidades? <\/p>\n<p> Algunas encuestas recientes deducen que los principales miedos con respecto a la llegada de personas refugiadas tienen sobre todo que ver con la integridad f\u00edsica y el bienestar: el 59% de los europeos consideran, seg\u00fan una encuesta realizada en diez pa\u00edses europeos <a href=\"articles_centrals\/article_central_5\/#ref\"><sup>4<\/sup><\/a>, que una mayor llegada de refugiados implica un incremento del riesgo de ataques terroristas. El segundo problema identificado, con el que estar\u00edan de acuerdo el 50% de los encuestados seg\u00fan la media de los diez pa\u00edses europeos, es que el aumento de personas refugiadas significa el acaparamiento de puestos de trabajo y de ayudas del estado del bienestar. Estos son, pues, dos argumentos que hay que rebatir con mucho cuidado. Redes como Unidad Contra el Fascismo han publicado documentos <a href=\"articles_centrals\/article_central_5\/#ref\"><sup>5<\/sup><\/a> que desmontan algunos de estos prejuicios. Har\u00eda falta, sin embargo, un alcance m\u00e1s generalizado de esta argumentaci\u00f3n y que un mayor n\u00famero de medios de comunicaci\u00f3n y mensajes p\u00fablicos enfocaran las noticias con menos t\u00f3picos y m\u00e1s sentido cr\u00edtico. <\/p>\n<p> Algunas de las informaciones que har\u00eda falta repetir hasta quedar extenuadas para romper t\u00f3picos y entender que las sociedades europeas tenemos mucho para aprender con respecto a la solidaridad, est\u00e1n, en primer lugar, que acoger personas refugiadas no es un acto de generosidad: es una obligaci\u00f3n del derecho internacional con la que los pa\u00edses europeos se han comprometido. No hay, pues, margen para decidir si se quiere ser un pa\u00eds de acogida o no: se tiene que hacer. Un segundo t\u00f3pico por romper es que Europa est\u00e1 acogiendo una proporci\u00f3n elevada de personas refugiadas: de los diez pa\u00edses que m\u00e1s acogen no hay ninguno europeo: los pa\u00edses europeos no est\u00e1n sobrepasados por la acogida de inmigrantes, ni con respecto al coste de esta acogida (la UE es el continente m\u00e1s rico del mundo), ni a nivel demogr\u00e1fico, ya que si se concediera asilo a todas las personas actualmente solicitantes supondr\u00eda, ahora mismo, un 0,36% de la poblaci\u00f3n total de la Uni\u00f3n. Un tercer t\u00f3pico, en lo referente al supuesto incremento de ataques terroristas, se puede rebatir diciendo que la mayor\u00eda de actos terroristas promovidos en territorio europeo han sido perpetrados por ciudadanos europeos, no por personas refugiadas, y que, como m\u00ednimo en el Estado espa\u00f1ol, el principal motivo de los delitos de odio en el 2015 ha sido la islamofobia (\u201caut\u00f3ctonos\u201d que atacan personas musulmanas) y no al rev\u00e9s. Por \u00faltimo, en lo referente al miedo a que las personas refugiadas acaparen los puestos de trabajo y las ayudas sociales, cabe se\u00f1alar que estas ayudas son tan escasas como los que recibe la poblaci\u00f3n local. Son una minor\u00eda las personas a las que se les reconoce el Estatuto de refugiado y tienen acceso a las protecciones subsecuentes (en el 2015, desgraciadamente, s\u00f3lo se reconoci\u00f3 el Estatuto de refugiado a 220 personas de un total de 3.240 solicitantes de asilo) <a href=\"articles_centrals\/article_central_5\/#ref\"><sup>6<\/sup><\/a>. <\/p>\n<p>\t\t\t<cite class=\"cita-center\">                                                Acoger personas refugiadas no es un acto de generosidad: es una obligaci\u00f3n del derecho internacional con la que los pa\u00edses europeos se han comprometido            <\/cite>\t\t\t<\/p>\n<p> Por \u00faltimo, y porque los procesos de deshumanizaci\u00f3n del \u201cotro\u201d tambi\u00e9n llevan a creer que el endogrupo (\u201cnosotros\u201d) act\u00faa leg\u00edtimamente, mientras que el exogrupo (los \u201cotros\u201d) no, es importante romper estas percepciones polarizadas y dejar claro que el aumento de desplazamientos forzados no es fortuito ni ajeno a los pa\u00edses europeos. Algunas organizaciones como el Centro Del\u00e0s <a href=\"articles_centrals\/article_central_5\/#ref\"><sup>7<\/sup><\/a> hacen visible el v\u00ednculo entre los desplazamientos forzados y los beneficios que sacan los pa\u00edses occidentales, ya sea porque son los principales exportadores de armas del mundo, ya sea porque se benefician del mercado de la seguridad (control de fronteras, construcci\u00f3n de vallas, etc.). Otra forma de acercarse a la realidad de los desplazamientos forzados es, pues, reconocer la parte de responsabilidad propia \u2013 del \u201cnosotros\u201d \u2013 en el problema. <\/p>\n<p> Promover la empat\u00eda hacia las personas refugiadas pasa, por una parte, por reconocer los principales motivos por los cuales algunas personas sienten m\u00e1s recelo a acogerlas, y responder a este sentimiento de amenaza con campa\u00f1as informativas que rompan t\u00f3picos. Adem\u00e1s, implica recoger las experiencias en com\u00fan. <\/p>\n<p id=\"ref\" class=\"referencia first-reference\"> 1. Todos los datos referentes a las personas refugiadas citadas en este art\u00edculo, a menos que se especifique lo contrario, se han extra\u00eddo de: ACNUR (2016). <em>Tendencias Globales 2015. Desplazamiento forzado en 2015<\/em><em>. <\/em> <\/p>\n<p class=\"referencia\"> 2. En Catalu\u00f1a, diversas entidades de acogida se coordinan a trav\u00e9s de la red Asil.Cat. Entre ellas hay ACNUR, la Fundaci\u00f3n ACSAR, la Comisi\u00f3n Catalana de Ayuda al Refugiado, la Asociaci\u00f3n Catalana para la Integraci\u00f3n de Homosexuales, Bisexuales y Transexuales Inmigrantes (ACATHI), <\/p>\n<p class=\"referencia\"> 3. Aunque el art\u00edculo se centra en personas refugiadas, hay que ser consciente que la l\u00ednea que separa lo que define a una persona refugiada y a una inmigrada puede ser muy delgada en funci\u00f3n de los contextos y de las personas, y que en cualquier caso las administraciones pueden tratar estos casos de forma indiferenciada. <\/p>\n<p class=\"referencia\"> 4. Richard Wike, Bruce Strokes, Katie Simmons. \u201cEuropeans Fear Wave of Refugees Will Mean More Terrorism, Fewer Jobs,\u201d July 11, 2016. Pew Research Center. <\/p>\n<p class=\"referencia\"> 5. Ver, por ejemplo, la octavilla <a target=\"_blank\" href=\"https:\/\/unitatcontraelfeixisme.files.wordpress.com\/2016\/06\/refugeeswelcome-octaveta-din-a5_imprimir.pdf\" rel=\"noopener\">\u00ab#RefugeesWelcome Prot\u00e9gete contra los rumores racistas\u00bb<\/a>. <\/p>\n<p class=\"referencia\"> 6.\u00a0<a target=\"_blank\" href=\"http:\/\/www.masquecifras.org\/\" rel=\"noopener\">Datos de CEAR<\/a> basados en Eurostat. <\/p>\n<p class=\"referencia\"> 7. Destaca <b>Mark Akkerman (2016). <\/b><a target=\"_blank\" href=\"http:\/\/www.centredelas.org\/images\/INFORMES_i_altres_PDF\/Guerras-de-frontera-web_corregido_web.pdf\" rel=\"noopener\"><em>Guerras de frontera. Los fabricantes y vendedores de armas que se benefician de la tragedia de los refugiados en Europa<\/em><\/a><b><em>.<\/em><\/b><b> Barcelona: Centre Del\u00e0s (por la edici\u00f3n <\/b><b>castellana).<\/b> <\/p>\n<p class=\"foto \"> \tPhotography\t: Ravaluci\u00f3. Servei Civil Internacional de Catalunya.\t <\/p>\n<p class=\"gencat\">\u00a9 Generalitat de Catalunya<\/p>\n","protected":false},"featured_media":6666,"menu_order":6,"template":"","categories":[6],"class_list":["post-6636","article","type-article","status-publish","has-post-thumbnail","hentry","category-articles-centrals"],"acf":[],"yoast_head":"<!-- This site is optimized with the Yoast SEO plugin v25.6 - https:\/\/yoast.com\/wordpress\/plugins\/seo\/ -->\n<title>Romper t\u00f3picos, recuperar relatos comunes - Revista Por la Paz<\/title>\n<meta name=\"robots\" content=\"index, follow, max-snippet:-1, max-image-preview:large, max-video-preview:-1\" \/>\n<link rel=\"canonical\" href=\"https:\/\/www.icip.cat\/perlapau\/es\/articulo\/romper-topicos-recuperar-relatos-comunes\/\" \/>\n<meta property=\"og:locale\" content=\"es_ES\" \/>\n<meta property=\"og:type\" content=\"article\" \/>\n<meta property=\"og:title\" content=\"Romper t\u00f3picos, recuperar relatos comunes - Revista Por la Paz\" \/>\n<meta property=\"og:description\" content=\"El desplazamiento forzado no es un fen\u00f3meno nuevo. Pero diversos factores invitan a reflexionar, ahora muy especialmente, sobre c\u00f3mo gestionar la acogida de las personas desplazadas, a nivel pr\u00e1ctico y con respecto a la percepci\u00f3n social. Algunos de estos factores son: la magnitud de este drama humano \u2013con la cifra de personas refugiadas y desplazadas [&hellip;]\" \/>\n<meta property=\"og:url\" content=\"https:\/\/www.icip.cat\/perlapau\/es\/articulo\/romper-topicos-recuperar-relatos-comunes\/\" \/>\n<meta property=\"og:site_name\" content=\"Revista Por la Paz\" \/>\n<meta property=\"og:image\" content=\"https:\/\/www.icip.cat\/perlapau\/wp-content\/uploads\/2022\/04\/article_central_5_2560-8-518x720.jpg\" \/>\n\t<meta property=\"og:image:width\" content=\"518\" \/>\n\t<meta property=\"og:image:height\" content=\"720\" \/>\n\t<meta property=\"og:image:type\" content=\"image\/jpeg\" \/>\n<meta name=\"twitter:card\" content=\"summary_large_image\" \/>\n<meta name=\"twitter:label1\" content=\"Tiempo de lectura\" \/>\n\t<meta name=\"twitter:data1\" content=\"8 minutos\" \/>\n<script type=\"application\/ld+json\" class=\"yoast-schema-graph\">{\"@context\":\"https:\/\/schema.org\",\"@graph\":[{\"@type\":\"WebPage\",\"@id\":\"https:\/\/www.icip.cat\/perlapau\/es\/articulo\/romper-topicos-recuperar-relatos-comunes\/\",\"url\":\"https:\/\/www.icip.cat\/perlapau\/es\/articulo\/romper-topicos-recuperar-relatos-comunes\/\",\"name\":\"Romper t\u00f3picos, recuperar relatos comunes - Revista Por la Paz\",\"isPartOf\":{\"@id\":\"https:\/\/www.icip.cat\/perlapau\/#website\"},\"primaryImageOfPage\":{\"@id\":\"https:\/\/www.icip.cat\/perlapau\/es\/articulo\/romper-topicos-recuperar-relatos-comunes\/#primaryimage\"},\"image\":{\"@id\":\"https:\/\/www.icip.cat\/perlapau\/es\/articulo\/romper-topicos-recuperar-relatos-comunes\/#primaryimage\"},\"thumbnailUrl\":\"https:\/\/www.icip.cat\/perlapau\/wp-content\/uploads\/2022\/04\/article_central_5_2560-8.jpg\",\"datePublished\":\"2022-04-07T11:19:41+00:00\",\"inLanguage\":\"es\",\"potentialAction\":[{\"@type\":\"ReadAction\",\"target\":[\"https:\/\/www.icip.cat\/perlapau\/es\/articulo\/romper-topicos-recuperar-relatos-comunes\/\"]}]},{\"@type\":\"ImageObject\",\"inLanguage\":\"es\",\"@id\":\"https:\/\/www.icip.cat\/perlapau\/es\/articulo\/romper-topicos-recuperar-relatos-comunes\/#primaryimage\",\"url\":\"https:\/\/www.icip.cat\/perlapau\/wp-content\/uploads\/2022\/04\/article_central_5_2560-8.jpg\",\"contentUrl\":\"https:\/\/www.icip.cat\/perlapau\/wp-content\/uploads\/2022\/04\/article_central_5_2560-8.jpg\",\"width\":1152,\"height\":1600},{\"@type\":\"WebSite\",\"@id\":\"https:\/\/www.icip.cat\/perlapau\/#website\",\"url\":\"https:\/\/www.icip.cat\/perlapau\/\",\"name\":\"Revista Por la Paz\",\"description\":\"La revista del Instituto Catal\u00e1n Internacional para la Paz\",\"publisher\":{\"@id\":\"https:\/\/www.icip.cat\/perlapau\/#organization\"},\"potentialAction\":[{\"@type\":\"SearchAction\",\"target\":{\"@type\":\"EntryPoint\",\"urlTemplate\":\"https:\/\/www.icip.cat\/perlapau\/?s={search_term_string}\"},\"query-input\":{\"@type\":\"PropertyValueSpecification\",\"valueRequired\":true,\"valueName\":\"search_term_string\"}}],\"inLanguage\":\"es\"},{\"@type\":\"Organization\",\"@id\":\"https:\/\/www.icip.cat\/perlapau\/#organization\",\"name\":\"Revista Por la Paz\",\"url\":\"https:\/\/www.icip.cat\/perlapau\/\",\"logo\":{\"@type\":\"ImageObject\",\"inLanguage\":\"es\",\"@id\":\"https:\/\/www.icip.cat\/perlapau\/#\/schema\/logo\/image\/\",\"url\":\"https:\/\/www.icip.cat\/perlapau\/wp-content\/uploads\/2023\/04\/ICIP_logo.jpg\",\"contentUrl\":\"https:\/\/www.icip.cat\/perlapau\/wp-content\/uploads\/2023\/04\/ICIP_logo.jpg\",\"width\":1025,\"height\":1024,\"caption\":\"Revista Por la Paz\"},\"image\":{\"@id\":\"https:\/\/www.icip.cat\/perlapau\/#\/schema\/logo\/image\/\"}}]}<\/script>\n<!-- \/ Yoast SEO plugin. -->","yoast_head_json":{"title":"Romper t\u00f3picos, recuperar relatos comunes - Revista Por la Paz","robots":{"index":"index","follow":"follow","max-snippet":"max-snippet:-1","max-image-preview":"max-image-preview:large","max-video-preview":"max-video-preview:-1"},"canonical":"https:\/\/www.icip.cat\/perlapau\/es\/articulo\/romper-topicos-recuperar-relatos-comunes\/","og_locale":"es_ES","og_type":"article","og_title":"Romper t\u00f3picos, recuperar relatos comunes - Revista Por la Paz","og_description":"El desplazamiento forzado no es un fen\u00f3meno nuevo. Pero diversos factores invitan a reflexionar, ahora muy especialmente, sobre c\u00f3mo gestionar la acogida de las personas desplazadas, a nivel pr\u00e1ctico y con respecto a la percepci\u00f3n social. Algunos de estos factores son: la magnitud de este drama humano \u2013con la cifra de personas refugiadas y desplazadas [&hellip;]","og_url":"https:\/\/www.icip.cat\/perlapau\/es\/articulo\/romper-topicos-recuperar-relatos-comunes\/","og_site_name":"Revista Por la Paz","og_image":[{"width":518,"height":720,"url":"https:\/\/www.icip.cat\/perlapau\/wp-content\/uploads\/2022\/04\/article_central_5_2560-8-518x720.jpg","type":"image\/jpeg"}],"twitter_card":"summary_large_image","twitter_misc":{"Tiempo de lectura":"8 minutos"},"schema":{"@context":"https:\/\/schema.org","@graph":[{"@type":"WebPage","@id":"https:\/\/www.icip.cat\/perlapau\/es\/articulo\/romper-topicos-recuperar-relatos-comunes\/","url":"https:\/\/www.icip.cat\/perlapau\/es\/articulo\/romper-topicos-recuperar-relatos-comunes\/","name":"Romper t\u00f3picos, recuperar relatos comunes - Revista Por la Paz","isPartOf":{"@id":"https:\/\/www.icip.cat\/perlapau\/#website"},"primaryImageOfPage":{"@id":"https:\/\/www.icip.cat\/perlapau\/es\/articulo\/romper-topicos-recuperar-relatos-comunes\/#primaryimage"},"image":{"@id":"https:\/\/www.icip.cat\/perlapau\/es\/articulo\/romper-topicos-recuperar-relatos-comunes\/#primaryimage"},"thumbnailUrl":"https:\/\/www.icip.cat\/perlapau\/wp-content\/uploads\/2022\/04\/article_central_5_2560-8.jpg","datePublished":"2022-04-07T11:19:41+00:00","inLanguage":"es","potentialAction":[{"@type":"ReadAction","target":["https:\/\/www.icip.cat\/perlapau\/es\/articulo\/romper-topicos-recuperar-relatos-comunes\/"]}]},{"@type":"ImageObject","inLanguage":"es","@id":"https:\/\/www.icip.cat\/perlapau\/es\/articulo\/romper-topicos-recuperar-relatos-comunes\/#primaryimage","url":"https:\/\/www.icip.cat\/perlapau\/wp-content\/uploads\/2022\/04\/article_central_5_2560-8.jpg","contentUrl":"https:\/\/www.icip.cat\/perlapau\/wp-content\/uploads\/2022\/04\/article_central_5_2560-8.jpg","width":1152,"height":1600},{"@type":"WebSite","@id":"https:\/\/www.icip.cat\/perlapau\/#website","url":"https:\/\/www.icip.cat\/perlapau\/","name":"Revista Por la Paz","description":"La revista del Instituto Catal\u00e1n Internacional para la Paz","publisher":{"@id":"https:\/\/www.icip.cat\/perlapau\/#organization"},"potentialAction":[{"@type":"SearchAction","target":{"@type":"EntryPoint","urlTemplate":"https:\/\/www.icip.cat\/perlapau\/?s={search_term_string}"},"query-input":{"@type":"PropertyValueSpecification","valueRequired":true,"valueName":"search_term_string"}}],"inLanguage":"es"},{"@type":"Organization","@id":"https:\/\/www.icip.cat\/perlapau\/#organization","name":"Revista Por la Paz","url":"https:\/\/www.icip.cat\/perlapau\/","logo":{"@type":"ImageObject","inLanguage":"es","@id":"https:\/\/www.icip.cat\/perlapau\/#\/schema\/logo\/image\/","url":"https:\/\/www.icip.cat\/perlapau\/wp-content\/uploads\/2023\/04\/ICIP_logo.jpg","contentUrl":"https:\/\/www.icip.cat\/perlapau\/wp-content\/uploads\/2023\/04\/ICIP_logo.jpg","width":1025,"height":1024,"caption":"Revista Por la Paz"},"image":{"@id":"https:\/\/www.icip.cat\/perlapau\/#\/schema\/logo\/image\/"}}]}},"_links":{"self":[{"href":"https:\/\/www.icip.cat\/perlapau\/es\/wp-json\/wp\/v2\/article\/6636","targetHints":{"allow":["GET"]}}],"collection":[{"href":"https:\/\/www.icip.cat\/perlapau\/es\/wp-json\/wp\/v2\/article"}],"about":[{"href":"https:\/\/www.icip.cat\/perlapau\/es\/wp-json\/wp\/v2\/types\/article"}],"wp:featuredmedia":[{"embeddable":true,"href":"https:\/\/www.icip.cat\/perlapau\/es\/wp-json\/wp\/v2\/media\/6666"}],"wp:attachment":[{"href":"https:\/\/www.icip.cat\/perlapau\/es\/wp-json\/wp\/v2\/media?parent=6636"}],"wp:term":[{"taxonomy":"category","embeddable":true,"href":"https:\/\/www.icip.cat\/perlapau\/es\/wp-json\/wp\/v2\/categories?post=6636"}],"curies":[{"name":"wp","href":"https:\/\/api.w.org\/{rel}","templated":true}]}}