{"id":6691,"date":"2022-04-07T11:20:00","date_gmt":"2022-04-07T11:20:00","guid":{"rendered":"https:\/\/www.icip.cat\/perlapau\/issue\/%issue_post%\/article\/un-tema-central-para-el-icip\/"},"modified":"2022-04-07T11:20:00","modified_gmt":"2022-04-07T11:20:00","slug":"un-tema-central-para-el-icip","status":"publish","type":"article","link":"https:\/\/www.icip.cat\/perlapau\/es\/articulo\/un-tema-central-para-el-icip\/","title":{"rendered":"Un tema central para el ICIP"},"content":{"rendered":"\n<p>                <span id=\"square\"><\/span>                <span id=\"first-word\">El siglo XX vivi\u00f3<\/span>, en el \u00e1mbito de las relaciones internacionales, un aut\u00e9ntico proceso de auge y ca\u00edda del Estado como actor principal. A lo largo del siglo la realidad del Estado se fue extendiendo como eje vertebrador que permit\u00eda entender el mundo y las relaciones que se daban. En 1920 tan s\u00f3lo 42 Estados formaban parte de la Sociedad de Naciones (el precedente de las Naciones Unidas), mientras que actualmente hay 195 Estados miembros que representan el 99% de la poblaci\u00f3n mundial<a href=\"editorial\/editorial\/#ref\"><sup>1<\/sup><\/a>. Durante muchas d\u00e9cadas, los debates sobre la pol\u00edtica internacional y el poder mundial pivotaban necesariamente en torno al papel de los Estados en relaci\u00f3n a los conflictos, la geopol\u00edtica u otros acontecimientos y todo ten\u00eda una lectura en clave estatoc\u00e9ntrica con la preeminencia de los Estados como casi los \u00fanicos actores en las relaciones internacionales.<\/p>\n<p> Pero, a lo largo del siglo XX y principios del XXI, otra realidad fue ganando terreno y el papel preeminente de los Estados en las relaciones internacionales fue perdiendo relevancia. Otros actores intergubernamentales o internacionales, como las organizaciones internacionales (Naciones Unidas, Fondo Monetario Internacional, Uni\u00f3n Europea&#8230;) y tambi\u00e9n actores privados empezaron a ganar terreno en las diferentes esferas de poder poniendo en cuesti\u00f3n el estatocentrismo vigente. A modo de ejemplo, en 2016 la compa\u00f1\u00eda con m\u00e1s ingresos del mundo, Walmart, superaba el PIB de la 24\u00aa econom\u00eda del planeta, B\u00e9lgica. Y lo que tambi\u00e9n hab\u00eda sido, en apariencia, patrimonio exclusivo de los estados &#8211; la protecci\u00f3n, y al mismo tiempo la violaci\u00f3n, de los derechos humanos &#8211; hab\u00eda pasado del mismo modo a manos de otros actores como las grandes corporaciones. <\/p>\n<p> Desde sus inicios el ICIP se ha interesado por esta evoluci\u00f3n y por la importancia del papel de las empresas en todo aquello relacionado con los conflictos y la paz. Desde el programa de actuaci\u00f3n \u201cConflictos Armados, Derecho y Justicia\u201d este inter\u00e9s ha quedado patente de diversas maneras. El m\u00e1s evidente ha sido el proceso de creaci\u00f3n de la red internacional de investigaci\u00f3n sobre el papel de las empresas en los conflictos armados y la violaci\u00f3n de los derechos humanos (<a href=\"https:\/\/www.networkbchr.org\/\" target=\"_blank\" rel=\"noopener\">BCHR Network<\/a>, por sus siglas en ingl\u00e9s). Ya en octubre de 2011, el ICIP convoc\u00f3 una primera conferencia en Barcelona, dedicada a analizar el papel y las responsabilidades de las empresas en situaciones de conflicto como agenda emergente de investigaci\u00f3n. La conferencia se centr\u00f3 en el papel de las empresas en relaci\u00f3n a tres centros de inter\u00e9s: el mercado de armas internacional; la provisi\u00f3n de servicios militares y de seguridad; y el segmento del sector privado, ya sea nacional o multinacional, que \u00abhace negocios\u00bb en zonas en conflicto, en particular en relaci\u00f3n con la explotaci\u00f3n y el comercio l\u00edcito o il\u00edcito de los recursos naturales. <\/p>\n<p>\t\t\t\t\t\t\t\t<cite class=\"cita-right\">                \t                La creaci\u00f3n de la red internacional de investigaci\u00f3n BCHR demuestra el inter\u00e9s del ICIP por la relaci\u00f3n entre empresas y derechos humanos\t\t\t\t<\/cite>\t\t\t\t<\/p>\n<p> Dos a\u00f1os m\u00e1s tarde, en enero 2013, se llev\u00f3 a cabo una segunda conferencia tambi\u00e9n en Barcelona. Los participantes mostraron un gran inter\u00e9s en la creaci\u00f3n de una red que se centrar\u00eda en tres grandes dimensiones y sus conexiones: las empresas, los conflictos y los derechos humanos. Su principal contribuci\u00f3n tendr\u00eda que ser vincular y potenciar los conocimientos aportados fundamentalmente desde la academia y desde las organizaciones no gubernamentales. <\/p>\n<p> La tercera conferencia tuvo lugar en noviembre de 2014 en Londres, con el apoyo de Amnist\u00eda Internacional. En esta ocasi\u00f3n, se present\u00f3 y discuti\u00f3 un borrador del documento fundacional de la red. Tambi\u00e9n se acord\u00f3 la creaci\u00f3n de la <a href=\"http:\/\/www.networkbchr.org\/\" target=\"_blank\" rel=\"noopener\">p\u00e1gina web<\/a> y de un <a href=\"http:\/\/www.networkbchr.org\/news\" target=\"_blank\" rel=\"noopener\">bolet\u00edn mensual<\/a>, as\u00ed como la apertura de un procedimiento de inscripci\u00f3n a la red. <\/p>\n<p> La cuarta conferencia, que tuvo lugar en Ginebra en noviembre de 2015 con el apoyo del Centro de Ginebra para el Control Democr\u00e1tico de las Fuerzas Armadas (DCAF), formaliz\u00f3 la fundaci\u00f3n de la Red Internacional sobre Empresas, Conflictos y Derechos Humanos (BCHR) como espacio que busca fortalecer los lazos entre los investigadores que trabajan en estos temas a partir de una variedad de disciplinas, as\u00ed como entre los investigadores y las organizaciones de la sociedad civil. Las principales actividades que pretende desarrollar la red son: a) celebrar una conferencia anual; b) compartir informaci\u00f3n y resultados de la investigaci\u00f3n fomentando el intercambio de informaci\u00f3n entre los miembros de la red y con el p\u00fablico en general; c) impulsar proyectos de investigaci\u00f3n conjunta entre los miembros y \/ o en colaboraci\u00f3n con otras organizaciones; y d) llevar a cabo otras actividades como la organizaci\u00f3n de conferencias, acontecimientos, cursos, seminarios o publicaciones. <\/p>\n<p> Finalmente, en noviembre de 2016 tuvo lugar, tambi\u00e9n en Ginebra y de nuevo con el apoyo de DCAF, la quinta de las conferencias de la red. Se han confirmado cuatro grupos de trabajo abiertos, centrados, respectivamente en los temas de empresas privadas militares y de seguridad; derechos sobre la tierra y conflictos sociales; empresas y construcci\u00f3n de paz, y comercio de armas. En estos momentos la red cuenta con 159 personas inscritas, de 26 pa\u00edses y que pertenecen a 129 instituciones diferentes, y tiene el potencial para convertirse en un espacio de debate y de generaci\u00f3n de conocimiento enormemente provechoso en torno a unos problemas que est\u00e1n tomando una dimensi\u00f3n muy importante en la caracterizaci\u00f3n de los conflictos actuales. <\/p>\n<p>                                <cite class=\"cita-right\">                \t                BCHR tiene el potencial por convertirse en un espacio de debate y de generaci\u00f3n de conocimiento enormemente provechoso\t\t\t\t<\/cite>\t\t\t\t\t\t\t\t<\/p>\n<p> Otro ejemplo del compromiso del ICIP con el estudio del papel de las empresas es esta propia revista que ahora, por cuarta vez, trata temas relacionados con el mundo empresarial: en 2011 ya lo hizo con el n\u00famero dedicado a <a href=\"http:\/\/www.icip-perlapau.cat\/revista-cas\/numero-9-julio-2011\/\" target=\"_blank\" rel=\"noopener\">\u201cEmpresas militares y de seguridad privada\u201d<\/a>; en 2012, con el t\u00edtulo <a href=\"http:\/\/www.icip-perlapau.cat\/revista-cas\/numero-14-septiembre-2012\/\" target=\"_blank\" rel=\"noopener\">\u201cEmpresas y conflictos\u201d<\/a>y en 2013, con el n\u00famero <a href=\"http:\/\/www.icip-perlapau.cat\/revista-cas\/numero-18-noviembre-2013\/\" target=\"_blank\" rel=\"noopener\">\u201cConflictos por los recursos\u201d<\/a>. En la edici\u00f3n que presentamos ahora nos centramos en la relaci\u00f3n entre empresas y derechos humanos. En el primer art\u00edculo, Nomonde Nyembe y Khuraisha Patel repasan el proceso de creaci\u00f3n de un tratado vinculante destinado a regular las actividades de las empresas en este \u00e1mbito, seguidamente, Claire Methven O\u2019Brien hace balance de los llamados Planes de Acci\u00f3n Nacionales sobre Empresa y Derechos Humanos aprobados por una decena de pa\u00edses. Los dos art\u00edculos siguientes pretenden ser la cara y la cruz: Richard Karmel aborda la oportunidad que representa para las empresas la inclusi\u00f3n de los derechos humanos en su funcionamiento y Rafael Maldonado nos presenta los casos de defensores de derechos humanos amenazados por actividades empresariales en Guatemala. Este art\u00edculo refleja, en particular, la gravedad de la situaci\u00f3n en Guatemala en donde aquellos que se enfrentan a los grandes proyectos extractivos mineros, que disfrutan del apoyo del gobierno del pa\u00eds, viven en peligro. En el \u00faltimo art\u00edculo, ya en clave m\u00e1s local, Michella Albarello nos habla del \u201ccamino catal\u00e1n\u201d hacia la aprobaci\u00f3n de un centro de estudio y evaluaci\u00f3n sobre los impactos de las empresas catalanas con inversiones en el exterior. <\/p>\n<p> El monogr\u00e1fico lo acabamos con una entrevista con Shawna Bader-Blau Executive, directora ejecutiva de Solidarity Center, una ONG internacional dedicada a la formaci\u00f3n y mejora de las condiciones laborales por todo el mundo, especialmente en los pa\u00edses en desarrollo. Tambi\u00e9n hemos incluido, en el apartado \u201cRecomendamos\u201d, una serie de recursos que permiten profundizar la relaci\u00f3n entre las empresas y la protecci\u00f3n y\/o violaci\u00f3n de los derechos humanos. <\/p>\n<p> Para acabar, la revista se completa con dos art\u00edculos de opini\u00f3n en el apartado \u201cTribuna\u201d. Por una parte, Jordi Palou-Loverdos conmemora los 20 a\u00f1os del asesinato de misioneros catalanes en Ruanda y, por otra parte, Virginia Mazuela nos habla de la trayectoria de la ONG Brigadas Internacionales de Paz, ganadora del Premio ICIP Constructores de Paz 2016, por su protecci\u00f3n a los defensores de los derechos humanos. <\/p>\n<p id=\"ref\" class=\"referencia first-reference\"> 1. Hay 10 estados m\u00e1s sin reconocimiento internacional y 39 territorios dependientes. <\/p>\n<p class=\"foto\"> Fotograf\u00eda\t\t: Conferencia anual de BCHR Network, 2016 (Ginebra)\t <\/p>\n<p class=\"gencat\">\u00a9 Generalitat de Catalunya<\/p>\n","protected":false},"featured_media":6714,"menu_order":0,"template":"","categories":[4],"class_list":["post-6691","article","type-article","status-publish","has-post-thumbnail","hentry","category-introduccio"],"acf":[],"yoast_head":"<!-- This site is optimized with the Yoast SEO plugin v25.6 - https:\/\/yoast.com\/wordpress\/plugins\/seo\/ -->\n<title>Un tema central para el ICIP - Revista Por la Paz<\/title>\n<meta name=\"robots\" content=\"index, follow, max-snippet:-1, max-image-preview:large, max-video-preview:-1\" \/>\n<link rel=\"canonical\" href=\"https:\/\/www.icip.cat\/perlapau\/es\/articulo\/un-tema-central-para-el-icip\/\" \/>\n<meta property=\"og:locale\" content=\"es_ES\" \/>\n<meta property=\"og:type\" content=\"article\" \/>\n<meta property=\"og:title\" content=\"Un tema central para el ICIP - Revista Por la Paz\" \/>\n<meta property=\"og:description\" content=\"El siglo XX vivi\u00f3, en el \u00e1mbito de las relaciones internacionales, un aut\u00e9ntico proceso de auge y ca\u00edda del Estado como actor principal. A lo largo del siglo la realidad del Estado se fue extendiendo como eje vertebrador que permit\u00eda entender el mundo y las relaciones que se daban. En 1920 tan s\u00f3lo 42 Estados [&hellip;]\" \/>\n<meta property=\"og:url\" content=\"https:\/\/www.icip.cat\/perlapau\/es\/articulo\/un-tema-central-para-el-icip\/\" \/>\n<meta property=\"og:site_name\" content=\"Revista Por la Paz\" \/>\n<meta property=\"og:image\" content=\"https:\/\/www.icip.cat\/perlapau\/wp-content\/uploads\/2022\/04\/editorial_2560-11-518x720.jpg\" \/>\n\t<meta property=\"og:image:width\" content=\"518\" \/>\n\t<meta property=\"og:image:height\" content=\"720\" \/>\n\t<meta property=\"og:image:type\" content=\"image\/jpeg\" \/>\n<meta name=\"twitter:card\" content=\"summary_large_image\" \/>\n<meta name=\"twitter:label1\" content=\"Tiempo de lectura\" \/>\n\t<meta name=\"twitter:data1\" content=\"7 minutos\" \/>\n<script type=\"application\/ld+json\" class=\"yoast-schema-graph\">{\"@context\":\"https:\/\/schema.org\",\"@graph\":[{\"@type\":\"WebPage\",\"@id\":\"https:\/\/www.icip.cat\/perlapau\/es\/articulo\/un-tema-central-para-el-icip\/\",\"url\":\"https:\/\/www.icip.cat\/perlapau\/es\/articulo\/un-tema-central-para-el-icip\/\",\"name\":\"Un tema central para el ICIP - Revista Por la Paz\",\"isPartOf\":{\"@id\":\"https:\/\/www.icip.cat\/perlapau\/#website\"},\"primaryImageOfPage\":{\"@id\":\"https:\/\/www.icip.cat\/perlapau\/es\/articulo\/un-tema-central-para-el-icip\/#primaryimage\"},\"image\":{\"@id\":\"https:\/\/www.icip.cat\/perlapau\/es\/articulo\/un-tema-central-para-el-icip\/#primaryimage\"},\"thumbnailUrl\":\"https:\/\/www.icip.cat\/perlapau\/wp-content\/uploads\/2022\/04\/editorial_2560-11.jpg\",\"datePublished\":\"2022-04-07T11:20:00+00:00\",\"inLanguage\":\"es\",\"potentialAction\":[{\"@type\":\"ReadAction\",\"target\":[\"https:\/\/www.icip.cat\/perlapau\/es\/articulo\/un-tema-central-para-el-icip\/\"]}]},{\"@type\":\"ImageObject\",\"inLanguage\":\"es\",\"@id\":\"https:\/\/www.icip.cat\/perlapau\/es\/articulo\/un-tema-central-para-el-icip\/#primaryimage\",\"url\":\"https:\/\/www.icip.cat\/perlapau\/wp-content\/uploads\/2022\/04\/editorial_2560-11.jpg\",\"contentUrl\":\"https:\/\/www.icip.cat\/perlapau\/wp-content\/uploads\/2022\/04\/editorial_2560-11.jpg\",\"width\":1152,\"height\":1600},{\"@type\":\"WebSite\",\"@id\":\"https:\/\/www.icip.cat\/perlapau\/#website\",\"url\":\"https:\/\/www.icip.cat\/perlapau\/\",\"name\":\"Revista Por la Paz\",\"description\":\"La revista del Instituto Catal\u00e1n Internacional para la Paz\",\"publisher\":{\"@id\":\"https:\/\/www.icip.cat\/perlapau\/#organization\"},\"potentialAction\":[{\"@type\":\"SearchAction\",\"target\":{\"@type\":\"EntryPoint\",\"urlTemplate\":\"https:\/\/www.icip.cat\/perlapau\/?s={search_term_string}\"},\"query-input\":{\"@type\":\"PropertyValueSpecification\",\"valueRequired\":true,\"valueName\":\"search_term_string\"}}],\"inLanguage\":\"es\"},{\"@type\":\"Organization\",\"@id\":\"https:\/\/www.icip.cat\/perlapau\/#organization\",\"name\":\"Revista Por la Paz\",\"url\":\"https:\/\/www.icip.cat\/perlapau\/\",\"logo\":{\"@type\":\"ImageObject\",\"inLanguage\":\"es\",\"@id\":\"https:\/\/www.icip.cat\/perlapau\/#\/schema\/logo\/image\/\",\"url\":\"https:\/\/www.icip.cat\/perlapau\/wp-content\/uploads\/2023\/04\/ICIP_logo.jpg\",\"contentUrl\":\"https:\/\/www.icip.cat\/perlapau\/wp-content\/uploads\/2023\/04\/ICIP_logo.jpg\",\"width\":1025,\"height\":1024,\"caption\":\"Revista Por la Paz\"},\"image\":{\"@id\":\"https:\/\/www.icip.cat\/perlapau\/#\/schema\/logo\/image\/\"}}]}<\/script>\n<!-- \/ Yoast SEO plugin. -->","yoast_head_json":{"title":"Un tema central para el ICIP - Revista Por la Paz","robots":{"index":"index","follow":"follow","max-snippet":"max-snippet:-1","max-image-preview":"max-image-preview:large","max-video-preview":"max-video-preview:-1"},"canonical":"https:\/\/www.icip.cat\/perlapau\/es\/articulo\/un-tema-central-para-el-icip\/","og_locale":"es_ES","og_type":"article","og_title":"Un tema central para el ICIP - Revista Por la Paz","og_description":"El siglo XX vivi\u00f3, en el \u00e1mbito de las relaciones internacionales, un aut\u00e9ntico proceso de auge y ca\u00edda del Estado como actor principal. A lo largo del siglo la realidad del Estado se fue extendiendo como eje vertebrador que permit\u00eda entender el mundo y las relaciones que se daban. En 1920 tan s\u00f3lo 42 Estados [&hellip;]","og_url":"https:\/\/www.icip.cat\/perlapau\/es\/articulo\/un-tema-central-para-el-icip\/","og_site_name":"Revista Por la Paz","og_image":[{"width":518,"height":720,"url":"https:\/\/www.icip.cat\/perlapau\/wp-content\/uploads\/2022\/04\/editorial_2560-11-518x720.jpg","type":"image\/jpeg"}],"twitter_card":"summary_large_image","twitter_misc":{"Tiempo de lectura":"7 minutos"},"schema":{"@context":"https:\/\/schema.org","@graph":[{"@type":"WebPage","@id":"https:\/\/www.icip.cat\/perlapau\/es\/articulo\/un-tema-central-para-el-icip\/","url":"https:\/\/www.icip.cat\/perlapau\/es\/articulo\/un-tema-central-para-el-icip\/","name":"Un tema central para el ICIP - Revista Por la Paz","isPartOf":{"@id":"https:\/\/www.icip.cat\/perlapau\/#website"},"primaryImageOfPage":{"@id":"https:\/\/www.icip.cat\/perlapau\/es\/articulo\/un-tema-central-para-el-icip\/#primaryimage"},"image":{"@id":"https:\/\/www.icip.cat\/perlapau\/es\/articulo\/un-tema-central-para-el-icip\/#primaryimage"},"thumbnailUrl":"https:\/\/www.icip.cat\/perlapau\/wp-content\/uploads\/2022\/04\/editorial_2560-11.jpg","datePublished":"2022-04-07T11:20:00+00:00","inLanguage":"es","potentialAction":[{"@type":"ReadAction","target":["https:\/\/www.icip.cat\/perlapau\/es\/articulo\/un-tema-central-para-el-icip\/"]}]},{"@type":"ImageObject","inLanguage":"es","@id":"https:\/\/www.icip.cat\/perlapau\/es\/articulo\/un-tema-central-para-el-icip\/#primaryimage","url":"https:\/\/www.icip.cat\/perlapau\/wp-content\/uploads\/2022\/04\/editorial_2560-11.jpg","contentUrl":"https:\/\/www.icip.cat\/perlapau\/wp-content\/uploads\/2022\/04\/editorial_2560-11.jpg","width":1152,"height":1600},{"@type":"WebSite","@id":"https:\/\/www.icip.cat\/perlapau\/#website","url":"https:\/\/www.icip.cat\/perlapau\/","name":"Revista Por la Paz","description":"La revista del Instituto Catal\u00e1n Internacional para la Paz","publisher":{"@id":"https:\/\/www.icip.cat\/perlapau\/#organization"},"potentialAction":[{"@type":"SearchAction","target":{"@type":"EntryPoint","urlTemplate":"https:\/\/www.icip.cat\/perlapau\/?s={search_term_string}"},"query-input":{"@type":"PropertyValueSpecification","valueRequired":true,"valueName":"search_term_string"}}],"inLanguage":"es"},{"@type":"Organization","@id":"https:\/\/www.icip.cat\/perlapau\/#organization","name":"Revista Por la Paz","url":"https:\/\/www.icip.cat\/perlapau\/","logo":{"@type":"ImageObject","inLanguage":"es","@id":"https:\/\/www.icip.cat\/perlapau\/#\/schema\/logo\/image\/","url":"https:\/\/www.icip.cat\/perlapau\/wp-content\/uploads\/2023\/04\/ICIP_logo.jpg","contentUrl":"https:\/\/www.icip.cat\/perlapau\/wp-content\/uploads\/2023\/04\/ICIP_logo.jpg","width":1025,"height":1024,"caption":"Revista Por la Paz"},"image":{"@id":"https:\/\/www.icip.cat\/perlapau\/#\/schema\/logo\/image\/"}}]}},"_links":{"self":[{"href":"https:\/\/www.icip.cat\/perlapau\/es\/wp-json\/wp\/v2\/article\/6691","targetHints":{"allow":["GET"]}}],"collection":[{"href":"https:\/\/www.icip.cat\/perlapau\/es\/wp-json\/wp\/v2\/article"}],"about":[{"href":"https:\/\/www.icip.cat\/perlapau\/es\/wp-json\/wp\/v2\/types\/article"}],"wp:featuredmedia":[{"embeddable":true,"href":"https:\/\/www.icip.cat\/perlapau\/es\/wp-json\/wp\/v2\/media\/6714"}],"wp:attachment":[{"href":"https:\/\/www.icip.cat\/perlapau\/es\/wp-json\/wp\/v2\/media?parent=6691"}],"wp:term":[{"taxonomy":"category","embeddable":true,"href":"https:\/\/www.icip.cat\/perlapau\/es\/wp-json\/wp\/v2\/categories?post=6691"}],"curies":[{"name":"wp","href":"https:\/\/api.w.org\/{rel}","templated":true}]}}