{"id":6760,"date":"2022-04-07T11:21:30","date_gmt":"2022-04-07T11:21:30","guid":{"rendered":"https:\/\/www.icip.cat\/perlapau\/issue\/%issue_post%\/article\/las-comisiones-de-la-verdad-su-rol-a-debate\/"},"modified":"2022-04-07T11:21:30","modified_gmt":"2022-04-07T11:21:30","slug":"las-comisiones-de-la-verdad-su-rol-a-debate","status":"publish","type":"article","link":"https:\/\/www.icip.cat\/perlapau\/es\/articulo\/las-comisiones-de-la-verdad-su-rol-a-debate\/","title":{"rendered":"Las Comisiones de la Verdad, su rol a debate"},"content":{"rendered":"\n<p>                <span id=\"square\"><\/span>                <span id=\"first-word\">Despu\u00e9s de una \u00e9poca de desmesurada y sistem\u00e1tica violencia<\/span> propia de reg\u00edmenes dictatoriales o autoritarios, conflictos armados y guerras civiles, y caracterizada por graves violaciones de derechos humanos y del derecho internacional humanitario, muchas sociedades reivindican que los Estados tienen el deber, pol\u00edtico y moral, de proporcionar informaci\u00f3n y activar los mecanismos para aclarar la verdad de los hechos y los responsables, as\u00ed como la obligaci\u00f3n correlativa de garantizar la no repetici\u00f3n de los actos violentos a trav\u00e9s de esta construcci\u00f3n del hilo narrativo y de la consecuente reparaci\u00f3n a las v\u00edctimas. Asimismo, reconocer a las v\u00edctimas como sujetos de derechos y darles voz es elemental para transmitir al resto de la sociedad cuales han sido los hechos sucedidos y la magnitud de los mismos. \u00a0 \u00a0<\/p>\n<p> El esclarecimiento de la verdad constituye una de las reclamaciones compartidas por las v\u00edctimas y, en el marco de justicia transicional, el establecimiento de una Comisi\u00f3n de la Verdad puede responder a esta necesidad de hacer frente a un pasado doloroso y activar el inicio de un largo proceso de reconstrucci\u00f3n del estado de derecho y de camino hacia la reconciliaci\u00f3n en sociedades fragmentadas por la violencia. \u00a0 <\/p>\n<p> Las Comisiones de la Verdad han constituido una poderosa herramienta para investigar graves violaciones de los derechos humanos y, en la actualidad, se cuenta con un legado de m\u00e1s de 40 comisiones por todo el mundo. Se constituyen como \u00f3rganos de investigaci\u00f3n oficialmente autorizados, de car\u00e1cter temporal y no judicial, disponen de un plazo prefijado para tomar declaraciones, realizar investigaciones a trav\u00e9s de testimonios y recolecci\u00f3n de documentos, y celebrar audiencias p\u00fablicas o privadas, antes de ultimar el proceso con la publicaci\u00f3n de un informe. Aunque no se estructuran como sustituto de la acci\u00f3n judicial, resultan una posibilidad de explicar el pasado y de minorar una posible laguna de impunidad, ya que los informes resultantes pueden servir para posteriores procesos judiciales, procesos de reparaciones y para emprender la reforma de las instituciones. <\/p>\n<p>\t\t\t\t\t\t\t\t<cite class=\"cita-center\">                                                El establecimiento de una Comisi\u00f3n de la Verdad puede responder a la necesidad de hacer frente a un pasado doloroso y activar el inicio del proceso de reconstrucci\u00f3n y reconciliaci\u00f3n                <\/cite>\t\t\t\t<\/p>\n<p> No obstante, las Comisiones de la Verdad tambi\u00e9n son un instrumento de justicia transicional que se ti\u00f1e de debilidades, de retos y desaf\u00edos significativos y que a menudo presupone ambiciosos objetivos que pueden llegar a cuestionar su eficacia como herramienta de construcci\u00f3n de paz. El debate abierto sobre c\u00f3mo conciliar paz y justicia y, en definitiva, sobre c\u00f3mo rendir cuentas con el pasado para aquellos que han cometido delitos y vulneraciones de derechos humanos, se convierte en una de las controversias que demuestran c\u00f3mo las Comisiones de la Verdad pueden nacer con fuertes limitaciones en su alcance real. <\/p>\n<p> Para reflexionar sobre algunas de estas cuestiones os presentamos un nuevo monogr\u00e1fico de la revista <em>Por la Paz<\/em>. Ya en el primer art\u00edculo, la investigadora Cath Collins cuestiona la idea misma de <em>verdad, <\/em>y se pregunta sobre cu\u00e1l es su prop\u00f3sito espec\u00edficamente social. En este sentido, destaca la importancia de definir los l\u00edmites de lo que se considera la narraci\u00f3n de la verdad, para evitar una guerra de palabras y significados, y para hacer de esta una oportunidad real de nuevos caminos pac\u00edficos. <\/p>\n<p> Asimismo, con la inquietud de preguntarse sobre el impacto real de las Comisiones de la Verdad, Carlos Fern\u00e1ndez Torn\u00e9 escribe el segundo art\u00edculo en el que hace un recorrido por la literatura acad\u00e9mica que ha evaluado, tanto cuantitativamente como cualitativamente, las consecuencias de las comisiones mediante indicadores de resultados en materia de democracia y derechos humanos. El investigador expone que la evaluaci\u00f3n se tiene que hacer a trav\u00e9s del an\u00e1lisis del proceso, de la rendici\u00f3n de cuentas de los gobiernos, ya que se alza como una necesidad que el aparato estatal cuente con una apertura real que permita afinar la sensibilidad hacia las demandas de la sociedad civil, en general, y de las v\u00edctimas, en particular. <\/p>\n<p>                                <cite class=\"cita-center\">                                                Las Comisiones de la Verdad tambi\u00e9n afrontan limitaciones y desaf\u00edos, fruto del debate abierto sobre c\u00f3mo conciliar paz y justicia                <\/cite>                                <\/p>\n<p> No obstante, en ocasiones, la b\u00fasqueda de la verdad no llega a materializarse y se reduce a una necesidad insatisfecha de las v\u00edctimas y familiares porque desde instancias gubernamentales se renuncia expl\u00edcitamente a la investigaci\u00f3n de los cr\u00edmenes cometidos. Este es el caso de Espa\u00f1a, tal como lo expone Jaime Ruiz, presidente de la Plataforma por la Comisi\u00f3n de la Verdad sobre los Cr\u00edmenes del Franquismo. En los art\u00edculos que le siguen, nos adentramos en el desarrollo de dos casos muy diferentes. Por una parte, avistamos de la mano de Alejandro Valencia, abogado y consultor en derechos humanos, los desaf\u00edos que plantea en la conformaci\u00f3n, estructuraci\u00f3n y funcionamiento, la reci\u00e9n creada Comisi\u00f3n de la Verdad en Colombia prevista en los acuerdos de paz entre el gobierno y las FARC firmados el oto\u00f1o pasado. A su vez, el periodista Ricard Gonzalez presenta las contribuciones que la actual Instancia de la Verdad y la Dignidad de T\u00fanez ha aportado a la doctrina de la justicia transicional. Sin embargo, tambi\u00e9n expone un escenario incierto con respecto al cumplimiento de los ambiciosos objetivos marcados inicialmente. <\/p>\n<p> Para acabar, a trav\u00e9s de una entrevista, conocemos la visi\u00f3n de la activista en defensa de los derechos humanos Helen Mack, de lo que ha significado la Comisi\u00f3n de la Verdad en Guatemala para las v\u00edctimas del conflicto. Su testimonio nos aproxima as\u00ed a la lucha de miles de personas de todo el mundo que est\u00e1n sufriendo una victimizaci\u00f3n secundaria por parte de un modelo continuista de Estado que no ha conseguido proporcionar la reparaci\u00f3n que necesitan y que, contrariamente, las ha invisibilizado constantemente. \u00a0 <\/p>\n<p> Este monogr\u00e1fico busca recoger una diversidad de perspectivas en relaci\u00f3n a la utilidad, las limitaciones y las oportunidades de las Comisiones de la Verdad a trav\u00e9s de la mirada de personas con diferente bagaje personal y profesional que han analizado y conocido contextos o comisiones con unas particularidades \u00fanicas. Es por este motivo que el conjunto de art\u00edculos pretende convertirse en una herramienta de reflexi\u00f3n sobre la capacidad de las Comisiones de la Verdad para transformar un conflicto, aclarar los hechos del pasado, reconocer responsabilidades, reconstruir la confianza hacia las estructuras del Estado, trabajar en favor del perd\u00f3n, la reconciliaci\u00f3n o la convivencia pac\u00edfica, y avanzar as\u00ed hacia la opci\u00f3n m\u00e1s justa y m\u00e1s eficaz para dar respuesta a las voces y los pa\u00edses que la reclaman. <\/p>\n<p id=\"ref\" class=\"referencia first-reference\">\n<p class=\"foto\"> <a href=\"https:\/\/commons.wikimedia.org\/wiki\/File:Museo_memoria_sala_DDHH.JPG\" target=\"_blank\" rel=\"noopener\">Fotograf\u00eda\t<\/a>\t: Warko\t <\/p>\n<p class=\"gencat\">\u00a9 Generalitat de Catalunya<\/p>\n","protected":false},"featured_media":6783,"menu_order":0,"template":"","categories":[4],"class_list":["post-6760","article","type-article","status-publish","has-post-thumbnail","hentry","category-introduccio"],"acf":[],"yoast_head":"<!-- This site is optimized with the Yoast SEO plugin v25.6 - https:\/\/yoast.com\/wordpress\/plugins\/seo\/ -->\n<title>Las Comisiones de la Verdad, su rol a debate - Revista Por la Paz<\/title>\n<meta name=\"robots\" content=\"index, follow, max-snippet:-1, max-image-preview:large, max-video-preview:-1\" \/>\n<link rel=\"canonical\" href=\"https:\/\/www.icip.cat\/perlapau\/es\/articulo\/las-comisiones-de-la-verdad-su-rol-a-debate\/\" \/>\n<meta property=\"og:locale\" content=\"es_ES\" \/>\n<meta property=\"og:type\" content=\"article\" \/>\n<meta property=\"og:title\" content=\"Las Comisiones de la Verdad, su rol a debate - Revista Por la Paz\" \/>\n<meta property=\"og:description\" content=\"Despu\u00e9s de una \u00e9poca de desmesurada y sistem\u00e1tica violencia propia de reg\u00edmenes dictatoriales o autoritarios, conflictos armados y guerras civiles, y caracterizada por graves violaciones de derechos humanos y del derecho internacional humanitario, muchas sociedades reivindican que los Estados tienen el deber, pol\u00edtico y moral, de proporcionar informaci\u00f3n y activar los mecanismos para aclarar la [&hellip;]\" \/>\n<meta property=\"og:url\" content=\"https:\/\/www.icip.cat\/perlapau\/es\/articulo\/las-comisiones-de-la-verdad-su-rol-a-debate\/\" \/>\n<meta property=\"og:site_name\" content=\"Revista Por la Paz\" \/>\n<meta property=\"og:image\" content=\"https:\/\/www.icip.cat\/perlapau\/wp-content\/uploads\/2022\/04\/editorial_2560-12-518x720.jpg\" \/>\n\t<meta property=\"og:image:width\" content=\"518\" \/>\n\t<meta property=\"og:image:height\" content=\"720\" \/>\n\t<meta property=\"og:image:type\" content=\"image\/jpeg\" \/>\n<meta name=\"twitter:card\" content=\"summary_large_image\" \/>\n<meta name=\"twitter:label1\" content=\"Tiempo de lectura\" \/>\n\t<meta name=\"twitter:data1\" content=\"6 minutos\" \/>\n<script type=\"application\/ld+json\" class=\"yoast-schema-graph\">{\"@context\":\"https:\/\/schema.org\",\"@graph\":[{\"@type\":\"WebPage\",\"@id\":\"https:\/\/www.icip.cat\/perlapau\/es\/articulo\/las-comisiones-de-la-verdad-su-rol-a-debate\/\",\"url\":\"https:\/\/www.icip.cat\/perlapau\/es\/articulo\/las-comisiones-de-la-verdad-su-rol-a-debate\/\",\"name\":\"Las Comisiones de la Verdad, su rol a debate - Revista Por la Paz\",\"isPartOf\":{\"@id\":\"https:\/\/www.icip.cat\/perlapau\/#website\"},\"primaryImageOfPage\":{\"@id\":\"https:\/\/www.icip.cat\/perlapau\/es\/articulo\/las-comisiones-de-la-verdad-su-rol-a-debate\/#primaryimage\"},\"image\":{\"@id\":\"https:\/\/www.icip.cat\/perlapau\/es\/articulo\/las-comisiones-de-la-verdad-su-rol-a-debate\/#primaryimage\"},\"thumbnailUrl\":\"https:\/\/www.icip.cat\/perlapau\/wp-content\/uploads\/2022\/04\/editorial_2560-12.jpg\",\"datePublished\":\"2022-04-07T11:21:30+00:00\",\"inLanguage\":\"es\",\"potentialAction\":[{\"@type\":\"ReadAction\",\"target\":[\"https:\/\/www.icip.cat\/perlapau\/es\/articulo\/las-comisiones-de-la-verdad-su-rol-a-debate\/\"]}]},{\"@type\":\"ImageObject\",\"inLanguage\":\"es\",\"@id\":\"https:\/\/www.icip.cat\/perlapau\/es\/articulo\/las-comisiones-de-la-verdad-su-rol-a-debate\/#primaryimage\",\"url\":\"https:\/\/www.icip.cat\/perlapau\/wp-content\/uploads\/2022\/04\/editorial_2560-12.jpg\",\"contentUrl\":\"https:\/\/www.icip.cat\/perlapau\/wp-content\/uploads\/2022\/04\/editorial_2560-12.jpg\",\"width\":1152,\"height\":1600},{\"@type\":\"WebSite\",\"@id\":\"https:\/\/www.icip.cat\/perlapau\/#website\",\"url\":\"https:\/\/www.icip.cat\/perlapau\/\",\"name\":\"Revista Por la Paz\",\"description\":\"La revista del Instituto Catal\u00e1n Internacional para la Paz\",\"publisher\":{\"@id\":\"https:\/\/www.icip.cat\/perlapau\/#organization\"},\"potentialAction\":[{\"@type\":\"SearchAction\",\"target\":{\"@type\":\"EntryPoint\",\"urlTemplate\":\"https:\/\/www.icip.cat\/perlapau\/?s={search_term_string}\"},\"query-input\":{\"@type\":\"PropertyValueSpecification\",\"valueRequired\":true,\"valueName\":\"search_term_string\"}}],\"inLanguage\":\"es\"},{\"@type\":\"Organization\",\"@id\":\"https:\/\/www.icip.cat\/perlapau\/#organization\",\"name\":\"Revista Por la Paz\",\"url\":\"https:\/\/www.icip.cat\/perlapau\/\",\"logo\":{\"@type\":\"ImageObject\",\"inLanguage\":\"es\",\"@id\":\"https:\/\/www.icip.cat\/perlapau\/#\/schema\/logo\/image\/\",\"url\":\"https:\/\/www.icip.cat\/perlapau\/wp-content\/uploads\/2023\/04\/ICIP_logo.jpg\",\"contentUrl\":\"https:\/\/www.icip.cat\/perlapau\/wp-content\/uploads\/2023\/04\/ICIP_logo.jpg\",\"width\":1025,\"height\":1024,\"caption\":\"Revista Por la Paz\"},\"image\":{\"@id\":\"https:\/\/www.icip.cat\/perlapau\/#\/schema\/logo\/image\/\"}}]}<\/script>\n<!-- \/ Yoast SEO plugin. -->","yoast_head_json":{"title":"Las Comisiones de la Verdad, su rol a debate - Revista Por la Paz","robots":{"index":"index","follow":"follow","max-snippet":"max-snippet:-1","max-image-preview":"max-image-preview:large","max-video-preview":"max-video-preview:-1"},"canonical":"https:\/\/www.icip.cat\/perlapau\/es\/articulo\/las-comisiones-de-la-verdad-su-rol-a-debate\/","og_locale":"es_ES","og_type":"article","og_title":"Las Comisiones de la Verdad, su rol a debate - Revista Por la Paz","og_description":"Despu\u00e9s de una \u00e9poca de desmesurada y sistem\u00e1tica violencia propia de reg\u00edmenes dictatoriales o autoritarios, conflictos armados y guerras civiles, y caracterizada por graves violaciones de derechos humanos y del derecho internacional humanitario, muchas sociedades reivindican que los Estados tienen el deber, pol\u00edtico y moral, de proporcionar informaci\u00f3n y activar los mecanismos para aclarar la [&hellip;]","og_url":"https:\/\/www.icip.cat\/perlapau\/es\/articulo\/las-comisiones-de-la-verdad-su-rol-a-debate\/","og_site_name":"Revista Por la Paz","og_image":[{"width":518,"height":720,"url":"https:\/\/www.icip.cat\/perlapau\/wp-content\/uploads\/2022\/04\/editorial_2560-12-518x720.jpg","type":"image\/jpeg"}],"twitter_card":"summary_large_image","twitter_misc":{"Tiempo de lectura":"6 minutos"},"schema":{"@context":"https:\/\/schema.org","@graph":[{"@type":"WebPage","@id":"https:\/\/www.icip.cat\/perlapau\/es\/articulo\/las-comisiones-de-la-verdad-su-rol-a-debate\/","url":"https:\/\/www.icip.cat\/perlapau\/es\/articulo\/las-comisiones-de-la-verdad-su-rol-a-debate\/","name":"Las Comisiones de la Verdad, su rol a debate - Revista Por la Paz","isPartOf":{"@id":"https:\/\/www.icip.cat\/perlapau\/#website"},"primaryImageOfPage":{"@id":"https:\/\/www.icip.cat\/perlapau\/es\/articulo\/las-comisiones-de-la-verdad-su-rol-a-debate\/#primaryimage"},"image":{"@id":"https:\/\/www.icip.cat\/perlapau\/es\/articulo\/las-comisiones-de-la-verdad-su-rol-a-debate\/#primaryimage"},"thumbnailUrl":"https:\/\/www.icip.cat\/perlapau\/wp-content\/uploads\/2022\/04\/editorial_2560-12.jpg","datePublished":"2022-04-07T11:21:30+00:00","inLanguage":"es","potentialAction":[{"@type":"ReadAction","target":["https:\/\/www.icip.cat\/perlapau\/es\/articulo\/las-comisiones-de-la-verdad-su-rol-a-debate\/"]}]},{"@type":"ImageObject","inLanguage":"es","@id":"https:\/\/www.icip.cat\/perlapau\/es\/articulo\/las-comisiones-de-la-verdad-su-rol-a-debate\/#primaryimage","url":"https:\/\/www.icip.cat\/perlapau\/wp-content\/uploads\/2022\/04\/editorial_2560-12.jpg","contentUrl":"https:\/\/www.icip.cat\/perlapau\/wp-content\/uploads\/2022\/04\/editorial_2560-12.jpg","width":1152,"height":1600},{"@type":"WebSite","@id":"https:\/\/www.icip.cat\/perlapau\/#website","url":"https:\/\/www.icip.cat\/perlapau\/","name":"Revista Por la Paz","description":"La revista del Instituto Catal\u00e1n Internacional para la Paz","publisher":{"@id":"https:\/\/www.icip.cat\/perlapau\/#organization"},"potentialAction":[{"@type":"SearchAction","target":{"@type":"EntryPoint","urlTemplate":"https:\/\/www.icip.cat\/perlapau\/?s={search_term_string}"},"query-input":{"@type":"PropertyValueSpecification","valueRequired":true,"valueName":"search_term_string"}}],"inLanguage":"es"},{"@type":"Organization","@id":"https:\/\/www.icip.cat\/perlapau\/#organization","name":"Revista Por la Paz","url":"https:\/\/www.icip.cat\/perlapau\/","logo":{"@type":"ImageObject","inLanguage":"es","@id":"https:\/\/www.icip.cat\/perlapau\/#\/schema\/logo\/image\/","url":"https:\/\/www.icip.cat\/perlapau\/wp-content\/uploads\/2023\/04\/ICIP_logo.jpg","contentUrl":"https:\/\/www.icip.cat\/perlapau\/wp-content\/uploads\/2023\/04\/ICIP_logo.jpg","width":1025,"height":1024,"caption":"Revista Por la Paz"},"image":{"@id":"https:\/\/www.icip.cat\/perlapau\/#\/schema\/logo\/image\/"}}]}},"_links":{"self":[{"href":"https:\/\/www.icip.cat\/perlapau\/es\/wp-json\/wp\/v2\/article\/6760","targetHints":{"allow":["GET"]}}],"collection":[{"href":"https:\/\/www.icip.cat\/perlapau\/es\/wp-json\/wp\/v2\/article"}],"about":[{"href":"https:\/\/www.icip.cat\/perlapau\/es\/wp-json\/wp\/v2\/types\/article"}],"wp:featuredmedia":[{"embeddable":true,"href":"https:\/\/www.icip.cat\/perlapau\/es\/wp-json\/wp\/v2\/media\/6783"}],"wp:attachment":[{"href":"https:\/\/www.icip.cat\/perlapau\/es\/wp-json\/wp\/v2\/media?parent=6760"}],"wp:term":[{"taxonomy":"category","embeddable":true,"href":"https:\/\/www.icip.cat\/perlapau\/es\/wp-json\/wp\/v2\/categories?post=6760"}],"curies":[{"name":"wp","href":"https:\/\/api.w.org\/{rel}","templated":true}]}}