{"id":7111,"date":"2022-04-07T11:23:08","date_gmt":"2022-04-07T11:23:08","guid":{"rendered":"https:\/\/www.icip.cat\/perlapau\/issue\/%issue_post%\/article\/dialogo-en-sociedades-polarizadas\/"},"modified":"2022-04-07T11:23:08","modified_gmt":"2022-04-07T11:23:08","slug":"dialogo-en-sociedades-polarizadas","status":"publish","type":"article","link":"https:\/\/www.icip.cat\/perlapau\/es\/articulo\/dialogo-en-sociedades-polarizadas\/","title":{"rendered":"Di\u00e1logo en sociedades polarizadas"},"content":{"rendered":"\n<p>                <span id=\"square\"><\/span>                <span id=\"first-word\">Tras los atentados del 11 de septiembre de 2001<\/span> el presidente norteamericano George Bush alert\u00f3 de que \u201ccada naci\u00f3n, cada regi\u00f3n, tiene que tomar una decisi\u00f3n. O est\u00e1is con nosotros, o est\u00e1is con los terroristas\u201d. Este discurso asent\u00f3 las bases de la Guerra Global contra el Terror que, centenares de miles de muertos despu\u00e9s, se demostr\u00f3 como desastrosa. Este ejemplo ilustra unas consecuencias extremas de las din\u00e1micas de polarizaci\u00f3n, un fen\u00f3meno que no es nuevo pero que hoy vuelve a estar en el debate p\u00fablico debido a su proliferaci\u00f3n en muchos pa\u00edses.<\/p>\n<p> En los procesos de polarizaci\u00f3n los actores polarizantes construyen verdades absolutas y niegan tanto el espacio de la duda como de aproximaciones alternativas. Las realidades complejas se simplifican y se reducen a confrontaciones entre posiciones fijas, en unas din\u00e1micas identitarias de \u201cnosotros contra ellos\u201d. Cuando una cuesti\u00f3n pol\u00edtica entra en una din\u00e1mica de polarizaci\u00f3n las opciones de un debate constructivo se reducen y la calidad de la democracia disminuye.  <\/p>\n<p> Catalu\u00f1a y el Estado espa\u00f1ol no se escapan de esta din\u00e1mica, inmersas en un conflicto pol\u00edtico de gran complejidad. Como todo conflicto de esta naturaleza, incluso su caracterizaci\u00f3n es motivo de interpretaciones divergentes y confrontadas. En lo que s\u00ed que parece haber acuerdo es en considerar la situaci\u00f3n como uno de los retos m\u00e1s importantes desde la transici\u00f3n. <\/p>\n<p> El conflicto es viejo, hist\u00f3rico. La novedad es una movilizaci\u00f3n ciudadana masiva a favor de la independencia y su traducci\u00f3n en unas mayor\u00edas parlamentarias en Catalu\u00f1a comprometidas con este anhelo. Una situaci\u00f3n sin precedentes que es percibida en el espectro social contrario a la independencia como una evoluci\u00f3n indeseada pero comprensible para una parte de la poblaci\u00f3n, e inconcebible y ofensiva para otra. <\/p>\n<p>\t\t\t\t\t\t\t\t<cite class=\"cita-center\">                                                Cuando una cuesti\u00f3n pol\u00edtica entra en una din\u00e1mica de polarizaci\u00f3n las opciones de un debate constructivo se reducen y la calidad de la democracia disminuye                <\/cite>\t\t\t\t\t\t\t\t                                <\/p>\n<p> Independientemente de los an\u00e1lisis de las causas de estos desarrollos, una de las consecuencias ha sido una fuerte polarizaci\u00f3n entre partidarios y detractores de la independencia de Catalu\u00f1a. Una polarizaci\u00f3n social y pol\u00edtica con fuertes componentes viscerales, donde proliferan posiciones maximalistas, desaparece la curiosidad por entender las opiniones contrarias, el lenguaje adopta t\u00e9rminos b\u00e9licos (posiciones, trincheras, ataque, traici\u00f3n) y desaparece la autocr\u00edtica. Incluso los conceptos se han convertido en armas de confrontaci\u00f3n, de manera que hablar de violencia, democracia o fractura social tiene ahora connotaciones pol\u00edticas que var\u00edan en funci\u00f3n de quien los utiliza, y dificultan el acuerdo.  <\/p>\n<p> El conjunto nos ha llevado a un momento de enorme confusi\u00f3n, con un conflicto pol\u00edtico de dif\u00edcil soluci\u00f3n y un riesgo de cronificaci\u00f3n en percepciones y posiciones enfrentadas. Acostumbrados a solidarizarnos con iniciativas de di\u00e1logo y reconciliaci\u00f3n en otros lugares del mundo, ahora tenemos el reto de hacerlo en nuestra propia sociedad.  <\/p>\n<p> Esta edici\u00f3n especial de la revista <em>Por la Paz<\/em> quiere contribuir a este prop\u00f3sito. Queremos aportar conceptos y pr\u00e1cticas que nos ayuden a identificar opciones donde ahora s\u00f3lo vemos obst\u00e1culos. Y lo queremos hacer compartiendo reflexiones de personas que han hecho frente a retos similares en otros contextos.  <\/p>\n<p> Despu\u00e9s de un glosario de conceptos escrito por el director del ICIP, Kristian Herbolzheimer, en la parte central de la publicaci\u00f3n encontrar\u00e9is una descripci\u00f3n de las din\u00e1micas y los peligros de la polarizaci\u00f3n, de la investigadora Jennifer McCoy, basado en un an\u00e1lisis comparativo de varios pa\u00edses. Posteriormente, la catedr\u00e1tica en Derecho Constitucional Christine Bell reflexiona sobre c\u00f3mo han acabado otros conflictos de independencia. La activista irlandesa Avila Kilmurray aporta su experiencia de promoci\u00f3n del di\u00e1logo en sociedades muy divididas, e I\u00f1igo Retolaza y el colectivo de mediaci\u00f3n Bakeola describen un par de iniciativas que promueven el di\u00e1logo y la convivencia en el Pa\u00eds Vasco. El bloque lo cierra un art\u00edculo de Helena Puig que expone como las redes sociales se pueden convertir en herramientas de despolarizaci\u00f3n.  <\/p>\n<p> Estos siete art\u00edculos iniciales vienen acompa\u00f1ados de unas breves entrevistas con cuatro personas expertas en conflictos y en di\u00e1logo. Tom Woodhouse (Reino Unido), Mar\u00eda Jimena Duz\u00e1n (Colombia), Mariano Aguirre (Espa\u00f1a-Argentina) y Paul R\u00edos (Pa\u00eds Vasco) aportan una mirada al conflicto catal\u00e1n desde una cierta distancia, y con perspectivas diferentes. <\/p>\n<p> La secci\u00f3n final de la publicaci\u00f3n ofrece referencias de libros, p\u00e1ginas web y documentales relacionados con el di\u00e1logo y el an\u00e1lisis de la polarizaci\u00f3n.  <\/p>\n<p class=\"foto\"> <a href=\"https:\/\/unsplash.com\/photos\/MRb1aJIwCJs\" target=\"_blank\" rel=\"noopener\">Fotograf\u00eda\t<\/a>\tde Miti\t <\/p>\n<p class=\"gencat\">\u00a9 Generalitat de Catalunya<\/p>\n","protected":false},"featured_media":7134,"menu_order":0,"template":"","categories":[4],"class_list":["post-7111","article","type-article","status-publish","has-post-thumbnail","hentry","category-introduccio"],"acf":[],"yoast_head":"<!-- This site is optimized with the Yoast SEO plugin v25.6 - https:\/\/yoast.com\/wordpress\/plugins\/seo\/ -->\n<title>Di\u00e1logo en sociedades polarizadas - Revista Por la Paz<\/title>\n<meta name=\"robots\" content=\"index, follow, max-snippet:-1, max-image-preview:large, max-video-preview:-1\" \/>\n<link rel=\"canonical\" href=\"https:\/\/www.icip.cat\/perlapau\/es\/articulo\/dialogo-en-sociedades-polarizadas\/\" \/>\n<meta property=\"og:locale\" content=\"es_ES\" \/>\n<meta property=\"og:type\" content=\"article\" \/>\n<meta property=\"og:title\" content=\"Di\u00e1logo en sociedades polarizadas - Revista Por la Paz\" \/>\n<meta property=\"og:description\" content=\"Tras los atentados del 11 de septiembre de 2001 el presidente norteamericano George Bush alert\u00f3 de que \u201ccada naci\u00f3n, cada regi\u00f3n, tiene que tomar una decisi\u00f3n. O est\u00e1is con nosotros, o est\u00e1is con los terroristas\u201d. Este discurso asent\u00f3 las bases de la Guerra Global contra el Terror que, centenares de miles de muertos despu\u00e9s, se [&hellip;]\" \/>\n<meta property=\"og:url\" content=\"https:\/\/www.icip.cat\/perlapau\/es\/articulo\/dialogo-en-sociedades-polarizadas\/\" \/>\n<meta property=\"og:site_name\" content=\"Revista Por la Paz\" \/>\n<meta property=\"og:image\" content=\"https:\/\/www.icip.cat\/perlapau\/wp-content\/uploads\/2022\/04\/editorial_2560-17-518x720.jpg\" \/>\n\t<meta property=\"og:image:width\" content=\"518\" \/>\n\t<meta property=\"og:image:height\" content=\"720\" \/>\n\t<meta property=\"og:image:type\" content=\"image\/jpeg\" \/>\n<meta name=\"twitter:card\" content=\"summary_large_image\" \/>\n<meta name=\"twitter:label1\" content=\"Tiempo de lectura\" \/>\n\t<meta name=\"twitter:data1\" content=\"4 minutos\" \/>\n<script type=\"application\/ld+json\" class=\"yoast-schema-graph\">{\"@context\":\"https:\/\/schema.org\",\"@graph\":[{\"@type\":\"WebPage\",\"@id\":\"https:\/\/www.icip.cat\/perlapau\/es\/articulo\/dialogo-en-sociedades-polarizadas\/\",\"url\":\"https:\/\/www.icip.cat\/perlapau\/es\/articulo\/dialogo-en-sociedades-polarizadas\/\",\"name\":\"Di\u00e1logo en sociedades polarizadas - Revista Por la Paz\",\"isPartOf\":{\"@id\":\"https:\/\/www.icip.cat\/perlapau\/#website\"},\"primaryImageOfPage\":{\"@id\":\"https:\/\/www.icip.cat\/perlapau\/es\/articulo\/dialogo-en-sociedades-polarizadas\/#primaryimage\"},\"image\":{\"@id\":\"https:\/\/www.icip.cat\/perlapau\/es\/articulo\/dialogo-en-sociedades-polarizadas\/#primaryimage\"},\"thumbnailUrl\":\"https:\/\/www.icip.cat\/perlapau\/wp-content\/uploads\/2022\/04\/editorial_2560-17.jpg\",\"datePublished\":\"2022-04-07T11:23:08+00:00\",\"inLanguage\":\"es\",\"potentialAction\":[{\"@type\":\"ReadAction\",\"target\":[\"https:\/\/www.icip.cat\/perlapau\/es\/articulo\/dialogo-en-sociedades-polarizadas\/\"]}]},{\"@type\":\"ImageObject\",\"inLanguage\":\"es\",\"@id\":\"https:\/\/www.icip.cat\/perlapau\/es\/articulo\/dialogo-en-sociedades-polarizadas\/#primaryimage\",\"url\":\"https:\/\/www.icip.cat\/perlapau\/wp-content\/uploads\/2022\/04\/editorial_2560-17.jpg\",\"contentUrl\":\"https:\/\/www.icip.cat\/perlapau\/wp-content\/uploads\/2022\/04\/editorial_2560-17.jpg\",\"width\":1152,\"height\":1600},{\"@type\":\"WebSite\",\"@id\":\"https:\/\/www.icip.cat\/perlapau\/#website\",\"url\":\"https:\/\/www.icip.cat\/perlapau\/\",\"name\":\"Revista Por la Paz\",\"description\":\"La revista del Instituto Catal\u00e1n Internacional para la Paz\",\"publisher\":{\"@id\":\"https:\/\/www.icip.cat\/perlapau\/#organization\"},\"potentialAction\":[{\"@type\":\"SearchAction\",\"target\":{\"@type\":\"EntryPoint\",\"urlTemplate\":\"https:\/\/www.icip.cat\/perlapau\/?s={search_term_string}\"},\"query-input\":{\"@type\":\"PropertyValueSpecification\",\"valueRequired\":true,\"valueName\":\"search_term_string\"}}],\"inLanguage\":\"es\"},{\"@type\":\"Organization\",\"@id\":\"https:\/\/www.icip.cat\/perlapau\/#organization\",\"name\":\"Revista Por la Paz\",\"url\":\"https:\/\/www.icip.cat\/perlapau\/\",\"logo\":{\"@type\":\"ImageObject\",\"inLanguage\":\"es\",\"@id\":\"https:\/\/www.icip.cat\/perlapau\/#\/schema\/logo\/image\/\",\"url\":\"https:\/\/www.icip.cat\/perlapau\/wp-content\/uploads\/2023\/04\/ICIP_logo.jpg\",\"contentUrl\":\"https:\/\/www.icip.cat\/perlapau\/wp-content\/uploads\/2023\/04\/ICIP_logo.jpg\",\"width\":1025,\"height\":1024,\"caption\":\"Revista Por la Paz\"},\"image\":{\"@id\":\"https:\/\/www.icip.cat\/perlapau\/#\/schema\/logo\/image\/\"}}]}<\/script>\n<!-- \/ Yoast SEO plugin. -->","yoast_head_json":{"title":"Di\u00e1logo en sociedades polarizadas - Revista Por la Paz","robots":{"index":"index","follow":"follow","max-snippet":"max-snippet:-1","max-image-preview":"max-image-preview:large","max-video-preview":"max-video-preview:-1"},"canonical":"https:\/\/www.icip.cat\/perlapau\/es\/articulo\/dialogo-en-sociedades-polarizadas\/","og_locale":"es_ES","og_type":"article","og_title":"Di\u00e1logo en sociedades polarizadas - Revista Por la Paz","og_description":"Tras los atentados del 11 de septiembre de 2001 el presidente norteamericano George Bush alert\u00f3 de que \u201ccada naci\u00f3n, cada regi\u00f3n, tiene que tomar una decisi\u00f3n. O est\u00e1is con nosotros, o est\u00e1is con los terroristas\u201d. Este discurso asent\u00f3 las bases de la Guerra Global contra el Terror que, centenares de miles de muertos despu\u00e9s, se [&hellip;]","og_url":"https:\/\/www.icip.cat\/perlapau\/es\/articulo\/dialogo-en-sociedades-polarizadas\/","og_site_name":"Revista Por la Paz","og_image":[{"width":518,"height":720,"url":"https:\/\/www.icip.cat\/perlapau\/wp-content\/uploads\/2022\/04\/editorial_2560-17-518x720.jpg","type":"image\/jpeg"}],"twitter_card":"summary_large_image","twitter_misc":{"Tiempo de lectura":"4 minutos"},"schema":{"@context":"https:\/\/schema.org","@graph":[{"@type":"WebPage","@id":"https:\/\/www.icip.cat\/perlapau\/es\/articulo\/dialogo-en-sociedades-polarizadas\/","url":"https:\/\/www.icip.cat\/perlapau\/es\/articulo\/dialogo-en-sociedades-polarizadas\/","name":"Di\u00e1logo en sociedades polarizadas - Revista Por la Paz","isPartOf":{"@id":"https:\/\/www.icip.cat\/perlapau\/#website"},"primaryImageOfPage":{"@id":"https:\/\/www.icip.cat\/perlapau\/es\/articulo\/dialogo-en-sociedades-polarizadas\/#primaryimage"},"image":{"@id":"https:\/\/www.icip.cat\/perlapau\/es\/articulo\/dialogo-en-sociedades-polarizadas\/#primaryimage"},"thumbnailUrl":"https:\/\/www.icip.cat\/perlapau\/wp-content\/uploads\/2022\/04\/editorial_2560-17.jpg","datePublished":"2022-04-07T11:23:08+00:00","inLanguage":"es","potentialAction":[{"@type":"ReadAction","target":["https:\/\/www.icip.cat\/perlapau\/es\/articulo\/dialogo-en-sociedades-polarizadas\/"]}]},{"@type":"ImageObject","inLanguage":"es","@id":"https:\/\/www.icip.cat\/perlapau\/es\/articulo\/dialogo-en-sociedades-polarizadas\/#primaryimage","url":"https:\/\/www.icip.cat\/perlapau\/wp-content\/uploads\/2022\/04\/editorial_2560-17.jpg","contentUrl":"https:\/\/www.icip.cat\/perlapau\/wp-content\/uploads\/2022\/04\/editorial_2560-17.jpg","width":1152,"height":1600},{"@type":"WebSite","@id":"https:\/\/www.icip.cat\/perlapau\/#website","url":"https:\/\/www.icip.cat\/perlapau\/","name":"Revista Por la Paz","description":"La revista del Instituto Catal\u00e1n Internacional para la Paz","publisher":{"@id":"https:\/\/www.icip.cat\/perlapau\/#organization"},"potentialAction":[{"@type":"SearchAction","target":{"@type":"EntryPoint","urlTemplate":"https:\/\/www.icip.cat\/perlapau\/?s={search_term_string}"},"query-input":{"@type":"PropertyValueSpecification","valueRequired":true,"valueName":"search_term_string"}}],"inLanguage":"es"},{"@type":"Organization","@id":"https:\/\/www.icip.cat\/perlapau\/#organization","name":"Revista Por la Paz","url":"https:\/\/www.icip.cat\/perlapau\/","logo":{"@type":"ImageObject","inLanguage":"es","@id":"https:\/\/www.icip.cat\/perlapau\/#\/schema\/logo\/image\/","url":"https:\/\/www.icip.cat\/perlapau\/wp-content\/uploads\/2023\/04\/ICIP_logo.jpg","contentUrl":"https:\/\/www.icip.cat\/perlapau\/wp-content\/uploads\/2023\/04\/ICIP_logo.jpg","width":1025,"height":1024,"caption":"Revista Por la Paz"},"image":{"@id":"https:\/\/www.icip.cat\/perlapau\/#\/schema\/logo\/image\/"}}]}},"_links":{"self":[{"href":"https:\/\/www.icip.cat\/perlapau\/es\/wp-json\/wp\/v2\/article\/7111","targetHints":{"allow":["GET"]}}],"collection":[{"href":"https:\/\/www.icip.cat\/perlapau\/es\/wp-json\/wp\/v2\/article"}],"about":[{"href":"https:\/\/www.icip.cat\/perlapau\/es\/wp-json\/wp\/v2\/types\/article"}],"wp:featuredmedia":[{"embeddable":true,"href":"https:\/\/www.icip.cat\/perlapau\/es\/wp-json\/wp\/v2\/media\/7134"}],"wp:attachment":[{"href":"https:\/\/www.icip.cat\/perlapau\/es\/wp-json\/wp\/v2\/media?parent=7111"}],"wp:term":[{"taxonomy":"category","embeddable":true,"href":"https:\/\/www.icip.cat\/perlapau\/es\/wp-json\/wp\/v2\/categories?post=7111"}],"curies":[{"name":"wp","href":"https:\/\/api.w.org\/{rel}","templated":true}]}}