{"id":7118,"date":"2022-04-07T11:23:10","date_gmt":"2022-04-07T11:23:10","guid":{"rendered":"https:\/\/www.icip.cat\/perlapau\/issue\/%issue_post%\/article\/acompanando-procesos-politicos-locales-para-la-reconstruccion-del-dialogo-y-la-convivencia-el-caso-vasco\/"},"modified":"2022-04-07T11:23:10","modified_gmt":"2022-04-07T11:23:10","slug":"acompanando-procesos-politicos-locales-para-la-reconstruccion-del-dialogo-y-la-convivencia-el-caso-vasco","status":"publish","type":"article","link":"https:\/\/www.icip.cat\/perlapau\/es\/articulo\/acompanando-procesos-politicos-locales-para-la-reconstruccion-del-dialogo-y-la-convivencia-el-caso-vasco\/","title":{"rendered":"Acompa\u00f1ando procesos pol\u00edticos locales para la reconstrucci\u00f3n del di\u00e1logo y la convivencia. El\u00a0caso\u00a0vasco"},"content":{"rendered":"\n<p>\t           <span id=\"square\"><\/span>                <span id=\"first-word\">La sociedad vasca ha sufrido durante d\u00e9cadas la violencia y el terrorismo.<\/span> En este sentido, se han registrado vulneraciones graves de derechos humanos m\u00e1s elementales, ha imperado el miedo, el silencio, la indiferencia y el desacuerdo provocando la polarizaci\u00f3n social entre las diferentes posiciones ideol\u00f3gicas. La declaraci\u00f3n del cese definitivo de la violencia por parte de ETA en 2011 constituye el hito temporal que marca en buena medida las condiciones y el contexto social y pol\u00edtico que vive el Pa\u00eds Vasco actualmente.            <\/p>\n<p> En este nuevo escenario, los diferentes agentes sociales y la ciudadan\u00eda en general empiezan a activar din\u00e1micas que tienen como objetivo natural la reconstrucci\u00f3n de la convivencia y unas relaciones da\u00f1adas durante d\u00e9cadas. Buscando la manera de incidir positivamente en este momento, el <em>Centro Bakeola Convivencia, Conflicto y Derechos Humanos <\/em>puso en marcha en el a\u00f1o 2008 una iniciativa en el \u00e1mbito pol\u00edtico dirigida a propiciar el di\u00e1logo entre las diferentes fuerzas pol\u00edticas con representaci\u00f3n municipal y sensibilidades enfrentadas. Esta iniciativa alcanza mayor incidencia a partir del a\u00f1o 2013 y hasta ahora ha sido desarrollada en ocho municipios de Gipuzkoa y Bizkaia. <\/p>\n<p> Los partidos pol\u00edticos, como parte fundamental de la articulaci\u00f3n social y la gesti\u00f3n de los asuntos de inter\u00e9s com\u00fan a todos los niveles, son y han sido protagonistas de este proceso. En este sentido, consideramos que tienen la responsabilidad de tomar iniciativas en torno a dos cuestiones fundamentales, como son: el reconocimiento y la reparaci\u00f3n de las v\u00edctimas, y \u00a0la memoria de lo acontecido en el periodo anterior marcado por las vulneraciones de derechos humanos. <\/p>\n<p> El trabajo de Bakeola aqu\u00ed se inscribe en un marco promovido desde las instituciones vascas<a href=\"articles_centrals\/article_central_6\/#ref\"><sup>1<\/sup><\/a> para el fomento de una cultura democr\u00e1tica respetuosa con los derechos humanos, las v\u00edctimas y la memoria, fortaleciendo el debate pol\u00edtico y la gesti\u00f3n positiva de los conflictos. Con el objetivo de lograr una mayor efectividad y avanzar en cuestiones concretas, las sesiones se desarrollan con los representantes de las juntas de portavoces de los grupos municipales. <\/p>\n<p>\t\t\t\t\t\t<cite class=\"cita-center\">                                                Pretendemos generar espacios que propicien un di\u00e1logo abierto con todas las voces, estableciendo relaciones de respeto sin que las diferencias pol\u00edticas supongan una ruptura o den lugar a desconfianzas basadas en prejuicios            <\/cite>                        <\/p>\n<p> En la gran mayor\u00eda de municipios en los que trabajamos, las juntas de portavoces cuentan al menos con tres o cuatro fuerzas pol\u00edticas. Mayoritariamente, estos\/as pol\u00edticos\/as acumulan un bagaje personal afectado por el contexto de violencia pol\u00edtica. Muchos\/as de ellos\/as han conocido de cerca las consecuencias de esta violencia, algunos\/as incluso han sido v\u00edctimas directas de la misma. De entrada, cada representante suele tomar posiciones enfrentadas hacia el resto, reproduciendo las din\u00e1micas partidistas y polarizadas propias del juego pol\u00edtico. Sin embargo, lo que pretendemos con este tipo de procesos es generar espacios que propicien un di\u00e1logo abierto que integre todas las voces y ponga en el centro a las personas, estableciendo relaciones de respeto sin que las diferencias pol\u00edticas supongan una ruptura o den lugar a divergencias y desconfianzas basadas en prejuicios.  <\/p>\n<p> Al comienzo de las sesiones tratamos de establecer unas condiciones previas que deben ser asumidas por todos\/as, entre las que destacan la voluntad de participaci\u00f3n, la transparencia, la confianza y la confidencialidad. Estas son asumidas sin dificultad. Otro elemento no menos importante es la asunci\u00f3n de unos principios \u00e9ticos basados en el respeto a todos los derechos humanos, sin exclusiones. Aunque son asumidos tambi\u00e9n por todas las personas participantes, generan, sin embargo, mayores dificultades durante el transcurso de las sesiones al poder ser interpretados en ocasiones de forma divergente por las diferentes fuerzas pol\u00edticas<a href=\"articles_centrals\/article_central_6\/#ref\"><sup>2<\/sup><\/a>. <\/p>\n<p> Por otra parte, en relaci\u00f3n a las condiciones previas, se acuerda tambi\u00e9n que cada persona participante pueda expresarse en el idioma, euskera o castellano, que elija, sin que ello genere conflicto. Para abordar las sesiones combinamos diferentes estrategias y metodolog\u00edas que tratan de fomentar la capacidad emp\u00e1tica, de manera que los aspectos ideol\u00f3gicos y pol\u00edticos pasen a un plano secundario. Se consigue de esta manera llevar la din\u00e1mica del terreno pol\u00edtico al personal, permitiendo la posibilidad de reconocer el dolor ajeno, el da\u00f1o causado durante los a\u00f1os de conflicto, y favoreciendo la humanizaci\u00f3n del otro. <\/p>\n<p>\t\t\t                                    <cite class=\"cita-center\">                                                Hay que establecer condiciones previas asumidas por todos\/as: voluntad de participaci\u00f3n, transparencia, confianza y confidencialidad            <\/cite>                        <\/p>\n<p> Detalles aparentemente menores en la organizaci\u00f3n de las sesiones pueden tener una importancia relevante. El hecho de reunirse en lugares ajenos al que habitualmente comparten estas personas, salir del ayuntamiento para verse en otro espacio que podr\u00eda ser com\u00fan, como ciudadanos\/as que son, o la din\u00e1mica de sentase en c\u00edrculo, sin papeles ni mesas de por medio, facilitan en gran medida la conversaci\u00f3n en otros t\u00e9rminos y la confianza que se pueda establecer. <\/p>\n<p class=\"sicip\"> <b>Principales obst\u00e1culos<\/b> <\/p>\n<p> La dificultad para incorporar el relato del otro es uno de los principales obst\u00e1culos de estos procesos. Pero no es el \u00fanico. Las opiniones y vivencias personales pueden en ocasiones condicionar una gesti\u00f3n adecuada de las emociones generando situaciones inc\u00f3modas, poco respetuosas en ocasiones, que derivan en un bloqueo de la comunicaci\u00f3n. Se dan casos de equiparaci\u00f3n o minusvaloraci\u00f3n de sufrimientos ajenos, se llega a justificar acciones violentas y tambi\u00e9n a subrayar la importancia de unas v\u00edctimas sobre otras. <\/p>\n<p> Tambi\u00e9n puede ocurrir cierto distanciamiento en estos encuentros que tiene que ver con el papel que ejercen como representantes de un partido pol\u00edtico. En ocasiones dichos representantes no manifiestan opiniones personales por cuanto su presencia se justifica exclusivamente en calidad de pol\u00edtico, no como ciudadano particular y como persona. Adem\u00e1s, el calendario electoral tambi\u00e9n afecta a este tipo de procesos. Las elecciones municipales los paralizan, generando una dificultad a\u00f1adida por la posibilidad de cambio de participantes. <\/p>\n<p> La compleja situaci\u00f3n social y pol\u00edtica que subyacen en estos procesos no resulta en modo alguno f\u00e1cil de regular ni encuentra avances tangibles a corto plazo. Los encuentros requieren de espacios calmados y serenos, resguardados en ocasiones de la actualidad y otros intereses medi\u00e1ticos y partidistas. Y, sobre todo, necesitan de una continuidad en el tiempo que consolide la confianza personal entre los\/as representantes<a href=\"articles_centrals\/article_central_6\/#ref\"><sup>3<\/sup><\/a>. Se trata en definitiva de avanzar en un proceso de humanizaci\u00f3n, deconstruyendo la imagen del adversario pol\u00edtico como enemigo y asumiendo compromisos que trasciendan este \u00e1mbito y tengan un reflejo palpable en las relaciones sociales en el municipio. <\/p>\n<p>\t\t\t\t\t\t<cite class=\"cita-center\">                                                La dificultad para incorporar el relato del otro es uno de los principales obst\u00e1culos de estos procesos de di\u00e1logo            <\/cite>                        <\/p>\n<p> En algunos pueblos y ciudades, este mismo proceso se ha extendido a otros contextos y agentes sociales, form\u00e1ndose mesas ciudadanas donde se trabajan estas din\u00e1micas de acercamiento de posturas en pro de la convivencia y el debate democr\u00e1tico. Es rese\u00f1able el hecho de que, en muchas ocasiones, la ciudadan\u00eda parece ir por delante de las instituciones pol\u00edticas y vive la reconstrucci\u00f3n de la convivencia de una manera mucho m\u00e1s natural, sin estar condicionada por el partidismo pol\u00edtico. <\/p>\n<p> En ambos contextos, pol\u00edtico y ciudadano, se consigue en ocasiones avanzar hacia acuerdos pol\u00edticos con unos principios m\u00ednimos, planes concretos de actuaci\u00f3n, actos de reconocimiento de v\u00edctimas, declaraciones compartidas en fechas de especial relevancia etc. El papel de Bakeola en estos procesos de reconstrucci\u00f3n del tejido y las relaciones sociales es el de acompa\u00f1ar al grupo, que finalmente tiene que desarrollar los avances por s\u00ed mismo, reconociendo y apoyando sin coartar la necesaria libertad con la que deben manifestarse las personas implicadas. <\/p>\n<p> En definitiva, tratamos de poner en valor la importancia del factor humano. Los logros de este tipo de procesos y din\u00e1micas son muchos y variados, dependiendo en todo caso de las personas que participan en ellos. Con todo, el mayor logro consiste en trascender las posiciones pol\u00edticas encorsetadas para llegar a unas relaciones normalizadas basadas en la convivencia, de respeto y la cultura democr\u00e1tica. <\/p>\n<p><b>SOBRE BAKEOLA<\/b><br \/> Bakeola es un centro especializado en el abordaje satisfactorio de los conflictos que trabaja con los agentes sociales y educativos desde una perspectiva integral. Promueve procesos orientados a la mejora de la convivencia, la promoci\u00f3n de los derechos humanos, el desarrollo comunitario y la construcci\u00f3n social para la consecuci\u00f3n de una cultura de paz. <\/p>\n<p id=\"ref\" class=\"referencia first-reference\"> 1. El Gobierno Vasco y las Diputaciones Forales de \u00c1lava y Gipuzkoa disponen de programas de subvenciones que persiguen la mejora de la convivencia y la promoci\u00f3n de los derechos humanos en los municipios de Euskadi. <\/p>\n<p id=\"ref\" class=\"referencia\">2. La aceptaci\u00f3n o no de ciertos principios \u00e9ticos depende tanto o m\u00e1s de la persona que participa y del municipio en el que lo hace que de la fuerza pol\u00edtica a la que representa. A veces sucede que un mismo partido pol\u00edtico puede defender posturas diferentes ante las mismas cuestiones. <\/p>\n<p id=\"ref\" class=\"referencia\">3. Este tipo de procesos puede durar a\u00f1os, ocupando m\u00e1s de una legislatura, y los resultados obtenidos difieren en cada municipio. El tama\u00f1o del municipio y las relaciones que se establecen en \u00e9l, la violencia sufrida, la pluralidad de fuerzas pol\u00edticas con representaci\u00f3n, o las propias personas participantes, entre otras, son variables que determinan la duraci\u00f3n y los logros obtenidos. <\/p>\n<p class=\"foto\"> \tFotograf\u00eda: BAKEOLA, Convivencia, Conflicto y Derechos Humanos <\/p>\n<p class=\"gencat\">\u00a9 Generalitat de Catalunya<\/p>\n","protected":false},"featured_media":7155,"menu_order":7,"template":"","categories":[6],"class_list":["post-7118","article","type-article","status-publish","has-post-thumbnail","hentry","category-articles-centrals"],"acf":[],"yoast_head":"<!-- This site is optimized with the Yoast SEO plugin v25.6 - https:\/\/yoast.com\/wordpress\/plugins\/seo\/ -->\n<title>Acompa\u00f1ando procesos pol\u00edticos locales para la reconstrucci\u00f3n del di\u00e1logo y la convivencia. El\u00a0caso\u00a0vasco - Revista Por la Paz<\/title>\n<meta name=\"robots\" content=\"index, follow, max-snippet:-1, max-image-preview:large, max-video-preview:-1\" \/>\n<link rel=\"canonical\" href=\"https:\/\/www.icip.cat\/perlapau\/es\/articulo\/acompanando-procesos-politicos-locales-para-la-reconstruccion-del-dialogo-y-la-convivencia-el-caso-vasco\/\" \/>\n<meta property=\"og:locale\" content=\"es_ES\" \/>\n<meta property=\"og:type\" content=\"article\" \/>\n<meta property=\"og:title\" content=\"Acompa\u00f1ando procesos pol\u00edticos locales para la reconstrucci\u00f3n del di\u00e1logo y la convivencia. El\u00a0caso\u00a0vasco - Revista Por la Paz\" \/>\n<meta property=\"og:description\" content=\"La sociedad vasca ha sufrido durante d\u00e9cadas la violencia y el terrorismo. En este sentido, se han registrado vulneraciones graves de derechos humanos m\u00e1s elementales, ha imperado el miedo, el silencio, la indiferencia y el desacuerdo provocando la polarizaci\u00f3n social entre las diferentes posiciones ideol\u00f3gicas. La declaraci\u00f3n del cese definitivo de la violencia por parte [&hellip;]\" \/>\n<meta property=\"og:url\" content=\"https:\/\/www.icip.cat\/perlapau\/es\/articulo\/acompanando-procesos-politicos-locales-para-la-reconstruccion-del-dialogo-y-la-convivencia-el-caso-vasco\/\" \/>\n<meta property=\"og:site_name\" content=\"Revista Por la Paz\" \/>\n<meta property=\"og:image\" content=\"https:\/\/www.icip.cat\/perlapau\/wp-content\/uploads\/2022\/04\/article_central_6_2560-2-518x720.jpg\" \/>\n\t<meta property=\"og:image:width\" content=\"518\" \/>\n\t<meta property=\"og:image:height\" content=\"720\" \/>\n\t<meta property=\"og:image:type\" content=\"image\/jpeg\" \/>\n<meta name=\"twitter:card\" content=\"summary_large_image\" \/>\n<meta name=\"twitter:label1\" content=\"Tiempo de lectura\" \/>\n\t<meta name=\"twitter:data1\" content=\"8 minutos\" \/>\n<script type=\"application\/ld+json\" class=\"yoast-schema-graph\">{\"@context\":\"https:\/\/schema.org\",\"@graph\":[{\"@type\":\"WebPage\",\"@id\":\"https:\/\/www.icip.cat\/perlapau\/es\/articulo\/acompanando-procesos-politicos-locales-para-la-reconstruccion-del-dialogo-y-la-convivencia-el-caso-vasco\/\",\"url\":\"https:\/\/www.icip.cat\/perlapau\/es\/articulo\/acompanando-procesos-politicos-locales-para-la-reconstruccion-del-dialogo-y-la-convivencia-el-caso-vasco\/\",\"name\":\"Acompa\u00f1ando procesos pol\u00edticos locales para la reconstrucci\u00f3n del di\u00e1logo y la convivencia. El\u00a0caso\u00a0vasco - Revista Por la Paz\",\"isPartOf\":{\"@id\":\"https:\/\/www.icip.cat\/perlapau\/#website\"},\"primaryImageOfPage\":{\"@id\":\"https:\/\/www.icip.cat\/perlapau\/es\/articulo\/acompanando-procesos-politicos-locales-para-la-reconstruccion-del-dialogo-y-la-convivencia-el-caso-vasco\/#primaryimage\"},\"image\":{\"@id\":\"https:\/\/www.icip.cat\/perlapau\/es\/articulo\/acompanando-procesos-politicos-locales-para-la-reconstruccion-del-dialogo-y-la-convivencia-el-caso-vasco\/#primaryimage\"},\"thumbnailUrl\":\"https:\/\/www.icip.cat\/perlapau\/wp-content\/uploads\/2022\/04\/article_central_6_2560-2.jpg\",\"datePublished\":\"2022-04-07T11:23:10+00:00\",\"inLanguage\":\"es\",\"potentialAction\":[{\"@type\":\"ReadAction\",\"target\":[\"https:\/\/www.icip.cat\/perlapau\/es\/articulo\/acompanando-procesos-politicos-locales-para-la-reconstruccion-del-dialogo-y-la-convivencia-el-caso-vasco\/\"]}]},{\"@type\":\"ImageObject\",\"inLanguage\":\"es\",\"@id\":\"https:\/\/www.icip.cat\/perlapau\/es\/articulo\/acompanando-procesos-politicos-locales-para-la-reconstruccion-del-dialogo-y-la-convivencia-el-caso-vasco\/#primaryimage\",\"url\":\"https:\/\/www.icip.cat\/perlapau\/wp-content\/uploads\/2022\/04\/article_central_6_2560-2.jpg\",\"contentUrl\":\"https:\/\/www.icip.cat\/perlapau\/wp-content\/uploads\/2022\/04\/article_central_6_2560-2.jpg\",\"width\":1152,\"height\":1600},{\"@type\":\"WebSite\",\"@id\":\"https:\/\/www.icip.cat\/perlapau\/#website\",\"url\":\"https:\/\/www.icip.cat\/perlapau\/\",\"name\":\"Revista Por la Paz\",\"description\":\"La revista del Instituto Catal\u00e1n Internacional para la Paz\",\"publisher\":{\"@id\":\"https:\/\/www.icip.cat\/perlapau\/#organization\"},\"potentialAction\":[{\"@type\":\"SearchAction\",\"target\":{\"@type\":\"EntryPoint\",\"urlTemplate\":\"https:\/\/www.icip.cat\/perlapau\/?s={search_term_string}\"},\"query-input\":{\"@type\":\"PropertyValueSpecification\",\"valueRequired\":true,\"valueName\":\"search_term_string\"}}],\"inLanguage\":\"es\"},{\"@type\":\"Organization\",\"@id\":\"https:\/\/www.icip.cat\/perlapau\/#organization\",\"name\":\"Revista Por la Paz\",\"url\":\"https:\/\/www.icip.cat\/perlapau\/\",\"logo\":{\"@type\":\"ImageObject\",\"inLanguage\":\"es\",\"@id\":\"https:\/\/www.icip.cat\/perlapau\/#\/schema\/logo\/image\/\",\"url\":\"https:\/\/www.icip.cat\/perlapau\/wp-content\/uploads\/2023\/04\/ICIP_logo.jpg\",\"contentUrl\":\"https:\/\/www.icip.cat\/perlapau\/wp-content\/uploads\/2023\/04\/ICIP_logo.jpg\",\"width\":1025,\"height\":1024,\"caption\":\"Revista Por la Paz\"},\"image\":{\"@id\":\"https:\/\/www.icip.cat\/perlapau\/#\/schema\/logo\/image\/\"}}]}<\/script>\n<!-- \/ Yoast SEO plugin. -->","yoast_head_json":{"title":"Acompa\u00f1ando procesos pol\u00edticos locales para la reconstrucci\u00f3n del di\u00e1logo y la convivencia. El\u00a0caso\u00a0vasco - Revista Por la Paz","robots":{"index":"index","follow":"follow","max-snippet":"max-snippet:-1","max-image-preview":"max-image-preview:large","max-video-preview":"max-video-preview:-1"},"canonical":"https:\/\/www.icip.cat\/perlapau\/es\/articulo\/acompanando-procesos-politicos-locales-para-la-reconstruccion-del-dialogo-y-la-convivencia-el-caso-vasco\/","og_locale":"es_ES","og_type":"article","og_title":"Acompa\u00f1ando procesos pol\u00edticos locales para la reconstrucci\u00f3n del di\u00e1logo y la convivencia. El\u00a0caso\u00a0vasco - Revista Por la Paz","og_description":"La sociedad vasca ha sufrido durante d\u00e9cadas la violencia y el terrorismo. En este sentido, se han registrado vulneraciones graves de derechos humanos m\u00e1s elementales, ha imperado el miedo, el silencio, la indiferencia y el desacuerdo provocando la polarizaci\u00f3n social entre las diferentes posiciones ideol\u00f3gicas. La declaraci\u00f3n del cese definitivo de la violencia por parte [&hellip;]","og_url":"https:\/\/www.icip.cat\/perlapau\/es\/articulo\/acompanando-procesos-politicos-locales-para-la-reconstruccion-del-dialogo-y-la-convivencia-el-caso-vasco\/","og_site_name":"Revista Por la Paz","og_image":[{"width":518,"height":720,"url":"https:\/\/www.icip.cat\/perlapau\/wp-content\/uploads\/2022\/04\/article_central_6_2560-2-518x720.jpg","type":"image\/jpeg"}],"twitter_card":"summary_large_image","twitter_misc":{"Tiempo de lectura":"8 minutos"},"schema":{"@context":"https:\/\/schema.org","@graph":[{"@type":"WebPage","@id":"https:\/\/www.icip.cat\/perlapau\/es\/articulo\/acompanando-procesos-politicos-locales-para-la-reconstruccion-del-dialogo-y-la-convivencia-el-caso-vasco\/","url":"https:\/\/www.icip.cat\/perlapau\/es\/articulo\/acompanando-procesos-politicos-locales-para-la-reconstruccion-del-dialogo-y-la-convivencia-el-caso-vasco\/","name":"Acompa\u00f1ando procesos pol\u00edticos locales para la reconstrucci\u00f3n del di\u00e1logo y la convivencia. El\u00a0caso\u00a0vasco - Revista Por la Paz","isPartOf":{"@id":"https:\/\/www.icip.cat\/perlapau\/#website"},"primaryImageOfPage":{"@id":"https:\/\/www.icip.cat\/perlapau\/es\/articulo\/acompanando-procesos-politicos-locales-para-la-reconstruccion-del-dialogo-y-la-convivencia-el-caso-vasco\/#primaryimage"},"image":{"@id":"https:\/\/www.icip.cat\/perlapau\/es\/articulo\/acompanando-procesos-politicos-locales-para-la-reconstruccion-del-dialogo-y-la-convivencia-el-caso-vasco\/#primaryimage"},"thumbnailUrl":"https:\/\/www.icip.cat\/perlapau\/wp-content\/uploads\/2022\/04\/article_central_6_2560-2.jpg","datePublished":"2022-04-07T11:23:10+00:00","inLanguage":"es","potentialAction":[{"@type":"ReadAction","target":["https:\/\/www.icip.cat\/perlapau\/es\/articulo\/acompanando-procesos-politicos-locales-para-la-reconstruccion-del-dialogo-y-la-convivencia-el-caso-vasco\/"]}]},{"@type":"ImageObject","inLanguage":"es","@id":"https:\/\/www.icip.cat\/perlapau\/es\/articulo\/acompanando-procesos-politicos-locales-para-la-reconstruccion-del-dialogo-y-la-convivencia-el-caso-vasco\/#primaryimage","url":"https:\/\/www.icip.cat\/perlapau\/wp-content\/uploads\/2022\/04\/article_central_6_2560-2.jpg","contentUrl":"https:\/\/www.icip.cat\/perlapau\/wp-content\/uploads\/2022\/04\/article_central_6_2560-2.jpg","width":1152,"height":1600},{"@type":"WebSite","@id":"https:\/\/www.icip.cat\/perlapau\/#website","url":"https:\/\/www.icip.cat\/perlapau\/","name":"Revista Por la Paz","description":"La revista del Instituto Catal\u00e1n Internacional para la Paz","publisher":{"@id":"https:\/\/www.icip.cat\/perlapau\/#organization"},"potentialAction":[{"@type":"SearchAction","target":{"@type":"EntryPoint","urlTemplate":"https:\/\/www.icip.cat\/perlapau\/?s={search_term_string}"},"query-input":{"@type":"PropertyValueSpecification","valueRequired":true,"valueName":"search_term_string"}}],"inLanguage":"es"},{"@type":"Organization","@id":"https:\/\/www.icip.cat\/perlapau\/#organization","name":"Revista Por la Paz","url":"https:\/\/www.icip.cat\/perlapau\/","logo":{"@type":"ImageObject","inLanguage":"es","@id":"https:\/\/www.icip.cat\/perlapau\/#\/schema\/logo\/image\/","url":"https:\/\/www.icip.cat\/perlapau\/wp-content\/uploads\/2023\/04\/ICIP_logo.jpg","contentUrl":"https:\/\/www.icip.cat\/perlapau\/wp-content\/uploads\/2023\/04\/ICIP_logo.jpg","width":1025,"height":1024,"caption":"Revista Por la Paz"},"image":{"@id":"https:\/\/www.icip.cat\/perlapau\/#\/schema\/logo\/image\/"}}]}},"_links":{"self":[{"href":"https:\/\/www.icip.cat\/perlapau\/es\/wp-json\/wp\/v2\/article\/7118","targetHints":{"allow":["GET"]}}],"collection":[{"href":"https:\/\/www.icip.cat\/perlapau\/es\/wp-json\/wp\/v2\/article"}],"about":[{"href":"https:\/\/www.icip.cat\/perlapau\/es\/wp-json\/wp\/v2\/types\/article"}],"wp:featuredmedia":[{"embeddable":true,"href":"https:\/\/www.icip.cat\/perlapau\/es\/wp-json\/wp\/v2\/media\/7155"}],"wp:attachment":[{"href":"https:\/\/www.icip.cat\/perlapau\/es\/wp-json\/wp\/v2\/media?parent=7118"}],"wp:term":[{"taxonomy":"category","embeddable":true,"href":"https:\/\/www.icip.cat\/perlapau\/es\/wp-json\/wp\/v2\/categories?post=7118"}],"curies":[{"name":"wp","href":"https:\/\/api.w.org\/{rel}","templated":true}]}}