{"id":7546,"date":"2022-04-13T08:45:27","date_gmt":"2022-04-13T08:45:27","guid":{"rendered":"https:\/\/www.icip.cat\/perlapau\/article\/apunts-per-una-agenda-de-pau\/"},"modified":"2022-05-04T10:57:12","modified_gmt":"2022-05-04T10:57:12","slug":"apuntes-para-una-agenda-de-paz","status":"publish","type":"article","link":"https:\/\/www.icip.cat\/perlapau\/es\/articulo\/apuntes-para-una-agenda-de-paz\/","title":{"rendered":"Apuntes para una agenda de paz"},"content":{"rendered":"\n<p class=\"primer\"><strong>La perspectiva de que la paz no es s\u00f3lo ausencia de guerra <\/strong>es una idea firmemente consolidada entre los sectores especializados. Buena parte de la opini\u00f3n p\u00fablica seguramente comparte tambi\u00e9n la intuici\u00f3n de que no s\u00f3lo en conflictos b\u00e9licos hay falta de paz. Las dificultades de acceso a unos m\u00ednimos vitales y al ejercicio de los derechos humanos; la inseguridad \u2013 real o percibida \u2013&nbsp; en casa y en la calle; la desconfianza hacia las instituciones p\u00fablicas; desigualdades, discriminaciones y exclusiones; o incluso relaciones sociales polarizadas son factores determinantes a la hora de dilucidar si se vive en paz o no. El contrario de la paz no es pues la guerra, sino la violencia, en todas sus diversas manifestaciones \u2013 directa, estructural y cultural. Se produzca \u00e9sta, o no, en el marco de un conflicto armado.<\/p>\n\n\n\n<p>Esta mirada amplia sobre el concepto de paz es especialmente relevante en un momento hist\u00f3rico donde las estad\u00edsticas indican tasas de muertes violentas extraordinariamente elevadas en pa\u00edses supuestamente \u201cpac\u00edficos\u201d, superando en algunas ocasiones las de pa\u00edses en guerra. Hay que ser cauteloso a la hora de comparar estad\u00edsticas, ya que las maneras de medir pueden diferir entre uno y otro lugar. Sin embargo, la informaci\u00f3n regularmente sistematizada por el <a href=\"https:\/\/www.unodc.org\/unodc\/en\/data-and-analysis\/global-study-on-homicide.html\">Global Study on Homicide<\/a> de l&#8217;UNODC, el <a href=\"https:\/\/ucdp.uu.se\/\">Conflict Data Program<\/a> de la Universitat de Uppsala o el <a href=\"https:\/\/homicide.igarape.org.br\/\">Homicide Monitor<\/a> del Instituto Igarap\u00e9, entre otros, nos alerta sobre graves situaciones de violencia homicida en pa\u00edses donde no hay en curso &nbsp;ning\u00fan conflicto armado reconocido como tal. Los datos relativos a pa\u00edses latinoamericanos y del Caribe son especialmente alarmantes en este sentido.<\/p>\n\n\n\n<p>Sin duda, la construcci\u00f3n de paz tiene que poner el foco en estas situaciones, unas situaciones que son diferentes de los \u00e1mbitos en los que se ha desarrollado hist\u00f3ricamente la construcci\u00f3n de paz y que llevan en buena medida a un replanteamiento de sus marcos anal\u00edticos y metodol\u00f3gicos a la vez que suscitan nuevos e importantes interrogantes.<\/p>\n\n\n\n<p>Queremos fijarnos en las violencias fuera de contextos b\u00e9licos, \u00bfpero de qu\u00e9 violencias estamos hablando? \u00bfC\u00f3mo las adjetivamos? \u00bfC\u00f3mo las calificamos? \u00bfC\u00f3mo las definimos? S\u00f3lo limit\u00e1ndonos a la violencia directa, ya nos encontramos ante un fen\u00f3meno tan enorme en su impacto como heterog\u00e9neo en sus manifestaciones y complejo en sus din\u00e1micas. Matanzas y desapariciones forzadas cometidas por el crimen organizado en M\u00e9xico (a menudo en colusi\u00f3n con las autoridades); extorsiones y asesinatos perpetrados por las \u201cmaras\u201d en Centroam\u00e9rica; ejecuciones extrajudiciales de j\u00f3venes negros en las favelas de Brasil; uso excesivo de la fuerza por parte de los cuerpos de seguridad en la represi\u00f3n de protestas sociales; feminicidios por todas partes, incesantes e impunes; tr\u00e1fico de personas a gran escala; crisis humanitarias y abusos en las rutas migratorias&#8230; \u00bfCu\u00e1l es el denominador com\u00fan en todas estas situaciones? \u00bfC\u00f3mo las podemos enfocar desde una perspectiva de paz?<\/p>\n\n\n\n<blockquote class=\"wp-block-quote is-layout-flow wp-block-quote-is-layout-flow\"><p>El contrario de la paz no es la guerra, sino la violencia, en todas sus diversas manifestaciones \u2013 directa, estructural y cultural -, se produzca o no en el marco de un conflicto armado<\/p><\/blockquote>\n\n\n\n<p>Estamos hablando de unos niveles extraordinariamente altos de violencia directa que hacen que los territorios que la sufren ocupen las primeras plazas en los rankings mundiales de homicidios y otras agresiones graves a la integridad f\u00edsica y ps\u00edquica de las personas. Esta violencia directa tiene lugar en contextos profundamente marcados por violencias estructurales, con grav\u00edsimos indicadores de desigualdad y exclusi\u00f3n social, pobreza y falta de acceso a derechos humanos b\u00e1sicos como el derecho a la salud, educaci\u00f3n o vivienda digna, todos ellos alimentados por discriminaciones centenarias que condicionan la vida de millones de ni\u00f1as, ni\u00f1os, mujeres y hombres. Violencias directas y estructurales se ven a su vez retroalimentadas por discursos cargados de valores sexistas, racistas, individualistas o militaristas que durante a\u00f1os han ido impregnando a las sociedades.&nbsp;<\/p>\n\n\n\n<p>La pluralidad de los actores y la complejidad de sus interacciones, extremadamente fluidas y din\u00e1micas, es otro rasgo caracter\u00edstico de estas situaciones. Las tensiones no suelen darse, como en el caso de los conflictos armados cl\u00e1sicos, entre un n\u00famero reducido de actores con homogeneidad interna, una agenda pol\u00edtica y un poder claro sobre el territorio. A menudo nos encontramos ante un calidoscopio de grupos armados con alianzas y escisiones dif\u00edciles de seguir. La l\u00ednea divisoria entre actores \u201clegales\u201d e \u201cilegales\u201d se desvanece, tanto por la colusi\u00f3n de las instituciones con la delincuencia como porque muchos de estos grupos han diversificado tanto sus actividades que pueden estar operando a la vez en redes criminales y en mercados legales. Por otra parte, los intereses pol\u00edticos de estos actores se limitan b\u00e1sicamente al control sobre rutas y mercados.<\/p>\n\n\n\n<p>El investigador John Paul Lederach lo analizaba recientemente con estas palabras: \u201cEl prop\u00f3sito de la violencia puede ser el control sobre ciertos espacios territoriales, locales, pero de manera m\u00e1s importante lo es el control de las redes donde fluyen personas \u2013 personas muy vulnerables \u2013 armas, drogas, econom\u00edas il\u00edcitas&#8230; Se trata de redes transnacionales y <em>abiertamente escondidas<\/em>, en el sentido de que tienen una presencia fuerte, pero trabajan desde una perspectiva il\u00edcita [&#8230;]. A menudo la violencia es performativa, simb\u00f3lica, horrorosa, exagerada en su forma de transmitir miedo. Son retos locales y a la vez transnacionales, pero no son luchas por un poder pol\u00edtico de \u00e1mbito nacional. Buscan controlar sus cadenas econ\u00f3micas y sociales\u201d<a id=\"_ftnref1\" href=\"#_ftn1\"><code>[1]<\/code><\/a>. Dicho esto, se ha podido observar tambi\u00e9n c\u00f3mo grupos criminales han ido ganando legitimidad entre sectores de la poblaci\u00f3n a quien los Estados no garantizan las necesidades b\u00e1sicas y no ofrecen perspectivas de futuro. Eso se hizo particularmente evidente durante los momentos a m\u00e1s cr\u00edticos de la pandemia de la Covid-19<a id=\"_ftnref2\" href=\"#_ftn2\"><code>[2]<\/code><\/a>. Tener presente el entrecruzado de las tres dimensiones de violencias \u2013 directas, estructurales y culturales \u2013 as\u00ed como su car\u00e1cter cr\u00f3nico<a id=\"_ftnref3\" href=\"#_ftn3\"><code>[3]<\/code><\/a> es imprescindible a la hora de proponer una hoja de ruta hacia la paz. Tambi\u00e9n lo es entender las complejas din\u00e1micas con las que se expresa esta violencia y el mapa de actores que la protagonizan.&nbsp;<\/p>\n\n\n\n<p>Tener presente las diferentes dimensiones de las violencias y su car\u00e1cter cr\u00f3nico es imprescindible a la hora de proponer una hoja de ruta hacia la paz<\/p>\n\n\n\n<h3 class=\"wp-block-heading\"><strong>Una propuesta de agenda de construcci\u00f3n de paz<\/strong><\/h3>\n\n\n\n<p>Entendiendo la paz como un concepto plural, relacional, contextual y din\u00e1mico<a id=\"_ftnref4\" href=\"#_ftn4\"><code>[4]<\/code><\/a>, no hay receta fija ni \u00fanica para hacer frente a violencias tan complejas. Siempre ser\u00e1n necesarias acciones en distintos niveles, dimensiones y tempos, y adaptadas a las peculiaridades del lugar donde se producen los conflictos y las violencias. Sin embargo algunas reflexiones compartidas podr\u00edan contribuir a delinear elementos b\u00e1sicos para una agenda de construcci\u00f3n de paz. El ICIP organiz\u00f3 durante 2021 un ciclo de conversaciones para identificar estos elementos: <a href=\"https:\/\/www.icip.cat\/ca\/seminaris\/america-llatina-fer-front-a-les-violencies-des-de-la-construccio-de-pau\/\">Am\u00e9rica Latina. Hacer frente a las violencias desde la construcci\u00f3n de paz<\/a><a id=\"_ftnref5\" href=\"#_ftn5\"><code>[5]<\/code><\/a>. Las reflexiones que siguen se articulan en torno a algunas de las ideas m\u00e1s destacables que se pusieron sobre la mesa y que el ICIP hace suyas.&nbsp; &nbsp;&nbsp;&nbsp;<\/p>\n\n\n\n<ul class=\"wp-block-list\"><li><strong>Tener una mirada integral y a largo plazo<\/strong><\/li><\/ul>\n\n\n\n<p>Construir paz es un proceso lento que requiere una perspectiva a largo plazo, una mirada hacia el pasado y acciones concretas en el presente. Hay que asumir la complejidad y la dificultad de esta tarea. Ser\u00eda ilusorio pensar que se pueden solucionar problemas enquistados desde hace d\u00e9cadas o siglos en un solo ciclo electoral, por ejemplo.<\/p>\n\n\n\n<p>Ciertamente, hacen falta medidas inmediatas para reducir las violencias y garantizar la seguridad f\u00edsica de las personas, pero ser\u00e1n poco efectivas si no van acompa\u00f1adas de un esfuerzo genuino por garantizar el acceso a todos los derechos humanos: econ\u00f3micos, sociales, culturales, civiles y pol\u00edticos, sin ning\u00fan tipo de discriminaci\u00f3n y tanto en su dimensi\u00f3n individual como colectiva. &nbsp;<\/p>\n\n\n\n<p>Ante unas violencias de car\u00e1cter cr\u00f3nico y multidimensional, una agenda de paz tiene que contemplar las desigualdades hist\u00f3ricas (tambi\u00e9n en clave de g\u00e9nero) que han propiciado la conflictividad y no descartar transformaciones sist\u00e9micas, incluso en las estructuras de poder. Muy previsiblemente esto puede chocar con la resistencia de los mismos grupos armados y \u00e9lites pol\u00edticas, sociales y econ\u00f3micas que sacan provecho del conflicto y que durante d\u00e9cadas han sido responsables de la reproducci\u00f3n de la violencia<a id=\"_ftnref6\" href=\"#_ftn6\"><code>[6]<\/code><\/a>. Reconfigurar el papel de algunos actores perteneciente a estas \u00e9lites y poner su capacidad de influencia y de transformaci\u00f3n a favor de la paz tambi\u00e9n tendr\u00eda que formar parte de la agenda. &nbsp;&nbsp;<\/p>\n\n\n\n<p>Estas transformaciones tienen que pasar igualmente por un fortalecimiento de las instituciones democr\u00e1ticas de manera que tengan legitimidad y capacidad para gestionar de forma noviolenta la conflictividad social<a id=\"_ftnref7\" href=\"#_ftn7\"><code>[7]<\/code><\/a>. \u201cLa buena gobernanza, caracterizada como Estados que son participativos, responsables, eficaces y basados en el Estado de derecho, establece las bases sobre las cuales desarrollar y fortalecer marcos institucionales y no estatales para mejorar a la sociedad y contrarrestar el crimen organizado\u201d<code><a id=\"_ftnref8\" href=\"#_ftn8\">[8]<\/a>.&nbsp;<\/code><\/p>\n\n\n\n<blockquote class=\"wp-block-quote is-layout-flow wp-block-quote-is-layout-flow\"><p>Construir paz es un proceso lento que requiere una perspectiva a largo plazo, una mirada hacia el pasado y acciones concretas en el presente. Hay que asumir la complejidad y la dificultad de esta tarea<\/p><\/blockquote>\n\n\n\n<ul class=\"wp-block-list\"><li><strong>Adoptar otro modelo de seguridad<\/strong><\/li><\/ul>\n\n\n\n<p>Volviendo a las medidas necesarias para garantizar el derecho a la vida e integridad f\u00edsica de las personas, es obvio que ante las violencias descritas, las pol\u00edticas de seguridad son una prioridad en la construcci\u00f3n de paz. \u00bfPero qu\u00e9 pol\u00edticas y qu\u00e9 seguridad?<\/p>\n\n\n\n<p>El concepto de seguridad ha sido secuestrado por una visi\u00f3n muy limitada y exclusiva que no tiene en cuenta la pluralidad de vulnerabilidades, amenazas y necesidades y que antepone el control y el orden por encima de las condiciones necesarias para el pleno ejercicio de los derechos humanos. La mayor\u00eda de gobiernos han optado por aplicar su poder coercitivo con m\u00e1s control social, securitizaci\u00f3n del espacio p\u00fablico, implicaci\u00f3n de fuerzas militares en operaciones de seguridad interior, creaci\u00f3n de cuerpos armados especiales y endurecimiento de las penas de prisi\u00f3n para luchar contra la delincuencia.<\/p>\n\n\n\n<p>D\u00e9cadas despu\u00e9s de pol\u00edticas de \u201cmano dura\u201d, no se observa ninguna reducci\u00f3n significativa en las estad\u00edsticas sobre violencia. Es m\u00e1s, todo apunta a que las pol\u00edticas represivas han contribuido a su reproducci\u00f3n. &nbsp;<\/p>\n\n\n\n<p>\u00bfC\u00f3mo revertir el fracaso de las pol\u00edticas de seguridad hasta ahora predominantes? Una visi\u00f3n integral de la seguridad que responda tambi\u00e9n a los m\u00faltiples problemas sociales; voluntad pol\u00edtica de alto nivel y sostenida en el tiempo; diagn\u00f3sticos claros; mayor transparencia; descentralizaci\u00f3n; m\u00e1s capacitaci\u00f3n y cambios culturales en las fuerzas de seguridad as\u00ed como control civil sobre las fuerzas de seguridad son algunas de las propuestas que se plantean en clave de cambio<a id=\"_ftnref9\" href=\"#_ftn9\"><code>[9]<\/code><\/a>.<\/p>\n\n\n\n<p>En otras palabras, la construcci\u00f3n de paz requiere reorientar los esfuerzos en materia de seguridad hacia un modelo de seguridad humana centrado en crear condiciones para que las personas puedan tener un proyecto de vida digno y desarrollar todas sus capacidades en libertad y pleno respeto de sus derechos humanos. Cabe a\u00f1adir aqu\u00ed que desde el marco te\u00f3rico y pr\u00e1ctico del feminismo se est\u00e1n haciendo aportaciones muy valiosas que enriquecen todav\u00eda m\u00e1s este concepto de seguridad, proponiendo modelos \u201cmenos antagonistas, m\u00e1s cooperativos e intercomunitarios, donde las redes de apoyo y de acompa\u00f1amiento y las relaciones de cuidado mutuo hagan de la interdependencia una virtud\u201d<a id=\"_ftnref10\" href=\"#_ftn10\"><code>[10]<\/code><\/a>.<\/p>\n\n\n\n<blockquote class=\"wp-block-quote is-layout-flow wp-block-quote-is-layout-flow\"><p>El concepto de seguridad ha sido secuestrado por una visi\u00f3n muy limitada y exclusiva que no tiene en cuenta las vulnerabilidades, amenazas y necesidades, y que antepone el control y el orden por encima de los derechos humanos<\/p><\/blockquote>\n\n\n\n<ul class=\"wp-block-list\"><li><strong>Descifrar los nexos entre criminalidad organizada, violencia y paz<\/strong><\/li><\/ul>\n\n\n\n<p>Las diferentes expresiones de violencia ejercida por el crimen organizado as\u00ed como el impacto negativo en el desarrollo econ\u00f3mico y democr\u00e1tico de los pa\u00edses donde tiene presencia son un evidente reto para la paz y la seguridad global. Sin embargo, desde el \u00e1mbito de la construcci\u00f3n de paz justo se est\u00e1 empezando ahora a poner el foco sobre este problema y a aportar algunas propuestas<a id=\"_ftnref11\" href=\"#_ftn11\"><code>[11]<\/code><\/a>.<\/p>\n\n\n\n<p>Es imprescindible entender c\u00f3mo funcionan los grupos criminales \u2013 en toda su heterogeneidad \u2013 para poderles hacer frente. A causa de su opacidad y complejidad, la radiograf\u00eda que tenemos es todav\u00eda muy parcial y borrosa. Hay mucho recorrido por hacer en este sentido, especialmente por parte de los estudios de paz.&nbsp;<\/p>\n\n\n\n<p>\u00bfCu\u00e1l es exactamente la relaci\u00f3n entre crimen organizado y violencia? La presencia de grupos criminales no significa necesariamente un aumento de episodios violentos. Al contrario, en algunas ocasiones el ejercicio de su poder &#8211; directamente proporcional a la fragilidad de las instituciones estatales \u2013 les permite regular la incidencia de homicidios y, cuando les resulta conveniente, reducirla<a id=\"_ftnref12\" href=\"#_ftn12\"><code>[12]<\/code><\/a>. A costa, eso s\u00ed, de otros graves abusos y de una renuncia al Estado de derecho. El uso que hace el crimen organizado de la violencia es muy t\u00e1ctico. El tipo y el nivel de violencia puede depender de los mensajes que quiere enviar a las autoridades, grupos rivales o a la poblaci\u00f3n. En ocasiones interesa que sea una violencia brutal y visible, en otras sus propios negocios necesitan un entorno \u201cpacificado\u201d, donde la violencia se evite o se esconda<a id=\"_ftnref13\" href=\"#_ftn13\"><code>[13]<\/code><\/a>. &nbsp;Para poder hacerle frente debemos entender estas din\u00e1micas en profundidad. \u00c9stas variar\u00e1n en funci\u00f3n de cada lugar  y grupo. Una respuesta equivocada puede exacerbar todav\u00eda m\u00e1s la violencia ejercida por los grupos criminales. En consonancia con lo que se ha expuesto en otros apartados, hay que pensar en estrategias informadas, innovadoras y creativas para ir m\u00e1s all\u00e1 de las respuestas represivas y compartimentadas aplicadas hasta ahora.<\/p>\n\n\n\n<p>Una de las asignaturas pendientes del \u00e1mbito de la construcci\u00f3n de paz es explorar con m\u00e1s profundidad en qu\u00e9 condiciones es posible y deseable el di\u00e1logo y la negociaci\u00f3n con actores vinculados al crimen organizado<a id=\"_ftnref14\" href=\"#_ftn14\"><code>[14]<\/code><\/a>. \u00bfQu\u00e9 legitimidad tienen estos grupos? \u00bfQu\u00e9 es lo que se puede negociar? \u00bfQu\u00e9 puede motivar a negociar &nbsp;a grupos que precisamente se benefician del conflicto y de la violencia?<a id=\"_ftnref15\" href=\"#_ftn15\"><code>[15]<\/code><\/a>.<\/p>\n\n\n\n<p>Otro bloque de cuestiones que se plantean tienen que ver con el desarme, la desmovilizaci\u00f3n y la reintegraci\u00f3n de los miembros de estos grupos. Los aprendizajes sobre este tipo de procesos que hemos ido acumulando en contextos de conflicto armado tendr\u00edan que poder guiar las actuaciones de desmovilizaci\u00f3n de personas vinculadas al crimen organizado violento.<\/p>\n\n\n\n<ul class=\"wp-block-list\"><li><strong>Restaurar a las v\u00edctimas<\/strong><\/li><\/ul>\n\n\n\n<p>Los niveles extraordinariamente elevados de violencia coinciden con unos niveles extraordinariamente elevados de impunidad que agravan todav\u00eda m\u00e1s el dolor de las v\u00edctimas y retroalimentan los ciclos de violencia. En estos contextos, fortalecer el binomio justicia y paz se torna fundamental.<\/p>\n\n\n\n<p>Son diversos los factores que explican la impunidad que sufre cada pa\u00eds en relaci\u00f3n a violaciones de los derechos humanos y cr\u00edmenes violentos: connivencia de las autoridades con actores criminales, falta de capacitaci\u00f3n, instituciones d\u00e9biles, etc. Abordar cada uno de estos factores necesitar\u00e1 reformas espec\u00edficas en estructuras de gobierno, en la judicatura y los cuerpos de seguridad. Cuando los mecanismos de justicia ordinarios no son suficientes para dar respuesta a la elevad\u00edsima cantidad de cr\u00edmenes graves, puede ser necesario plantear mecanismos extraordinarios que puedan aportar verdad, justicia, reparaci\u00f3n y garant\u00edas de no repetici\u00f3n a las v\u00edctimas y al conjunto de la sociedad.<\/p>\n\n\n\n<p>Las diferentes experiencias de justicia transicional que conocemos en este sentido aportan muchas luces sobre c\u00f3mo afrontar episodios de violencia masiva. Hasta ahora estas experiencias se han dado en reg\u00edmenes \u201cen transici\u00f3n\u201d de un conflicto a un postconflicto, o de una dictadura a una democracia. \u00bfTiene sentido trasladar los aprendizajes y las herramientas de la justicia transicional a situaciones que no est\u00e1n (aparentemente) \u201ctransitando\u201d hacia un cambio de r\u00e9gimen?<\/p>\n\n\n\n<p>Ninguna f\u00f3rmula es aplicable <em>per se<\/em> en otros contextos. Aun as\u00ed, &nbsp;el elevad\u00edsimo n\u00famero de v\u00edctimas y la gravedad de las violaciones de los derechos humanos en juego, la saturaci\u00f3n de los mecanismos de justicia ordinarios, la urgencia de garantizar medidas de no repetici\u00f3n y la necesidad, como se apuntaba m\u00e1s arriba, de ir a las ra\u00edces de los conflictos, sin duda justifican la idoneidad de inspirarse en las aportaciones de la justicia transicional para hacer frente a este tipo de violencias. Estas aportaciones no se limitan \u00fanicamente a las v\u00edas penales, contemplan tambi\u00e9n toda una serie de pr\u00e1cticas restauradoras que contribuyen enormemente a la transformaci\u00f3n y a satisfacer las necesidades de justicia de las v\u00edctimas<a id=\"_ftnref16\" href=\"#_ftn16\"><code>[16]<\/code><\/a>.<\/p>\n\n\n\n<blockquote class=\"wp-block-quote is-layout-flow wp-block-quote-is-layout-flow\"><p>Los niveles extraordinariamente elevados de violencia coinciden con unos niveles extraordinariamente elevados de impunidad que agravan todav\u00eda m\u00e1s el dolor de las v\u00edctimas<\/p><\/blockquote>\n\n\n\n<ul class=\"wp-block-list\"><li><strong>Tejer una sociedad civil cohesionada<\/strong><\/li><\/ul>\n\n\n\n<p>Si bien el Estado es una pieza clave, la construcci\u00f3n de paz no pasa \u00fanicamente por las instituciones, y a\u00fan menos, por las \u00e9lites que ostentan el poder. Es primordial contar con un tejido social activo y cohesionado que cuestione la legitimidad de la violencia y haga propuestas de transformaci\u00f3n positiva de los conflictos. Son cada vez m\u00e1s las voces, que, alej\u00e1ndose de los postulados de la \u201cpaz liberal\u201d<a id=\"_ftnref17\" href=\"#_ftn17\"><code>[17]<\/code><\/a>, afirman que la paz se tiene que construir desde el \u00e1mbito local, con la participaci\u00f3n de las personas y comunidades, especialmente aquellas afectadas por los conflictos.<\/p>\n\n\n\n<p>La acci\u00f3n de la sociedad civil se traduce en una maravillosa gama de acciones que pueden pasar por ejercicios de resistencia civil noviolenta, de promoci\u00f3n del di\u00e1logo, de protesta, de proyectos de prevenci\u00f3n de las violencias, de cuidados, de formaci\u00f3n, o de gestos m\u00e1s sencillos, individuales, y a menudo desapercibidos, de no reproducci\u00f3n de la violencia.<\/p>\n\n\n\n<p>Ahora bien, el terror que genera la violencia puede separar y tensar todav\u00eda m\u00e1s las relaciones entre personas, grupos o comunidades. Es por lo tanto especialmente importante generar condiciones que mantengan vivos el di\u00e1logo y la cohesi\u00f3n social. No s\u00f3lo para promover la convivencia, tambi\u00e9n para abordar de manera colectiva las problem\u00e1ticas m\u00e1s arraigadas y construir visiones de futuro compartidas.<\/p>\n\n\n\n<p>En situaciones de violencia extrema, las personas y colectivos que buscan transformaciones se exponen a un gran riesgo. La lista de autoridades locales, dirigentes comunitarios, periodistas o defensores y defensoras de los derechos humanos y del medio ambiente que son asesinados va creciendo de a\u00f1o en a\u00f1o hasta unos niveles que recuerdan los tiempos m\u00e1s oscuros de las peores dictaduras.<\/p>\n\n\n\n<blockquote class=\"wp-block-quote is-layout-flow wp-block-quote-is-layout-flow\"><p>Para la construcci\u00f3n de paz es primordial contar con un tejido social activo y cohesionado que cuestione la legitimidad de la violencia y haga propuestas de transformaci\u00f3n positiva de los conflictos<\/p><\/blockquote>\n\n\n\n<p>Es tarea de los actores internacionales de construcci\u00f3n de paz acompa\u00f1ar estas personas y colectivos para contribuir a reafirmar la legitimidad que se les quiere sustraer, amplificar su voz en el \u00e1mbito global y ofrecerles protecci\u00f3n. Es tambi\u00e9n tarea de estos actores poner en valor los esfuerzos de la sociedad civil organizada y preocuparse de que tengan participaci\u00f3n en los procesos de paz que trascienden el \u00e1mbito estrictamente local. &nbsp;<\/p>\n\n\n\n<ul class=\"wp-block-list\"><li><strong>Entender la relaci\u00f3n entre violencias locales y fen\u00f3menos globales<\/strong><\/li><\/ul>\n\n\n\n<p>La mayor\u00eda de las expresiones m\u00e1s brutales de las violencias fuera de contextos b\u00e9licos analizadas hasta ahora suelen tener lugar en las periferias, lejos de los centros de poder y de decisi\u00f3n, fuera del foco internacional. Sin embargo, a muchas se les podr\u00eda encontrar una relaci\u00f3n m\u00e1s o menos estrecha con fen\u00f3menos de alcance transnacional.<\/p>\n\n\n\n<p>La conexi\u00f3n entre las violencias locales y asuntos globales se hace especialmente evidente a partir del siguiente dato: 75% de las muertes violentas de Am\u00e9rica Latina son provocadas por armas importadas (por v\u00edas legales e ilegales) de otros continentes<code><a id=\"_ftnref18\" href=\"#_ftn18\">[18]<\/a>. <\/code>Al comercio de armas, se suman el tr\u00e1fico de personas y otras econom\u00edas il\u00edcitas, pr\u00e1cticas extractivistas para satisfacer demandas de otras poblaciones o pol\u00edticas migratorias restrictivas que agravan todav\u00eda m\u00e1s la situaci\u00f3n. La liberalizaci\u00f3n a ultranza de la econom\u00eda global no es tampoco ajena a la expansi\u00f3n de los mercados ilegales y al fortalecimiento de los actores criminales que los dominan.<\/p>\n\n\n\n<p>Estos fen\u00f3menos tienen en com\u00fan el hecho de que producen beneficios en las esferas internacionales a la hora que generan explotaci\u00f3n, empobrecimiento y violencia contra grupos poblacionales y pr\u00e1cticas depredadoras contra el medio ambiente<a id=\"_ftnref19\" href=\"#_ftn19\"><code>[19]<\/code><\/a>.<\/p>\n\n\n\n<p>Si bien uno de los grandes aprendizajes de la construcci\u00f3n de paz es que los procesos tienen que estar enfocados en los conflictos locales y protagonizados por los actores locales, en toda su diversidad, esta dimensi\u00f3n transnacional de las violencias hace que los procesos de \u00e1mbito local se tengan que poder combinar con acciones de incidencia a nivel global. Saber c\u00f3mo intervenir de la manera m\u00e1s eficiente y coordinada en los distintos niveles \u2013 locales, nacionales, regionales y globales \u2013 es otro de los grandes retos de la construcci\u00f3n de paz. Y es un reto que nos interpela directamente.<\/p>\n\n\n\n<p>En definitiva, son muchos los desaf\u00edos que plantean las violencias que nos preocupan, pero tenemos pistas, tenemos saber acumulado y tenemos metodolog\u00edas para abordarlas con una mirada de paz. Y, sobre todo, tenemos una constelaci\u00f3n de personas, organizaciones, comunidades y representantes institucionales con capacidad y voluntad para transformar situaciones violentas en situaciones m\u00e1s pac\u00edficas, justas, inclusivas y sostenibles. Identificarlas, conectarlas y ampliar el impacto tambi\u00e9n es construir paz. Es urgente y necesario dar a estas situaciones la prioridad que requieren.<\/p>\n\n\n\n<p><\/p>\n\n\n\n<hr class=\"wp-block-separator\"\/>\n\n\n\n<p><a href=\"#_ftnref1\" id=\"_ftn1\">[1]<\/a> John Paul Lederach en la <a href=\"https:\/\/youtu.be\/7cpMZTV80XU\">sesi\u00f3n inaugural<\/a> del ciclo \u201cAm\u00e9rica Latina. Hacer frente a las violencias desde la construcci\u00f3n de paz\u201d organizado por el ICIP de marzo a junio de 2021.<\/p>\n\n\n\n<p><a href=\"#_ftnref2\" id=\"_ftn2\">[2]<\/a> Ver la tertulia <a href=\"https:\/\/www.youtube.com\/watch?v=PqWSQPXdlgc\">\u201cLas despensas del crimen organizado\u201d,<\/a> organizada por el Colegio de M\u00e9xico el 13 de mayo de 2020.<\/p>\n\n\n\n<p><a href=\"#_ftnref3\" id=\"_ftn3\">[3]<\/a> Entendemos por violencia cr\u00f3nica \u201cuna violencia que se reproduce por todos los espacios de socializaci\u00f3n y entre generaciones, que toma m\u00faltiples formas y que muta a lo largo del tiempo. Son violencias letales y no letales, como desapariciones, desplazamientos forzados, violencia intrafamiliar y abusos policiales, entre otros. La violencia cr\u00f3nica afecta profundamente a la forma en que las personas se relacionan entre s\u00ed ante las instituciones del Estado, los espacios que habitan y sus expectativas sobre el futuro\u201d. Pearce, Jenny et al., <a href=\"https:\/\/www.lse.ac.uk\/lacc\/assets\/documents\/AGENDA-NACIONAL.pdf\"><em>Hacia una agenda de Seguridad nacional humana en M\u00e9xico: Por una seguridad que no reproduzca las violencias<\/em><\/a>, London School of Economics and Political Science. Traducci\u00f3n propia.<\/p>\n\n\n\n<p><a id=\"_ftn4\" href=\"#_ftnref4\">[4]<\/a> Pearce, J.; Dietrich, W.<a href=\"http:\/\/doi.org\/10.1080\/21647259.2019.1632056\" target=\"_blank\" rel=\"noreferrer noopener\"> \u00abMany violences, many peaces: Wolfgang Dietrich and Jenny Pearce in conversation<\/a>\u00ab, <em>Peacebuilding<\/em>, 7:3, 2019, p. 268-282.<\/p>\n\n\n\n<p><a href=\"#_ftnref5\" id=\"_ftn5\">[5]<\/a> <a href=\"https:\/\/www.icip.cat\/ca\/seminaris\/america-llatina-fer-front-a-les-violencies-des-de-la-construccio-de-pau\/\">Res\u00famenes y v\u00eddeos<\/a> de las sesiones del ciclo.<\/p>\n\n\n\n<p><a href=\"#_ftnref6\" id=\"_ftn6\">[6]<\/a> Ver la sesi\u00f3n con Jenny Pearce y Mariano Aguirre <a href=\"https:\/\/youtu.be\/_DbOdcz_660\">\u201cConceptualizar una agenda de paz en medio de violencias cr\u00f3nicas\u201d<\/a> dentro del ciclo \u201cAm\u00e9rica Latina. Hacer frente a las violencias desde la construcci\u00f3n de paz\u201d, organizado por el ICIP de marzo a junio de 2021.<\/p>\n\n\n\n<p><a id=\"_ftn7\" href=\"#_ftnref7\">[7]<\/a> Ver la sesi\u00f3n con Esperanza Hern\u00e1ndez, Sabine Kurtenbach y Ver\u00f3nica Zubillaga <a href=\"https:\/\/www.youtube.com\/watch?v=6sYfFT6ACmE&amp;t=3s\">\u201cDemocracia participativa, movimientos sociales y resistencias noviolentas\u201d<\/a> dentro del ciclo mencionado. <\/p>\n\n\n\n<p><a href=\"#_ftnref8\" id=\"_ftn8\">[8]<\/a> <a href=\"https:\/\/globalinitiative.net\/analysis\/ocindex-2021\/\"><em>Global Organized Crime Index 2021<\/em><\/a>. Global Initiative Against Organized Transnational Crime, p. 131.<\/p>\n\n\n\n<p><a id=\"_ftn9\" href=\"#_ftnref9\">[9]<\/a> Ver la sesi\u00f3n con Luc\u00eda Dammert, Miguel Garza y Geoff Thale <a href=\"https:\/\/www.youtube.com\/watch?v=ucw6yu4CLSA&amp;feature=youtu.be\" target=\"_blank\" rel=\"noreferrer noopener\">\u201cPol\u00edticas de seguridad para la construcci\u00f3n de paz<\/a>\u201d dentro del ciclo mencionado. Ver tambi\u00e9n Maydeu-Olivares, Sergio<em>, <\/em><a href=\"https:\/\/www.icip.cat\/wp-content\/uploads\/2020\/11\/pp18_cat.pdf\"><em>Para una nueva estrategia de reducci\u00f3n de las violencias fuera de contextos b\u00e9licos<\/em><\/a>, ICIP Policy Paper 19, ICIP, abril 2021.<\/p>\n\n\n\n<p><a id=\"_ftn10\" href=\"#_ftnref10\">[10]<\/a> <a href=\"http:\/\/www.icip-perlapau.cat\/numero39\/portada\">\u201cReorientando la seguridad desde el feminismo\u201d,<\/a> revista <em>Por la Paz<\/em>, ICIP, febrero 2021.<\/p>\n\n\n\n<p><a href=\"#_ftnref11\" id=\"_ftn11\">[11]<\/a> Banfield, J. <a href=\"https:\/\/www.international-alert.org\/wp-content\/uploads\/2021\/08\/CVI-Crime-Conflict-EN-2014.pdf\"><em>Crime and Conflict, the new challenge for peacebuilding<\/em><\/a>. International Alert, 2014.<\/p>\n\n\n\n<p><a href=\"#_ftnref12\" id=\"_ftn12\">[12]<\/a> Garz\u00f3n-Vergara, J.C. <em>What is the relationship between organized crime and homicide in Latin America<\/em>, en Homicide Dispatch 3, Igarap\u00e9 Institute, 2016.<\/p>\n\n\n\n<p><a id=\"_ftn13\" href=\"#_ftnref13\">[13]<\/a> Dur\u00e1n-Mart\u00ednez, A. <a href=\"http:\/\/www.icip-perlapau.cat\/numero35\/articles_centrals\/article_central_1\/ca\">\u201cLas m\u00faltiples dimensiones de la violencia relacionada con las drogas\u201d,<\/a> en la revista <em>Por la Paz<\/em>, ICIP, noviembre 2018.<\/p>\n\n\n\n<p><a id=\"_ftn14\" href=\"#_ftnref14\">[14]<\/a> Ver la sesi\u00f3n con Ang\u00e9lica Dur\u00e1n, Falko Ernst y Achim Wennmann <a href=\"https:\/\/youtu.be\/tTHlSnuE-Bw\">\u201cDi\u00e1logo, negociaci\u00f3n y mediaci\u00f3n con actores violentos\u201d<\/a> dentro del ciclo mencionado.<\/p>\n\n\n\n<p><a href=\"#_ftnref15\" id=\"_ftn15\">[15]<\/a> El IFIT ha hecho una tarea considerable al aportar reflexi\u00f3n sobre todas estas cuestiones: Freeman M.; Felbal-Brown V. <a href=\"https:\/\/ifit-transitions.org\/wp-content\/uploads\/2021\/03\/001-Negotiating-with-Violent-Criminal-Groups-v4.pdf\">Negotiating with Violent Criminal Groups. Lessons and guidelines from global practice<\/a>. IFIT., 2021.<\/p>\n\n\n\n<p><a id=\"_ftn16\" href=\"#_ftnref16\">[16]<\/a> Ver la sesi\u00f3n con Guillermo Trejo y Mar\u00eda Camila <a href=\"https:\/\/youtu.be\/njL1T3TFQV4\">\u201cMecanismos extraordinarios para violencias extraordinarias\u201d<\/a> dentro del ciclo mencionado. Ver tambi\u00e9n la sesi\u00f3n con Glaucia Foley, Marisol Ram\u00edrez y Raul Calvo Soler en la sesi\u00f3n <a href=\"https:\/\/youtu.be\/7OPUvMci4_g\">\u201cJusticia y transformaci\u00f3n de los conflictos violentos\u201d<\/a> dentro del mismo ciclo.<\/p>\n\n\n\n<p><a href=\"#_ftnref17\" id=\"_ftn17\">[17]<\/a> P\u00e9rez de Armi\u00f1o, K.; Zirion Landaluze, I. (coord.). <em>Pax cr\u00edtica, aportes te\u00f3ricos a las perspectivas de paz posliberal<\/em>. Tecnos, Hegoa, 2019.<\/p>\n\n\n\n<p><a href=\"#_ftnref18\" id=\"_ftn18\">[18]<\/a> Sin subestimar la importante producci\u00f3n de armamento brasile\u00f1o.<\/p>\n\n\n\n<p><a id=\"_ftn19\" href=\"#_ftnref19\">[19]<\/a> Ver la sesi\u00f3n con Robert Muggah y Luis Jorge Garay <a href=\"https:\/\/youtu.be\/kPXOCBlDkuE\">\u201cRetos globales en construcci\u00f3n de paz en el \u00e1mbito local\u201d<\/a> dentro del ciclo mencionado.<\/p>\n","protected":false},"featured_media":7418,"menu_order":2,"template":"","categories":[30],"class_list":["post-7546","article","type-article","status-publish","has-post-thumbnail","hentry","category-articulos-centrales"],"acf":[],"yoast_head":"<!-- This site is optimized with the Yoast SEO plugin v25.6 - https:\/\/yoast.com\/wordpress\/plugins\/seo\/ -->\n<title>Apuntes para una agenda de paz - Revista Por la Paz<\/title>\n<meta name=\"description\" content=\"Sabina Puig identifica los rasgos b\u00e1sicos de las violencias directas, estructurales y culturales y apunta estrategias para combatirlas\" \/>\n<meta name=\"robots\" content=\"index, follow, max-snippet:-1, max-image-preview:large, max-video-preview:-1\" \/>\n<link rel=\"canonical\" href=\"https:\/\/www.icip.cat\/perlapau\/es\/articulo\/apuntes-para-una-agenda-de-paz\/\" \/>\n<meta property=\"og:locale\" content=\"es_ES\" \/>\n<meta property=\"og:type\" content=\"article\" \/>\n<meta property=\"og:title\" content=\"Apuntes para una agenda de paz - Revista Por la Paz\" \/>\n<meta property=\"og:description\" content=\"Sabina Puig identifica los rasgos b\u00e1sicos de las violencias directas, estructurales y culturales y apunta estrategias para combatirlas\" \/>\n<meta property=\"og:url\" content=\"https:\/\/www.icip.cat\/perlapau\/es\/articulo\/apuntes-para-una-agenda-de-paz\/\" \/>\n<meta property=\"og:site_name\" content=\"Revista Por la Paz\" \/>\n<meta property=\"article:modified_time\" content=\"2022-05-04T10:57:12+00:00\" \/>\n<meta property=\"og:image\" content=\"https:\/\/www.icip.cat\/perlapau\/wp-content\/uploads\/2022\/04\/01_migracio-exterior-1024x683.jpg\" \/>\n\t<meta property=\"og:image:width\" content=\"1024\" \/>\n\t<meta property=\"og:image:height\" content=\"683\" \/>\n\t<meta property=\"og:image:type\" content=\"image\/jpeg\" \/>\n<meta name=\"twitter:card\" content=\"summary_large_image\" \/>\n<meta name=\"twitter:label1\" content=\"Tiempo de lectura\" \/>\n\t<meta name=\"twitter:data1\" content=\"22 minutos\" \/>\n<script type=\"application\/ld+json\" class=\"yoast-schema-graph\">{\"@context\":\"https:\/\/schema.org\",\"@graph\":[{\"@type\":\"WebPage\",\"@id\":\"https:\/\/www.icip.cat\/perlapau\/es\/articulo\/apuntes-para-una-agenda-de-paz\/\",\"url\":\"https:\/\/www.icip.cat\/perlapau\/es\/articulo\/apuntes-para-una-agenda-de-paz\/\",\"name\":\"Apuntes para una agenda de paz - Revista Por la Paz\",\"isPartOf\":{\"@id\":\"https:\/\/www.icip.cat\/perlapau\/#website\"},\"primaryImageOfPage\":{\"@id\":\"https:\/\/www.icip.cat\/perlapau\/es\/articulo\/apuntes-para-una-agenda-de-paz\/#primaryimage\"},\"image\":{\"@id\":\"https:\/\/www.icip.cat\/perlapau\/es\/articulo\/apuntes-para-una-agenda-de-paz\/#primaryimage\"},\"thumbnailUrl\":\"https:\/\/www.icip.cat\/perlapau\/wp-content\/uploads\/2022\/04\/01_migracio-exterior.jpg\",\"datePublished\":\"2022-04-13T08:45:27+00:00\",\"dateModified\":\"2022-05-04T10:57:12+00:00\",\"description\":\"Sabina Puig identifica los rasgos b\u00e1sicos de las violencias directas, estructurales y culturales y apunta estrategias para combatirlas\",\"inLanguage\":\"es\",\"potentialAction\":[{\"@type\":\"ReadAction\",\"target\":[\"https:\/\/www.icip.cat\/perlapau\/es\/articulo\/apuntes-para-una-agenda-de-paz\/\"]}]},{\"@type\":\"ImageObject\",\"inLanguage\":\"es\",\"@id\":\"https:\/\/www.icip.cat\/perlapau\/es\/articulo\/apuntes-para-una-agenda-de-paz\/#primaryimage\",\"url\":\"https:\/\/www.icip.cat\/perlapau\/wp-content\/uploads\/2022\/04\/01_migracio-exterior.jpg\",\"contentUrl\":\"https:\/\/www.icip.cat\/perlapau\/wp-content\/uploads\/2022\/04\/01_migracio-exterior.jpg\",\"width\":2500,\"height\":1667},{\"@type\":\"WebSite\",\"@id\":\"https:\/\/www.icip.cat\/perlapau\/#website\",\"url\":\"https:\/\/www.icip.cat\/perlapau\/\",\"name\":\"Revista Por la Paz\",\"description\":\"La revista del Instituto Catal\u00e1n Internacional para la Paz\",\"publisher\":{\"@id\":\"https:\/\/www.icip.cat\/perlapau\/#organization\"},\"potentialAction\":[{\"@type\":\"SearchAction\",\"target\":{\"@type\":\"EntryPoint\",\"urlTemplate\":\"https:\/\/www.icip.cat\/perlapau\/?s={search_term_string}\"},\"query-input\":{\"@type\":\"PropertyValueSpecification\",\"valueRequired\":true,\"valueName\":\"search_term_string\"}}],\"inLanguage\":\"es\"},{\"@type\":\"Organization\",\"@id\":\"https:\/\/www.icip.cat\/perlapau\/#organization\",\"name\":\"Revista Por la Paz\",\"url\":\"https:\/\/www.icip.cat\/perlapau\/\",\"logo\":{\"@type\":\"ImageObject\",\"inLanguage\":\"es\",\"@id\":\"https:\/\/www.icip.cat\/perlapau\/#\/schema\/logo\/image\/\",\"url\":\"https:\/\/www.icip.cat\/perlapau\/wp-content\/uploads\/2023\/04\/ICIP_logo.jpg\",\"contentUrl\":\"https:\/\/www.icip.cat\/perlapau\/wp-content\/uploads\/2023\/04\/ICIP_logo.jpg\",\"width\":1025,\"height\":1024,\"caption\":\"Revista Por la Paz\"},\"image\":{\"@id\":\"https:\/\/www.icip.cat\/perlapau\/#\/schema\/logo\/image\/\"}}]}<\/script>\n<!-- \/ Yoast SEO plugin. -->","yoast_head_json":{"title":"Apuntes para una agenda de paz - Revista Por la Paz","description":"Sabina Puig identifica los rasgos b\u00e1sicos de las violencias directas, estructurales y culturales y apunta estrategias para combatirlas","robots":{"index":"index","follow":"follow","max-snippet":"max-snippet:-1","max-image-preview":"max-image-preview:large","max-video-preview":"max-video-preview:-1"},"canonical":"https:\/\/www.icip.cat\/perlapau\/es\/articulo\/apuntes-para-una-agenda-de-paz\/","og_locale":"es_ES","og_type":"article","og_title":"Apuntes para una agenda de paz - Revista Por la Paz","og_description":"Sabina Puig identifica los rasgos b\u00e1sicos de las violencias directas, estructurales y culturales y apunta estrategias para combatirlas","og_url":"https:\/\/www.icip.cat\/perlapau\/es\/articulo\/apuntes-para-una-agenda-de-paz\/","og_site_name":"Revista Por la Paz","article_modified_time":"2022-05-04T10:57:12+00:00","og_image":[{"width":1024,"height":683,"url":"https:\/\/www.icip.cat\/perlapau\/wp-content\/uploads\/2022\/04\/01_migracio-exterior-1024x683.jpg","type":"image\/jpeg"}],"twitter_card":"summary_large_image","twitter_misc":{"Tiempo de lectura":"22 minutos"},"schema":{"@context":"https:\/\/schema.org","@graph":[{"@type":"WebPage","@id":"https:\/\/www.icip.cat\/perlapau\/es\/articulo\/apuntes-para-una-agenda-de-paz\/","url":"https:\/\/www.icip.cat\/perlapau\/es\/articulo\/apuntes-para-una-agenda-de-paz\/","name":"Apuntes para una agenda de paz - Revista Por la Paz","isPartOf":{"@id":"https:\/\/www.icip.cat\/perlapau\/#website"},"primaryImageOfPage":{"@id":"https:\/\/www.icip.cat\/perlapau\/es\/articulo\/apuntes-para-una-agenda-de-paz\/#primaryimage"},"image":{"@id":"https:\/\/www.icip.cat\/perlapau\/es\/articulo\/apuntes-para-una-agenda-de-paz\/#primaryimage"},"thumbnailUrl":"https:\/\/www.icip.cat\/perlapau\/wp-content\/uploads\/2022\/04\/01_migracio-exterior.jpg","datePublished":"2022-04-13T08:45:27+00:00","dateModified":"2022-05-04T10:57:12+00:00","description":"Sabina Puig identifica los rasgos b\u00e1sicos de las violencias directas, estructurales y culturales y apunta estrategias para combatirlas","inLanguage":"es","potentialAction":[{"@type":"ReadAction","target":["https:\/\/www.icip.cat\/perlapau\/es\/articulo\/apuntes-para-una-agenda-de-paz\/"]}]},{"@type":"ImageObject","inLanguage":"es","@id":"https:\/\/www.icip.cat\/perlapau\/es\/articulo\/apuntes-para-una-agenda-de-paz\/#primaryimage","url":"https:\/\/www.icip.cat\/perlapau\/wp-content\/uploads\/2022\/04\/01_migracio-exterior.jpg","contentUrl":"https:\/\/www.icip.cat\/perlapau\/wp-content\/uploads\/2022\/04\/01_migracio-exterior.jpg","width":2500,"height":1667},{"@type":"WebSite","@id":"https:\/\/www.icip.cat\/perlapau\/#website","url":"https:\/\/www.icip.cat\/perlapau\/","name":"Revista Por la Paz","description":"La revista del Instituto Catal\u00e1n Internacional para la Paz","publisher":{"@id":"https:\/\/www.icip.cat\/perlapau\/#organization"},"potentialAction":[{"@type":"SearchAction","target":{"@type":"EntryPoint","urlTemplate":"https:\/\/www.icip.cat\/perlapau\/?s={search_term_string}"},"query-input":{"@type":"PropertyValueSpecification","valueRequired":true,"valueName":"search_term_string"}}],"inLanguage":"es"},{"@type":"Organization","@id":"https:\/\/www.icip.cat\/perlapau\/#organization","name":"Revista Por la Paz","url":"https:\/\/www.icip.cat\/perlapau\/","logo":{"@type":"ImageObject","inLanguage":"es","@id":"https:\/\/www.icip.cat\/perlapau\/#\/schema\/logo\/image\/","url":"https:\/\/www.icip.cat\/perlapau\/wp-content\/uploads\/2023\/04\/ICIP_logo.jpg","contentUrl":"https:\/\/www.icip.cat\/perlapau\/wp-content\/uploads\/2023\/04\/ICIP_logo.jpg","width":1025,"height":1024,"caption":"Revista Por la Paz"},"image":{"@id":"https:\/\/www.icip.cat\/perlapau\/#\/schema\/logo\/image\/"}}]}},"_links":{"self":[{"href":"https:\/\/www.icip.cat\/perlapau\/es\/wp-json\/wp\/v2\/article\/7546","targetHints":{"allow":["GET"]}}],"collection":[{"href":"https:\/\/www.icip.cat\/perlapau\/es\/wp-json\/wp\/v2\/article"}],"about":[{"href":"https:\/\/www.icip.cat\/perlapau\/es\/wp-json\/wp\/v2\/types\/article"}],"wp:featuredmedia":[{"embeddable":true,"href":"https:\/\/www.icip.cat\/perlapau\/es\/wp-json\/wp\/v2\/media\/7418"}],"wp:attachment":[{"href":"https:\/\/www.icip.cat\/perlapau\/es\/wp-json\/wp\/v2\/media?parent=7546"}],"wp:term":[{"taxonomy":"category","embeddable":true,"href":"https:\/\/www.icip.cat\/perlapau\/es\/wp-json\/wp\/v2\/categories?post=7546"}],"curies":[{"name":"wp","href":"https:\/\/api.w.org\/{rel}","templated":true}]}}