{"id":7558,"date":"2022-04-13T09:04:53","date_gmt":"2022-04-13T09:04:53","guid":{"rendered":"https:\/\/www.icip.cat\/perlapau\/article\/militaritzacio-de-la-seguretat-publica\/"},"modified":"2022-05-04T11:03:15","modified_gmt":"2022-05-04T11:03:15","slug":"militarizacion-de-la-seguridad-publica","status":"publish","type":"article","link":"https:\/\/www.icip.cat\/perlapau\/es\/articulo\/militarizacion-de-la-seguridad-publica\/","title":{"rendered":"Militarizaci\u00f3n de la seguridad p\u00fablica"},"content":{"rendered":"\n<p class=\"primer\"><strong>Evaluar la militarizaci\u00f3n a nivel global no es sencillo, <\/strong>pero se han hecho esfuerzos en este sentido a partir de la definici\u00f3n de indicadores recogidos en distintos pa\u00edses. Cabe destacar el trabajo realizado en el marco del \u00cdndice de Paz Global (IPG), que compara 163 pa\u00edses en relaci\u00f3n al nivel de paz en cada uno de ellos. Lo elabora anualmente el Instituto de Econom\u00eda y Paz, con sede en S\u00eddney, Australia. El IPG es un indicador complejo que articula tres dimensiones: 1) conflictos internos e internacionales en curso; 2) seguridad social y p\u00fablica; y 3) militarizaci\u00f3n. Su objetivo es promover una comprensi\u00f3n m\u00e1s amplia del nivel de paz en los pa\u00edses, categorizando la paz m\u00e1s all\u00e1 de la presencia o ausencia de guerras.<\/p>\n\n\n\n<p>La primera dimensi\u00f3n incluye indicadores como la cantidad y duraci\u00f3n de los conflictos internos, el n\u00famero de personas muertas en conflictos externos y la participaci\u00f3n del pa\u00eds en estos mismos conflictos internacionales. La segunda, m\u00e1s amplia y compleja, incluye indicadores como el n\u00famero de refugiados, la escala de terror pol\u00edtico (pr\u00e1cticas autoritarias), el nivel de delincuencia violenta, la tasa de homicidios, de poblaci\u00f3n carcelaria y de polic\u00edas, la inestabilidad pol\u00edtica (medida en base, por ejemplo, a la probabilidad de manifestaciones p\u00fablicas violentas) y el acceso individual a las armas de fuego. La tercera dimensi\u00f3n tiene que ver con indicadores como el porcentaje de gasto militar en relaci\u00f3n con el PIB, el total de personal militar o el volumen de armas exportadas e importadas por cada 100.000 habitantes. Se trata de una metodolog\u00eda compleja que est\u00e1 muy bien detallada en el mismo <a href=\"https:\/\/www.visionofhumanity.org\/wp-content\/uploads\/2021\/06\/GPI-2021-web-1.pdf\">informe<\/a><a id=\"_ftnref1\" href=\"#_ftn1\"> <code>[1]<\/code><\/a>, que ofrece tambi\u00e9n una descripci\u00f3n de las fuentes de cada indicador que compone el \u00edndice. &nbsp;El IPG es sin duda una forma audaz e innovadora de evaluar la paz.<\/p>\n\n\n\n<blockquote class=\"wp-block-quote is-layout-flow wp-block-quote-is-layout-flow\"><p>Los conflictos y las crisis que surgieron en la \u00faltima d\u00e9cada han empezado a menguar, siendo sustituidos por una nueva ola de tensi\u00f3n e incertidumbre derivada de la pandemia<\/p><\/blockquote>\n\n\n\n<p>La \u00faltima edici\u00f3n del IPG, la de 2021, muestra que el nivel medio de paz se deterior\u00f3 un 0,07%, es el noveno empeoramiento en los \u00faltimos trece a\u00f1os, con 87 pa\u00edses que mejoraron y 73 que empeoraron. A pesar de ello, este aumento porcentual es el segundo m\u00e1s bajo de la historia del \u00edndice. As\u00ed, el IPG 2021 revela un mundo en el que los conflictos y las crisis que surgieron en la \u00faltima d\u00e9cada han empezado a menguar, siendo sustituidos por una nueva ola de tensi\u00f3n e incertidumbre derivada de la pandemia del Covid-19 y de las crecientes tensiones entre muchas de las principales potencias.<\/p>\n\n\n\n<p>El informe 2021 tambi\u00e9n se\u00f1ala que la dimensi\u00f3n de la militarizaci\u00f3n fue la \u00fanica que mejor\u00f3, con un ligero aumento del 4,2% desde 2008. La tasa de personal militar por cada 100.000 habitantes disminuy\u00f3 en 111 pa\u00edses y el gasto militar en relaci\u00f3n con el PIB disminuy\u00f3 en 87 pa\u00edses. Sin embargo, se trata de una tendencia lenta y heterog\u00e9nea, incluso con retrocesos en muchos pa\u00edses, especialmente con el retorno de las tensiones entre las potencias econ\u00f3mica y militarmente m\u00e1s fuertes. La regi\u00f3n de Oriente Medio y Norte de \u00c1frica fue la que registr\u00f3 un mayor deterioro del indicador de gasto militar.<\/p>\n\n\n\n<h3 class=\"wp-block-heading\"><strong>Militarizaci\u00f3n de la seguridad p\u00fablica en Brasil y otros pa\u00edses de Am\u00e9rica Latina<\/strong><\/h3>\n\n\n\n<p>La militarizaci\u00f3n de la seguridad p\u00fablica se compone de diferentes caracter\u00edsticas. La presencia de militares en puestos estrat\u00e9gicos del gobierno y la sumisi\u00f3n de la polic\u00eda a las fuerzas armadas son dos ejemplos. Pero la caracter\u00edstica m\u00e1s emblem\u00e1tica ha sido el uso de fuerzas militares para actividades relacionadas con la seguridad ciudadana.<\/p>\n\n\n\n<p>Este desplazamiento de las funciones de las fuerzas armadas es un problema por varias razones. En primer lugar, porque la misi\u00f3n de las fuerzas armadas es garantizar la defensa nacional y la integridad territorial, generalmente protegiendo al Estado-naci\u00f3n de un enemigo exterior. La seguridad p\u00fablica, en cambio, busca proteger a los ciudadanos y garantizar su vida y su libertad, centr\u00e1ndose en el individuo y garantizando el orden para hacer posible la vida cotidiana en las ciudades y las zonas rurales. Son misiones muy diferentes y que requieren formas de actuaci\u00f3n distintas e incluso opuestas. La l\u00f3gica de la defensa nacional est\u00e1 mucho m\u00e1s cerca de la l\u00f3gica de la guerra y de la lucha contra el enemigo. La l\u00f3gica de la seguridad p\u00fablica debe ser el mantenimiento del orden y la gesti\u00f3n de los conflictos, la prevenci\u00f3n del crimen y la violencia y la aplicaci\u00f3n de la ley. La formaci\u00f3n, los procedimientos, las cadenas de mando y la toma de decisiones son muy distintas en un caso y en otro.<\/p>\n\n\n\n<p>As\u00ed, aunque la legislaci\u00f3n de diferentes pa\u00edses permite el uso excepcional de las fuerzas armadas en la seguridad p\u00fablica, la banalizaci\u00f3n de este uso lleva la l\u00f3gica de la guerra a la seguridad p\u00fablica cotidiana, generando graves violaciones de los derechos humanos, ineficiencia en las actividades de seguridad p\u00fablica y causando da\u00f1os a las propias fuerzas armadas, empleadas en actividades para las que no est\u00e1n preparadas.<\/p>\n\n\n\n<blockquote class=\"wp-block-quote is-layout-flow wp-block-quote-is-layout-flow\"><p>La banalizaci\u00f3n del uso excepcional de las de las fuerzas armadas en la seguridad p\u00fablica lleva la l\u00f3gica de la guerra, generando graves violaciones de los derechos humanos<\/p><\/blockquote>\n\n\n\n<p>El caso brasile\u00f1o es un ejemplo interesante de esta excesiva participaci\u00f3n de las fuerzas militares en la seguridad p\u00fablica. La legislaci\u00f3n nacional permite el empleo de las Fuerzas Armadas cuando las fuerzas de seguridad local no son suficientes en situaciones espec\u00edficas que demandan una intervenci\u00f3n excepcional y por un periodo definido. Son operaciones militares para garantizar el orden p\u00fablico, conocidas como operaciones de <em>Garantia da Lei e da Ordem<\/em> (GLO). \u201cSeg\u00fan datos del Ministerio de Defensa (MD), entre los a\u00f1os 1992 y 2019, las Fuerzas Armadas fueron empleadas en 25 ocasiones de huelga de polic\u00edas militares; en 22 misiones establecidas para \u2018garantizar la votaci\u00f3n y el escrutinio\u2019 en el marco de procesos electorales; en 38 eventos que requer\u00edan apoyo en materia de seguridad, as\u00ed como en otras 28 misiones que incluyen seguridad p\u00fablica, protecci\u00f3n de bienes p\u00fablicos, huelgas de otros sectores, escoltas, etc. (Ministerio de Defensa, 2019). Tambi\u00e9n es importante destacar el papel de las Fuerzas Armadas en la seguridad de los grandes eventos, como los que tuvieron lugar en Brasil entre 2013 y 2016, a saber, el Mundial de las Confederaciones de la FIFA (2013), la Jornada Mundial de la Juventud (2013), el Mundial de la FIFA (2014) y los Juegos Ol\u00edmpicos (2016). Sin embargo, el empleo interno de las Fuerzas Armadas no se produce s\u00f3lo en situaciones evidentemente excepcionales como las expuestas. Desde 1992, las Fuerzas Armadas brasile\u00f1as han sido convocadas en al menos 23 misiones de GLO para actuar frente a la violencia urbana, especialmente en R\u00edo de Janeiro, que recibi\u00f3 11 de estas misiones, para combatir las olas de delincuencia, motivadas por los altos \u00edndices de violencia que asolan cr\u00f3nicamente estas regiones\u00bb (Salvadori<a id=\"_ftnref2\" href=\"#_ftn2\"><code>[2]<\/code><\/a>, 2020, p. 16). Estas cifras dan cuenta del uso excesivo de las fuerzas armadas para responder a retos en materia de seguridad p\u00fablica, especialmente en territorios marcados por violencias cr\u00f3nicas.<\/p>\n\n\n\n<p>Las consecuencias negativas del uso de las fuerzas armadas en estos contextos pueden ejemplificarse en el caso del m\u00fasico Evaldo y el coleccionista de latas Luciano, quienes fueron asesinados en abril del 2019 en R\u00edo de Janeiro. Fueron acribillados por m\u00e1s de 200 disparos efectuados por una guarnici\u00f3n del ej\u00e9rcito contra el coche en el que se encontraba el m\u00fasico y su familia, bajo la acusaci\u00f3n de que el veh\u00edculo se hab\u00eda saltado un control de carretera<a id=\"_ftnref3\" href=\"#_ftn3\"><code>[3]<\/code><\/a>.<\/p>\n\n\n\n<p>No s\u00f3lo en Brasil se ha exacerbado el uso de las fuerzas armadas en la seguridad p\u00fablica. Esto ocurre en Am\u00e9rica Latina en general. La expansi\u00f3n y complejidad de la delincuencia organizada tambi\u00e9n ha sido una importante justificaci\u00f3n para este uso. <em>\u00ab<\/em>El resultado es que los recursos policiales son insuficientes para mantener el orden, ya que los grupos criminales utilizan t\u00e9cnicas y recursos militares en el contexto econ\u00f3mico &#8211; y cada vez m\u00e1s, tambi\u00e9n pol\u00edtico &#8211; a largo plazo<em>\u00ab<\/em> (Ramalho, Diamint, S\u00e1nchez, 2020, p. 5)<a id=\"_ftnref4\" href=\"#_ftn4\"><code>[4]<\/code><\/a>.<\/p>\n\n\n\n<blockquote class=\"wp-block-quote is-layout-flow wp-block-quote-is-layout-flow\"><p>En Am\u00e9rica Latina se ha exacerbado el uso de las fuerzas armadas en la seguridad p\u00fablica. La expansi\u00f3n y complejidad de la delincuencia organizada ha sido una importante justificaci\u00f3n para este uso<\/p><\/blockquote>\n\n\n\n<p>Si bien muchos pa\u00edses latinoamericanos viven este proceso de militarizaci\u00f3n de la seguridad p\u00fablica, cada lugar tiene sus din\u00e1micas y particularidades. La participaci\u00f3n de militares en la Guerra Fr\u00eda, la idea de combate al enemigo y despu\u00e9s la guerra contra las drogas, seguida de la guerra contra el terror (bajo influencia estadunidense) han contribuido a que los pa\u00edses de Am\u00e9rica Latina establecieran los l\u00edmites entre fuerzas armadas y fuerzas de seguridad cada uno a su manera. En Colombia y Venezuela, por ejemplo, existe una mayor \u00absimbiosis\u00bb entre los militares y las fuerzas de seguridad p\u00fablica, lo que genera un reto m\u00e1s operativo de c\u00f3mo esas fuerzas deben trabajar conjuntamente y en respeto a la ley. En el otro extremo est\u00e1n Uruguay y Argentina, en los cuales la sociedad no acepta el riesgo de que militares vuelvan a recurrir a violaciones a los derechos humanos. En el medio, est\u00e1n pa\u00edses como Brasil, M\u00e9xico, Per\u00fa y Ecuador donde la relaci\u00f3n entre fuerzas armadas y de seguridad se ha utilizado de forma no siempre excepcional y controlada en la lucha contra el crimen transnacional y en la promoci\u00f3n del orden interno, lo que ha tenido graves implicaciones en materia de derechos humanos. A las denuncias contra los militares se suman continuamente casos de desapariciones forzadas, ejecuciones extrajudiciales, torturas o violaciones al debido proceso.<\/p>\n\n\n\n<p>Otra dimensi\u00f3n importante de este fen\u00f3meno es la militarizaci\u00f3n de la polic\u00eda. Incluso las fuerzas policiales de car\u00e1cter civil acaban reproduciendo aspectos militares perjudiciales para los derechos humanos y para la propia seguridad p\u00fablica. La intensificaci\u00f3n de la violencia policial a trav\u00e9s de la letalidad policial, la pr\u00e1ctica de la tortura y otros tipos de violencia en los cacheos (<em>stop and frisk<\/em>) y la idea de \u00abhacer justicia con las propias manos\u00bb para acabar con el enemigo ha sido una dimensi\u00f3n importante que marca esta militarizaci\u00f3n de las fuerzas de seguridad. Tambi\u00e9n es muy com\u00fan que dentro de los propios cuerpos policiales los departamentos m\u00e1s valorados sean los de las tropas especializadas, desplegadas para actuar en situaciones espec\u00edficas, que exigen un entrenamiento y procedimientos especiales, generalmente ligados al <em>ethos<\/em> guerrero, incluyendo uniformes que recuerdan un militarismo exacerbado. Estos cuerpos policiales est\u00e1n mucho m\u00e1s valorados que el patrullero de todos los d\u00edas, el que interact\u00faa con los ciudadanos, la mayor\u00eda de las veces sin ni siquiera tomar las armas. Esta excesiva valorizaci\u00f3n de lo \u201cguerrero\u201d explica en gran medida la militarizaci\u00f3n de las fuerzas de seguridad.<\/p>\n\n\n\n<p>Un ejemplo que ilustra bien esta militarizaci\u00f3n en la realidad brasile\u00f1a es la Operaci\u00f3n Policial Exceptis, llevada a cabo por la Polic\u00eda Civil de R\u00edo de Janeiro en mayo de 2020. Unos doscientos polic\u00edas armados para \u00abuna guerra\u00bb<a id=\"_ftnref5\" href=\"#_ftn5\"><code>[5]<\/code><\/a> hicieron una incursi\u00f3n en la favela de Jacarezinho que caus\u00f3 la muerte de 28 personas. La batida policial se realiz\u00f3 a pesar de que el Tribunal Federal Supremo hubiera suspendido la realizaci\u00f3n de operaciones policiales de esta naturaleza en las favelas de R\u00edo de Janeiro durante la pandemia.<\/p>\n\n\n\n<blockquote class=\"wp-block-quote is-layout-flow wp-block-quote-is-layout-flow\"><p>El aumento real de la violencia y la criminalidad, adem\u00e1s del incremento del miedo y de la sensaci\u00f3n de inseguridad, han sido el combustible que legitima la demanda de pol\u00edticas de seguridad p\u00fablica exclusivamente represivas<\/p><\/blockquote>\n\n\n\n<p>Es necesario destacar que <em>\u00ab<\/em>la militarizaci\u00f3n no es siempre deseable, necesaria o inevitable; ni su profundizaci\u00f3n significa siempre un aumento de la capacidad del Estado para enfrentar la criminalidad, com\u00fan u organizada. [\u2026] aunque exista un importante incentivo para que los militares desarrollen capacidades similares a las de la polic\u00eda, ello no implica que impulsen este proceso; de hecho, algunos lo consideran una desviaci\u00f3n de sus misiones principales, mientras que otros lo ven como un medio para obtener equipamiento y participaci\u00f3n en las decisiones pol\u00edticas. Adem\u00e1s, el proceso de militarizaci\u00f3n de la polic\u00eda para desarrollar capacidades similares a las de los ej\u00e9rcitos, como, por ejemplo, el derribo del enemigo, las operaciones disuasorias, el uso de armas de gran calibre y el recurso al fuero militar, entre otras, es bastante complejo y disfuncional<em>\u00ab.<\/em> (Ramalho, Diamint, S\u00e1nchez<a id=\"_ftnref6\" href=\"#_ftn6\"><code>[6]<\/code><\/a>, 2020, p. 5)<\/p>\n\n\n\n<h3 class=\"wp-block-heading\"><strong>Recomendaciones&nbsp;<\/strong><\/h3>\n\n\n\n<p>Adem\u00e1s de los antecedentes hist\u00f3ricos y el legado militar en los diferentes contextos abordados, especialmente en Brasil y algunos pa\u00edses latinoamericanos, hay aspectos de las pol\u00edticas de seguridad p\u00fablica que ayudan a explicar esta estrecha relaci\u00f3n entre las fuerzas armadas y la seguridad p\u00fablica. Es importante entenderlos para poder pensar en formas de superarlos<a id=\"_ftnref7\" href=\"#_ftn7\"><code>[7]<\/code><\/a>.<\/p>\n\n\n\n<p>Por regla general, las pol\u00edticas de seguridad se centran casi exclusivamente en la aplicaci\u00f3n del derecho penal, en \u00abtratar el delito despu\u00e9s de que se produzca\u00bb, priorizando la dimensi\u00f3n de la represi\u00f3n al delito y el paradigma punitivista. El aumento real de la violencia y la criminalidad, adem\u00e1s del incremento del miedo y de la sensaci\u00f3n de inseguridad, han sido el combustible que legitima la demanda de pol\u00edticas de seguridad p\u00fablica exclusivamente represivas, a menudo en oposici\u00f3n directa a los derechos humanos y la democracia. En este sentido, los discursos que reclaman el aumento de las penas, la creaci\u00f3n de nuevos delitos, la violencia policial y la dureza en el trato a los delincuentes se hacen eco en las sociedades y acaban siendo atendidos por los gobiernos. Esto genera un c\u00edrculo vicioso de demanda y respuesta en el \u00e1mbito de la seguridad p\u00fablica, incapaz de hacer frente a los factores generadores y m\u00e1s estructurantes de la violencia. El uso de las fuerzas armadas y la excesiva militarizaci\u00f3n de las pol\u00edticas cobran fuerza en este contexto.<\/p>\n\n\n\n<blockquote class=\"wp-block-quote is-layout-flow wp-block-quote-is-layout-flow\"><p>Es muy importante sostener una visi\u00f3n m\u00e1s integral de la seguridad p\u00fablica, que combine la represi\u00f3n de los delitos y la violencia con una dimensi\u00f3n de prevenci\u00f3n, y desarrollar pol\u00edticas a medio y largo plazo<\/p><\/blockquote>\n\n\n\n<p>Incluso en los casos en los que la represi\u00f3n es necesaria, como en el caso del crimen organizado, la falta de racionalidad y de capacidad t\u00e9cnica, o incluso de voluntad pol\u00edtica para tratar correctamente este tipo de situaciones acaba siendo muy ineficiente, adem\u00e1s de generar importantes violaciones de los derechos humanos. La visi\u00f3n de que el criminal debe ser castigado a cualquier precio justifica muchas de estas violaciones.<\/p>\n\n\n\n<p>Ante este panorama, es muy importante que los dirigentes pol\u00edticos sean capaces de sostener una visi\u00f3n m\u00e1s integral de la seguridad p\u00fablica, que combine la represi\u00f3n de los delitos y la violencia con una dimensi\u00f3n de prevenci\u00f3n, centrada en los factores de riesgo y de protecci\u00f3n, y desarrollar pol\u00edticas a medio y largo plazo a nivel local para hacerles frente.<\/p>\n\n\n\n<p>Tambi\u00e9n es importante que estos mismos dirigentes sean capaces de defender p\u00fablicamente que la eficacia de las pol\u00edticas de seguridad p\u00fablica pasa por el pleno respeto de las leyes y los derechos humanos, fortaleciendo el trabajo policial basado en la informaci\u00f3n y los datos, con una planificaci\u00f3n permanente y la rendici\u00f3n de cuentas. El castigo en s\u00ed no debe de ser el centro de las respuestas a la delincuencia. Es necesario priorizar E la investigaci\u00f3n y el esclarecimiento de los delitos m\u00e1s graves, como los homicidios, por ejemplo.<\/p>\n\n\n\n<p>Por \u00faltimo, es fundamental involucrar activamente a la sociedad en las pol\u00edticas de seguridad y establecer regulaciones claras sobre el uso de la fuerza que protejan a todos los ciudadanos, as\u00ed como a las propias fuerzas de seguridad. Con pol\u00edticas de prevenci\u00f3n, la polic\u00eda trabajando con inteligencia, planificaci\u00f3n y dentro de la ley, y con la sociedad participando activamente en esas pol\u00edticas, la poblaci\u00f3n ver\u00e1 resultados mucho m\u00e1s concretos, y la eventual necesidad de que las fuerzas armadas act\u00faen en la seguridad p\u00fablica tender\u00e1 a disminuir.<\/p>\n\n\n\n<hr class=\"wp-block-separator\"\/>\n\n\n\n<p><a href=\"#_ftnref1\" id=\"_ftn1\">[1]<\/a>Para acceder a los indicadores de manera detallada, consultar la <a href=\"https:\/\/www.visionofhumanity.org\/wp-content\/uploads\/2021\/06\/GPI-2021-web-1.pdf\">p\u00e1gina 75<\/a> del informe.<\/p>\n\n\n\n<p><a href=\"#_ftnref2\" id=\"_ftn2\">[2]<\/a> Salvadori, Mariana Paula. <a href=\"https:\/\/repositorio.unb.br\/bitstream\/10482\/39115\/1\/2020_MarianaPaulaSalvadori.pdf\"><em>O uso de For\u00e7as Armadas em Seguran\u00e7a P\u00fablica: o caso do Rio de Janeiro<\/em><\/a>, Tesis de Maestr\u00eda, Brasilia, DF, marzo de 2020. Traducci\u00f3n propia.<\/p>\n\n\n\n<p><a href=\"#_ftnref3\" id=\"_ftn3\">[3]<\/a> <a href=\"https:\/\/apublica.org\/2020\/04\/exclusivo-a-desastrosa-operacao-do-exercito-que-levou-a-morte-de-evaldo-rosa\/\">Este caso<\/a> es emblem\u00e1tico por muchas razones: la m\u00e1s reciente es que por primera vez los militares fueron juzgados y condenados en primera instancia por la justicia militar.<\/p>\n\n\n\n<p><a id=\"_ftn4\" href=\"#_ftnref4\">[4]<\/a> Ramalho, Antonio Jorge; Diamint, Rut; S\u00e1nchez, Lisa<a href=\"http:\/\/library.fes.de\/pdf-files\/bueros\/brasilien\/17102.pdf\"><em>. La militarizaci\u00f3n de la seguridad y el retorno de los militares a la pol\u00edtica en Am\u00e9rica Latina<\/em><\/a><em>,<\/em> Fundaci\u00f3n Friedrich Ebert, marzo de 2020.<\/p>\n\n\n\n<p><a href=\"#_ftnref5\" id=\"_ftn5\">[5]<\/a> M\u00e1s informaci\u00f3n en <a href=\"https:\/\/www1.folha.uol.com.br\/opiniao\/2021\/05\/operacao-exceptis-e-padrao-nao-excecao.shtml\">este enlace<\/a>.<\/p>\n\n\n\n<p><a id=\"_ftn6\" href=\"#_ftnref6\">[6]<\/a> Ramalho, Antonio Jorge; Diamint, Rut; S\u00e1nchez, Lisa. <a href=\"http:\/\/library.fes.de\/pdf-files\/bueros\/brasilien\/17102.pdf\"><em>La militarizaci\u00f3n de la seguridad y el retorno de los militares a la pol\u00edtica en Am\u00e9rica Latina<\/em><\/a>, Fundaci\u00f3n Friedrich Ebert, marzo de 2020.<\/p>\n\n\n\n<p><a href=\"#_ftnref7\" id=\"_ftn7\">[7]<\/a> Aqu\u00ed se encuentra un conjunto interesante de recomendaciones sobre el tema para Am\u00e9rica Latina: Cano, Ign\u00e1cio; Ar\u00e9valo, Bernardo. <a href=\"http:\/\/library.fes.de\/pdf-files\/bueros\/brasilien\/17103.pdf\"><em>Violencia, Estado y Sociedad en Am\u00e9rica Latina<\/em><\/a>, Fundaci\u00f3n Friedrich Ebert, marzo de 2020.<\/p>\n","protected":false},"featured_media":7491,"menu_order":6,"template":"","categories":[30],"class_list":["post-7558","article","type-article","status-publish","has-post-thumbnail","hentry","category-articulos-centrales"],"acf":[],"yoast_head":"<!-- This site is optimized with the Yoast SEO plugin v25.6 - https:\/\/yoast.com\/wordpress\/plugins\/seo\/ -->\n<title>Militarizaci\u00f3n de la seguridad p\u00fablica - Revista Por la Paz<\/title>\n<meta name=\"description\" content=\"La autora Carolina Ricardo argumenta que una respuesta militarizada no consigue resultados para disminuir la violencia.\" \/>\n<meta name=\"robots\" content=\"index, follow, max-snippet:-1, max-image-preview:large, max-video-preview:-1\" \/>\n<link rel=\"canonical\" href=\"https:\/\/www.icip.cat\/perlapau\/es\/articulo\/militarizacion-de-la-seguridad-publica\/\" \/>\n<meta property=\"og:locale\" content=\"es_ES\" \/>\n<meta property=\"og:type\" content=\"article\" \/>\n<meta property=\"og:title\" content=\"Militarizaci\u00f3n de la seguridad p\u00fablica - Revista Por la Paz\" \/>\n<meta property=\"og:description\" content=\"La autora Carolina Ricardo argumenta que una respuesta militarizada no consigue resultados para disminuir la violencia.\" \/>\n<meta property=\"og:url\" content=\"https:\/\/www.icip.cat\/perlapau\/es\/articulo\/militarizacion-de-la-seguridad-publica\/\" \/>\n<meta property=\"og:site_name\" content=\"Revista Por la Paz\" \/>\n<meta property=\"article:modified_time\" content=\"2022-05-04T11:03:15+00:00\" \/>\n<meta property=\"og:image\" content=\"https:\/\/www.icip.cat\/perlapau\/wp-content\/uploads\/2022\/04\/shutterstock_editorial_743091715-2-624x720.jpg\" \/>\n\t<meta property=\"og:image:width\" content=\"624\" \/>\n\t<meta property=\"og:image:height\" content=\"720\" \/>\n\t<meta property=\"og:image:type\" content=\"image\/jpeg\" \/>\n<meta name=\"twitter:card\" content=\"summary_large_image\" \/>\n<meta name=\"twitter:label1\" content=\"Tiempo de lectura\" \/>\n\t<meta name=\"twitter:data1\" content=\"16 minutos\" \/>\n<script type=\"application\/ld+json\" class=\"yoast-schema-graph\">{\"@context\":\"https:\/\/schema.org\",\"@graph\":[{\"@type\":\"WebPage\",\"@id\":\"https:\/\/www.icip.cat\/perlapau\/es\/articulo\/militarizacion-de-la-seguridad-publica\/\",\"url\":\"https:\/\/www.icip.cat\/perlapau\/es\/articulo\/militarizacion-de-la-seguridad-publica\/\",\"name\":\"Militarizaci\u00f3n de la seguridad p\u00fablica - Revista Por la Paz\",\"isPartOf\":{\"@id\":\"https:\/\/www.icip.cat\/perlapau\/#website\"},\"primaryImageOfPage\":{\"@id\":\"https:\/\/www.icip.cat\/perlapau\/es\/articulo\/militarizacion-de-la-seguridad-publica\/#primaryimage\"},\"image\":{\"@id\":\"https:\/\/www.icip.cat\/perlapau\/es\/articulo\/militarizacion-de-la-seguridad-publica\/#primaryimage\"},\"thumbnailUrl\":\"https:\/\/www.icip.cat\/perlapau\/wp-content\/uploads\/2022\/04\/shutterstock_editorial_743091715-2.jpg\",\"datePublished\":\"2022-04-13T09:04:53+00:00\",\"dateModified\":\"2022-05-04T11:03:15+00:00\",\"description\":\"La autora Carolina Ricardo argumenta que una respuesta militarizada no consigue resultados para disminuir la violencia.\",\"inLanguage\":\"es\",\"potentialAction\":[{\"@type\":\"ReadAction\",\"target\":[\"https:\/\/www.icip.cat\/perlapau\/es\/articulo\/militarizacion-de-la-seguridad-publica\/\"]}]},{\"@type\":\"ImageObject\",\"inLanguage\":\"es\",\"@id\":\"https:\/\/www.icip.cat\/perlapau\/es\/articulo\/militarizacion-de-la-seguridad-publica\/#primaryimage\",\"url\":\"https:\/\/www.icip.cat\/perlapau\/wp-content\/uploads\/2022\/04\/shutterstock_editorial_743091715-2.jpg\",\"contentUrl\":\"https:\/\/www.icip.cat\/perlapau\/wp-content\/uploads\/2022\/04\/shutterstock_editorial_743091715-2.jpg\",\"width\":2012,\"height\":2320,\"caption\":\"Rio de Janeiro, Brazil October 26th, 2017- Special Force Battalion search for druglords after a spanish tourist be killed during a visit to the Rocinha slum ; Shutterstock ID 743091715; purchase_order: Chema Sarri; job: Communications Manager; client: Institut Catal\u00e0 Internacional per la Pau; other:\"},{\"@type\":\"WebSite\",\"@id\":\"https:\/\/www.icip.cat\/perlapau\/#website\",\"url\":\"https:\/\/www.icip.cat\/perlapau\/\",\"name\":\"Revista Por la Paz\",\"description\":\"La revista del Instituto Catal\u00e1n Internacional para la Paz\",\"publisher\":{\"@id\":\"https:\/\/www.icip.cat\/perlapau\/#organization\"},\"potentialAction\":[{\"@type\":\"SearchAction\",\"target\":{\"@type\":\"EntryPoint\",\"urlTemplate\":\"https:\/\/www.icip.cat\/perlapau\/?s={search_term_string}\"},\"query-input\":{\"@type\":\"PropertyValueSpecification\",\"valueRequired\":true,\"valueName\":\"search_term_string\"}}],\"inLanguage\":\"es\"},{\"@type\":\"Organization\",\"@id\":\"https:\/\/www.icip.cat\/perlapau\/#organization\",\"name\":\"Revista Por la Paz\",\"url\":\"https:\/\/www.icip.cat\/perlapau\/\",\"logo\":{\"@type\":\"ImageObject\",\"inLanguage\":\"es\",\"@id\":\"https:\/\/www.icip.cat\/perlapau\/#\/schema\/logo\/image\/\",\"url\":\"https:\/\/www.icip.cat\/perlapau\/wp-content\/uploads\/2023\/04\/ICIP_logo.jpg\",\"contentUrl\":\"https:\/\/www.icip.cat\/perlapau\/wp-content\/uploads\/2023\/04\/ICIP_logo.jpg\",\"width\":1025,\"height\":1024,\"caption\":\"Revista Por la Paz\"},\"image\":{\"@id\":\"https:\/\/www.icip.cat\/perlapau\/#\/schema\/logo\/image\/\"}}]}<\/script>\n<!-- \/ Yoast SEO plugin. -->","yoast_head_json":{"title":"Militarizaci\u00f3n de la seguridad p\u00fablica - Revista Por la Paz","description":"La autora Carolina Ricardo argumenta que una respuesta militarizada no consigue resultados para disminuir la violencia.","robots":{"index":"index","follow":"follow","max-snippet":"max-snippet:-1","max-image-preview":"max-image-preview:large","max-video-preview":"max-video-preview:-1"},"canonical":"https:\/\/www.icip.cat\/perlapau\/es\/articulo\/militarizacion-de-la-seguridad-publica\/","og_locale":"es_ES","og_type":"article","og_title":"Militarizaci\u00f3n de la seguridad p\u00fablica - Revista Por la Paz","og_description":"La autora Carolina Ricardo argumenta que una respuesta militarizada no consigue resultados para disminuir la violencia.","og_url":"https:\/\/www.icip.cat\/perlapau\/es\/articulo\/militarizacion-de-la-seguridad-publica\/","og_site_name":"Revista Por la Paz","article_modified_time":"2022-05-04T11:03:15+00:00","og_image":[{"width":624,"height":720,"url":"https:\/\/www.icip.cat\/perlapau\/wp-content\/uploads\/2022\/04\/shutterstock_editorial_743091715-2-624x720.jpg","type":"image\/jpeg"}],"twitter_card":"summary_large_image","twitter_misc":{"Tiempo de lectura":"16 minutos"},"schema":{"@context":"https:\/\/schema.org","@graph":[{"@type":"WebPage","@id":"https:\/\/www.icip.cat\/perlapau\/es\/articulo\/militarizacion-de-la-seguridad-publica\/","url":"https:\/\/www.icip.cat\/perlapau\/es\/articulo\/militarizacion-de-la-seguridad-publica\/","name":"Militarizaci\u00f3n de la seguridad p\u00fablica - Revista Por la Paz","isPartOf":{"@id":"https:\/\/www.icip.cat\/perlapau\/#website"},"primaryImageOfPage":{"@id":"https:\/\/www.icip.cat\/perlapau\/es\/articulo\/militarizacion-de-la-seguridad-publica\/#primaryimage"},"image":{"@id":"https:\/\/www.icip.cat\/perlapau\/es\/articulo\/militarizacion-de-la-seguridad-publica\/#primaryimage"},"thumbnailUrl":"https:\/\/www.icip.cat\/perlapau\/wp-content\/uploads\/2022\/04\/shutterstock_editorial_743091715-2.jpg","datePublished":"2022-04-13T09:04:53+00:00","dateModified":"2022-05-04T11:03:15+00:00","description":"La autora Carolina Ricardo argumenta que una respuesta militarizada no consigue resultados para disminuir la violencia.","inLanguage":"es","potentialAction":[{"@type":"ReadAction","target":["https:\/\/www.icip.cat\/perlapau\/es\/articulo\/militarizacion-de-la-seguridad-publica\/"]}]},{"@type":"ImageObject","inLanguage":"es","@id":"https:\/\/www.icip.cat\/perlapau\/es\/articulo\/militarizacion-de-la-seguridad-publica\/#primaryimage","url":"https:\/\/www.icip.cat\/perlapau\/wp-content\/uploads\/2022\/04\/shutterstock_editorial_743091715-2.jpg","contentUrl":"https:\/\/www.icip.cat\/perlapau\/wp-content\/uploads\/2022\/04\/shutterstock_editorial_743091715-2.jpg","width":2012,"height":2320,"caption":"Rio de Janeiro, Brazil October 26th, 2017- Special Force Battalion search for druglords after a spanish tourist be killed during a visit to the Rocinha slum ; Shutterstock ID 743091715; purchase_order: Chema Sarri; job: Communications Manager; client: Institut Catal\u00e0 Internacional per la Pau; other:"},{"@type":"WebSite","@id":"https:\/\/www.icip.cat\/perlapau\/#website","url":"https:\/\/www.icip.cat\/perlapau\/","name":"Revista Por la Paz","description":"La revista del Instituto Catal\u00e1n Internacional para la Paz","publisher":{"@id":"https:\/\/www.icip.cat\/perlapau\/#organization"},"potentialAction":[{"@type":"SearchAction","target":{"@type":"EntryPoint","urlTemplate":"https:\/\/www.icip.cat\/perlapau\/?s={search_term_string}"},"query-input":{"@type":"PropertyValueSpecification","valueRequired":true,"valueName":"search_term_string"}}],"inLanguage":"es"},{"@type":"Organization","@id":"https:\/\/www.icip.cat\/perlapau\/#organization","name":"Revista Por la Paz","url":"https:\/\/www.icip.cat\/perlapau\/","logo":{"@type":"ImageObject","inLanguage":"es","@id":"https:\/\/www.icip.cat\/perlapau\/#\/schema\/logo\/image\/","url":"https:\/\/www.icip.cat\/perlapau\/wp-content\/uploads\/2023\/04\/ICIP_logo.jpg","contentUrl":"https:\/\/www.icip.cat\/perlapau\/wp-content\/uploads\/2023\/04\/ICIP_logo.jpg","width":1025,"height":1024,"caption":"Revista Por la Paz"},"image":{"@id":"https:\/\/www.icip.cat\/perlapau\/#\/schema\/logo\/image\/"}}]}},"_links":{"self":[{"href":"https:\/\/www.icip.cat\/perlapau\/es\/wp-json\/wp\/v2\/article\/7558","targetHints":{"allow":["GET"]}}],"collection":[{"href":"https:\/\/www.icip.cat\/perlapau\/es\/wp-json\/wp\/v2\/article"}],"about":[{"href":"https:\/\/www.icip.cat\/perlapau\/es\/wp-json\/wp\/v2\/types\/article"}],"wp:featuredmedia":[{"embeddable":true,"href":"https:\/\/www.icip.cat\/perlapau\/es\/wp-json\/wp\/v2\/media\/7491"}],"wp:attachment":[{"href":"https:\/\/www.icip.cat\/perlapau\/es\/wp-json\/wp\/v2\/media?parent=7558"}],"wp:term":[{"taxonomy":"category","embeddable":true,"href":"https:\/\/www.icip.cat\/perlapau\/es\/wp-json\/wp\/v2\/categories?post=7558"}],"curies":[{"name":"wp","href":"https:\/\/api.w.org\/{rel}","templated":true}]}}