{"id":6212,"date":"2022-04-07T10:59:03","date_gmt":"2022-04-07T10:59:03","guid":{"rendered":"https:\/\/www.icip.cat\/perlapau\/issue\/%issue_post%\/article\/dorly-castaneda-doctora-en-ciencia-politica-i-relacions-internacionals\/"},"modified":"2023-05-10T09:59:21","modified_gmt":"2023-05-10T09:59:21","slug":"dorly-castaneda-doctora-en-ciencia-politica-i-relacions-internacionals","status":"publish","type":"article","link":"https:\/\/www.icip.cat\/perlapau\/article\/dorly-castaneda-doctora-en-ciencia-politica-i-relacions-internacionals\/","title":{"rendered":"Entrevista a Dorly Casta\u00f1eda, doctora en Ci\u00e8ncia Pol\u00edtica i Relacions Internacionals"},"content":{"rendered":"<p><span id=\"square\"><\/span>                <span id=\"first-word\">Dorly Casta\u00f1eda<\/span><b><em>, doctora en Ci\u00e8ncia Pol\u00edtica i Relacions Internacionals<\/em><\/b><\/p>\n<p><em>Col\u00f2mbia \u00e9s un dels pa\u00efsos on la Uni\u00f3 Europea treballa des de fa anys amb programes de pau, per\u00f2 el paper que ha jugat en la resoluci\u00f3 del conflicte ha generat cr\u00edtiques i ha fet paleses les seves mancances com a agent de pau. Fins a quin punt la UE t\u00e9 una estrat\u00e8gia de pau a Col\u00f2mbia i quin rol pot tenir en la fase de postconflicte?<\/em><\/p>\n<p><em>De l\u2019actuaci\u00f3 de la UE a Col\u00f2mbia en parlem amb Dorly Casta\u00f1eda, doctora en Ci\u00e8ncia Pol\u00edtica i Relacions Internacionals que ha treballat amb organitzacions de la societat civil i el govern colombi\u00e0. Actualment \u00e9s consultora en temes de construcci\u00f3 de pau per al Banc Mundial i ha publicat recentment el llibre <a href=\"http:\/\/www.palgrave.com\/page\/detail\/the-european-approach-to-peacebuilding-dorly-casta%C3%B1eda\/?K=9781137357304\" target=\"_blank\" rel=\"noopener\"><em>The European Approach to Peacebuilding. Civilian Tools for Peace in Colombia and Beyond<\/em><\/a> (Palgrave MacMillan, 2014).<\/em><\/p>\n<p class=\"question\"><b>Des de fa anys la UE d\u00f3na suport a l\u2019establiment de la pau a Col\u00f2mbia a trav\u00e9s dels anomenats Laboratoris de Pau i el posterior programa Nous Territoris de Pau. En qu\u00e8 consisteixen aquestes iniciatives?<\/b><\/p>\n<p>Els Laboratoris de Pau s\u00f3n programes de desenvolupament per a la construcci\u00f3 de la pau que van tenir lloc entre 2002 i 2012, enmig del conflicte armat, a sis de les zones m\u00e9s afectades per la viol\u00e8ncia amb l\u20190objectiu de generar transformacions socials profundes. Els Laboratoris van ser un producte resultat de la interacci\u00f3 entre la UE, el govern central de Col\u00f2mbia (essencialment sota l\u2019administraci\u00f3 d\u2019\u00c1lvaro Uribe) i les organitzacions de la societat civil colombianes i internacionals. El seu pressupost va ser de 90 milions d\u2019euros, insignificants en termes d\u2019inversi\u00f3 p\u00fablica nacional per\u00f2 valuosos com a aposta pol\u00edtica a nivell local. L\u2019actual programa Nous Territoris de Pau es basa en aquella experi\u00e8ncia per a ajudar en els processos de construcci\u00f3 de pau en quatre regions estrat\u00e8giques. El pressupost europeu \u00e9s de 30 milions d\u2019euros en cinc anys.<\/p>\n<p class=\"question\"><b>El resultat ha estat positiu?<\/b><\/p>\n<p>El principal \u00e8xit dels Laboratoris rau en haver donat suport a processos de la societat civil que ja estaven en curs en zones on l\u2019Estat democr\u00e0tic t\u00e9 molt poca pres\u00e8ncia i que haguessin pogut desapar\u00e8ixer enmig de la guerra. I, alhora, haver propiciat el di\u00e0leg amb les institucions p\u00fabliques. \u00c9s a dir, amb accions concretes &#8211; projectes productius, d\u2019educaci\u00f3, salut, formaci\u00f3, etc. &#8211; els Laboratoris de Pau van aconseguir apropar dos actors essencials per a la pau per\u00f2 antag\u00f2nics en aquella \u00e8poca: les organitzacions de la societat civil en zones de conflicte armat i les institucions de l\u2019Estat. Per\u00f2 la UE es va quedar curta. Els Laboratoris van generar moltes expectatives a les regions, en les organitzacions de la societat civil, en el govern, en els donants, etc. i la UE va decebre tothom. Aix\u00f2 demostra la seva capacitat de trobar compromisos per\u00f2 tamb\u00e9 la falta d\u2019empenta a l\u2019hora d\u2019assentar la seva aposta. Per exemple, avui en dia, l\u2019experi\u00e8ncia dels Laboratoris \u00e9s clau per a la implementaci\u00f3 dels acords de l\u2019Havana per\u00f2 la UE no sembla estar capitalitzant la seva experi\u00e8ncia de deu anys.<\/p>\n<p class=\"question\"><b>Del paper de la UE a Col\u00f2mbia s\u2019ha criticat que tingui un rol limitat, de baix perfil, basat \u00fanicament en la cooperaci\u00f3 al desenvolupament (<em>payer<\/em> m\u00e9s que <em>player<\/em>). La UE t\u00e9 una estrat\u00e8gia de pau concreta a Col\u00f2mbia? Una pol\u00edtica coherent?<\/b><\/p>\n<p>Si per coher\u00e8ncia s\u2019ent\u00e9n que la pol\u00edtica comercial, de seguretat, la diplom\u00e0cia i la cooperaci\u00f3 al desenvolupament es coordinen per aconseguir la pau a Col\u00f2mbia, la resposta \u00e9s no. Aix\u00f2 seria el m\u00f3n ideal per\u00f2 \u00e9s evident que no \u00e9s el que succeeix a Col\u00f2mbia ni a cap part del m\u00f3n. Tanmateix hi ha hagut claredat en un aspecte: la UE d\u00f3na suport a la pau per mitjans civils; ha deixat clar que la seva aposta \u00e9s per la construcci\u00f3 de la pau basada en principis democr\u00e0tics i amb instruments civils com el desenvolupament econ\u00f2mic. \u00c9s una posici\u00f3 que ve dels valors europeus i de la seva ra\u00f3 de ser.<\/p>\n<p><cite class=\"cita-center\">                                                L\u2019experi\u00e8ncia de deu anys dels Laboratoris de Pau \u00e9s clau per la implementaci\u00f3 dels acords de l\u2019Havana, per\u00f2 la UE no l\u2019est\u00e0 capitalitzant            <\/cite><\/p>\n<p class=\"question\"><b>Tamb\u00e9 s\u2019ha criticat que la cooperaci\u00f3 europea ha tingut conseq\u00fc\u00e8ncies negatives i ha provocat situacions conflictives en algunes regions, perqu\u00e8 no ha tingut en compte la naturalesa del teixit social. Fins a quin punt ha estat aix\u00ed?<\/b><\/p>\n<p>\u00c9s veritat que la cooperaci\u00f3 europea \u00e9s criticada per no respectar els ritmes locals i la naturalesa de les organitzacions. Hi ha dues raons: la multitud de procediments estrictes en l\u2019execuci\u00f3 dels programes d\u2019Ajuda Oficial al Desenvolupament (AOD) i la incompatibilitat dels temps dels donants amb els de les poblacions.  I, encara que sembli contradictori, aquestes dificultats han estat conseq\u00fc\u00e8ncia de la formulaci\u00f3 de la pol\u00edtica comuna de cooperaci\u00f3. A finals dels anys 90, la cooperaci\u00f3 europea no tenia una reglamentaci\u00f3 estricta, la qual cosa permetia adaptar-se al context nacional i local. Tanmateix aquesta flexibilitat s\u2019aplicava amb poca transpar\u00e8ncia. M\u00e9s tard, amb la reforma de Prodi i Barroso es va augmentar la transpar\u00e8ncia per\u00f2 es van introduir multitud de procediments i es va perdre flexibilitat. La rigidesa va acabar marginant moltes organitzacions de base que abans eren recolzades i va desviar els esfor\u00e7os dels executors dels programes.<\/p>\n<p class=\"question\"><b>Quina ha estat la relaci\u00f3 entre l\u2019estrat\u00e8gia de la UE (com a comissi\u00f3) i la dels pa\u00efsos membres?<\/b><\/p>\n<p>La cooperaci\u00f3 internacional cal entendre-la com un instrument de la pol\u00edtica estrangera i, com a tal, defensa els interessos de la &#8220;naci\u00f3&#8221;, en aquest cas d\u2019aquest \u201cobjecte pol\u00edtic no identificat\u201d que \u00e9s la UE. Els pa\u00efsos membres continuen utilitzant l\u2019AOD en funci\u00f3 dels seus propis interessos nacionals. Aix\u00f2 \u00e9s clar a Col\u00f2mbia on la cooperaci\u00f3 dels pa\u00efsos europeus amb major pres\u00e8ncia (Alemanya, Espanya, Regne Unit, Holanda, Fran\u00e7a, Su\u00e8cia) no va entrar en contradicci\u00f3 amb la cooperaci\u00f3 comunit\u00e0ria, per\u00f2 tampoc no es va coordinar ni es va presentar com un bloc al govern colombi\u00e0.<\/p>\n<p class=\"question\"><b>La UE diu que est\u00e0 preocupada per la viol\u00e8ncia i la vulneraci\u00f3 dels drets humans a Col\u00f2mbia. M\u00e9s enll\u00e0 del suport diplom\u00e0tic al govern colombi\u00e0, hauria de tenir una actitud m\u00e9s activa en el proc\u00e9s de pau actual?<\/b><\/p>\n<p>Els comunicats del Consell de la UE, del Parlament i de l\u2019Alta representant de la UE tenen un valor simb\u00f2lic fort. \u00c9s veritat que no canvien les coses sobre el terreny per\u00f2 donen suport als defensors dels drets humans, les organitzacions socials, les minories o les pol\u00edtiques p\u00fabliques que busquen la pau per mitjans pac\u00edfics. \u00c9s una forma de donar veu i poder a les persones i a les pol\u00edtiques que promouen la pau. La UE ha participat en altres negociacions de pau i en la implementaci\u00f3 d\u2019acords (Orient Mitj\u00e0, Filipines, Indon\u00e8sia, Sudan). Per\u00f2 un nom\u00e9s pot participar en un di\u00e0leg de pau si se\u2019l convida i fins ara el govern de Col\u00f2mbia no ha convidat cap pa\u00eds a asseure\u2019s a la taula de negociacions ni tampoc cap actor com la UE, l\u2019OEA o les Nacions Unides. Amb tot, s\u00ed que ha fet crides constants per a donar suport a la implementaci\u00f3 dels possibles acords i aqu\u00ed la UE podria tenir un paper molt important.<\/p>\n<p><cite class=\"cita-right\">                                La UE ha deixat clara la seva aposta per la construcci\u00f3 de pau basada en principis democr\u00e0tics i en instruments civils            <\/cite><\/p>\n<p class=\"question\"><b>Aix\u00ed les coses, podem considerar la UE com un actor de pau rellevant a nivell internacional?<\/b><\/p>\n<p>Jo crec que s\u00ed. La UE \u00e9s un actor de pau rellevant, cridat a donar suport a la pau en diferents contextos. El dif\u00edcil \u00e9s que es decideixi a fer-ho, per\u00f2 compta amb els instruments civils per ajudar en els esfor\u00e7os de construcci\u00f3 de pau que existeixen. I \u00e9s en l\u2019aspecte civil on resideix el valor agregat de la UE, no en la seva capacitat de resposta militar.<\/p>\n<p class=\"question\"><b>Les seves dificultats internes &#8211; actor sui generis en mat\u00e8ria de relacions exteriors, pol\u00edticament complex &#8211; obstaculitzen aquest rol com a agent de pau?<\/b><\/p>\n<p>S\u00ed i no. S\u00ed, perqu\u00e8 fa la decisi\u00f3 lenta i limita la seva capacitat de reacci\u00f3. No, perqu\u00e8 el seu avantatge comparatiu davant altres actors internacionals \u00e9s precisament la complexitat i l\u2019especificitat de la UE com a soci comercial, com a donant i com a organitzaci\u00f3 de m\u00faltiples estats.<\/p>\n<p class=\"question\"><b>La integraci\u00f3 pol\u00edtica, en pol\u00edtica exterior i de defensa de la UE \u00e9s una necessitat?<\/b><\/p>\n<p>La integraci\u00f3 faria m\u00e9s f\u00e0cil la definici\u00f3 d\u2019un enfocament de construcci\u00f3 de pau i permetria que la UE reaccion\u00e9s de manera oportuna als canvis de condicions locals. Tanmateix no \u00e9s una condici\u00f3 necess\u00e0ria perqu\u00e8 la UE actu\u00ef amb els instruments que ja t\u00e9 a la seva disposici\u00f3.<\/p>\n<p class=\"question\"><b>Tornant al cas colombi\u00e0, la UE pot ser un actor important en la fase de postconflicte armat?<\/b><\/p>\n<p>Definitivament. L\u2019experi\u00e8ncia de la UE a Col\u00f2mbia \u00e9s extremadament \u00fatil per al postconflicte. Avui en dia, quan es mira qui \u00e9s a les regions amb capacitat suficient per donar suport a la implementaci\u00f3 dels acords de pau, trobem les organitzacions de la societat civil (soles o aliades amb institucions p\u00fabliques) que la UE ha ajudat en algun moment amb els programes de cooperaci\u00f3. Per exemple, els Programes de Desenvolupament i Pau -que van executar els Laboratoris de Pau i ara els Nous Territoris de Pau- es perfilen com a socis claus per a la pau a les regions. La forma com la UE ha aconseguit crear espais de di\u00e0leg entre la poblaci\u00f3 civil, les organitzacions de la societat civil i les institucions centrals &#8211; i en alguns casos locals- deixa molts ensenyaments \u00fatils per als donants i el govern. A m\u00e9s, amb el tractat de lliure comer\u00e7, es poden donar perspectives de llarg termini a un dels aspectes m\u00e9s cr\u00edtics del postconflicte: la creaci\u00f3 d\u2019ocupaci\u00f3.<\/p>\n<p><cite class=\"cita-left\">                                El proc\u00e9s de pau a Col\u00f2mbia va per bon cam\u00ed per\u00f2 un acord a l\u2019Havana no portar\u00e0 la fi del conflicte armat            <\/cite><\/p>\n<p class=\"question\"><b>Com valora les actuals perspectives de fi del conflicte armat?<\/b><\/p>\n<p>Les negociacions amb les FARC a L\u2019Havana i les potencials negociacions amb la guerrilla ELN s\u00f3n una oportunitat per rebaixar el conflicte armat, refor\u00e7ar la democr\u00e0cia i llan\u00e7ar les reformes que calen per disminuir les desigualtats al pa\u00eds i permetre un desenvolupament sostenible. Mai abans no s\u2019havia arribat tan lluny en unes negociacions amb les FARC i l\u2019estructura que s\u2019ha seguit sembla funcionar. \u00c9s normal que hi hagi moments de crisi com l\u2019actual, ja que no totes les fraccions de les FARC donen suport al di\u00e0leg, ni tot el govern est\u00e0 d\u2019acord amb el que passa a L\u2019Havana. Malgrat aix\u00f2, jo crec que el proc\u00e9s va per bon cam\u00ed. No obstant aix\u00f2, un acord de pau a L\u2019Havana no conduir\u00e0 al final del conflicte armat a Col\u00f2mbia. El conflicte armat involucra multiplicitat d\u2019actors nacionals i transnacionals que no deixaran les armes despr\u00e9s de les negociacions amb les guerrilles. Aquests actors inclouen les anomenades bandes criminals (BACRIM) al servei de les economies il\u00b7legals (drogues, or, maragdes), els narcotraficants, dissid\u00e8ncies de les guerrilles, etc.<\/p>\n<p class=\"question\"><b>Tot i aix\u00f2, \u00e9s m\u00e9s a prop la pau a Col\u00f2mbia?<\/b><\/p>\n<p>Per construir la pau cal un verdader canvi en la forma en com l\u2019Estat central es relaciona amb les regions. L\u2019objectiu \u00e9s que es cre\u00efn les condicions perqu\u00e8 es construeixi l\u2019Estat democr\u00e0tic des de les regions. I d\u2019aix\u00f2 es tracta la negociaci\u00f3 a L\u2019Havana: com fer un canvi institucional que reforci la democr\u00e0cia participativa, disminueixi les desigualtats i apropi les dues Col\u00f2mbies: la Col\u00f2mbia pr\u00f2spera que vol integrar-se a l\u2019OCDE i la Col\u00f2mbia pobra i profundament afectada per cinc d\u00e8cades de conflicte armat. El cam\u00ed \u00e9s llarg i requereix tamb\u00e9 accions a curt i mitj\u00e0 termini com el desarmament, la desmobilitzaci\u00f3 i la reintegraci\u00f3; la reparaci\u00f3 de les v\u00edctimes, el refor\u00e7ament de les condicions de seguretat, la verificaci\u00f3 dels acords, la creaci\u00f3 d\u2019ocupaci\u00f3, la millora de la just\u00edcia. Amb una clara perspectiva a llarg termini que permeti la transformaci\u00f3 de les regles de joc que fan que el cicle de viol\u00e8ncia es repeteixi.<\/p>\n<p class=\"referencia first-reference\"><a href=\"http:\/\/www.palgrave.com\/page\/detail\/the-european-approach-to-peacebuilding-dorly-casta%C3%B1eda\/?K=9781137357304\" target=\"_blank\" rel=\"noopener\">\tFotografia<\/a><\/p>\n<p> \t\t<em>&#8211; Portada del llibre &#8220;The European Approach to Peacebuilding. Civilian Tools for Peace in Colombia and Beyond&#8221; &#8211; <\/em><\/p>\n<p class=\"gencat\">\u00a9 Generalitat de Catalunya<\/p>\n","protected":false},"featured_media":6249,"menu_order":10,"template":"","categories":[5],"class_list":["post-6212","article","type-article","status-publish","has-post-thumbnail","hentry","category-entrevista"],"acf":[],"yoast_head":"<!-- This site is optimized with the Yoast SEO plugin v25.6 - https:\/\/yoast.com\/wordpress\/plugins\/seo\/ -->\n<title>Entrevista a Dorly Casta\u00f1eda, doctora en Ci\u00e8ncia Pol\u00edtica i Relacions Internacionals - Revista Per la Pau<\/title>\n<meta name=\"robots\" content=\"index, follow, max-snippet:-1, max-image-preview:large, max-video-preview:-1\" \/>\n<link rel=\"canonical\" href=\"https:\/\/www.icip.cat\/perlapau\/article\/dorly-castaneda-doctora-en-ciencia-politica-i-relacions-internacionals\/\" \/>\n<meta property=\"og:locale\" content=\"ca_ES\" \/>\n<meta property=\"og:type\" content=\"article\" \/>\n<meta property=\"og:title\" content=\"Entrevista a Dorly Casta\u00f1eda, doctora en Ci\u00e8ncia Pol\u00edtica i Relacions Internacionals - Revista Per la Pau\" \/>\n<meta property=\"og:description\" content=\"Dorly Casta\u00f1eda, doctora en Ci\u00e8ncia Pol\u00edtica i Relacions Internacionals Col\u00f2mbia \u00e9s un dels pa\u00efsos on la Uni\u00f3 Europea treballa des de fa anys amb programes de pau, per\u00f2 el paper que ha jugat en la resoluci\u00f3 del conflicte ha generat cr\u00edtiques i ha fet paleses les seves mancances com a agent de pau. Fins a [&hellip;]\" \/>\n<meta property=\"og:url\" content=\"https:\/\/www.icip.cat\/perlapau\/article\/dorly-castaneda-doctora-en-ciencia-politica-i-relacions-internacionals\/\" \/>\n<meta property=\"og:site_name\" content=\"Revista Per la Pau\" \/>\n<meta property=\"article:modified_time\" content=\"2023-05-10T09:59:21+00:00\" \/>\n<meta property=\"og:image\" content=\"https:\/\/www.icip.cat\/perlapau\/wp-content\/uploads\/2022\/04\/entrevista_2560-4-518x720.jpg\" \/>\n\t<meta property=\"og:image:width\" content=\"518\" \/>\n\t<meta property=\"og:image:height\" content=\"720\" \/>\n\t<meta property=\"og:image:type\" content=\"image\/jpeg\" \/>\n<meta name=\"twitter:card\" content=\"summary_large_image\" \/>\n<meta name=\"twitter:label1\" content=\"Temps estimat de lectura\" \/>\n\t<meta name=\"twitter:data1\" content=\"11 minuts\" \/>\n<script type=\"application\/ld+json\" class=\"yoast-schema-graph\">{\"@context\":\"https:\/\/schema.org\",\"@graph\":[{\"@type\":\"WebPage\",\"@id\":\"https:\/\/www.icip.cat\/perlapau\/article\/dorly-castaneda-doctora-en-ciencia-politica-i-relacions-internacionals\/\",\"url\":\"https:\/\/www.icip.cat\/perlapau\/article\/dorly-castaneda-doctora-en-ciencia-politica-i-relacions-internacionals\/\",\"name\":\"Entrevista a Dorly Casta\u00f1eda, doctora en Ci\u00e8ncia Pol\u00edtica i Relacions Internacionals - Revista Per la Pau\",\"isPartOf\":{\"@id\":\"https:\/\/www.icip.cat\/perlapau\/#website\"},\"primaryImageOfPage\":{\"@id\":\"https:\/\/www.icip.cat\/perlapau\/article\/dorly-castaneda-doctora-en-ciencia-politica-i-relacions-internacionals\/#primaryimage\"},\"image\":{\"@id\":\"https:\/\/www.icip.cat\/perlapau\/article\/dorly-castaneda-doctora-en-ciencia-politica-i-relacions-internacionals\/#primaryimage\"},\"thumbnailUrl\":\"https:\/\/www.icip.cat\/perlapau\/wp-content\/uploads\/2022\/04\/entrevista_2560-4.jpg\",\"datePublished\":\"2022-04-07T10:59:03+00:00\",\"dateModified\":\"2023-05-10T09:59:21+00:00\",\"inLanguage\":\"ca\",\"potentialAction\":[{\"@type\":\"ReadAction\",\"target\":[\"https:\/\/www.icip.cat\/perlapau\/article\/dorly-castaneda-doctora-en-ciencia-politica-i-relacions-internacionals\/\"]}]},{\"@type\":\"ImageObject\",\"inLanguage\":\"ca\",\"@id\":\"https:\/\/www.icip.cat\/perlapau\/article\/dorly-castaneda-doctora-en-ciencia-politica-i-relacions-internacionals\/#primaryimage\",\"url\":\"https:\/\/www.icip.cat\/perlapau\/wp-content\/uploads\/2022\/04\/entrevista_2560-4.jpg\",\"contentUrl\":\"https:\/\/www.icip.cat\/perlapau\/wp-content\/uploads\/2022\/04\/entrevista_2560-4.jpg\",\"width\":1152,\"height\":1600},{\"@type\":\"WebSite\",\"@id\":\"https:\/\/www.icip.cat\/perlapau\/#website\",\"url\":\"https:\/\/www.icip.cat\/perlapau\/\",\"name\":\"Revista Per la Pau\",\"description\":\"La revista de l&#039;Institut Catal\u00e0 Internacional per la Pau\",\"publisher\":{\"@id\":\"https:\/\/www.icip.cat\/perlapau\/#organization\"},\"potentialAction\":[{\"@type\":\"SearchAction\",\"target\":{\"@type\":\"EntryPoint\",\"urlTemplate\":\"https:\/\/www.icip.cat\/perlapau\/?s={search_term_string}\"},\"query-input\":{\"@type\":\"PropertyValueSpecification\",\"valueRequired\":true,\"valueName\":\"search_term_string\"}}],\"inLanguage\":\"ca\"},{\"@type\":\"Organization\",\"@id\":\"https:\/\/www.icip.cat\/perlapau\/#organization\",\"name\":\"Revista Per la Pau\",\"url\":\"https:\/\/www.icip.cat\/perlapau\/\",\"logo\":{\"@type\":\"ImageObject\",\"inLanguage\":\"ca\",\"@id\":\"https:\/\/www.icip.cat\/perlapau\/#\/schema\/logo\/image\/\",\"url\":\"https:\/\/www.icip.cat\/perlapau\/wp-content\/uploads\/2023\/04\/ICIP_logo.jpg\",\"contentUrl\":\"https:\/\/www.icip.cat\/perlapau\/wp-content\/uploads\/2023\/04\/ICIP_logo.jpg\",\"width\":1025,\"height\":1024,\"caption\":\"Revista Per la Pau\"},\"image\":{\"@id\":\"https:\/\/www.icip.cat\/perlapau\/#\/schema\/logo\/image\/\"}}]}<\/script>\n<!-- \/ Yoast SEO plugin. -->","yoast_head_json":{"title":"Entrevista a Dorly Casta\u00f1eda, doctora en Ci\u00e8ncia Pol\u00edtica i Relacions Internacionals - Revista Per la Pau","robots":{"index":"index","follow":"follow","max-snippet":"max-snippet:-1","max-image-preview":"max-image-preview:large","max-video-preview":"max-video-preview:-1"},"canonical":"https:\/\/www.icip.cat\/perlapau\/article\/dorly-castaneda-doctora-en-ciencia-politica-i-relacions-internacionals\/","og_locale":"ca_ES","og_type":"article","og_title":"Entrevista a Dorly Casta\u00f1eda, doctora en Ci\u00e8ncia Pol\u00edtica i Relacions Internacionals - Revista Per la Pau","og_description":"Dorly Casta\u00f1eda, doctora en Ci\u00e8ncia Pol\u00edtica i Relacions Internacionals Col\u00f2mbia \u00e9s un dels pa\u00efsos on la Uni\u00f3 Europea treballa des de fa anys amb programes de pau, per\u00f2 el paper que ha jugat en la resoluci\u00f3 del conflicte ha generat cr\u00edtiques i ha fet paleses les seves mancances com a agent de pau. Fins a [&hellip;]","og_url":"https:\/\/www.icip.cat\/perlapau\/article\/dorly-castaneda-doctora-en-ciencia-politica-i-relacions-internacionals\/","og_site_name":"Revista Per la Pau","article_modified_time":"2023-05-10T09:59:21+00:00","og_image":[{"width":518,"height":720,"url":"https:\/\/www.icip.cat\/perlapau\/wp-content\/uploads\/2022\/04\/entrevista_2560-4-518x720.jpg","type":"image\/jpeg"}],"twitter_card":"summary_large_image","twitter_misc":{"Temps estimat de lectura":"11 minuts"},"schema":{"@context":"https:\/\/schema.org","@graph":[{"@type":"WebPage","@id":"https:\/\/www.icip.cat\/perlapau\/article\/dorly-castaneda-doctora-en-ciencia-politica-i-relacions-internacionals\/","url":"https:\/\/www.icip.cat\/perlapau\/article\/dorly-castaneda-doctora-en-ciencia-politica-i-relacions-internacionals\/","name":"Entrevista a Dorly Casta\u00f1eda, doctora en Ci\u00e8ncia Pol\u00edtica i Relacions Internacionals - Revista Per la Pau","isPartOf":{"@id":"https:\/\/www.icip.cat\/perlapau\/#website"},"primaryImageOfPage":{"@id":"https:\/\/www.icip.cat\/perlapau\/article\/dorly-castaneda-doctora-en-ciencia-politica-i-relacions-internacionals\/#primaryimage"},"image":{"@id":"https:\/\/www.icip.cat\/perlapau\/article\/dorly-castaneda-doctora-en-ciencia-politica-i-relacions-internacionals\/#primaryimage"},"thumbnailUrl":"https:\/\/www.icip.cat\/perlapau\/wp-content\/uploads\/2022\/04\/entrevista_2560-4.jpg","datePublished":"2022-04-07T10:59:03+00:00","dateModified":"2023-05-10T09:59:21+00:00","inLanguage":"ca","potentialAction":[{"@type":"ReadAction","target":["https:\/\/www.icip.cat\/perlapau\/article\/dorly-castaneda-doctora-en-ciencia-politica-i-relacions-internacionals\/"]}]},{"@type":"ImageObject","inLanguage":"ca","@id":"https:\/\/www.icip.cat\/perlapau\/article\/dorly-castaneda-doctora-en-ciencia-politica-i-relacions-internacionals\/#primaryimage","url":"https:\/\/www.icip.cat\/perlapau\/wp-content\/uploads\/2022\/04\/entrevista_2560-4.jpg","contentUrl":"https:\/\/www.icip.cat\/perlapau\/wp-content\/uploads\/2022\/04\/entrevista_2560-4.jpg","width":1152,"height":1600},{"@type":"WebSite","@id":"https:\/\/www.icip.cat\/perlapau\/#website","url":"https:\/\/www.icip.cat\/perlapau\/","name":"Revista Per la Pau","description":"La revista de l&#039;Institut Catal\u00e0 Internacional per la Pau","publisher":{"@id":"https:\/\/www.icip.cat\/perlapau\/#organization"},"potentialAction":[{"@type":"SearchAction","target":{"@type":"EntryPoint","urlTemplate":"https:\/\/www.icip.cat\/perlapau\/?s={search_term_string}"},"query-input":{"@type":"PropertyValueSpecification","valueRequired":true,"valueName":"search_term_string"}}],"inLanguage":"ca"},{"@type":"Organization","@id":"https:\/\/www.icip.cat\/perlapau\/#organization","name":"Revista Per la Pau","url":"https:\/\/www.icip.cat\/perlapau\/","logo":{"@type":"ImageObject","inLanguage":"ca","@id":"https:\/\/www.icip.cat\/perlapau\/#\/schema\/logo\/image\/","url":"https:\/\/www.icip.cat\/perlapau\/wp-content\/uploads\/2023\/04\/ICIP_logo.jpg","contentUrl":"https:\/\/www.icip.cat\/perlapau\/wp-content\/uploads\/2023\/04\/ICIP_logo.jpg","width":1025,"height":1024,"caption":"Revista Per la Pau"},"image":{"@id":"https:\/\/www.icip.cat\/perlapau\/#\/schema\/logo\/image\/"}}]}},"_links":{"self":[{"href":"https:\/\/www.icip.cat\/perlapau\/wp-json\/wp\/v2\/article\/6212","targetHints":{"allow":["GET"]}}],"collection":[{"href":"https:\/\/www.icip.cat\/perlapau\/wp-json\/wp\/v2\/article"}],"about":[{"href":"https:\/\/www.icip.cat\/perlapau\/wp-json\/wp\/v2\/types\/article"}],"wp:featuredmedia":[{"embeddable":true,"href":"https:\/\/www.icip.cat\/perlapau\/wp-json\/wp\/v2\/media\/6249"}],"wp:attachment":[{"href":"https:\/\/www.icip.cat\/perlapau\/wp-json\/wp\/v2\/media?parent=6212"}],"wp:term":[{"taxonomy":"category","embeddable":true,"href":"https:\/\/www.icip.cat\/perlapau\/wp-json\/wp\/v2\/categories?post=6212"}],"curies":[{"name":"wp","href":"https:\/\/api.w.org\/{rel}","templated":true}]}}