{"id":6221,"date":"2022-04-07T10:59:05","date_gmt":"2022-04-07T10:59:05","guid":{"rendered":"https:\/\/www.icip.cat\/perlapau\/issue\/%issue_post%\/article\/noticies-dactualitat-activitats-i-publicacions-3\/"},"modified":"2022-04-07T10:59:05","modified_gmt":"2022-04-07T10:59:05","slug":"noticies-dactualitat-activitats-i-publicacions-3","status":"publish","type":"article","link":"https:\/\/www.icip.cat\/perlapau\/article\/noticies-dactualitat-activitats-i-publicacions-3\/","title":{"rendered":"Not\u00edcies d\u2019actualitat, activitats i publicacions"},"content":{"rendered":"\n<p class=\"sicip\"><b> Convocat el Premi ICIP Constructors de Pau 2015 <\/b><\/p>\n<p>L\u2019ICIP ha convocat la cinquena edici\u00f3 del <a href=\"http:\/\/icip.gencat.cat\/ca\/premi-constructors-de-pau\/\" target=\"_blank\" rel=\"noopener\">Premi ICIP Constructors de Pau<\/a> que t\u00e9 l\u2019objectiu de guardonar i recon\u00e8ixer p\u00fablicament persones, entitats o institucions que han treballat i han contribu\u00eft d\u2019una manera destacada i dilatada en el foment i la construcci\u00f3 de la pau.<\/p>\n<p>El Premi ICIP Constructors de Pau t\u00e9 car\u00e0cter anual i consisteix en un reconeixement p\u00fablic, una escultura creada pel Premi Nobel de la Pau, artista i activista Adolfo P\u00e9rez Esquivel, anomenada Porta de Sol i una dotaci\u00f3 econ\u00f2mica de 4.000 euros.<\/p>\n<p>El per\u00edode de presentaci\u00f3 de candidatures per optar al guard\u00f3 s\u2019ha obert s\u2019allargar\u00e0 fins al dimarts 30 de juny. Les persones interessades poden consultar les bases del premi i omplir el formulari que trobaran al web de l\u2019ICIP. Per a qualsevol dubte, podeu contactar amb l\u2019ICIP a trav\u00e9s del correu electr\u00f2nic icip@gencat.cat o b\u00e9 trucant al tel\u00e8fon 93 554 42 70. <\/p>\n<p class=\"sicip marginSicip\"> <b>La biblioteca de l\u2019ICIP d\u00f3na acc\u00e9s a 1.250 revistes especialitzades de Taylor &amp; Francis<\/b> <\/p>\n<p><a href=\"http:\/\/icip.gencat.cat\/ca\/centre_de_documentaci\/\" target=\"_blank\" rel=\"noopener\">La biblioteca de l\u2019ICIP<\/a> ha ampliat l\u2019acc\u00e9s a articles a text complet de revistes especialitzades. La contractaci\u00f3 del paquet de revistes de Taylor &amp; Francis Social Science &amp; Humanities Library d\u00f3na acc\u00e9s durant el 2015 a m\u00e9s de 1.250 revistes i els seus fons retrospectius.<\/p>\n<p>D\u2019entre totes les tem\u00e0tiques del camp de les ci\u00e8ncies socials i les humanitats que cobreix, destaquem la de pol\u00edtica, relacions internacionals i estudis per \u00e0rea geogr\u00e0fica, que tamb\u00e9 inclou teoria pol\u00edtica, globalitzaci\u00f3 i diplom\u00e0cia. Tamb\u00e9 cont\u00e9 un gran nombre de publicacions sobre estudis de seguretat i defensa, intel\u00b7lig\u00e8ncia, investigaci\u00f3 per la pau, terrorisme o estudis estrat\u00e8gics. Entre els fons m\u00e9s importants dins el nostre \u00e0mbit, remarquem l\u2019acc\u00e9s complet a publicacions com Military Balance, Adelphi Series, African Security, Democracy and Security, Journal of Peace Education&#8230; <a href=\"http:\/\/www.tandf.co.uk\/libsite\/pdf\/productInfo\/tfLibrary\/ssh-library.pdf\" target=\"_blank\" rel=\"noopener\">En aquest enlla\u00e7<\/a> podreu consultar el llistat complet de totes les publicacions disponibles.<\/p>\n<p>Totes aquestes revistes s\u00f3n consultables des de la Biblioteca de l\u2019ICIP situada al carrer Tapineria 10, 1a planta, de Barcelona. <\/p>\n<p class=\"sicip marginSicip\"><b>Noves publicacion de l\u2019ICIP<\/b><\/p>\n<p><a href=\"http:\/\/icip.gencat.cat\/web\/.content\/continguts\/publicacions\/llibres\/eines\/Eines13\/Eines13_Muller.pdf\" target=\"_blank\" rel=\"noopener\"><em>Entrar en l\u2019\u00e8poca de la noviol\u00e8ncia<\/em><\/a>, de Jean-Marie Muller, editat per l\u2019ICIP i L\u00edniazero en format digital, dins la col\u00b7lecci\u00f3 \u2018Eines de pau, seguretat i just\u00edcia\u2019<\/p>\n<p><a href=\"http:\/\/icip.gencat.cat\/web\/sites\/icip\/.content\/continguts\/publicacions\/workingpapers\/2015\/Politicas_para_la_Paz.pdf\" target=\"_blank\" rel=\"noopener\"><em>Pol\u00edticas para la paz. Pol\u00edticas P\u00fablicas y Sociales para la Ciudadan\u00eda con Plenos Derechos de la Poblaci\u00f3n BGILT en Colombia<\/em><\/a>, de Luz Nelly Palacios (ICIP Working Paper)<\/p>\n<p><a href=\"http:\/\/icip.gencat.cat\/web\/.content\/continguts\/publicacions\/workingpapers\/2015\/WP_1_2015.pdf\" target=\"_blank\" rel=\"noopener\"><em>Qatar during the reign of Hamad Al Thani (1995-2013): from soft power to hard power<\/em><\/a>, de M\u00f3n Sanrom\u00e0 (ICIP Working Paper)<\/p>\n<p><a href=\"http:\/\/icip.gencat.cat\/web\/.content\/continguts\/publicacions\/documents_i_informes\/AltresPublicacions\/perspectivas-y-aportes-empresariales-para-la-construccion-de-paz-final.pdf\" target=\"_blank\" rel=\"noopener\"><em>Perspectivas y aportes empresariales para la construcci\u00f3n de paz<\/em><\/a>, informe elaborat per l\u2019ICIP, la Cambra de Comer\u00e7 de Bogot\u00e0 i la Fundaci\u00f3n Ideas para la Paz de Col\u00f2mbia<\/p>\n<p><a href=\"http:\/\/icip.gencat.cat\/web\/.content\/continguts\/linstitut\/documentaci__institucional\/arxius\/Memoria-ICIP-2014.pdf\" target=\"_blank\" rel=\"noopener\"><em>Mem\u00f2ria d\u2019Activitats ICIP 2014<\/em><\/a>, informe anual de l\u2019activitat de l\u2019ICIP<\/p>\n<p class=\"sicip marginSicip\"><b>Cinquena edici\u00f3 del Grup de Lectura<\/b><\/p>\n<p>L\u2019ICIP organitza una nova sessi\u00f3 del Grup de Lectura i Reflexi\u00f3, en aquest cas sobre el llibre de Gene Sharp <a href=\"http:\/\/icip.gencat.cat\/ca\/detalls\/Article\/De-la-dictadura-a-la-democracia\" target=\"_blank\" rel=\"noopener\">De la dictadura a la democr\u00e0cia: un sistema conceptual per a l\u2019alliberament<\/a>, publicat en catal\u00e0 per l\u2019ICIP i L\u00edniazero dins la col\u00b7lecci\u00f3 \u2019Eines per la pau, seguretat i just\u00edcia<\/p>\n<p>El grup estar\u00e0 coordinat per Vicent Mart\u00ednez Guzm\u00e1n, doctor en Filosofia i director honor\u00edfic de la C\u00e0tedra UNESCO de Filosofia per la Pau de la Universitat Jaume I de Castell\u00f3. Les sessions tindran lloc els dimarts 26 de maig i 2, 9 i 16 de juny, de 18:00 a 20:00 a la biblioteca de l\u2019ICIP (carrer Tapineria 10, 1a planta, Barcelona). Les persones interessades en participar-hi s\u2019han d\u2019inscriure pr\u00e8viament a trav\u00e9s del correu activitats.icip@gencat.cat.  <\/p>\n<p class=\"referencia first-reference\">\n<p class=\"gencat\">\u00a9 Generalitat de Catalunya<\/p>\n","protected":false},"featured_media":0,"menu_order":10,"template":"","categories":[9],"class_list":["post-6221","article","type-article","status-publish","hentry","category-sobre-licip"],"acf":[],"yoast_head":"<!-- This site is optimized with the Yoast SEO plugin v25.6 - https:\/\/yoast.com\/wordpress\/plugins\/seo\/ -->\n<title>Not\u00edcies d\u2019actualitat, activitats i publicacions - Revista Per la Pau<\/title>\n<meta name=\"robots\" content=\"index, follow, max-snippet:-1, max-image-preview:large, max-video-preview:-1\" \/>\n<link rel=\"canonical\" href=\"https:\/\/www.icip.cat\/perlapau\/article\/noticies-dactualitat-activitats-i-publicacions-3\/\" \/>\n<meta property=\"og:locale\" content=\"ca_ES\" \/>\n<meta property=\"og:type\" content=\"article\" \/>\n<meta property=\"og:title\" content=\"Not\u00edcies d\u2019actualitat, activitats i publicacions - Revista Per la Pau\" \/>\n<meta property=\"og:description\" content=\"Convocat el Premi ICIP Constructors de Pau 2015 L\u2019ICIP ha convocat la cinquena edici\u00f3 del Premi ICIP Constructors de Pau que t\u00e9 l\u2019objectiu de guardonar i recon\u00e8ixer p\u00fablicament persones, entitats o institucions que han treballat i han contribu\u00eft d\u2019una manera destacada i dilatada en el foment i la construcci\u00f3 de la pau. El Premi ICIP [&hellip;]\" \/>\n<meta property=\"og:url\" content=\"https:\/\/www.icip.cat\/perlapau\/article\/noticies-dactualitat-activitats-i-publicacions-3\/\" \/>\n<meta property=\"og:site_name\" content=\"Revista Per la Pau\" \/>\n<meta name=\"twitter:card\" content=\"summary_large_image\" \/>\n<meta name=\"twitter:label1\" content=\"Temps estimat de lectura\" \/>\n\t<meta name=\"twitter:data1\" content=\"3 minuts\" \/>\n<script type=\"application\/ld+json\" class=\"yoast-schema-graph\">{\"@context\":\"https:\/\/schema.org\",\"@graph\":[{\"@type\":\"WebPage\",\"@id\":\"https:\/\/www.icip.cat\/perlapau\/article\/noticies-dactualitat-activitats-i-publicacions-3\/\",\"url\":\"https:\/\/www.icip.cat\/perlapau\/article\/noticies-dactualitat-activitats-i-publicacions-3\/\",\"name\":\"Not\u00edcies d\u2019actualitat, activitats i publicacions - Revista Per la Pau\",\"isPartOf\":{\"@id\":\"https:\/\/www.icip.cat\/perlapau\/#website\"},\"datePublished\":\"2022-04-07T10:59:05+00:00\",\"inLanguage\":\"ca\",\"potentialAction\":[{\"@type\":\"ReadAction\",\"target\":[\"https:\/\/www.icip.cat\/perlapau\/article\/noticies-dactualitat-activitats-i-publicacions-3\/\"]}]},{\"@type\":\"WebSite\",\"@id\":\"https:\/\/www.icip.cat\/perlapau\/#website\",\"url\":\"https:\/\/www.icip.cat\/perlapau\/\",\"name\":\"Revista Per la Pau\",\"description\":\"La revista de l&#039;Institut Catal\u00e0 Internacional per la Pau\",\"publisher\":{\"@id\":\"https:\/\/www.icip.cat\/perlapau\/#organization\"},\"potentialAction\":[{\"@type\":\"SearchAction\",\"target\":{\"@type\":\"EntryPoint\",\"urlTemplate\":\"https:\/\/www.icip.cat\/perlapau\/?s={search_term_string}\"},\"query-input\":{\"@type\":\"PropertyValueSpecification\",\"valueRequired\":true,\"valueName\":\"search_term_string\"}}],\"inLanguage\":\"ca\"},{\"@type\":\"Organization\",\"@id\":\"https:\/\/www.icip.cat\/perlapau\/#organization\",\"name\":\"Revista Per la Pau\",\"url\":\"https:\/\/www.icip.cat\/perlapau\/\",\"logo\":{\"@type\":\"ImageObject\",\"inLanguage\":\"ca\",\"@id\":\"https:\/\/www.icip.cat\/perlapau\/#\/schema\/logo\/image\/\",\"url\":\"https:\/\/www.icip.cat\/perlapau\/wp-content\/uploads\/2023\/04\/ICIP_logo.jpg\",\"contentUrl\":\"https:\/\/www.icip.cat\/perlapau\/wp-content\/uploads\/2023\/04\/ICIP_logo.jpg\",\"width\":1025,\"height\":1024,\"caption\":\"Revista Per la Pau\"},\"image\":{\"@id\":\"https:\/\/www.icip.cat\/perlapau\/#\/schema\/logo\/image\/\"}}]}<\/script>\n<!-- \/ Yoast SEO plugin. -->","yoast_head_json":{"title":"Not\u00edcies d\u2019actualitat, activitats i publicacions - Revista Per la Pau","robots":{"index":"index","follow":"follow","max-snippet":"max-snippet:-1","max-image-preview":"max-image-preview:large","max-video-preview":"max-video-preview:-1"},"canonical":"https:\/\/www.icip.cat\/perlapau\/article\/noticies-dactualitat-activitats-i-publicacions-3\/","og_locale":"ca_ES","og_type":"article","og_title":"Not\u00edcies d\u2019actualitat, activitats i publicacions - Revista Per la Pau","og_description":"Convocat el Premi ICIP Constructors de Pau 2015 L\u2019ICIP ha convocat la cinquena edici\u00f3 del Premi ICIP Constructors de Pau que t\u00e9 l\u2019objectiu de guardonar i recon\u00e8ixer p\u00fablicament persones, entitats o institucions que han treballat i han contribu\u00eft d\u2019una manera destacada i dilatada en el foment i la construcci\u00f3 de la pau. El Premi ICIP [&hellip;]","og_url":"https:\/\/www.icip.cat\/perlapau\/article\/noticies-dactualitat-activitats-i-publicacions-3\/","og_site_name":"Revista Per la Pau","twitter_card":"summary_large_image","twitter_misc":{"Temps estimat de lectura":"3 minuts"},"schema":{"@context":"https:\/\/schema.org","@graph":[{"@type":"WebPage","@id":"https:\/\/www.icip.cat\/perlapau\/article\/noticies-dactualitat-activitats-i-publicacions-3\/","url":"https:\/\/www.icip.cat\/perlapau\/article\/noticies-dactualitat-activitats-i-publicacions-3\/","name":"Not\u00edcies d\u2019actualitat, activitats i publicacions - Revista Per la Pau","isPartOf":{"@id":"https:\/\/www.icip.cat\/perlapau\/#website"},"datePublished":"2022-04-07T10:59:05+00:00","inLanguage":"ca","potentialAction":[{"@type":"ReadAction","target":["https:\/\/www.icip.cat\/perlapau\/article\/noticies-dactualitat-activitats-i-publicacions-3\/"]}]},{"@type":"WebSite","@id":"https:\/\/www.icip.cat\/perlapau\/#website","url":"https:\/\/www.icip.cat\/perlapau\/","name":"Revista Per la Pau","description":"La revista de l&#039;Institut Catal\u00e0 Internacional per la Pau","publisher":{"@id":"https:\/\/www.icip.cat\/perlapau\/#organization"},"potentialAction":[{"@type":"SearchAction","target":{"@type":"EntryPoint","urlTemplate":"https:\/\/www.icip.cat\/perlapau\/?s={search_term_string}"},"query-input":{"@type":"PropertyValueSpecification","valueRequired":true,"valueName":"search_term_string"}}],"inLanguage":"ca"},{"@type":"Organization","@id":"https:\/\/www.icip.cat\/perlapau\/#organization","name":"Revista Per la Pau","url":"https:\/\/www.icip.cat\/perlapau\/","logo":{"@type":"ImageObject","inLanguage":"ca","@id":"https:\/\/www.icip.cat\/perlapau\/#\/schema\/logo\/image\/","url":"https:\/\/www.icip.cat\/perlapau\/wp-content\/uploads\/2023\/04\/ICIP_logo.jpg","contentUrl":"https:\/\/www.icip.cat\/perlapau\/wp-content\/uploads\/2023\/04\/ICIP_logo.jpg","width":1025,"height":1024,"caption":"Revista Per la Pau"},"image":{"@id":"https:\/\/www.icip.cat\/perlapau\/#\/schema\/logo\/image\/"}}]}},"_links":{"self":[{"href":"https:\/\/www.icip.cat\/perlapau\/wp-json\/wp\/v2\/article\/6221","targetHints":{"allow":["GET"]}}],"collection":[{"href":"https:\/\/www.icip.cat\/perlapau\/wp-json\/wp\/v2\/article"}],"about":[{"href":"https:\/\/www.icip.cat\/perlapau\/wp-json\/wp\/v2\/types\/article"}],"wp:attachment":[{"href":"https:\/\/www.icip.cat\/perlapau\/wp-json\/wp\/v2\/media?parent=6221"}],"wp:term":[{"taxonomy":"category","embeddable":true,"href":"https:\/\/www.icip.cat\/perlapau\/wp-json\/wp\/v2\/categories?post=6221"}],"curies":[{"name":"wp","href":"https:\/\/api.w.org\/{rel}","templated":true}]}}