{"id":6619,"date":"2022-04-07T11:19:38","date_gmt":"2022-04-07T11:19:38","guid":{"rendered":"https:\/\/www.icip.cat\/perlapau\/issue\/%issue_post%\/article\/solidaritat-per-damunt-de-tot\/"},"modified":"2022-04-07T11:19:38","modified_gmt":"2022-04-07T11:19:38","slug":"solidaritat-per-damunt-de-tot","status":"publish","type":"article","link":"https:\/\/www.icip.cat\/perlapau\/article\/solidaritat-per-damunt-de-tot\/","title":{"rendered":"Solidaritat per damunt de tot"},"content":{"rendered":"\n<p>                <span id=\"square\"><\/span>                <span id=\"first-word\">Mentre la Uni\u00f3 Europea (UE)<\/span> arriba a acords amb pa\u00efsos tan poc segurs en mat\u00e8ria de drets humans com Turquia o Afganistan per retornar-hi persones refugiades; mentre la gran majoria dels pa\u00efsos europeus mostren una vergonyosa reluct\u00e0ncia a l\u2019hora d\u2019acollir persones en necessitat de protecci\u00f3; mentre sembla que els discursos dels partits xen\u00f2fobs van tenint cada cop m\u00e9s ress\u00f2; mentre que, en definitiva, moltes institucions ens estan fallant com a valedores dels drets i llibertats fonamentals, una part de la ciutadania s\u2019est\u00e0 movent per fer valer per damunt de tot els principis de solidaritat. Es mou amb poc recursos, amb poca atenci\u00f3 medi\u00e0tica i amb poques possibilitats fins ara d\u2019incidir pol\u00edticament, per\u00f2 amb for\u00e7a, amb creativitat, des de la noviol\u00e8ncia i amb el convenciment que els tractats internacionals de drets humans s\u00f3n encara plenament vigents, tots.<\/p>\n<p> Aquest monogr\u00e0fic del <em>Per la Pau<\/em> pret\u00e9n donar visibilitat a aquest activisme solidari i a les protestes socials pac\u00edfiques que volen contrarestar el discurs de la por i fer front a unes decisions pol\u00edtiques que posen uns l\u00edmits inacceptables a les garanties legals i \u00e8tiques en mat\u00e8ria de drets humans. <\/p>\n<p> El primer article, de la periodista i membre de la Junta de l\u2019ICIP Carme Colomina, ens d\u00f3na una visi\u00f3 de partida. Mostra, d\u2019una banda, com els pa\u00efsos de la UE no han sigut capa\u00e7os de posar-se d\u2019acord entre ells per afrontar l\u2019arribada a Europa de les persones que fugen de la viol\u00e8ncia des d\u2019una perspectiva basada en els drets humans, pilar fonamental i fundacional de la Uni\u00f3. D\u2019altra banda, mostra com Europa es fractura tamb\u00e9 f\u00edsicament amb la construcci\u00f3 de nous murs f\u00edsics en un espai que havia de ser com\u00fa. I finalment mostra el distanciament d\u2019una part considerable de la opini\u00f3 p\u00fablica, molt m\u00e9s favorable a l\u2019acollida de refugiats, envers les pol\u00edtiques governamentals. <\/p>\n<p>\t\t\t\t\t\t\t\t<cite class=\"cita-center\">                                                            Mentre moltes institucions ens estan fallant com a valedores dels drets i llibertats fonamentals, una part de la ciutadania s\u2019est\u00e0 movent per fer valer els principis de solidaritat                <\/cite>                \t\t\t\t<\/p>\n<p> En el segon article, l\u2019investigador Xavier Alcalde recorda que cal mesurar b\u00e9 les paraules que emprem, ja que cada una d\u2019elles t\u00e9 un pes i un \u00fas inapropiat del llenguatge pot conduir a crear i popularitzar una interpretaci\u00f3 incorrecta de la realitat. M\u00e9s concretament, l\u2019autor es pregunta, com molts altres investigadors i activistes, si l\u2019expressi\u00f3 \u201ccrisi dels refugiats\u201d \u00e9s la m\u00e9s adequada per referir-se a la situaci\u00f3 que ens ocupa. <\/p>\n<p> Amb els dos articles seg\u00fcents s\u2019ha volgut posar de manifest algunes de les moltes respostes solid\u00e0ries existents envers la poblaci\u00f3 despla\u00e7ada. Algunes d\u2019elles han nascut recentment, altres es duen a terme des de fa anys, perqu\u00e8 les migracions i la cerca d\u2019asil no s\u00f3n, malauradament, un fenomen nou. <\/p>\n<p> Cristina Mas, periodista, ens porta als camps de refugiats de Gr\u00e8cia que ha visitat darrerament per parlar-nos del que ella anomena les \u201ctres corones de solidaritat\u201d: les pr\u00f2pies persones refugiades que s\u2019ajuden unes a les altres en la ruta de l\u2019exili; la poblaci\u00f3 dels pobles i ciutats on arriben les persones refugiades; i els voluntaris i treballadors d\u2019ONG que s\u2019han mobilitzat per donar-los el suport necessari. Les accions realitzades des de baix, des d\u2019aquestes tres corones, contrasten, ens fa veure ella, \u201camb les pol\u00edtiques d\u2019uns governs que nom\u00e9s s\u2019han dedicat a aixecar murs i tanques, a militaritzar els carrers i a omplir la Mediterr\u00e0nia de vaixells de guerra\u201d. <\/p>\n<p>               \t\t\t\t<cite class=\"cita-center\">                                                            L\u2019 activisme solidari i les protestes socials pac\u00edfiques volen contrarestar el discurs de la por i fer front a unes decisions pol\u00edtiques que posen uns l\u00edmits inacceptables a les garanties legals i \u00e8tiques en mat\u00e8ria de drets humans                <\/cite>                \t\t\t\t\t\t\t\t<\/p>\n<p> Les activistes L\u00eddia Ucher i Jara Henar aporten a aquest n\u00famero de la revista un panorama ampli, que recull, sense \u00e0nim de ser exhaustiu, diferents tipus de xarxes i mobilitzacions d\u2019arreu d\u2019Europa a favor d\u2019unes pol\u00edtiques migrat\u00f2ries basades en la dignitat i els drets humans inherents a totes les persones: reclamen una resposta humanit\u00e0ria que salvi vides, vies segures i legals que impedeixin m\u00e9s morts, el tancament dels centres d\u2019internament d\u2019estrangers on tants abusos s\u2019hi estan cometent, la protecci\u00f3 efectiva del dret d\u2019asil, una acollida adequada, etc. La ciutadania tamb\u00e9 s\u2019ha articulat entorn a iniciatives m\u00e9s enfocades a l\u2019an\u00e0lisi de les causes d\u2019aquesta crisi, a trencar estereotips sobre la poblaci\u00f3 estrangera, a donar a con\u00e8ixer la situaci\u00f3 en la qu\u00e8 es troba i proposar solucions. <\/p>\n<p> En relaci\u00f3 amb aquest punt, en aquest monogr\u00e0fic sobre la solidaritat envers els refugiats, s\u2019ha volgut subratllar justament la import\u00e0ncia de l\u2019educaci\u00f3, escolar i extraescolar, per trencar t\u00f2pics sobre les persones despla\u00e7ades, crear empaties i evitar derives xen\u00f2fobes com les que ja s\u2019observen en alguns pa\u00efsos europeus. Ho fa C\u00e9cile Barbeito, investigadora de l\u2019Escola de Cultura de Pau i membre de la Junta de l\u2019ICIP, en el cinqu\u00e8 i \u00faltim article. <\/p>\n<p> Finalment, i per tenir la visi\u00f3 d\u2019una persona que ha deixat la seva feina i el seu pa\u00eds per anar a ajudar en el rescat i assist\u00e8ncia de persones que intenten arribar a Europa per vies mar\u00edtimes, hem entrevistat Essam Daod, metge palest\u00ed fundador de l\u2019ONG Humanity Crew. Ell ens explica les enormes dificultats amb les que treballen en l\u2019ajuda dels refugiats que arriben a Gr\u00e8cia, per\u00f2 tamb\u00e9 l\u2019enorme satisfacci\u00f3 que suposa el fet d\u2019entregar-se a les persones m\u00e9s necessitades i contribuir a canviar la situaci\u00f3 actual. <\/p>\n<p> La preparaci\u00f3 de la secci\u00f3 Recomanem d\u2019aquest n\u00famero ha sigut particularment dif\u00edcil precisament per la gran diversitat i l\u2019alt nombre de valuosos recursos existents i la impossibilitat d\u2019incloure\u2019ls tots. Esperem que siguin, per qui els consulti, un punt de partida que dugui cap a altres iniciatives, webs, publicacions, pel\u00b7l\u00edcules i reflexions igual d\u2019interessants i necessaris.  <\/p>\n<p class=\"foto\"> <a href=\"https:\/\/www.flickr.com\/photos\/hansoete\/25312370135\/in\/photolist-EyLvLK-EojA6W-DBodtR-EwrUGq-E1h8SX-Ewschu-yd2nis-yHDPno-yJ8LHY-yKSUvZ-A85hZd-E1hjCp-DBokXD-EojBQC-DBojUM-DB3v33-E1ha7k-E1h4gx-BRDozc-xXHKio-yerXGu-yg7Uqe-yg2DX6-xikvq9-xXVkgk-xixuCn-xikEnC-xXJZNy-yg3Lrr-xXLcNw-xXQ286-yfkLoM-xis2ag-yfkx6z-xijBah-yd1TsC-yfm5jM-yg2Q9t-yd1Q3G-yfmtca-BPk9Wj-BWBYj5-B2vRxM-BWBYT1-B2q3Gy-B2vRnM-BYVDkK-BWBYx1-xkQ3as-BWBYYG\" target=\"_blank\" rel=\"noopener\">\tPhotography (CC)\t<\/a>\t: Han Soete. Marxa europea a favor de vies segures. Brussel\u00b7les, 27 de febrer de 2016\t <\/p>\n<p class=\"gencat\">\u00a9 Generalitat de Catalunya<\/p>\n","protected":false},"featured_media":6651,"menu_order":0,"template":"","categories":[4],"class_list":["post-6619","article","type-article","status-publish","has-post-thumbnail","hentry","category-introduccio"],"acf":[],"yoast_head":"<!-- This site is optimized with the Yoast SEO plugin v25.6 - https:\/\/yoast.com\/wordpress\/plugins\/seo\/ -->\n<title>Solidaritat per damunt de tot - Revista Per la Pau<\/title>\n<meta name=\"robots\" content=\"index, follow, max-snippet:-1, max-image-preview:large, max-video-preview:-1\" \/>\n<link rel=\"canonical\" href=\"https:\/\/www.icip.cat\/perlapau\/ca\/article\/solidaritat-per-damunt-de-tot\/\" \/>\n<meta property=\"og:locale\" content=\"ca_ES\" \/>\n<meta property=\"og:type\" content=\"article\" \/>\n<meta property=\"og:title\" content=\"Solidaritat per damunt de tot - Revista Per la Pau\" \/>\n<meta property=\"og:description\" content=\"Mentre la Uni\u00f3 Europea (UE) arriba a acords amb pa\u00efsos tan poc segurs en mat\u00e8ria de drets humans com Turquia o Afganistan per retornar-hi persones refugiades; mentre la gran majoria dels pa\u00efsos europeus mostren una vergonyosa reluct\u00e0ncia a l\u2019hora d\u2019acollir persones en necessitat de protecci\u00f3; mentre sembla que els discursos dels partits xen\u00f2fobs van tenint [&hellip;]\" \/>\n<meta property=\"og:url\" content=\"https:\/\/www.icip.cat\/perlapau\/ca\/article\/solidaritat-per-damunt-de-tot\/\" \/>\n<meta property=\"og:site_name\" content=\"Revista Per la Pau\" \/>\n<meta property=\"og:image\" content=\"https:\/\/www.icip.cat\/perlapau\/wp-content\/uploads\/2022\/04\/editorial_2560-10.jpg\" \/>\n\t<meta property=\"og:image:width\" content=\"1152\" \/>\n\t<meta property=\"og:image:height\" content=\"1600\" \/>\n\t<meta property=\"og:image:type\" content=\"image\/jpeg\" \/>\n<meta name=\"twitter:card\" content=\"summary_large_image\" \/>\n<meta name=\"twitter:label1\" content=\"Temps estimat de lectura\" \/>\n\t<meta name=\"twitter:data1\" content=\"5 minuts\" \/>\n<script type=\"application\/ld+json\" class=\"yoast-schema-graph\">{\"@context\":\"https:\/\/schema.org\",\"@graph\":[{\"@type\":\"WebPage\",\"@id\":\"https:\/\/www.icip.cat\/perlapau\/ca\/article\/solidaritat-per-damunt-de-tot\/\",\"url\":\"https:\/\/www.icip.cat\/perlapau\/ca\/article\/solidaritat-per-damunt-de-tot\/\",\"name\":\"Solidaritat per damunt de tot - Revista Per la Pau\",\"isPartOf\":{\"@id\":\"https:\/\/www.icip.cat\/perlapau\/#website\"},\"primaryImageOfPage\":{\"@id\":\"https:\/\/www.icip.cat\/perlapau\/ca\/article\/solidaritat-per-damunt-de-tot\/#primaryimage\"},\"image\":{\"@id\":\"https:\/\/www.icip.cat\/perlapau\/ca\/article\/solidaritat-per-damunt-de-tot\/#primaryimage\"},\"thumbnailUrl\":\"https:\/\/www.icip.cat\/perlapau\/wp-content\/uploads\/2022\/04\/editorial_2560-10.jpg\",\"datePublished\":\"2022-04-07T11:19:38+00:00\",\"inLanguage\":\"ca\",\"potentialAction\":[{\"@type\":\"ReadAction\",\"target\":[\"https:\/\/www.icip.cat\/perlapau\/ca\/article\/solidaritat-per-damunt-de-tot\/\"]}]},{\"@type\":\"ImageObject\",\"inLanguage\":\"ca\",\"@id\":\"https:\/\/www.icip.cat\/perlapau\/ca\/article\/solidaritat-per-damunt-de-tot\/#primaryimage\",\"url\":\"https:\/\/www.icip.cat\/perlapau\/wp-content\/uploads\/2022\/04\/editorial_2560-10.jpg\",\"contentUrl\":\"https:\/\/www.icip.cat\/perlapau\/wp-content\/uploads\/2022\/04\/editorial_2560-10.jpg\",\"width\":1152,\"height\":1600},{\"@type\":\"WebSite\",\"@id\":\"https:\/\/www.icip.cat\/perlapau\/#website\",\"url\":\"https:\/\/www.icip.cat\/perlapau\/\",\"name\":\"Revista Per la Pau\",\"description\":\"La revista de l&#039;Institut Catal\u00e0 Internacional per la Pau\",\"publisher\":{\"@id\":\"https:\/\/www.icip.cat\/perlapau\/#organization\"},\"potentialAction\":[{\"@type\":\"SearchAction\",\"target\":{\"@type\":\"EntryPoint\",\"urlTemplate\":\"https:\/\/www.icip.cat\/perlapau\/?s={search_term_string}\"},\"query-input\":{\"@type\":\"PropertyValueSpecification\",\"valueRequired\":true,\"valueName\":\"search_term_string\"}}],\"inLanguage\":\"ca\"},{\"@type\":\"Organization\",\"@id\":\"https:\/\/www.icip.cat\/perlapau\/#organization\",\"name\":\"Revista Per la Pau\",\"url\":\"https:\/\/www.icip.cat\/perlapau\/\",\"logo\":{\"@type\":\"ImageObject\",\"inLanguage\":\"ca\",\"@id\":\"https:\/\/www.icip.cat\/perlapau\/#\/schema\/logo\/image\/\",\"url\":\"https:\/\/www.icip.cat\/perlapau\/wp-content\/uploads\/2023\/04\/ICIP_logo.jpg\",\"contentUrl\":\"https:\/\/www.icip.cat\/perlapau\/wp-content\/uploads\/2023\/04\/ICIP_logo.jpg\",\"width\":1025,\"height\":1024,\"caption\":\"Revista Per la Pau\"},\"image\":{\"@id\":\"https:\/\/www.icip.cat\/perlapau\/#\/schema\/logo\/image\/\"}}]}<\/script>\n<!-- \/ Yoast SEO plugin. -->","yoast_head_json":{"title":"Solidaritat per damunt de tot - Revista Per la Pau","robots":{"index":"index","follow":"follow","max-snippet":"max-snippet:-1","max-image-preview":"max-image-preview:large","max-video-preview":"max-video-preview:-1"},"canonical":"https:\/\/www.icip.cat\/perlapau\/ca\/article\/solidaritat-per-damunt-de-tot\/","og_locale":"ca_ES","og_type":"article","og_title":"Solidaritat per damunt de tot - Revista Per la Pau","og_description":"Mentre la Uni\u00f3 Europea (UE) arriba a acords amb pa\u00efsos tan poc segurs en mat\u00e8ria de drets humans com Turquia o Afganistan per retornar-hi persones refugiades; mentre la gran majoria dels pa\u00efsos europeus mostren una vergonyosa reluct\u00e0ncia a l\u2019hora d\u2019acollir persones en necessitat de protecci\u00f3; mentre sembla que els discursos dels partits xen\u00f2fobs van tenint [&hellip;]","og_url":"https:\/\/www.icip.cat\/perlapau\/ca\/article\/solidaritat-per-damunt-de-tot\/","og_site_name":"Revista Per la Pau","og_image":[{"width":1152,"height":1600,"url":"https:\/\/www.icip.cat\/perlapau\/wp-content\/uploads\/2022\/04\/editorial_2560-10.jpg","type":"image\/jpeg"}],"twitter_card":"summary_large_image","twitter_misc":{"Temps estimat de lectura":"5 minuts"},"schema":{"@context":"https:\/\/schema.org","@graph":[{"@type":"WebPage","@id":"https:\/\/www.icip.cat\/perlapau\/ca\/article\/solidaritat-per-damunt-de-tot\/","url":"https:\/\/www.icip.cat\/perlapau\/ca\/article\/solidaritat-per-damunt-de-tot\/","name":"Solidaritat per damunt de tot - Revista Per la Pau","isPartOf":{"@id":"https:\/\/www.icip.cat\/perlapau\/#website"},"primaryImageOfPage":{"@id":"https:\/\/www.icip.cat\/perlapau\/ca\/article\/solidaritat-per-damunt-de-tot\/#primaryimage"},"image":{"@id":"https:\/\/www.icip.cat\/perlapau\/ca\/article\/solidaritat-per-damunt-de-tot\/#primaryimage"},"thumbnailUrl":"https:\/\/www.icip.cat\/perlapau\/wp-content\/uploads\/2022\/04\/editorial_2560-10.jpg","datePublished":"2022-04-07T11:19:38+00:00","inLanguage":"ca","potentialAction":[{"@type":"ReadAction","target":["https:\/\/www.icip.cat\/perlapau\/ca\/article\/solidaritat-per-damunt-de-tot\/"]}]},{"@type":"ImageObject","inLanguage":"ca","@id":"https:\/\/www.icip.cat\/perlapau\/ca\/article\/solidaritat-per-damunt-de-tot\/#primaryimage","url":"https:\/\/www.icip.cat\/perlapau\/wp-content\/uploads\/2022\/04\/editorial_2560-10.jpg","contentUrl":"https:\/\/www.icip.cat\/perlapau\/wp-content\/uploads\/2022\/04\/editorial_2560-10.jpg","width":1152,"height":1600},{"@type":"WebSite","@id":"https:\/\/www.icip.cat\/perlapau\/#website","url":"https:\/\/www.icip.cat\/perlapau\/","name":"Revista Per la Pau","description":"La revista de l&#039;Institut Catal\u00e0 Internacional per la Pau","publisher":{"@id":"https:\/\/www.icip.cat\/perlapau\/#organization"},"potentialAction":[{"@type":"SearchAction","target":{"@type":"EntryPoint","urlTemplate":"https:\/\/www.icip.cat\/perlapau\/?s={search_term_string}"},"query-input":{"@type":"PropertyValueSpecification","valueRequired":true,"valueName":"search_term_string"}}],"inLanguage":"ca"},{"@type":"Organization","@id":"https:\/\/www.icip.cat\/perlapau\/#organization","name":"Revista Per la Pau","url":"https:\/\/www.icip.cat\/perlapau\/","logo":{"@type":"ImageObject","inLanguage":"ca","@id":"https:\/\/www.icip.cat\/perlapau\/#\/schema\/logo\/image\/","url":"https:\/\/www.icip.cat\/perlapau\/wp-content\/uploads\/2023\/04\/ICIP_logo.jpg","contentUrl":"https:\/\/www.icip.cat\/perlapau\/wp-content\/uploads\/2023\/04\/ICIP_logo.jpg","width":1025,"height":1024,"caption":"Revista Per la Pau"},"image":{"@id":"https:\/\/www.icip.cat\/perlapau\/#\/schema\/logo\/image\/"}}]}},"_links":{"self":[{"href":"https:\/\/www.icip.cat\/perlapau\/wp-json\/wp\/v2\/article\/6619","targetHints":{"allow":["GET"]}}],"collection":[{"href":"https:\/\/www.icip.cat\/perlapau\/wp-json\/wp\/v2\/article"}],"about":[{"href":"https:\/\/www.icip.cat\/perlapau\/wp-json\/wp\/v2\/types\/article"}],"wp:featuredmedia":[{"embeddable":true,"href":"https:\/\/www.icip.cat\/perlapau\/wp-json\/wp\/v2\/media\/6651"}],"wp:attachment":[{"href":"https:\/\/www.icip.cat\/perlapau\/wp-json\/wp\/v2\/media?parent=6619"}],"wp:term":[{"taxonomy":"category","embeddable":true,"href":"https:\/\/www.icip.cat\/perlapau\/wp-json\/wp\/v2\/categories?post=6619"}],"curies":[{"name":"wp","href":"https:\/\/api.w.org\/{rel}","templated":true}]}}